{"id":2060069,"date":"2026-07-24T15:53:09","date_gmt":"2026-07-24T12:53:09","guid":{"rendered":"https:\/\/analyse.optim.biz\/?p=2060069"},"modified":"2026-07-24T15:53:09","modified_gmt":"2026-07-24T12:53:09","slug":"iiccmer-solicita-demolarea-statuii-poetului-adrian-paunescu-din-gradina-icoanei-din-bucuresti","status":"publish","type":"post","link":"https:\/\/analyse.optim.biz\/?p=2060069","title":{"rendered":"IICCMER solicit\u0103 demolarea statuii poetului Adrian P\u0103unescu din Gr\u0103dina Icoanei din Bucure\u0219ti"},"content":{"rendered":"<p>[analyse_image type=&#8221;featured&#8221; src=&#8221;https:\/\/r3media.ro\/wp-content\/uploads\/2026\/07\/andrei-si-adrian-paunescu-e1784907753844.jpghttps:\/\/r3media.ro\/wp-content\/uploads\/2026\/07\/andrei-si-adrian-paunescu-e1784907753844.jpg&#8221;]<\/p>\n<article id=\"template-id-109\" class=\"post-109 tdb_templates type-tdb_templates status-publish post\">\n<div id=\"tdi_2\" class=\"tdc-zone\">\n<div class=\"tdc_zone tdi_3  wpb_row td-pb-row\">\n<div id=\"tdi_4\" class=\"tdc-row\">\n<div class=\"vc_row tdi_5  wpb_row td-pb-row\">\n<div class=\"vc_column tdi_7  wpb_column vc_column_container tdc-column td-pb-span8\">\n<div class=\"wpb_wrapper\">\n<div class=\"td_block_wrap tdb_breadcrumbs tdi_8 td-pb-border-top td_block_template_1 tdb-breadcrumbs \" data-td-block-uid=\"tdi_8\">\n<div class=\"tdb-block-inner td-fix-index\"><span><a title=\"Vede\u021bi toate articolele \u00een FEATURED\" class=\"tdb-entry-crumb\" href=\"https:\/\/r3media.ro\/category\/featured\/\">FEATURED<\/a><\/span><span class=\"tdb-bred-no-url-last\">IICCMER solicit\u0103 demolarea statuii poetului Adrian P\u0103unescu din Gr\u0103dina Icoanei din Bucure\u0219ti<\/span><\/div>\n<\/div>\n<div class=\"td_block_wrap tdb_single_categories tdi_9 td-pb-border-top td_block_template_1 \" data-td-block-uid=\"tdi_9\">\n<div class=\"tdb-category td-fix-index\"><a class=\"tdb-entry-category\" href=\"https:\/\/r3media.ro\/category\/featured\/\">FEATURED<\/a><a class=\"tdb-entry-category\" href=\"https:\/\/r3media.ro\/category\/stiri-prim-plan\/\">PRIM PLAN<\/a><a class=\"tdb-entry-category\" href=\"https:\/\/r3media.ro\/category\/stiri\/\">\u0218TIRI<\/a><\/div>\n<\/div>\n<div class=\"td_block_wrap tdb_title tdi_10 tdb-single-title td-pb-border-top td_block_template_1\" data-td-block-uid=\"tdi_10\">\n<div class=\"tdb-block-inner td-fix-index\">\n<h1 class=\"tdb-title-text\">IICCMER solicit\u0103 demolarea statuii poetului Adrian P\u0103unescu din Gr\u0103dina Icoanei din Bucure\u0219ti<\/h1>\n<\/div>\n<\/div>\n<div class=\"vc_row_inner tdi_12  vc_row vc_inner wpb_row td-pb-row\">\n<div class=\"vc_column_inner tdi_14  wpb_column vc_column_container tdc-inner-column td-pb-span12\">\n<div class=\"vc_column-inner\">\n<div class=\"wpb_wrapper\">\n<div class=\"td_block_wrap tdb_single_author tdi_15 td-pb-border-top td_block_template_1 tdb-post-meta\" data-td-block-uid=\"tdi_15\">\n<div class=\"tdb-block-inner td-fix-index\">\n<div class=\"tdb-author-name-wrap\"><a class=\"tdb-author-name\" href=\"https:\/\/r3media.ro\/author\/oana\/\">Oana Ivan<\/a><\/div>\n<\/div>\n<\/div>\n<div class=\"td_block_wrap tdb_single_date tdi_16 td-pb-border-top td_block_template_1 tdb-post-meta\" data-td-block-uid=\"tdi_16\">\n<div class=\"tdb-block-inner td-fix-index\"><time class=\"entry-date updated td-module-date\" datetime=\"2026-07-24T18:53:09+03:00\">24\/07\/2026<\/time><\/div>\n<\/div>\n<\/div>\n<\/div>\n<\/div>\n<\/div>\n<div class=\"td_block_wrap tdb_single_featured_image tdi_17 tdb-content-horiz-left td-pb-border-top td_block_template_1\" data-td-block-uid=\"tdi_17\">\n<div class=\"tdb-block-inner td-fix-index\">\n<figure><figcaption class=\"tdb-caption-text\">Surs\u0103 &#8211; Andrei P\u0103unescu<\/figcaption><\/figure>\n<\/div>\n<\/div>\n<div class=\"td_block_wrap tdb_single_content tdi_18 td-pb-border-top td_block_template_1 td-post-content tagdiv-type\" data-td-block-uid=\"tdi_18\">\n<div class=\"tdb-block-inner td-fix-index\">\n<p><strong><a href=\"https:\/\/r3media.ro\/tag\/iiccmer\/\" target=\"_blank\" rel=\"noopener\">Institutul de Investigare a Crimelor Comunismului \u0219i Memoria Exilului Rom\u00e2nesc (IICCMER)<\/a> solicit\u0103 retragerea din spa\u021biul public a monumentului dedicat lui Adrian P\u0103unescu, amplasat \u00een Parcul Gr\u0103dina Icoanei din Bucure\u0219ti.\u00a0<\/strong><\/p>\n<p>Motivul invocat de ICCMER e reprezentat de sus\u021binerea pe care poetul ar fi manifestat-o pentru regimul comunist \u0219i Nicolae Ceau\u0219escu. Totu\u0219i, trebuie precizat c\u0103 \u00eensu\u0219i regimul Ceau\u0219escu a fost cel care a interzis, \u00een 1985, Cencaclul Flac\u0103ra, condus de <a href=\"https:\/\/r3media.ro\/tag\/adrian-paunescu\/\" target=\"_blank\" rel=\"noopener\"><strong>Adrian P\u0103unescu<\/strong><\/a>.<\/p>\n<p>\u201eDemersul nu pune \u00een discu\u021bie valoarea operei sale literare, ci rolul public pe care Adrian P\u0103unescu l-a avut \u00een promovarea propagandei regimului comunist \u0219i a cultului personalit\u0103\u021bii lui Nicolae Ceau\u0219escu\u201c, transmite ICCMER.<\/p>\n<h2><strong>IICCMER solicit\u0103 demolarea statuii poetului Adrian P\u0103unescu din Gr\u0103dina Icoanei din Bucure\u0219ti \u2013 Comunicatul institu\u021biei<\/strong><\/h2>\n<p>\u00a0<\/p>\n<p>\u201eInstitutul de Investigare a Crimelor Comunismului \u0219i Memoria Exilului Rom\u00e2nesc (IICCMER) solicit\u0103 autorit\u0103\u021bilor competente retragerea din spa\u021biul public a monumentului dedicat lui Adrian P\u0103unescu, amplasat \u00een Parcul Gr\u0103dina Icoanei din Sectorul 2 al Municipiului Bucure\u0219ti, relu\u00e2nd demersul ini\u021biat \u00een anul 2012.<\/p>\n<p>La acel moment, IICCMER s-a pronun\u021bat \u00eempotriva inaugur\u0103rii monumentului, ar\u0103t\u00e2nd c\u0103 omagierea \u00een spa\u021biul public a unei persoane care a avut un rol important \u00een promovarea propagandei regimului comunist \u0219i a cultului personalit\u0103\u021bii lui Nicolae Ceau\u0219escu este incompatibil\u0103 cu respectul datorat memoriei victimelor dictaturii comuniste.<\/p>\n<p>IICCMER subliniaz\u0103 c\u0103 acest demers nu pune \u00een discu\u021bie valoarea operei literare a lui Adrian P\u0103unescu, ci semnifica\u021bia pe care men\u021binerea unui monument o confer\u0103 unei personalit\u0103\u021bi. Un astfel de gest reprezint\u0103 o form\u0103 de recunoa\u0219tere oficial\u0103 \u0219i trebuie analizat \u00een raport cu \u00eentregul parcurs biografic \u0219i public al persoanei omagiate.<\/p>\n<p>Adrian P\u0103unescu a condus revista Flac\u0103ra \u0219i a fondat Cenaclul Flac\u0103ra, manifestare cultural\u0103 desf\u0103\u0219urat\u0103 \u00een cadrul institu\u021bional al regimului comunist, care a contribuit la promovarea ideologiei oficiale \u0219i a cultului personalit\u0103\u021bii lui Nicolae Ceau\u0219escu.<\/p>\n<h2><strong>IICCMER, atent la \u201enostalgia pentru comunism\u201c<\/strong><\/h2>\n<p>\u00a0<\/p>\n<p>Men\u021binerea acestui monument \u00een spa\u021biul public eviden\u021biaz\u0103 dificult\u0103\u021bile pe care societatea rom\u00e2neasc\u0103 le \u00eent\u00e2mpin\u0103 \u00eenc\u0103 \u00een asumarea critic\u0103 a trecutului comunist \u0219i subliniaz\u0103 nevoia consolid\u0103rii cunoa\u0219terii istoriei recente. \u00cen acest context, astfel de forme de omagiere pot contribui la perpetuarea unor percep\u021bii nostalgice asupra regimului comunist, prin estomparea rolului pe care anumite personalit\u0103\u021bi l-au avut \u00een mecanismele de propagand\u0103 ale dictaturii.<\/p>\n<p>IICCMER a atras \u00een repetate r\u00e2nduri aten\u021bia asupra fenomenului nostalgiei fa\u021b\u0103 de comunism \u0219i asupra factorilor care \u00eel alimenteaz\u0103. Rezultatele cercet\u0103rilor realizate de Institut, inclusiv cele eviden\u021biate \u00een Barometrul nostalgiei comuniste, arat\u0103 importan\u021ba cunoa\u0219terii istoriei recente \u0219i a dezvolt\u0103rii unei memorii publice \u00eentemeiate pe cercetare istoric\u0103 \u0219i pe respectul fa\u021b\u0103 de victimele regimului comunist.<\/p>\n<p>IICCMER \u00ee\u0219i exprim\u0103 disponibilitatea de a pune la dispozi\u021bia autorit\u0103\u021bilor expertiza sa istoric\u0103 \u0219i documentar\u0103 \u00een toate demersurile privind memoria regimului comunist\u201c, se precizeaz\u0103 \u00een comunicatul IICCMER.<\/p>\n<p><em>Institutul de Investigare a Crimelor Comunismului \u015fi Memoria Exilului Rom\u00e2nesc (IICCMER) este o structur\u0103 guvernamental\u0103 \u00eenfiin\u0163at\u0103 \u00een 2005 \u015fi aflat\u0103 \u00een coordonarea Prim-Ministrului Rom\u00e2niei. Rolul s\u0103u rezid\u0103, \u00eenainte de toate, \u00een gestionarea \u015fi analizarea din punct de vedere \u015ftiin\u0163ific a perioadei totalitare \u015fi a consecin\u0163elor sale. \u00cen al doilea r\u00e2nd, IICCMER sprijin\u0103 crearea \u015fi implementarea unor instrumente educa\u0163ionale cu finalitate memorial\u0103, contribuind astfel la articularea contextului \u00een care valorile \u015fi drepturile fundamentale s\u0103 fie receptate de societatea noastr\u0103 post-totalitar\u0103. Nu \u00een ultimul r\u00e2nd, IICCMER are rolul de a aduna, arhiva \u015fi publica documente referitoare la memoria exilului rom\u00e2nesc.<\/em><\/p>\n<h2><strong>Adrian P\u0103unescu, una dintre cele mai prolifice figuri ale culturii rom\u00e2ne<\/strong><\/h2>\n<p>\u00a0<\/p>\n<p>N\u0103scut la 20 iulie 1943 \u00een comuna Cop\u0103ceni (jude\u021bul B\u0103l\u021bi, ast\u0103zi \u00een Republica Moldova) \u0219i trecut \u00een eternitate la 5 noiembrie 2010 la Bucure\u0219ti, Adrian P\u0103unescu a fost una dintre cele mai complexe, prolifice \u0219i polare figure din cultura Rom\u00e2niei. Crescut \u00een Dolj \u0219i absolvent al Facult\u0103\u021bii de Filologie din Bucure\u0219ti, el s-a impus de tinere\u021be ca o for\u021b\u0103 a naturii, manifest\u00e2ndu-se simultan ca poet, prozator, publicist redutabil \u0219i om politic.<\/p>\n<p>Cariera sa a atins apogeul editorial \u0219i cultural prin conducerea revistei Flac\u0103ra \u0219i prin crearea legendarului Cenaclul Flac\u0103ra \u00een 1973. Timp de mai bine de un deceniu, acest spectacol itinerant a umplut stadioanele \u021b\u0103rii, devenind un fenomen de mas\u0103 unic \u0219i o supap\u0103 rar\u0103 de libertate spiritual\u0103 pentru tinerii din perioada comunist\u0103, p\u00e2n\u0103 la interzicerea sa abrupt\u0103 \u00een toamna anului 1985.<\/p>\n<p>Opera sa literar\u0103 este monumental\u0103, oscil\u00e2nd \u00eentre un lirism intim de o profunzime cutremur\u0103toare \u0219i un titanism civic marcat de patos. Volume precum Ultrascenos, Mieii albi sau Repetabila absen\u021b\u0103 au definit genera\u021bii, transform\u00e2ndu-l \u00eentr-un tribun care a scos poezia \u00een strad\u0103 \u0219i a dat glas sentimentelor colective, multe dintre versurile sale devenind c\u00e2ntece folk nemuritoare.<\/p>\n<p>Dup\u0103 1989, Adrian P\u0103unescu a fost senator \u0219i lider de opinie \u0219i r\u0103m\u00e2ne p\u00e2n\u0103 ast\u0103zi o prezen\u021b\u0103 titanic\u0103 \u0219i imposibil de ignorat din memoria colectiv\u0103 rom\u00e2neasc\u0103.<\/p>\n<div class=\"crp_related     crp-masonry\">\n<h2>\u00ceN CONTEXT<\/h2>\n<ul>\n<li><a href=\"https:\/\/r3media.ro\/fara-tine-in-google-r3media-dispare-iata-ce-poti-face-in-10-secunde\/\" class=\"crp_link post-119031\"><span class=\"crp_title\">F\u0103r\u0103 tine \u00een Google, R3media dispare. Iat\u0103 ce po\u021bi face \u00een 10 secunde<\/span><\/a><\/li>\n<li><a href=\"https:\/\/r3media.ro\/cum-se-propaga-fake-news-inclusiv-la-institutiile-statului-proiect-de-lege-prevede-pedepsire-agresori-femei-insarcinate-aruncat-in-aer-presa-deontoloaga-g4media\/\" class=\"crp_link post-113191\"><span class=\"crp_title\">Cum se propag\u0103 un FAKE NEWS inclusiv la institu\u021biile statului: Proiectul de lege care\u2026<\/span><\/a><\/li>\n<li><a href=\"https:\/\/r3media.ro\/20-iulie-adrian-paunescu\/\" class=\"crp_link post-5555\"><span class=\"crp_title\">Calendarul zilei 20 iulie: 83 de ani de la na\u0219terea poetului Adrian P\u0103unescu<\/span><\/a><\/li>\n<li><a href=\"https:\/\/r3media.ro\/copii-gradinita-satu-mare-imbracati-soimii-patriei-deschidere-an-scolar-scop-educativ-politie-dosar-penal\/\" class=\"crp_link post-112976\"><span class=\"crp_title\">Copiii de la o gr\u0103dini\u021b\u0103 din Satu Mare au fost \u00eembr\u0103ca\u021bi \u00een \u201e\u0218oimii Patriei\u201d la deschiderea\u2026<\/span><\/a><\/li>\n<li><a href=\"https:\/\/r3media.ro\/17-iunie-deportari-masive-banat-oltenia-baragan\/\" class=\"crp_link post-48685\"><span class=\"crp_title\">Calendarul zilei 17 iunie | 75 de ani de la \u00eenceputul deport\u0103rilor masive din Banat \u0219i\u2026<\/span><\/a><\/li>\n<\/ul>\n<\/div>\n<\/div>\n<\/div>\n<div class=\"td_block_wrap tdb_single_tags tdi_19 td-pb-border-top td_block_template_1\" data-td-block-uid=\"tdi_19\">\n<div class=\"tdb-block-inner td-fix-index\">\n<ul class=\"tdb-tags\">\n<li><span>SUBIECTE FIERBIN\u021aI<\/span><\/li>\n<li><a href=\"https:\/\/r3media.ro\/tag\/adrian-paunescu\/\">adrian paunescu<\/a><\/li>\n<li><a href=\"https:\/\/r3media.ro\/tag\/iiccmer\/\">iiccmer<\/a><\/li>\n<\/ul>\n<\/div>\n<\/div>\n<div class=\"td_block_wrap td_block_9 tdi_20 td_with_ajax_pagination td-pb-border-top td_block_template_1 td-column-2 td_block_padding td_block_bot_line\" data-td-block-uid=\"tdi_20\">\n<div class=\"td-block-title-wrap\">\n<h4 class=\"block-title td-block-title\"><span class=\"td-pulldown-size\">CITE\u0218TE MAI MULT<\/span><\/h4>\n<\/div>\n<div id=\"tdi_20\" class=\"td_block_inner\">\n<div class=\"td-block-row\">\n<div class=\"td-block-span6\">\n<div class=\"td_module_8 td_module_wrap\">\n<div class=\"item-details\">\n<h3 class=\"entry-title td-module-title\"><a href=\"https:\/\/r3media.ro\/campion-olimpic-olaf-tufte-mort-subit-50-ani\/\" rel=\"bookmark\" title=\"Campionul olimpic Olaf Tufte a murit subit la 50 de ani\">Campionul olimpic Olaf Tufte a murit subit la 50 de ani<\/a><\/h3>\n<div class=\"td-module-meta-info\"><a href=\"https:\/\/r3media.ro\/category\/actualitate\/\" class=\"td-post-category\">ACTUALITATE<\/a><span class=\"td-post-author-name\"><a href=\"https:\/\/r3media.ro\/author\/oana\/\">Oana Ivan<\/a><span>&#8211;<\/span><\/span><span class=\"td-post-date\"><time class=\"entry-date updated td-module-date\" datetime=\"2026-07-22T12:11:02+03:00\">22\/07\/2026<\/time><\/span><\/div>\n<\/div>\n<\/div>\n<\/div>\n<div class=\"td-block-span6\">\n<div class=\"td_module_8 td_module_wrap\">\n<div class=\"item-details\">\n<h3 class=\"entry-title td-module-title\"><a href=\"https:\/\/r3media.ro\/marea-britanie-apa-inteligenta-artificiala-romania-centru-ai-restrictii-consum-apa\/\" rel=\"bookmark\" title=\"Marea Britanie nu mai are suficient\u0103 ap\u0103 pentru Inteligen\u021ba Artificial\u0103, dar Rom\u00e2nia vrea s\u0103 g\u0103zduiasc\u0103 un centru AI care consum\u0103 c\u00e2t sute de mii de oameni \u0219i impune restric\u021bii la consumul de ap\u0103 al popula\u021biei\">Marea Britanie nu mai are suficient\u0103 ap\u0103 pentru Inteligen\u021ba Artificial\u0103, dar Rom\u00e2nia vrea s\u0103&#8230;<\/a><\/h3>\n<div class=\"td-module-meta-info\"><a href=\"https:\/\/r3media.ro\/category\/featured\/\" class=\"td-post-category\">FEATURED<\/a><span class=\"td-post-author-name\"><a href=\"https:\/\/r3media.ro\/author\/radu_ursan\/\">Radu Ursan<\/a><span>&#8211;<\/span><\/span><span class=\"td-post-date\"><time class=\"entry-date updated td-module-date\" datetime=\"2026-07-23T11:44:13+03:00\">23\/07\/2026<\/time><\/span><\/div>\n<\/div>\n<\/div>\n<\/div>\n<\/div>\n<div class=\"td-block-row\">\n<div class=\"td-block-span6\">\n<div class=\"td_module_8 td_module_wrap\">\n<div class=\"item-details\">\n<h3 class=\"entry-title td-module-title\"><a href=\"https:\/\/r3media.ro\/explozie-incendiu-fabrica-kronospan-brasov-video\/\" rel=\"bookmark\" title=\"VIDEO | Explozie urmat\u0103 de un incendiu la fabrica Kronospan din Bra\u0219ov. \u00cen timp ce pompierii \u00eencercau s\u0103 sting\u0103 focul s-a produs o alt\u0103 explozie\">VIDEO | Explozie urmat\u0103 de un incendiu la fabrica Kronospan din Bra\u0219ov. \u00cen timp&#8230;<\/a><\/h3>\n<div class=\"td-module-meta-info\"><a href=\"https:\/\/r3media.ro\/category\/actualitate\/\" class=\"td-post-category\">ACTUALITATE<\/a><span class=\"td-post-author-name\"><a href=\"https:\/\/r3media.ro\/author\/oana\/\">Oana Ivan<\/a><span>&#8211;<\/span><\/span><span class=\"td-post-date\"><time class=\"entry-date updated td-module-date\" datetime=\"2026-07-22T10:01:28+03:00\">22\/07\/2026<\/time><\/span><\/div>\n<\/div>\n<\/div>\n<\/div>\n<div class=\"td-block-span6\">\n<div class=\"td_module_8 td_module_wrap\">\n<div class=\"item-details\">\n<h3 class=\"entry-title td-module-title\"><a href=\"https:\/\/r3media.ro\/asa-incepe-compania-openai-afirma-un-model-de-inteligenta-artificiala-a-atacat-din-proprie-initiativa-sistemele-unei-alte-companii\/\" rel=\"bookmark\" title=\"A\u0219a \u00eencepe? Compania OpenAI afirm\u0103 un model de inteligen\u021b\u0103 artificial\u0103 a ATACAT din proprie ini\u021biativ\u0103 sistemele unei alte companii\">A\u0219a \u00eencepe? Compania OpenAI afirm\u0103 un model de inteligen\u021b\u0103 artificial\u0103 a ATACAT din proprie&#8230;<\/a><\/h3>\n<div class=\"td-module-meta-info\"><a href=\"https:\/\/r3media.ro\/category\/actualitate\/\" class=\"td-post-category\">ACTUALITATE<\/a><span class=\"td-post-author-name\"><a href=\"https:\/\/r3media.ro\/author\/teodor_stan\/\">Teodor Stan<\/a><span>&#8211;<\/span><\/span><span class=\"td-post-date\"><time class=\"entry-date updated td-module-date\" datetime=\"2026-07-22T09:10:53+03:00\">22\/07\/2026<\/time><\/span><\/div>\n<\/div>\n<\/div>\n<\/div>\n<\/div>\n<div class=\"td-block-row\">\n<div class=\"td-block-span6\">\n<div class=\"td_module_8 td_module_wrap\">\n<div class=\"item-details\">\n<h3 class=\"entry-title td-module-title\"><a href=\"https:\/\/r3media.ro\/episcopul-husilor-oameni-animale-therieni-degradare-progresism\/\" rel=\"bookmark\" title=\"Episcopul Hu\u0219ilor, despre oamenii care se cred animale: V\u0103 da\u021bi seama c\u00e2t\u0103 degradare uman\u0103 este? De ce? Pentru c\u0103 se \u00eencred \u00een progresism\">Episcopul Hu\u0219ilor, despre oamenii care se cred animale: V\u0103 da\u021bi seama c\u00e2t\u0103 degradare uman\u0103&#8230;<\/a><\/h3>\n<div class=\"td-module-meta-info\"><a href=\"https:\/\/r3media.ro\/category\/actualitate\/\" class=\"td-post-category\">ACTUALITATE<\/a><span class=\"td-post-author-name\"><a href=\"https:\/\/r3media.ro\/author\/radu_ursan\/\">Radu Ursan<\/a><span>&#8211;<\/span><\/span><span class=\"td-post-date\"><time class=\"entry-date updated td-module-date\" datetime=\"2026-07-21T19:30:46+03:00\">21\/07\/2026<\/time><\/span><\/div>\n<\/div>\n<\/div>\n<\/div>\n<div class=\"td-block-span6\">\n<div class=\"td_module_8 td_module_wrap\">\n<div class=\"item-details\">\n<h3 class=\"entry-title td-module-title\"><a href=\"https:\/\/r3media.ro\/video-cult-femeie-dumnezeu-mama-romania\/\" rel=\"bookmark\" title=\"VIDEO | Un cult care consider\u0103 o femeie coreean\u0103 drept \u201eDumnezeu Mama\u201d face prozeli\u021bi \u00een Rom\u00e2nia\">VIDEO | Un cult care consider\u0103 o femeie coreean\u0103 drept \u201eDumnezeu Mama\u201d face prozeli\u021bi&#8230;<\/a><\/h3>\n<div class=\"td-module-meta-info\"><a href=\"https:\/\/r3media.ro\/category\/actualitate\/\" class=\"td-post-category\">ACTUALITATE<\/a><span class=\"td-post-author-name\"><a href=\"https:\/\/r3media.ro\/author\/redactia\/\">Redac\u021bia<\/a><span>&#8211;<\/span><\/span><span class=\"td-post-date\"><time class=\"entry-date updated td-module-date\" datetime=\"2026-07-21T11:14:08+03:00\">21\/07\/2026<\/time><\/span><\/div>\n<\/div>\n<\/div>\n<\/div>\n<\/div>\n<div class=\"td-block-row\">\n<div class=\"td-block-span6\">\n<div class=\"td_module_8 td_module_wrap\">\n<div class=\"item-details\">\n<h3 class=\"entry-title td-module-title\"><a href=\"https:\/\/r3media.ro\/cehia-interzice-telefoanele-in-scoli\/\" rel=\"bookmark\" title=\"Cehia se preg\u0103te\u0219te s\u0103 interzic\u0103 telefoanele mobile \u00een \u0219coli\">Cehia se preg\u0103te\u0219te s\u0103 interzic\u0103 telefoanele mobile \u00een \u0219coli<\/a><\/h3>\n<div class=\"td-module-meta-info\"><a href=\"https:\/\/r3media.ro\/category\/actualitate\/\" class=\"td-post-category\">ACTUALITATE<\/a><span class=\"td-post-author-name\"><a href=\"https:\/\/r3media.ro\/author\/redactia\/\">Redac\u021bia<\/a><span>&#8211;<\/span><\/span><span class=\"td-post-date\"><time class=\"entry-date updated td-module-date\" datetime=\"2026-07-20T22:34:13+03:00\">20\/07\/2026<\/time><\/span><\/div>\n<\/div>\n<\/div>\n<\/div>\n<div class=\"td-block-span6\">\n<div class=\"td_module_8 td_module_wrap\">\n<div class=\"item-details\">\n<h3 class=\"entry-title td-module-title\"><a href=\"https:\/\/r3media.ro\/mihail-neamtu-oblgatie-romania\/\" rel=\"bookmark\" title=\"Mihail Neam\u021bu: Suntem o \u021bar\u0103 mic\u0103, iar singura obliga\u021bie a politicienilor de la Bucure\u0219ti e s\u0103 nu introduc\u0103 Rom\u00e2nia \u00eentr-un r\u0103zboi stupid \u0219i perdant\">Mihail Neam\u021bu: Suntem o \u021bar\u0103 mic\u0103, iar singura obliga\u021bie a politicienilor de la Bucure\u0219ti&#8230;<\/a><\/h3>\n<div class=\"td-module-meta-info\"><a href=\"https:\/\/r3media.ro\/category\/actualitate\/\" class=\"td-post-category\">ACTUALITATE<\/a><span class=\"td-post-author-name\"><a href=\"https:\/\/r3media.ro\/author\/redactia\/\">Redac\u021bia<\/a><span>&#8211;<\/span><\/span><span class=\"td-post-date\"><time class=\"entry-date updated td-module-date\" datetime=\"2026-07-20T22:01:16+03:00\">20\/07\/2026<\/time><\/span><\/div>\n<\/div>\n<\/div>\n<\/div>\n<\/div>\n<div class=\"td-block-row\">\n<div class=\"td-block-span6\">\n<div class=\"td_module_8 td_module_wrap\">\n<div class=\"item-details\">\n<h3 class=\"entry-title td-module-title\"><a href=\"https:\/\/r3media.ro\/petrisor-peiu-conditii-aur-vot-guvernul-vestea-nicusor-dan-solutii-bunastare-romani\/\" rel=\"bookmark\" title=\"Condi\u021biile AUR pentru a vota Guvernul Ve\u0219tea. Petri\u0219or Peiu propune solu\u021bii clare pentru bun\u0103starea rom\u00e2nilor\">Condi\u021biile AUR pentru a vota Guvernul Ve\u0219tea. Petri\u0219or Peiu propune solu\u021bii clare pentru bun\u0103starea&#8230;<\/a><\/h3>\n<div class=\"td-module-meta-info\"><a href=\"https:\/\/r3media.ro\/category\/stiri\/\" class=\"td-post-category\">\u0218TIRI<\/a><span class=\"td-post-author-name\"><a href=\"https:\/\/r3media.ro\/author\/oana\/\">Oana Ivan<\/a><span>&#8211;<\/span><\/span><span class=\"td-post-date\"><time class=\"entry-date updated td-module-date\" datetime=\"2026-06-17T10:10:31+03:00\">17\/06\/2026<\/time><\/span><\/div>\n<\/div>\n<\/div>\n<\/div>\n<div class=\"td-block-span6\">\n<div class=\"td_module_8 td_module_wrap\">\n<div class=\"item-details\">\n<h3 class=\"entry-title td-module-title\"><a href=\"https:\/\/r3media.ro\/mihail-neamtu-neeuropeana-imperiu-birocrati-bruxelles-inarmarea-germaniei\/\" rel=\"bookmark\" title=\"EXCLUSIVITATE Mihail Neam\u021bu: Exist\u0103 o tendin\u021b\u0103 neeuropean\u0103 de a se crea un imperiu condus de birocra\u021bi de la Bruxelles \/ Pericolul \u00eenarm\u0103rii Germaniei\">EXCLUSIVITATE Mihail Neam\u021bu: Exist\u0103 o tendin\u021b\u0103 neeuropean\u0103 de a se crea un imperiu condus&#8230;<\/a><\/h3>\n<div class=\"td-module-meta-info\"><a href=\"https:\/\/r3media.ro\/category\/stiri\/\" class=\"td-post-category\">\u0218TIRI<\/a><span class=\"td-post-author-name\"><a href=\"https:\/\/r3media.ro\/author\/oana\/\">Oana Ivan<\/a><span>&#8211;<\/span><\/span><span class=\"td-post-date\"><time class=\"entry-date updated td-module-date\" datetime=\"2026-06-22T09:02:12+03:00\">22\/06\/2026<\/time><\/span><\/div>\n<\/div>\n<\/div>\n<\/div>\n<\/div>\n<div class=\"td-block-row\">\n<div class=\"td-block-span6\">\n<div class=\"td_module_8 td_module_wrap\">\n<div class=\"item-details\">\n<h3 class=\"entry-title td-module-title\"><a href=\"https:\/\/r3media.ro\/spania-invinge-argentina-castiga-cupa-mondiala\/\" rel=\"bookmark\" title=\"Spania a \u00eenvins Argentina \u0219i a c\u00e2\u0219tigat Cupa Mondial\u0103 pentru a doua oar\u0103 \u00een istorie\">Spania a \u00eenvins Argentina \u0219i a c\u00e2\u0219tigat Cupa Mondial\u0103 pentru a doua oar\u0103 \u00een&#8230;<\/a><\/h3>\n<div class=\"td-module-meta-info\"><a href=\"https:\/\/r3media.ro\/category\/actualitate\/\" class=\"td-post-category\">ACTUALITATE<\/a><span class=\"td-post-author-name\"><a href=\"https:\/\/r3media.ro\/author\/oana\/\">Oana Ivan<\/a><span>&#8211;<\/span><\/span><span class=\"td-post-date\"><time class=\"entry-date updated td-module-date\" datetime=\"2026-07-20T01:04:07+03:00\">20\/07\/2026<\/time><\/span><\/div>\n<\/div>\n<\/div>\n<\/div>\n<div class=\"td-block-span6\">\n<div class=\"td_module_8 td_module_wrap\">\n<div class=\"item-details\">\n<h3 class=\"entry-title td-module-title\"><a href=\"https:\/\/r3media.ro\/prapad-busteni-valea-prahovei-statiuni-ploi-viitura-oameni-raniti-masini-avariate-case-inundate\/\" rel=\"bookmark\" title=\"VIDEO | Pr\u0103p\u0103d la Bu\u0219teni! Ploile au cauzat o viitur\u0103 care a m\u0103turat tot \u00een cale \u00een sta\u021biunile de pe valea Prahovei: oameni r\u0103ni\u021bi, ma\u0219ini avariate \u0219i locuin\u021be inundate\">VIDEO | Pr\u0103p\u0103d la Bu\u0219teni! Ploile au cauzat o viitur\u0103 care a m\u0103turat tot&#8230;<\/a><\/h3>\n<div class=\"td-module-meta-info\"><a href=\"https:\/\/r3media.ro\/category\/actualitate\/\" class=\"td-post-category\">ACTUALITATE<\/a><span class=\"td-post-author-name\"><a href=\"https:\/\/r3media.ro\/author\/oana\/\">Oana Ivan<\/a><span>&#8211;<\/span><\/span><span class=\"td-post-date\"><time class=\"entry-date updated td-module-date\" datetime=\"2026-07-19T19:07:45+03:00\">19\/07\/2026<\/time><\/span><\/div>\n<\/div>\n<\/div>\n<\/div>\n<\/div>\n<\/div>\n<div class=\"td-load-more-wrap td-load-more-infinite-wrap\" id=\"infinite-lm-tdi_20\"><a href=\"https:\/\/r3media.ro\/iiccmer-solicita-demolare-statuie-poet-adrian-paunescu-gradina-icoanei-bucuresti\/\" class=\"td_ajax_load_more td_ajax_load_more_js\" aria-label=\"\u00cenc\u0103rca\u021bi mai multe\" id=\"next-page-tdi_20\" data-td_block_id=\"tdi_20\">\u00cenc\u0103rca\u021bi mai multe<\/a><\/div>\n<\/div>\n<div class=\"td_block_wrap tdb_single_comments tdi_21 tdb-comm-layout2 td-pb-border-top td_block_template_1\" data-td-block-uid=\"tdi_21\">\n<div class=\"tdb-block-inner td-fix-index\">\n<div class=\"comments\" id=\"comments\">\n<div id=\"respond\" class=\"comment-respond\">\n<h3 id=\"reply-title\" class=\"comment-reply-title\">AI CEVA DE SPUS? <small><a rel=\"nofollow\" id=\"cancel-comment-reply-link\" href=\"https:\/\/r3media.ro\/iiccmer-solicita-demolare-statuie-poet-adrian-paunescu-gradina-icoanei-bucuresti\/#respond\">Renun\u021ba\u021bi la r\u0103spuns<\/a><\/small><\/h3>\n<div class=\"comment-form-input-wrap td-form-comment\">\n<div class=\"td-warning-comment\">V\u0103 rug\u0103m s\u0103 introduce\u021bi comentariul dvs.!<\/div>\n<\/div>\n<div class=\"comment-form-input-wrap td-form-author\">\n<div class=\"td-warning-author\">Introduce\u021bi aici numele dvs.<\/div>\n<\/div>\n<div class=\"comment-form-input-wrap td-form-email\">\n<div class=\"td-warning-email-error\">A\u021bi introdus o adres\u0103 de e-mail incorect\u0103!<\/div>\n<div class=\"td-warning-email\">V\u0103 rug\u0103m s\u0103 introduce\u021bi adresa dvs. de e-mail aici<\/div>\n<\/div>\n<\/div>\n<\/div>\n<\/div>\n<\/div>\n<\/div>\n<\/div>\n<div class=\"vc_column tdi_23  wpb_column vc_column_container tdc-column td-pb-span4 td-is-sticky\">\n<div class=\"wpb_wrapper\" data-sticky-enabled-on=\"W3RydWUsdHJ1ZSx0cnVlLHRydWVd\" data-sticky-offset=\"20\" data-sticky-is-width-auto=\"W2ZhbHNlLGZhbHNlLGZhbHNlLGZhbHNlXQ==\">\n<div class=\"wpb_wrapper td_block_wrap vc_widget_sidebar tdi_25 \">\n<div class=\"td_block_wrap td_block_7 td_block_widget tdi_26 td-pb-border-top td_block_template_1 td-column-1 td_block_padding\" data-td-block-uid=\"tdi_26\">\n<div class=\"td-block-title-wrap\">\n<h4 class=\"block-title td-block-title\"><span class=\"td-pulldown-size\">Articole RELA\u021aIONATE<\/span><\/h4>\n<\/div>\n<div id=\"tdi_26\" class=\"td_block_inner\">\n<div class=\"td-block-span12\">\n<div class=\"td_module_6 td_module_wrap td-animation-stack\">\n<div class=\"td-module-thumb\"><a href=\"https:\/\/r3media.ro\/nicusor-dan-pilot-roman-doborat-drona-spatiul-aerian-romania\/\" rel=\"bookmark\" class=\"td-image-wrap \" title=\"Nicu\u0219or Dan: O dron\u0103 a fost dobor\u00e2t\u0103 de un pilot rom\u00e2n de F-16 \u00een spa\u021biul aerian al \u021b\u0103rii\"><img loading=\"lazy\" decoding=\"async\" class=\"entry-thumb\" src=\"https:\/\/r3media.ro\/wp-content\/uploads\/2026\/05\/avion-romanesc-drona-ucraineana-100x70.jpg\" alt title=\"Nicu\u0219or Dan: O dron\u0103 a fost dobor\u00e2t\u0103 de un pilot rom\u00e2n de F-16 \u00een spa\u021biul aerian al \u021b\u0103rii\" width=\"100\" height=\"70\"><\/a><\/div>\n<div class=\"item-details\">\n<h3 class=\"entry-title td-module-title\"><a href=\"https:\/\/r3media.ro\/nicusor-dan-pilot-roman-doborat-drona-spatiul-aerian-romania\/\" rel=\"bookmark\" title=\"Nicu\u0219or Dan: O dron\u0103 a fost dobor\u00e2t\u0103 de un pilot rom\u00e2n de F-16 \u00een spa\u021biul aerian al \u021b\u0103rii\">Nicu\u0219or Dan: O dron\u0103 a fost dobor\u00e2t\u0103 de un pilot rom\u00e2n&#8230;<\/a><\/h3>\n<div class=\"td-module-meta-info\"><span class=\"td-post-date\"><time class=\"entry-date updated td-module-date\" datetime=\"2026-07-24T11:36:54+03:00\">24\/07\/2026<\/time><\/span><\/div>\n<\/div>\n<\/div>\n<\/div>\n<div class=\"td-block-span12\">\n<div class=\"td_module_6 td_module_wrap td-animation-stack\">\n<div class=\"td-module-thumb\"><a href=\"https:\/\/r3media.ro\/mihail-neamtu-aur-transparentizarea-surselor-de-finantare-a-ong-urilor-este-obligatorie-unele-dintre-ele-pun-in-pericol-interesele-romaniei\/\" rel=\"bookmark\" class=\"td-image-wrap \" title=\"Mihail Neam\u021bu (AUR): Transparentizarea surselor de finan\u021bare a ONG-urilor este obligatorie! Unele dintre ele pun \u00een pericol interesele Rom\u00e2niei\"><img loading=\"lazy\" decoding=\"async\" class=\"entry-thumb\" src=\"https:\/\/r3media.ro\/wp-content\/uploads\/2025\/06\/mihail-neamtu-camera-deputatilor-100x70.png\" alt title=\"Mihail Neam\u021bu (AUR): Transparentizarea surselor de finan\u021bare a ONG-urilor este obligatorie! Unele dintre ele pun \u00een pericol interesele Rom\u00e2niei\" width=\"100\" height=\"70\"><\/a><\/div>\n<div class=\"item-details\">\n<h3 class=\"entry-title td-module-title\"><a href=\"https:\/\/r3media.ro\/mihail-neamtu-aur-transparentizarea-surselor-de-finantare-a-ong-urilor-este-obligatorie-unele-dintre-ele-pun-in-pericol-interesele-romaniei\/\" rel=\"bookmark\" title=\"Mihail Neam\u021bu (AUR): Transparentizarea surselor de finan\u021bare a ONG-urilor este obligatorie! Unele dintre ele pun \u00een pericol interesele Rom\u00e2niei\">Mihail Neam\u021bu (AUR): Transparentizarea surselor de finan\u021bare a ONG-urilor este obligatorie!&#8230;<\/a><\/h3>\n<div class=\"td-module-meta-info\"><span class=\"td-post-date\"><time class=\"entry-date updated td-module-date\" datetime=\"2026-07-24T00:10:14+03:00\">24\/07\/2026<\/time><\/span><\/div>\n<\/div>\n<\/div>\n<\/div>\n<div class=\"td-block-span12\">\n<div class=\"td_module_6 td_module_wrap td-animation-stack\">\n<div class=\"td-module-thumb\"><a href=\"https:\/\/r3media.ro\/24-iulie-sf-mare-mc-hristina-sf-mc-ermoghen\/\" rel=\"bookmark\" class=\"td-image-wrap \" title=\"Calendarul zilei 24 iulie: Sf. Mare Mc. Hristina; Sf. Mc. Ermoghen\"><img loading=\"lazy\" decoding=\"async\" class=\"entry-thumb\" src=\"https:\/\/r3media.ro\/wp-content\/uploads\/2023\/07\/sddefault-2-100x70.jpg\" alt title=\"Calendarul zilei 24 iulie: Sf. Mare Mc. Hristina; Sf. Mc. Ermoghen\" width=\"100\" height=\"70\"><\/a><\/div>\n<div class=\"item-details\">\n<h3 class=\"entry-title td-module-title\"><a href=\"https:\/\/r3media.ro\/24-iulie-sf-mare-mc-hristina-sf-mc-ermoghen\/\" rel=\"bookmark\" title=\"Calendarul zilei 24 iulie: Sf. Mare Mc. Hristina; Sf. Mc. Ermoghen\">Calendarul zilei 24 iulie: Sf. Mare Mc. Hristina; Sf. Mc. Ermoghen<\/a><\/h3>\n<div class=\"td-module-meta-info\"><span class=\"td-post-date\"><time class=\"entry-date updated td-module-date\" datetime=\"2026-07-23T23:18:26+03:00\">23\/07\/2026<\/time><\/span><\/div>\n<\/div>\n<\/div>\n<\/div>\n<div class=\"td-block-span12\">\n<div class=\"td_module_6 td_module_wrap td-animation-stack\">\n<div class=\"td-module-thumb\"><a href=\"https:\/\/r3media.ro\/marea-britanie-apa-inteligenta-artificiala-romania-centru-ai-restrictii-consum-apa\/\" rel=\"bookmark\" class=\"td-image-wrap \" title=\"Marea Britanie nu mai are suficient\u0103 ap\u0103 pentru Inteligen\u021ba Artificial\u0103, dar Rom\u00e2nia vrea s\u0103 g\u0103zduiasc\u0103 un centru AI care consum\u0103 c\u00e2t sute de mii de oameni \u0219i impune restric\u021bii la consumul de ap\u0103 al popula\u021biei\"><img loading=\"lazy\" decoding=\"async\" class=\"entry-thumb\" src=\"https:\/\/r3media.ro\/wp-content\/uploads\/2026\/07\/centru-date-ai-consum-apa-100x70.png\" alt title=\"Marea Britanie nu mai are suficient\u0103 ap\u0103 pentru Inteligen\u021ba Artificial\u0103, dar Rom\u00e2nia vrea s\u0103 g\u0103zduiasc\u0103 un centru AI care consum\u0103 c\u00e2t sute de mii de oameni \u0219i impune restric\u021bii la consumul de ap\u0103 al popula\u021biei\" width=\"100\" height=\"70\"><\/a><\/div>\n<div class=\"item-details\">\n<h3 class=\"entry-title td-module-title\"><a href=\"https:\/\/r3media.ro\/marea-britanie-apa-inteligenta-artificiala-romania-centru-ai-restrictii-consum-apa\/\" rel=\"bookmark\" title=\"Marea Britanie nu mai are suficient\u0103 ap\u0103 pentru Inteligen\u021ba Artificial\u0103, dar Rom\u00e2nia vrea s\u0103 g\u0103zduiasc\u0103 un centru AI care consum\u0103 c\u00e2t sute de mii de oameni \u0219i impune restric\u021bii la consumul de ap\u0103 al popula\u021biei\">Marea Britanie nu mai are suficient\u0103 ap\u0103 pentru Inteligen\u021ba Artificial\u0103, dar&#8230;<\/a><\/h3>\n<div class=\"td-module-meta-info\"><span class=\"td-post-date\"><time class=\"entry-date updated td-module-date\" datetime=\"2026-07-23T11:44:13+03:00\">23\/07\/2026<\/time><\/span><\/div>\n<\/div>\n<\/div>\n<\/div>\n<div class=\"td-block-span12\">\n<div class=\"td_module_6 td_module_wrap td-animation-stack\">\n<div class=\"td-module-thumb\"><a href=\"https:\/\/r3media.ro\/pretul-gazelor-romania-razboi-ucraina\/\" rel=\"bookmark\" class=\"td-image-wrap \" title=\"Pre\u021bul gazelor a explodat \u00een Rom\u00e2nia, la cel mai \u00eenalt nivel de la declan\u0219area r\u0103zboiului din Ucraina\"><img loading=\"lazy\" decoding=\"async\" class=\"entry-thumb\" src=\"https:\/\/r3media.ro\/wp-content\/uploads\/2020\/12\/contor-facebook-100x70.jpg\" alt title=\"Pre\u021bul gazelor a explodat \u00een Rom\u00e2nia, la cel mai \u00eenalt nivel de la declan\u0219area r\u0103zboiului din Ucraina\" width=\"100\" height=\"70\"><\/a><\/div>\n<div class=\"item-details\">\n<h3 class=\"entry-title td-module-title\"><a href=\"https:\/\/r3media.ro\/pretul-gazelor-romania-razboi-ucraina\/\" rel=\"bookmark\" title=\"Pre\u021bul gazelor a explodat \u00een Rom\u00e2nia, la cel mai \u00eenalt nivel de la declan\u0219area r\u0103zboiului din Ucraina\">Pre\u021bul gazelor a explodat \u00een Rom\u00e2nia, la cel mai \u00eenalt nivel&#8230;<\/a><\/h3>\n<div class=\"td-module-meta-info\"><span class=\"td-post-date\"><time class=\"entry-date updated td-module-date\" datetime=\"2026-07-23T10:19:38+03:00\">23\/07\/2026<\/time><\/span><\/div>\n<\/div>\n<\/div>\n<\/div>\n<div class=\"td-block-span12\">\n<div class=\"td_module_6 td_module_wrap td-animation-stack\">\n<div class=\"td-module-thumb\"><a href=\"https:\/\/r3media.ro\/oana-toiu-mae-ambasada-romaniei-libia-stefan-popescu\/\" rel=\"bookmark\" class=\"td-image-wrap \" title=\"Oana \u021aoiu se laud\u0103 c\u0103 MAE nu mai pl\u0103te\u0219te chirie pe ambasada Rom\u00e2niei din Libia. \u0218tefan Popescu: \u00centrebarea real\u0103 e de ce nu mai avem ambasad\u0103 func\u021bional\u0103 la Tripoli\"><img loading=\"lazy\" decoding=\"async\" class=\"entry-thumb\" src=\"https:\/\/r3media.ro\/wp-content\/uploads\/2026\/06\/oana-toiu-consiliul-de-securitate-onu-100x70.jpg\" alt title=\"Oana \u021aoiu se laud\u0103 c\u0103 MAE nu mai pl\u0103te\u0219te chirie pe ambasada Rom\u00e2niei din Libia. \u0218tefan Popescu: \u00centrebarea real\u0103 e de ce nu mai avem ambasad\u0103 func\u021bional\u0103 la Tripoli\" width=\"100\" height=\"70\"><\/a><\/div>\n<div class=\"item-details\">\n<h3 class=\"entry-title td-module-title\"><a href=\"https:\/\/r3media.ro\/oana-toiu-mae-ambasada-romaniei-libia-stefan-popescu\/\" rel=\"bookmark\" title=\"Oana \u021aoiu se laud\u0103 c\u0103 MAE nu mai pl\u0103te\u0219te chirie pe ambasada Rom\u00e2niei din Libia. \u0218tefan Popescu: \u00centrebarea real\u0103 e de ce nu mai avem ambasad\u0103 func\u021bional\u0103 la Tripoli\">Oana \u021aoiu se laud\u0103 c\u0103 MAE nu mai pl\u0103te\u0219te chirie pe&#8230;<\/a><\/h3>\n<div class=\"td-module-meta-info\"><span class=\"td-post-date\"><time class=\"entry-date updated td-module-date\" datetime=\"2026-07-23T09:48:40+03:00\">23\/07\/2026<\/time><\/span><\/div>\n<\/div>\n<\/div>\n<\/div>\n<div class=\"td-block-span12\">\n<div class=\"td_module_6 td_module_wrap td-animation-stack\">\n<div class=\"td-module-thumb\"><a href=\"https:\/\/r3media.ro\/sondaj-r-moldova-54-impotriva-unirii-romania\/\" rel=\"bookmark\" class=\"td-image-wrap \" title=\"Sondaj R. Moldova: 54% ar vota \u00ceMPOTRIVA unirii cu Rom\u00e2nia. Doar 5% \u0219i-ar dori o politic\u0103 extern\u0103 pro unionist\u0103\"><img loading=\"lazy\" decoding=\"async\" class=\"entry-thumb\" src=\"https:\/\/r3media.ro\/wp-content\/uploads\/2025\/01\/image-2014-11-29-18702341-41-parlamentul-chisinau-100x70.webp\" alt title=\"Sondaj R. Moldova: 54% ar vota \u00ceMPOTRIVA unirii cu Rom\u00e2nia. Doar 5% \u0219i-ar dori o politic\u0103 extern\u0103 pro unionist\u0103\" width=\"100\" height=\"70\"><\/a><\/div>\n<div class=\"item-details\">\n<h3 class=\"entry-title td-module-title\"><a href=\"https:\/\/r3media.ro\/sondaj-r-moldova-54-impotriva-unirii-romania\/\" rel=\"bookmark\" title=\"Sondaj R. Moldova: 54% ar vota \u00ceMPOTRIVA unirii cu Rom\u00e2nia. Doar 5% \u0219i-ar dori o politic\u0103 extern\u0103 pro unionist\u0103\">Sondaj R. Moldova: 54% ar vota \u00ceMPOTRIVA unirii cu Rom\u00e2nia. Doar&#8230;<\/a><\/h3>\n<div class=\"td-module-meta-info\"><span class=\"td-post-date\"><time class=\"entry-date updated td-module-date\" datetime=\"2026-07-23T07:42:57+03:00\">23\/07\/2026<\/time><\/span><\/div>\n<\/div>\n<\/div>\n<\/div>\n<\/div>\n<\/div>\n<aside class=\"td_block_template_1 widget widget_recent_comments\">\n<h4 class=\"block-title\"><span>INTR\u0102 \u00ceN DISCU\u021aIE!<\/span><\/h4>\n<ul id=\"recentcomments\">\n<li class=\"recentcomments\"><span class=\"comment-author-link\">Redac\u021bia<\/span> la <a href=\"https:\/\/r3media.ro\/marea-britanie-apa-inteligenta-artificiala-romania-centru-ai-restrictii-consum-apa\/#comment-40306\">Marea Britanie nu mai are suficient\u0103 ap\u0103 pentru Inteligen\u021ba Artificial\u0103, dar Rom\u00e2nia vrea s\u0103 g\u0103zduiasc\u0103 un centru AI care consum\u0103 c\u00e2t sute de mii de oameni \u0219i impune restric\u021bii la consumul de ap\u0103 al popula\u021biei<\/a><\/li>\n<li class=\"recentcomments\"><span class=\"comment-author-link\">Luminita<\/span> la <a href=\"https:\/\/r3media.ro\/marea-britanie-apa-inteligenta-artificiala-romania-centru-ai-restrictii-consum-apa\/#comment-40305\">Marea Britanie nu mai are suficient\u0103 ap\u0103 pentru Inteligen\u021ba Artificial\u0103, dar Rom\u00e2nia vrea s\u0103 g\u0103zduiasc\u0103 un centru AI care consum\u0103 c\u00e2t sute de mii de oameni \u0219i impune restric\u021bii la consumul de ap\u0103 al popula\u021biei<\/a><\/li>\n<li class=\"recentcomments\"><span class=\"comment-author-link\">Redac\u021bia<\/span> la <a href=\"https:\/\/r3media.ro\/marea-britanie-apa-inteligenta-artificiala-romania-centru-ai-restrictii-consum-apa\/#comment-40304\">Marea Britanie nu mai are suficient\u0103 ap\u0103 pentru Inteligen\u021ba Artificial\u0103, dar Rom\u00e2nia vrea s\u0103 g\u0103zduiasc\u0103 un centru AI care consum\u0103 c\u00e2t sute de mii de oameni \u0219i impune restric\u021bii la consumul de ap\u0103 al popula\u021biei<\/a><\/li>\n<li class=\"recentcomments\"><span class=\"comment-author-link\">RaduD<\/span> la <a href=\"https:\/\/r3media.ro\/asa-incepe-compania-openai-afirma-un-model-de-inteligenta-artificiala-a-atacat-din-proprie-initiativa-sistemele-unei-alte-companii\/#comment-40302\">A\u0219a \u00eencepe? Compania OpenAI afirm\u0103 un model de inteligen\u021b\u0103 artificial\u0103 a ATACAT din proprie ini\u021biativ\u0103 sistemele unei alte companii<\/a><\/li>\n<li class=\"recentcomments\"><span class=\"comment-author-link\">Funny<\/span> la <a href=\"https:\/\/r3media.ro\/marea-britanie-apa-inteligenta-artificiala-romania-centru-ai-restrictii-consum-apa\/#comment-40300\">Marea Britanie nu mai are suficient\u0103 ap\u0103 pentru Inteligen\u021ba Artificial\u0103, dar Rom\u00e2nia vrea s\u0103 g\u0103zduiasc\u0103 un centru AI care consum\u0103 c\u00e2t sute de mii de oameni \u0219i impune restric\u021bii la consumul de ap\u0103 al popula\u021biei<\/a><\/li>\n<li class=\"recentcomments\"><span class=\"comment-author-link\">Mihai<\/span> la <a href=\"https:\/\/r3media.ro\/marea-britanie-apa-inteligenta-artificiala-romania-centru-ai-restrictii-consum-apa\/#comment-40299\">Marea Britanie nu mai are suficient\u0103 ap\u0103 pentru Inteligen\u021ba Artificial\u0103, dar Rom\u00e2nia vrea s\u0103 g\u0103zduiasc\u0103 un centru AI care consum\u0103 c\u00e2t sute de mii de oameni \u0219i impune restric\u021bii la consumul de ap\u0103 al popula\u021biei<\/a><\/li>\n<li class=\"recentcomments\"><span class=\"comment-author-link\">reno<\/span> la <a href=\"https:\/\/r3media.ro\/asa-incepe-compania-openai-afirma-un-model-de-inteligenta-artificiala-a-atacat-din-proprie-initiativa-sistemele-unei-alte-companii\/#comment-40298\">A\u0219a \u00eencepe? Compania OpenAI afirm\u0103 un model de inteligen\u021b\u0103 artificial\u0103 a ATACAT din proprie ini\u021biativ\u0103 sistemele unei alte companii<\/a><\/li>\n<\/ul>\n<\/aside>\n<aside class=\"td_block_template_1 widget widget_search\">\n<h4 class=\"block-title\"><span>CAUT\u0102 \u0218I VEI G\u0102SI<\/span><\/h4>\n<\/aside>\n<\/div>\n<\/div>\n<\/div>\n<\/div>\n<\/div>\n<\/div>\n<\/div>\n<p><span class=\"td-page-meta\"><\/span><span class=\"td-page-meta\"><span class=\"td-page-meta\"><\/span><\/span><span class=\"td-page-meta\"><\/span><\/article>\n<\/p>\n<div class=\"td_block_wrap tdb_single_content tdi_18 td-pb-border-top td_block_template_1 td-post-content tagdiv-type\" data-td-block-uid=\"tdi_18\">\n<div class=\"tdb-block-inner td-fix-index\">\n<p><strong><a href=\"https:\/\/r3media.ro\/tag\/iiccmer\/\" target=\"_blank\" rel=\"noopener\">Institutul de Investigare a Crimelor Comunismului \u0219i Memoria Exilului Rom\u00e2nesc (IICCMER)<\/a> solicit\u0103 retragerea din spa\u021biul public a monumentului dedicat lui Adrian P\u0103unescu, amplasat \u00een Parcul Gr\u0103dina Icoanei din Bucure\u0219ti.\u00a0<\/strong><\/p>\n<p>Motivul invocat de ICCMER e reprezentat de sus\u021binerea pe care poetul ar fi manifestat-o pentru regimul comunist \u0219i Nicolae Ceau\u0219escu. Totu\u0219i, trebuie precizat c\u0103 \u00eensu\u0219i regimul Ceau\u0219escu a fost cel care a interzis, \u00een 1985, Cencaclul Flac\u0103ra, condus de <a href=\"https:\/\/r3media.ro\/tag\/adrian-paunescu\/\" target=\"_blank\" rel=\"noopener\"><strong>Adrian P\u0103unescu<\/strong><\/a>.<\/p>\n<p>\u201eDemersul nu pune \u00een discu\u021bie valoarea operei sale literare, ci rolul public pe care Adrian P\u0103unescu l-a avut \u00een promovarea propagandei regimului comunist \u0219i a cultului personalit\u0103\u021bii lui Nicolae Ceau\u0219escu\u201c, transmite ICCMER.<\/p>\n<h2><strong>IICCMER solicit\u0103 demolarea statuii poetului Adrian P\u0103unescu din Gr\u0103dina Icoanei din Bucure\u0219ti \u2013 Comunicatul institu\u021biei<\/strong><\/h2>\n<p>\u00a0<\/p>\n<p>\u201eInstitutul de Investigare a Crimelor Comunismului \u0219i Memoria Exilului Rom\u00e2nesc (IICCMER) solicit\u0103 autorit\u0103\u021bilor competente retragerea din spa\u021biul public a monumentului dedicat lui Adrian P\u0103unescu, amplasat \u00een Parcul Gr\u0103dina Icoanei din Sectorul 2 al Municipiului Bucure\u0219ti, relu\u00e2nd demersul ini\u021biat \u00een anul 2012.<\/p>\n<p>La acel moment, IICCMER s-a pronun\u021bat \u00eempotriva inaugur\u0103rii monumentului, ar\u0103t\u00e2nd c\u0103 omagierea \u00een spa\u021biul public a unei persoane care a avut un rol important \u00een promovarea propagandei regimului comunist \u0219i a cultului personalit\u0103\u021bii lui Nicolae Ceau\u0219escu este incompatibil\u0103 cu respectul datorat memoriei victimelor dictaturii comuniste.<\/p>\n<p>IICCMER subliniaz\u0103 c\u0103 acest demers nu pune \u00een discu\u021bie valoarea operei literare a lui Adrian P\u0103unescu, ci semnifica\u021bia pe care men\u021binerea unui monument o confer\u0103 unei personalit\u0103\u021bi. Un astfel de gest reprezint\u0103 o form\u0103 de recunoa\u0219tere oficial\u0103 \u0219i trebuie analizat \u00een raport cu \u00eentregul parcurs biografic \u0219i public al persoanei omagiate.<\/p>\n<p>Adrian P\u0103unescu a condus revista Flac\u0103ra \u0219i a fondat Cenaclul Flac\u0103ra, manifestare cultural\u0103 desf\u0103\u0219urat\u0103 \u00een cadrul institu\u021bional al regimului comunist, care a contribuit la promovarea ideologiei oficiale \u0219i a cultului personalit\u0103\u021bii lui Nicolae Ceau\u0219escu.<\/p>\n<h2><strong>IICCMER, atent la \u201enostalgia pentru comunism\u201c<\/strong><\/h2>\n<p>\u00a0<\/p>\n<p>Men\u021binerea acestui monument \u00een spa\u021biul public eviden\u021biaz\u0103 dificult\u0103\u021bile pe care societatea rom\u00e2neasc\u0103 le \u00eent\u00e2mpin\u0103 \u00eenc\u0103 \u00een asumarea critic\u0103 a trecutului comunist \u0219i subliniaz\u0103 nevoia consolid\u0103rii cunoa\u0219terii istoriei recente. \u00cen acest context, astfel de forme de omagiere pot contribui la perpetuarea unor percep\u021bii nostalgice asupra regimului comunist, prin estomparea rolului pe care anumite personalit\u0103\u021bi l-au avut \u00een mecanismele de propagand\u0103 ale dictaturii.<\/p>\n<p>IICCMER a atras \u00een repetate r\u00e2nduri aten\u021bia asupra fenomenului nostalgiei fa\u021b\u0103 de comunism \u0219i asupra factorilor care \u00eel alimenteaz\u0103. Rezultatele cercet\u0103rilor realizate de Institut, inclusiv cele eviden\u021biate \u00een Barometrul nostalgiei comuniste, arat\u0103 importan\u021ba cunoa\u0219terii istoriei recente \u0219i a dezvolt\u0103rii unei memorii publice \u00eentemeiate pe cercetare istoric\u0103 \u0219i pe respectul fa\u021b\u0103 de victimele regimului comunist.<\/p>\n<p>IICCMER \u00ee\u0219i exprim\u0103 disponibilitatea de a pune la dispozi\u021bia autorit\u0103\u021bilor expertiza sa istoric\u0103 \u0219i documentar\u0103 \u00een toate demersurile privind memoria regimului comunist\u201c, se precizeaz\u0103 \u00een comunicatul IICCMER.<\/p>\n<p><em>Institutul de Investigare a Crimelor Comunismului \u015fi Memoria Exilului Rom\u00e2nesc (IICCMER) este o structur\u0103 guvernamental\u0103 \u00eenfiin\u0163at\u0103 \u00een 2005 \u015fi aflat\u0103 \u00een coordonarea Prim-Ministrului Rom\u00e2niei. Rolul s\u0103u rezid\u0103, \u00eenainte de toate, \u00een gestionarea \u015fi analizarea din punct de vedere \u015ftiin\u0163ific a perioadei totalitare \u015fi a consecin\u0163elor sale. \u00cen al doilea r\u00e2nd, IICCMER sprijin\u0103 crearea \u015fi implementarea unor instrumente educa\u0163ionale cu finalitate memorial\u0103, contribuind astfel la articularea contextului \u00een care valorile \u015fi drepturile fundamentale s\u0103 fie receptate de societatea noastr\u0103 post-totalitar\u0103. Nu \u00een ultimul r\u00e2nd, IICCMER are rolul de a aduna, arhiva \u015fi publica documente referitoare la memoria exilului rom\u00e2nesc.<\/em><\/p>\n<h2><strong>Adrian P\u0103unescu, una dintre cele mai prolifice figuri ale culturii rom\u00e2ne<\/strong><\/h2>\n<p>\u00a0<\/p>\n<p>N\u0103scut la 20 iulie 1943 \u00een comuna Cop\u0103ceni (jude\u021bul B\u0103l\u021bi, ast\u0103zi \u00een Republica Moldova) \u0219i trecut \u00een eternitate la 5 noiembrie 2010 la Bucure\u0219ti, Adrian P\u0103unescu a fost una dintre cele mai complexe, prolifice \u0219i polare figure din cultura Rom\u00e2niei. Crescut \u00een Dolj \u0219i absolvent al Facult\u0103\u021bii de Filologie din Bucure\u0219ti, el s-a impus de tinere\u021be ca o for\u021b\u0103 a naturii, manifest\u00e2ndu-se simultan ca poet, prozator, publicist redutabil \u0219i om politic.<\/p>\n<p>Cariera sa a atins apogeul editorial \u0219i cultural prin conducerea revistei Flac\u0103ra \u0219i prin crearea legendarului Cenaclul Flac\u0103ra \u00een 1973. Timp de mai bine de un deceniu, acest spectacol itinerant a umplut stadioanele \u021b\u0103rii, devenind un fenomen de mas\u0103 unic \u0219i o supap\u0103 rar\u0103 de libertate spiritual\u0103 pentru tinerii din perioada comunist\u0103, p\u00e2n\u0103 la interzicerea sa abrupt\u0103 \u00een toamna anului 1985.<\/p>\n<p>Opera sa literar\u0103 este monumental\u0103, oscil\u00e2nd \u00eentre un lirism intim de o profunzime cutremur\u0103toare \u0219i un titanism civic marcat de patos. Volume precum Ultrascenos, Mieii albi sau Repetabila absen\u021b\u0103 au definit genera\u021bii, transform\u00e2ndu-l \u00eentr-un tribun care a scos poezia \u00een strad\u0103 \u0219i a dat glas sentimentelor colective, multe dintre versurile sale devenind c\u00e2ntece folk nemuritoare.<\/p>\n<p>Dup\u0103 1989, Adrian P\u0103unescu a fost senator \u0219i lider de opinie \u0219i r\u0103m\u00e2ne p\u00e2n\u0103 ast\u0103zi o prezen\u021b\u0103 titanic\u0103 \u0219i imposibil de ignorat din memoria colectiv\u0103 rom\u00e2neasc\u0103.<\/p>\n<div class=\"crp_related     crp-masonry\">\n<h2>\u00ceN CONTEXT<\/h2>\n<ul>\n<li><a href=\"https:\/\/r3media.ro\/fara-tine-in-google-r3media-dispare-iata-ce-poti-face-in-10-secunde\/\" class=\"crp_link post-119031\"><span class=\"crp_title\">F\u0103r\u0103 tine \u00een Google, R3media dispare. Iat\u0103 ce po\u021bi face \u00een 10 secunde<\/span><\/a><\/li>\n<li><a href=\"https:\/\/r3media.ro\/cum-se-propaga-fake-news-inclusiv-la-institutiile-statului-proiect-de-lege-prevede-pedepsire-agresori-femei-insarcinate-aruncat-in-aer-presa-deontoloaga-g4media\/\" class=\"crp_link post-113191\"><span class=\"crp_title\">Cum se propag\u0103 un FAKE NEWS inclusiv la institu\u021biile statului: Proiectul de lege care\u2026<\/span><\/a><\/li>\n<li><a href=\"https:\/\/r3media.ro\/20-iulie-adrian-paunescu\/\" class=\"crp_link post-5555\"><span class=\"crp_title\">Calendarul zilei 20 iulie: 83 de ani de la na\u0219terea poetului Adrian P\u0103unescu<\/span><\/a><\/li>\n<li><a href=\"https:\/\/r3media.ro\/copii-gradinita-satu-mare-imbracati-soimii-patriei-deschidere-an-scolar-scop-educativ-politie-dosar-penal\/\" class=\"crp_link post-112976\"><span class=\"crp_title\">Copiii de la o gr\u0103dini\u021b\u0103 din Satu Mare au fost \u00eembr\u0103ca\u021bi \u00een \u201e\u0218oimii Patriei\u201d la deschiderea\u2026<\/span><\/a><\/li>\n<li><a href=\"https:\/\/r3media.ro\/17-iunie-deportari-masive-banat-oltenia-baragan\/\" class=\"crp_link post-48685\"><span class=\"crp_title\">Calendarul zilei 17 iunie | 75 de ani de la \u00eenceputul deport\u0103rilor masive din Banat \u0219i\u2026<\/span><\/a><\/li>\n<\/ul>\n<\/div>\n<\/div>\n<\/div>\n<p>[analyse_source url=&#8221;https:\/\/r3media.ro\/iiccmer-solicita-demolare-statuie-poet-adrian-paunescu-gradina-icoanei-bucuresti\/&#8221;]<\/p>\n","protected":false},"excerpt":{"rendered":"<p>[analyse_image type=&#8221;featured&#8221; src=&#8221;https:\/\/r3media.ro\/wp-content\/uploads\/2026\/07\/andrei-si-adrian-paunescu-e1784907753844.jpghttps:\/\/r3media.ro\/wp-content\/uploads\/2026\/07\/andrei-si-adrian-paunescu-e1784907753844.jpg&#8221;] FEATUREDIICCMER solicit\u0103 demolarea statuii poetului Adrian P\u0103unescu din Gr\u0103dina Icoanei din Bucure\u0219ti FEATUREDPRIM PLAN\u0218TIRI IICCMER solicit\u0103 demolarea statuii poetului Adrian P\u0103unescu din Gr\u0103dina Icoanei din Bucure\u0219ti Oana Ivan 24\/07\/2026 Surs\u0103 &#8211; Andrei P\u0103unescu Institutul de Investigare a Crimelor Comunismului \u0219i Memoria Exilului Rom\u00e2nesc (IICCMER) solicit\u0103 retragerea din spa\u021biul public a monumentului dedicat [&hellip;]<\/p>\n","protected":false},"author":1,"featured_media":0,"comment_status":"open","ping_status":"","sticky":false,"template":"","format":"standard","meta":{"footnotes":""},"categories":[89],"tags":[226,93],"class_list":["post-2060069","post","type-post","status-publish","format-standard","hentry","category-romania","tag-crawlmanager","tag-r3media-ro"],"_links":{"self":[{"href":"https:\/\/analyse.optim.biz\/index.php?rest_route=\/wp\/v2\/posts\/2060069","targetHints":{"allow":["GET"]}}],"collection":[{"href":"https:\/\/analyse.optim.biz\/index.php?rest_route=\/wp\/v2\/posts"}],"about":[{"href":"https:\/\/analyse.optim.biz\/index.php?rest_route=\/wp\/v2\/types\/post"}],"author":[{"embeddable":true,"href":"https:\/\/analyse.optim.biz\/index.php?rest_route=\/wp\/v2\/users\/1"}],"replies":[{"embeddable":true,"href":"https:\/\/analyse.optim.biz\/index.php?rest_route=%2Fwp%2Fv2%2Fcomments&post=2060069"}],"version-history":[{"count":0,"href":"https:\/\/analyse.optim.biz\/index.php?rest_route=\/wp\/v2\/posts\/2060069\/revisions"}],"wp:attachment":[{"href":"https:\/\/analyse.optim.biz\/index.php?rest_route=%2Fwp%2Fv2%2Fmedia&parent=2060069"}],"wp:term":[{"taxonomy":"category","embeddable":true,"href":"https:\/\/analyse.optim.biz\/index.php?rest_route=%2Fwp%2Fv2%2Fcategories&post=2060069"},{"taxonomy":"post_tag","embeddable":true,"href":"https:\/\/analyse.optim.biz\/index.php?rest_route=%2Fwp%2Fv2%2Ftags&post=2060069"}],"curies":[{"name":"wp","href":"https:\/\/api.w.org\/{rel}","templated":true}]}}