{"id":205994,"date":"2014-05-09T13:18:04","date_gmt":"2014-05-09T10:18:04","guid":{"rendered":"https:\/\/analyse.optim.biz\/?p=205994"},"modified":"2014-05-09T13:18:04","modified_gmt":"2014-05-09T10:18:04","slug":"moartea-procurorului-panait-invocata-in-razboiul-presedintelui-cu-premierul","status":"publish","type":"post","link":"https:\/\/analyse.optim.biz\/?p=205994","title":{"rendered":"Moartea procurorului Panait, invocat\u0103 \u00een r\u0103zboiul pre\u0219edintelui cu premierul"},"content":{"rendered":"<div class=\"entry data-app-meta data-app-meta-article\" data-embed-base-url-canonical=\"https:\/\/www.digi24.ro\/embed\/stiri\/actualitate\/politica\/moartea-procurorului-panait-invocata-in-razboiul-presedintelui-cu-premierul-240761\">\n<p data-index=\"1\">\u201eNu trebuie s\u0103 ne mire modul cum s-a mu\u0219amalizat aventura \u0219i rela\u021bia cu procurorul Panait. B\u0103nuiesc c\u0103 e un dosar \u00eenchis for\u021bat. A fost prea murtar ce s-a \u00eent\u00e2mplat cu Panait, cu Lele, cu capcana de la Oradea, iar m\u0103tu\u0219a lui Panait spune foarte clar c\u0103 ultimul om cu care s-a v\u0103zut a fost Ponta. Poate c\u0103 public ar trebui s\u0103 spun\u0103 mai mult\u201d, a declarat pre\u0219edintele la un post de televiziune.<\/p>\n<p data-index=\"2\">De cealalt\u0103 parte,<strong> Victor Ponta<\/strong> spune c\u0103 nu e deranjat de declara\u0163ia pre\u015fedintelui.<\/p>\n<p data-index=\"3\">\u00centrebat dac\u0103 nu se simte amenin\u021bat de aceste declara\u021bii, premierul Victor Ponta a r\u0103spuns: \u201eNu, nici vorb\u0103, cred c\u0103 singura amenin\u021bare pentru Rom\u00e2nia este s\u0103 r\u0103m\u00e2n\u0103 \u00eenc\u0103 acest tip de societate \u00een care ura \u0219i acuza\u021biile sunt regula\u201d<\/p>\n<p data-index=\"4\">Numele lui Victor Ponta a fost men\u021bionat \u00een repetate r\u00e2nduri de pres\u0103 \u00een legatur\u0103 cu moartea procurorului <strong>Cristian Panait<\/strong>, mai ales c\u0103 actualul prim-ministru a ap\u0103rut \u00een acea perioad\u0103 \u00eentr-o emisiune TV, afirm\u00e2nd c\u0103 \u015ftie ce s-a \u00eentamplat, dar nu poate spune p\u00e2n\u0103 la finalizarea anchetei.\u00a0<\/p>\n<\/div>\n<p> Source URL: https:\/\/www.digi24.ro\/stiri\/actualitate\/politica\/moartea-procurorului-panait-invocata-in-razboiul-presedintelui-cu-premierul-240761<\/p>\n","protected":false},"excerpt":{"rendered":"<p>\u201eNu trebuie s\u0103 ne mire modul cum s-a mu\u0219amalizat aventura \u0219i rela\u021bia cu procurorul Panait. B\u0103nuiesc c\u0103 e un dosar \u00eenchis for\u021bat. A fost prea murtar ce s-a \u00eent\u00e2mplat cu Panait, cu Lele, cu capcana de la Oradea, iar m\u0103tu\u0219a lui Panait spune foarte clar c\u0103 ultimul om cu care s-a v\u0103zut a fost Ponta. [&hellip;]<\/p>\n","protected":false},"author":1,"featured_media":205995,"comment_status":"open","ping_status":"","sticky":false,"template":"","format":"standard","meta":{"footnotes":""},"categories":[2],"tags":[11],"class_list":["post-205994","post","type-post","status-publish","format-standard","has-post-thumbnail","hentry","category-politics","tag-digi24"],"_links":{"self":[{"href":"https:\/\/analyse.optim.biz\/index.php?rest_route=\/wp\/v2\/posts\/205994","targetHints":{"allow":["GET"]}}],"collection":[{"href":"https:\/\/analyse.optim.biz\/index.php?rest_route=\/wp\/v2\/posts"}],"about":[{"href":"https:\/\/analyse.optim.biz\/index.php?rest_route=\/wp\/v2\/types\/post"}],"author":[{"embeddable":true,"href":"https:\/\/analyse.optim.biz\/index.php?rest_route=\/wp\/v2\/users\/1"}],"replies":[{"embeddable":true,"href":"https:\/\/analyse.optim.biz\/index.php?rest_route=%2Fwp%2Fv2%2Fcomments&post=205994"}],"version-history":[{"count":0,"href":"https:\/\/analyse.optim.biz\/index.php?rest_route=\/wp\/v2\/posts\/205994\/revisions"}],"wp:featuredmedia":[{"embeddable":true,"href":"https:\/\/analyse.optim.biz\/index.php?rest_route=\/wp\/v2\/media\/205995"}],"wp:attachment":[{"href":"https:\/\/analyse.optim.biz\/index.php?rest_route=%2Fwp%2Fv2%2Fmedia&parent=205994"}],"wp:term":[{"taxonomy":"category","embeddable":true,"href":"https:\/\/analyse.optim.biz\/index.php?rest_route=%2Fwp%2Fv2%2Fcategories&post=205994"},{"taxonomy":"post_tag","embeddable":true,"href":"https:\/\/analyse.optim.biz\/index.php?rest_route=%2Fwp%2Fv2%2Ftags&post=205994"}],"curies":[{"name":"wp","href":"https:\/\/api.w.org\/{rel}","templated":true}]}}