{"id":205991,"date":"2014-05-09T14:42:50","date_gmt":"2014-05-09T11:42:50","guid":{"rendered":"https:\/\/analyse.optim.biz\/?p=205991"},"modified":"2014-05-09T14:42:50","modified_gmt":"2014-05-09T11:42:50","slug":"blaga-il-acuza-pe-basescu-incearca-sa-rupa-a-doua-oara-pdl-de-dragul-elenei-udrea","status":"publish","type":"post","link":"https:\/\/analyse.optim.biz\/?p=205991","title":{"rendered":"Blaga \u00eel acuz\u0103 pe B\u0103sescu: \u00cencearc\u0103 s\u0103 rup\u0103 a doua oar\u0103 PDL de dragul Elenei Udrea"},"content":{"rendered":"<div class=\"entry data-app-meta data-app-meta-article\" data-embed-base-url-canonical=\"https:\/\/www.digi24.ro\/embed\/stiri\/actualitate\/politica\/blaga-il-acuza-pe-basescu-incearca-sa-rupa-a-doua-oara-pdl-de-dragul-elenei-udrea-240855\">\n<p data-index=\"1\"><strong><img decoding=\"async\" src=\"https:\/\/analyse.optim.biz\/wp-content\/uploads\/2024\/09\/lmpwzyz3ptgwmczoyxnopwqxodqxzjqyzju3ywi0yzfiodi5zgjmnddhmwrjotbh-thumb_.jpg\" data-skip-htmlfix=\"1\" title=\"lmpwzyz3ptgwmczoyxnopwqxodqxzjqyzju3ywi0yzfiodi5zgjmnddhmwrjotbh-thumb_\">Vasile Blaga<\/strong> \u00eei repro\u015feaz\u0103 pre\u0219edintelui \u0219i dou\u0103 gesturi care arat\u0103 c\u0103 e dipus s\u0103 colaboreze cu PSD: pactul de coabitare \u0219i insisten\u021bele ca PDL s\u0103 intre la guvernare \u00een 2009 al\u0103turi de PSD.<\/p>\n<p data-index=\"2\">\u201eElena Udrea este, pentru domnul pre\u015fedinte, mai important\u0103 dec\u00e2t PDL&#8221;, mai spune Vasile Blaga \u00een acela\u015fi mesaj online. Nu \u00een ultimul r\u00e2nd, \u00eei aminte\u0219te pre\u0219edintelui c\u0103 este \u00een func\u021bie datorit\u0103 PDL, care a insistat \u00een timpul suspend\u0103rii din 2012 s\u0103 \u00eendemne electoratul s\u0103 boicoteze referendumul. \u00a0<\/p>\n<\/div>\n<p> Source URL: https:\/\/www.digi24.ro\/stiri\/actualitate\/politica\/blaga-il-acuza-pe-basescu-incearca-sa-rupa-a-doua-oara-pdl-de-dragul-elenei-udrea-240855<\/p>\n","protected":false},"excerpt":{"rendered":"<p>Vasile Blaga \u00eei repro\u015feaz\u0103 pre\u0219edintelui \u0219i dou\u0103 gesturi care arat\u0103 c\u0103 e dipus s\u0103 colaboreze cu PSD: pactul de coabitare \u0219i insisten\u021bele ca PDL s\u0103 intre la guvernare \u00een 2009 al\u0103turi de PSD. \u201eElena Udrea este, pentru domnul pre\u015fedinte, mai important\u0103 dec\u00e2t PDL&#8221;, mai spune Vasile Blaga \u00een acela\u015fi mesaj online. Nu \u00een ultimul r\u00e2nd, [&hellip;]<\/p>\n","protected":false},"author":1,"featured_media":205992,"comment_status":"open","ping_status":"","sticky":false,"template":"","format":"standard","meta":{"footnotes":""},"categories":[2],"tags":[11],"class_list":["post-205991","post","type-post","status-publish","format-standard","has-post-thumbnail","hentry","category-politics","tag-digi24"],"_links":{"self":[{"href":"https:\/\/analyse.optim.biz\/index.php?rest_route=\/wp\/v2\/posts\/205991","targetHints":{"allow":["GET"]}}],"collection":[{"href":"https:\/\/analyse.optim.biz\/index.php?rest_route=\/wp\/v2\/posts"}],"about":[{"href":"https:\/\/analyse.optim.biz\/index.php?rest_route=\/wp\/v2\/types\/post"}],"author":[{"embeddable":true,"href":"https:\/\/analyse.optim.biz\/index.php?rest_route=\/wp\/v2\/users\/1"}],"replies":[{"embeddable":true,"href":"https:\/\/analyse.optim.biz\/index.php?rest_route=%2Fwp%2Fv2%2Fcomments&post=205991"}],"version-history":[{"count":0,"href":"https:\/\/analyse.optim.biz\/index.php?rest_route=\/wp\/v2\/posts\/205991\/revisions"}],"wp:featuredmedia":[{"embeddable":true,"href":"https:\/\/analyse.optim.biz\/index.php?rest_route=\/wp\/v2\/media\/205992"}],"wp:attachment":[{"href":"https:\/\/analyse.optim.biz\/index.php?rest_route=%2Fwp%2Fv2%2Fmedia&parent=205991"}],"wp:term":[{"taxonomy":"category","embeddable":true,"href":"https:\/\/analyse.optim.biz\/index.php?rest_route=%2Fwp%2Fv2%2Fcategories&post=205991"},{"taxonomy":"post_tag","embeddable":true,"href":"https:\/\/analyse.optim.biz\/index.php?rest_route=%2Fwp%2Fv2%2Ftags&post=205991"}],"curies":[{"name":"wp","href":"https:\/\/api.w.org\/{rel}","templated":true}]}}