{"id":2059821,"date":"2026-07-24T07:39:53","date_gmt":"2026-07-24T04:39:53","guid":{"rendered":"https:\/\/analyse.optim.biz\/?p=2059821"},"modified":"2026-07-24T07:39:53","modified_gmt":"2026-07-24T04:39:53","slug":"comandorul-r-ion-zaharia-presedintele-a-n-c-m-r-r-filiala-judeteana-tulcea-contraamiral-iacob","status":"publish","type":"post","link":"https:\/\/analyse.optim.biz\/?p=2059821","title":{"rendered":"Comandorul (r.) Ion Zaharia, pre\u015fedintele A.N.C.M.R.R. Filiala Jude\u0163ean\u0103 Tulcea \u201eContraamiral Iacob"},"content":{"rendered":"<p>[analyse_image type=&#8221;featured&#8221; src=&#8221;https:\/\/ziaruldelta.ro\/wp-content\/uploads\/2026\/07\/comandor.jpg&#8221;]<\/p>\n<article id=\"post-37651\" class=\"module single-post-module post-37651 post type-post status-publish format-standard has-post-thumbnail hentry category-social et-has-post-format-content et_post_format-et-post-format-standard\">\n<div class=\"post-header\">\n<h1 class=\"entry-title\">Comandorul (r.) Ion Zaharia, pre\u015fedintele A.N.C.M.R.R. Filiala Jude\u0163ean\u0103 Tulcea \u201eContraamiral Iacob B\u0103lan\u201d, a trecut \u00een nefiin\u0163\u0103<\/h1>\n<div class=\"post-meta vcard\">\n<p>Posted by <a href=\"https:\/\/ziaruldelta.ro\/author\/claudia-ionescu\/\" class=\"url fn\" title=\"Posts by Claudia Ionescu\" rel=\"author\">Claudia Ionescu<\/a> | <span class=\"updated\">Jul 24, 2026<\/span> | <a href=\"https:\/\/ziaruldelta.ro\/category\/social\/\" rel=\"tag\">Social<\/a> | <\/p>\n<\/div>\n<\/div>\n<div class=\"post-thumbnail header\"><img decoding=\"async\" src=\"https:\/\/ziaruldelta.ro\/wp-content\/uploads\/2026\/07\/comandor.jpg\" alt=\"Comandorul (r.) Ion Zaharia, pre\u015fedintele A.N.C.M.R.R. Filiala Jude\u0163ean\u0103 Tulcea \u201eContraamiral Iacob B\u0103lan\u201d, a trecut \u00een nefiin\u0163\u0103\"><\/div>\n<div class=\"post-wrap\">\n<div class=\"post-content entry-content\">\n<p>Cu profund regret anun\u0163\u0103m trecerea la cele ve\u015fnice a celui ce a fost comandor (rtr.) Ion Zaharia, n\u0103scut 23.11.1956 \u2013 decedat 23.07.2026, pre\u015fedinte ANCMRR \u201eAl. I. Cuza\u201d Filiala \u201eContraamiral Iacob B\u0103lan\u201d Tulcea.<\/p>\n<p>Absolvent al Institutului de Marin\u0103 \u201eMircea cel B\u0103tr\u00e2n\u201d promo\u0163ia 1981 \u015fi-a \u00eenceput cariera militar\u0103 \u00een cadrul Divizionului 88 Vedete Dragoare Tulcea, ocup\u00e2nd func\u0163iile de la ofi\u0163er secund, comandant de nav\u0103 p\u00e2n\u0103 la comandant de sec\u0163ie. \u00cen perioada 1993 \u2013 2002 a ocupat func\u0163ia de \u015fef de stat major al Sec\u0163iei 325 Logistic\u0103, iar \u00een perioada 2002 \u2013 2009 a fost numit comandantul Sec\u0163iei 325 Logistice Tulcea.<\/p>\n<p>\u00cen perioada iunie 2009 \u2013 iunie 2010 a ocupat o func\u0163ie de \u015fef sec\u0163ie \u00een cadrul SMFN la Bucure\u015fti, de unde a trecut \u00een rezerv\u0103 dup\u0103 33 ani de militar activ! Dup\u0103 trecerea \u00een rezerv\u0103 \u015fi-a adus aportul prin experien\u0163a \u015fi preg\u0103tirea profesional\u0103 \u00een domeniul militar \u015fi de marin\u0103 implic\u00e2ndu-se \u00een activitatea Ligii Navale Rom\u00e2ne, ca pre\u015fedinte al Filialei Tulcea \u00eentre anii 2014 \u015fi p\u00e2n\u0103 \u00een prezent, pre\u015fedinte al ANCMRR Filiala Tulcea \u00eentre anii 2021 p\u00e2n\u0103 \u00een prezent, vicepre\u015fedinte al Asocia\u0163iei Na\u0163ionale a Pensionarilor \u015fi Persoanelor V\u00e2rstnice Filiala Tulcea \u00eentre anii 2014 \u015fi p\u00e2n\u0103 \u00een prezent, dar \u015fi ca profesor formator la Autoritatea Naval\u0103 Rom\u00e2n\u0103 Tulcea, \u00eentre anii 2014 \u2013 2022! Comandor (rtr.) Zaharia Ion era c\u0103s\u0103torit, avea o fiic\u0103 \u015fi un nepot!<\/p>\n<p>Trupul ne\u00eensufle\u0163it a fost depus la Capela Militar\u0103 a UM 02044 Tulcea.<\/p>\n<p>Duminic\u0103, 26.07.2026 are loc \u00eenmorm\u00e2ntarea cu onoruri militare prin grija Grupului de Sprijin Logistic 325 Tulcea\/Baza Naval\u0103\/SMFN, iar cortegiul se va deplasa c\u0103tre Medgidia, cimitirul central unde \u00ee\u015fi va avea somnul de veci!<\/p>\n<p><strong>Dumnezeu s\u0103-l ierte \u015fi s\u0103 \u00eel odihneasc\u0103 \u00een pace \u015fi lini\u015fte! <\/strong><\/p>\n<p><strong>Sincere condolean\u0163e familiei! <\/strong><\/p>\n<p>Prim-vicepre\u015fedinte al ANCMRR \u201eAl. I. Cuza\u201d Filiala \u201eCam. Iacob B\u0103lan\u201d Tulcea<\/p>\n<p>Comandor (r) ing. Eusebio I. Ladaru<\/p>\n<\/div>\n<\/div>\n<div class=\"post-footer\">\n<div class=\"social-icons ed-social-share-icons\">\n<p class=\"share-title\">Share:<\/p>\n<\/div>\n<div class=\"rating-stars\">\n<p id=\"rate-title\" class=\"rate-title\">Rate:<\/p>\n<\/div>\n<\/div>\n<\/article>\n<div class=\"post-content entry-content\">\n<p>Cu profund regret anun\u0163\u0103m trecerea la cele ve\u015fnice a celui ce a fost comandor (rtr.) Ion Zaharia, n\u0103scut 23.11.1956 \u2013 decedat 23.07.2026, pre\u015fedinte ANCMRR \u201eAl. I. Cuza\u201d Filiala \u201eContraamiral Iacob B\u0103lan\u201d Tulcea.<\/p>\n<p>Absolvent al Institutului de Marin\u0103 \u201eMircea cel B\u0103tr\u00e2n\u201d promo\u0163ia 1981 \u015fi-a \u00eenceput cariera militar\u0103 \u00een cadrul Divizionului 88 Vedete Dragoare Tulcea, ocup\u00e2nd func\u0163iile de la ofi\u0163er secund, comandant de nav\u0103 p\u00e2n\u0103 la comandant de sec\u0163ie. \u00cen perioada 1993 \u2013 2002 a ocupat func\u0163ia de \u015fef de stat major al Sec\u0163iei 325 Logistic\u0103, iar \u00een perioada 2002 \u2013 2009 a fost numit comandantul Sec\u0163iei 325 Logistice Tulcea.<\/p>\n<p>\u00cen perioada iunie 2009 \u2013 iunie 2010 a ocupat o func\u0163ie de \u015fef sec\u0163ie \u00een cadrul SMFN la Bucure\u015fti, de unde a trecut \u00een rezerv\u0103 dup\u0103 33 ani de militar activ! Dup\u0103 trecerea \u00een rezerv\u0103 \u015fi-a adus aportul prin experien\u0163a \u015fi preg\u0103tirea profesional\u0103 \u00een domeniul militar \u015fi de marin\u0103 implic\u00e2ndu-se \u00een activitatea Ligii Navale Rom\u00e2ne, ca pre\u015fedinte al Filialei Tulcea \u00eentre anii 2014 \u015fi p\u00e2n\u0103 \u00een prezent, pre\u015fedinte al ANCMRR Filiala Tulcea \u00eentre anii 2021 p\u00e2n\u0103 \u00een prezent, vicepre\u015fedinte al Asocia\u0163iei Na\u0163ionale a Pensionarilor \u015fi Persoanelor V\u00e2rstnice Filiala Tulcea \u00eentre anii 2014 \u015fi p\u00e2n\u0103 \u00een prezent, dar \u015fi ca profesor formator la Autoritatea Naval\u0103 Rom\u00e2n\u0103 Tulcea, \u00eentre anii 2014 \u2013 2022! Comandor (rtr.) Zaharia Ion era c\u0103s\u0103torit, avea o fiic\u0103 \u015fi un nepot!<\/p>\n<p>Trupul ne\u00eensufle\u0163it a fost depus la Capela Militar\u0103 a UM 02044 Tulcea.<\/p>\n<p>Duminic\u0103, 26.07.2026 are loc \u00eenmorm\u00e2ntarea cu onoruri militare prin grija Grupului de Sprijin Logistic 325 Tulcea\/Baza Naval\u0103\/SMFN, iar cortegiul se va deplasa c\u0103tre Medgidia, cimitirul central unde \u00ee\u015fi va avea somnul de veci!<\/p>\n<p><strong>Dumnezeu s\u0103-l ierte \u015fi s\u0103 \u00eel odihneasc\u0103 \u00een pace \u015fi lini\u015fte! <\/strong><\/p>\n<p><strong>Sincere condolean\u0163e familiei! <\/strong><\/p>\n<p>Prim-vicepre\u015fedinte al ANCMRR \u201eAl. I. Cuza\u201d Filiala \u201eCam. Iacob B\u0103lan\u201d Tulcea<\/p>\n<p>Comandor (r) ing. Eusebio I. Ladaru<\/p>\n<\/div>\n<div class=\"post-content entry-content\">\n<p>Cu profund regret anun\u0163\u0103m trecerea la cele ve\u015fnice a celui ce a fost comandor (rtr.) Ion Zaharia, n\u0103scut 23.11.1956 \u2013 decedat 23.07.2026, pre\u015fedinte ANCMRR \u201eAl. I. Cuza\u201d Filiala \u201eContraamiral Iacob B\u0103lan\u201d Tulcea.<\/p>\n<p>Absolvent al Institutului de Marin\u0103 \u201eMircea cel B\u0103tr\u00e2n\u201d promo\u0163ia 1981 \u015fi-a \u00eenceput cariera militar\u0103 \u00een cadrul Divizionului 88 Vedete Dragoare Tulcea, ocup\u00e2nd func\u0163iile de la ofi\u0163er secund, comandant de nav\u0103 p\u00e2n\u0103 la comandant de sec\u0163ie. \u00cen perioada 1993 \u2013 2002 a ocupat func\u0163ia de \u015fef de stat major al Sec\u0163iei 325 Logistic\u0103, iar \u00een perioada 2002 \u2013 2009 a fost numit comandantul Sec\u0163iei 325 Logistice Tulcea.<\/p>\n<p>\u00cen perioada iunie 2009 \u2013 iunie 2010 a ocupat o func\u0163ie de \u015fef sec\u0163ie \u00een cadrul SMFN la Bucure\u015fti, de unde a trecut \u00een rezerv\u0103 dup\u0103 33 ani de militar activ! Dup\u0103 trecerea \u00een rezerv\u0103 \u015fi-a adus aportul prin experien\u0163a \u015fi preg\u0103tirea profesional\u0103 \u00een domeniul militar \u015fi de marin\u0103 implic\u00e2ndu-se \u00een activitatea Ligii Navale Rom\u00e2ne, ca pre\u015fedinte al Filialei Tulcea \u00eentre anii 2014 \u015fi p\u00e2n\u0103 \u00een prezent, pre\u015fedinte al ANCMRR Filiala Tulcea \u00eentre anii 2021 p\u00e2n\u0103 \u00een prezent, vicepre\u015fedinte al Asocia\u0163iei Na\u0163ionale a Pensionarilor \u015fi Persoanelor V\u00e2rstnice Filiala Tulcea \u00eentre anii 2014 \u015fi p\u00e2n\u0103 \u00een prezent, dar \u015fi ca profesor formator la Autoritatea Naval\u0103 Rom\u00e2n\u0103 Tulcea, \u00eentre anii 2014 \u2013 2022! Comandor (rtr.) Zaharia Ion era c\u0103s\u0103torit, avea o fiic\u0103 \u015fi un nepot!<\/p>\n<p>Trupul ne\u00eensufle\u0163it a fost depus la Capela Militar\u0103 a UM 02044 Tulcea.<\/p>\n<p>Duminic\u0103, 26.07.2026 are loc \u00eenmorm\u00e2ntarea cu onoruri militare prin grija Grupului de Sprijin Logistic 325 Tulcea\/Baza Naval\u0103\/SMFN, iar cortegiul se va deplasa c\u0103tre Medgidia, cimitirul central unde \u00ee\u015fi va avea somnul de veci!<\/p>\n<p><strong>Dumnezeu s\u0103-l ierte \u015fi s\u0103 \u00eel odihneasc\u0103 \u00een pace \u015fi lini\u015fte! <\/strong><\/p>\n<p><strong>Sincere condolean\u0163e familiei! <\/strong><\/p>\n<p>Prim-vicepre\u015fedinte al ANCMRR \u201eAl. I. Cuza\u201d Filiala \u201eCam. Iacob B\u0103lan\u201d Tulcea<\/p>\n<p>Comandor (r) ing. Eusebio I. Ladaru<\/p>\n<\/div>\n<p>[analyse_source url=&#8221;https:\/\/ziaruldelta.ro\/2026\/07\/24\/comandorul-r-ion-zaharia-presedintele-a-n-c-m-r-r-filiala-judeteana-tulcea-contraamiral-iacob-balan-a-trecut-in-nefiinta\/&#8221;]<\/p>\n","protected":false},"excerpt":{"rendered":"<p>[analyse_image type=&#8221;featured&#8221; src=&#8221;https:\/\/ziaruldelta.ro\/wp-content\/uploads\/2026\/07\/comandor.jpg&#8221;] Comandorul (r.) Ion Zaharia, pre\u015fedintele A.N.C.M.R.R. Filiala Jude\u0163ean\u0103 Tulcea \u201eContraamiral Iacob B\u0103lan\u201d, a trecut \u00een nefiin\u0163\u0103 Posted by Claudia Ionescu | Jul 24, 2026 | Social | Cu profund regret anun\u0163\u0103m trecerea la cele ve\u015fnice a celui ce a fost comandor (rtr.) Ion Zaharia, n\u0103scut 23.11.1956 \u2013 decedat 23.07.2026, pre\u015fedinte ANCMRR \u201eAl. [&hellip;]<\/p>\n","protected":false},"author":1,"featured_media":0,"comment_status":"open","ping_status":"","sticky":false,"template":"","format":"standard","meta":{"footnotes":""},"categories":[89],"tags":[226,206],"class_list":["post-2059821","post","type-post","status-publish","format-standard","hentry","category-romania","tag-crawlmanager","tag-ziaruldelta-ro"],"_links":{"self":[{"href":"https:\/\/analyse.optim.biz\/index.php?rest_route=\/wp\/v2\/posts\/2059821","targetHints":{"allow":["GET"]}}],"collection":[{"href":"https:\/\/analyse.optim.biz\/index.php?rest_route=\/wp\/v2\/posts"}],"about":[{"href":"https:\/\/analyse.optim.biz\/index.php?rest_route=\/wp\/v2\/types\/post"}],"author":[{"embeddable":true,"href":"https:\/\/analyse.optim.biz\/index.php?rest_route=\/wp\/v2\/users\/1"}],"replies":[{"embeddable":true,"href":"https:\/\/analyse.optim.biz\/index.php?rest_route=%2Fwp%2Fv2%2Fcomments&post=2059821"}],"version-history":[{"count":0,"href":"https:\/\/analyse.optim.biz\/index.php?rest_route=\/wp\/v2\/posts\/2059821\/revisions"}],"wp:attachment":[{"href":"https:\/\/analyse.optim.biz\/index.php?rest_route=%2Fwp%2Fv2%2Fmedia&parent=2059821"}],"wp:term":[{"taxonomy":"category","embeddable":true,"href":"https:\/\/analyse.optim.biz\/index.php?rest_route=%2Fwp%2Fv2%2Fcategories&post=2059821"},{"taxonomy":"post_tag","embeddable":true,"href":"https:\/\/analyse.optim.biz\/index.php?rest_route=%2Fwp%2Fv2%2Ftags&post=2059821"}],"curies":[{"name":"wp","href":"https:\/\/api.w.org\/{rel}","templated":true}]}}