{"id":2059811,"date":"2026-07-20T07:33:34","date_gmt":"2026-07-20T04:33:34","guid":{"rendered":"https:\/\/analyse.optim.biz\/?p=2059811"},"modified":"2026-07-20T07:33:34","modified_gmt":"2026-07-20T04:33:34","slug":"atunci-s-a-scris-una-dintre-cele-mai-negre-pagini-din-istoria-timisoarei-teribila-executie-publica","status":"publish","type":"post","link":"https:\/\/analyse.optim.biz\/?p=2059811","title":{"rendered":"Atunci s-a scris una dintre cele mai negre pagini din istoria Timi\u0219oarei. Teribil\u0103 execu\u021bie public\u0103"},"content":{"rendered":"<p>[analyse_image type=&#8221;featured&#8221; src=&#8221;https:\/\/www.opiniatimisoarei.ro\/wp-content\/uploads\/2023\/12\/Gheorghe-Doja-728&#215;336.jpghttps:\/\/www.opiniatimisoarei.ro\/wp-content\/uploads\/2023\/12\/Gheorghe-Doja.jpg&#8221;]<\/p>\n<div class=\"the_content\">\n<p><strong>TIMISOARA.<\/strong> Dac\u0103 ar exista o istorie a celor mai groaznice execu\u021bii, cu siguran\u021b\u0103 cea a lui Gheorghe Doja ar trebui s\u0103 \u00ee\u0219i fac\u0103 loc \u00eentre atrocit\u0103\u021bi. Nobilul, care era de origine secui, n\u0103scut \u00een zona Covasnei din zilele noastre, a condus r\u0103scoala de la 1514, a fost aproape chiar sa cucereasc\u0103 cetatea Timi\u0219oarei, dar a sf\u00e2r\u0219it \u00eens\u0103 teribil sub zidurile acesteia. Acum 512 ani, \u00eentr-o zi de 20 iulie.<\/p>\n<p>Povestea atacului asupra cet\u0103\u021bii Timi\u0219oarei \u00ee\u0219i are \u00eens\u0103 r\u0103d\u0103cinile \u00een prim\u0103vara lui 1514, cand papa Leon al X-lea cheam\u0103 cre\u0219tin\u0103tatea la o cruciad\u0103 antiotoman\u0103, promi\u021b\u00e2nd eliberarea iobagilor, dac\u0103 ace\u0219tia se al\u0103turau armatei ce ar fi trebuit s\u0103 dea piept cu otomanii. Astfel, l\u00e2ng\u0103 Pesta s-au str\u00e2ns aproape 70.000 de \u021b\u0103rani dispu\u0219i s\u0103 se sacrifice pentru libertate. Nobilii, sup\u0103ra\u021bi c\u0103 nu mai au for\u021b\u0103 de munc\u0103 pe mo\u0219iile lor, au \u00eenceput s\u0103 comit\u0103 tot felul de atrocit\u0103\u021bi \u00eempotriva \u021b\u0103ranilor r\u0103ma\u0219i acas\u0103, iar acestea au ajuns \u0219i la urechile celor care f\u0103ceau parte din oastea ce urma s\u0103 plece \u00een Cruciad\u0103.<\/p>\n<p>Astfel, Gheorghe Doja \u0219i armata sa au \u00eentors armele \u00eempotriva nobilimii \u0219i s-au \u00eendreptat spre Cenad \u0219i N\u0103dlac. Armatele \u021b\u0103r\u0103ne\u0219ti cuceresc cele dou\u0103 puncte importante, \u00eel prind pe episcopul Nicolae Csaki, pe care \u00eel \u0219i ucid, \u00een timp ce comitele Stefan Bathory reu\u0219e\u0219te s\u0103 scape \u0219i fuge \u00een Transilvania s\u0103 \u00eei cear\u0103 ajutor lui Ioan Zapolya.<\/p>\n<p>Doja se \u00eendreapt\u0103 apoi spre Timi\u0219oara, \u00eencerc\u00e2nd s\u0103 cucereasc\u0103 cetatea, ap\u0103rat\u0103 de Istvan Bathory \u0219i nobilimea din Banat.<\/p>\n<blockquote>\n<p>\u201c<strong>Doja \u0219i-a instalat tab\u0103ra pe c\u00e2mpul Ulicia, situat \u00een apropierea cartierului Fabric de ast\u0103zi. Planul era s\u0103 atace cetatea dinspre Palanca Mic\u0103, o zon\u0103 mai slab fortificat\u0103, fiind ap\u0103rat\u0103 mai mult de apele r\u00e2ului Bega, pe care Doja dorea s\u0103-l elibereze prin s\u0103parea unui canal care s\u0103 devieze apele. P\u00e2n\u0103 la urm\u0103 acest plan a fost dejucat, r\u0103scula\u021bii fiind nevoi\u021bi s\u0103 g\u00e2ndeasc\u0103 un atac frontal. <\/strong><\/p>\n<p><strong>Dup\u0103 zile de lupt\u0103, popula\u021bia ora\u0219ului, tot mai nemul\u021bumit\u0103, a cerut c\u0103pit\u0103niei s\u0103 predea cetatea. C\u00e2nd se p\u0103rea c\u0103 o\u0219tirea de \u021b\u0103rani a lui Doja va birui, \u00een ajutor a sosit armata condus\u0103 de Janos Zapolya, voievodul Transilvaniei<\/strong>\u201c, se arat\u0103 \u00een volumul \u201cCalendar timi\u0219orean. File din istoria ora\u0219ului\u2019 scris de Zoltan Kovacs.<\/p>\n<\/blockquote>\n<p>Interven\u021bia voievodului transilv\u0103nean avea s\u0103 fie una hot\u0103r\u00e2toare, iar oastea lui Gheorghe Doja a fost \u00eenfr\u00e2nt\u0103. Liderul r\u0103scoalei, \u00eempreun\u0103 cu fratele s\u0103u \u0219i al\u021bi comandan\u021bi au fost de asemenea captura\u021bi.<\/p>\n<h2><strong><span>Execu\u021bia \u00eengrozitoare a lui Gheorghe Doja<\/span><\/strong><\/h2>\n<p>Gheorghe Doja \u0219i comandan\u021bii s\u0103i nu \u0219i-au primit pedeapsa imediat, ci dup\u0103 5 zile. R\u0103scula\u021bii uciseser\u0103 peste 400 de nobili, iar pedeapsa a fost una de o cruzime inimaginabil\u0103.<\/p>\n<p>Primul care a fost executat a fost \u00eens\u0103 fratele lui Gheorghe Doja, cel care a fost decapitat de c\u0103l\u0103u, iar corpul i-a fost \u00eemp\u0103r\u021bit \u00een trei. Pe liderul r\u0103zboiului l-a a\u0219teptat o soart\u0103 mai groaznic\u0103.<\/p>\n<blockquote>\n<p>\u201c<strong>Legat cu lan\u021buri \u00eenro\u0219ite \u00een foc, Doja a fost urcat pe un tron de fier, de asemenea \u00eenro\u0219it \u00een foc. \u00cen m\u00e2n\u0103 i s-a pus un sceptru \u00eencins, iar pe cap o coroan\u0103 \u00eencins\u0103, f\u0103urit\u0103 dintr-un fier de plug. Dar el, cu o \u00eend\u00e2rjire demn\u0103 de admirat n-a scos nici un suspin, nici o lacrim\u0103, nici un geam\u0103t. El nu s-a \u00eengrozit de o asemenea moarte cr\u00e2ncen\u0103. P\u0103r\u021bi din trupul sf\u00e2rtecat de cle\u0219tii c\u0103l\u0103ului au fost date tovar\u0103\u0219ilor s\u0103i \u00eenfometa\u021bi, care au refuzat, prefer\u00e2nd moartea \u00een chinuri, tra\u0219i \u00een \u021beap\u0103. <\/strong><\/p>\n<p><strong>Oribilul spectacol nu s-a terminat \u00eens\u0103 aici: c\u0103l\u0103ii au strivit membrele \u0219i vertebrele de la g\u00e2tul cadavrului lui Doja, dup\u0103 care l-au decapitat \u0219i l-au t\u0103iat \u00een patru.<br \/>\nCele patru p\u0103r\u021bi ale corpului s\u0103u au fost expuse, spre luare aminte, la Buda, la Pesta, la Belgrad \u0219i la Oradea. Capul s\u0103u a fost trimis de Z\u00e1polya judec\u0103torului-\u0219ef al Seghedinului, Bal\u00e1zs P\u00e1lfy, apropiat al lui Doja<\/strong>\u201c, scrie <strong><a href=\"https:\/\/stiriletransilvaniei.ro\/2022\/07\/19\/gheorghe-doja-talharul-ajuns-capetenie-de-cruciati-dar-si-luptator-pentru-libertate\/\">stiriletransilvaniei.ro<\/a><\/strong>.<\/p>\n<\/blockquote>\n<p><img loading=\"lazy\" decoding=\"async\" class=\"size-full wp-image-824884 aligncenter\" src=\"https:\/\/www.opiniatimisoarei.ro\/wp-content\/uploads\/2024\/07\/gheorghe-doja-1.jpg\" alt=\"\" width=\"646\" height=\"528\"><\/p>\n<p>Bine\u00een\u021beles, \u021b\u0103ranii \u00eenrola\u021bi \u00een oastea ce urma s\u0103 plece \u00een cruciad\u0103 nu au fost elibera\u021bi, \u00eens\u0103 au existat \u0219i consecin\u021be. La 12 ani de la execu\u021bia lui Gheorghe Doja, otomanii i-au atacat pe maghiari. \u021a\u0103ranii au refuzat s\u0103 mai lupte \u00een trupele ce se opuneau turcilor, care au \u00eenvins la Mohacs \u0219i au cucerit Ungaria.<\/p>\n<p>La 38 de ani de la r\u0103scoala lui Gheorghe Doja, Timi\u0219oara avea s\u0103 cad\u0103 \u0219i ea \u00een m\u00e2inile otomanilor, care au r\u0103mas pe aceste meleaguri 164 de ani.<\/p>\n<h2><strong><span>Ce ne aminte\u0219te ast\u0103zi de Gheorghe Doja la Timi\u0219oara<\/span><\/strong><\/h2>\n<p>Liderul r\u0103scoalei de la 1514 are \u00een Timi\u0219oara o strad\u0103 care \u00eei poart\u0103 numele, lung\u0103 de 952 de metri, \u00een cartierul Elisabetin. Strada face leg\u0103tura \u00eentre Bulevardul 16 Decembrie 1918 \u0219i Pia\u021ba Nicolae B\u0103lcescu.<\/p>\n<p>\u00cen Timi\u0219oara, \u00een zona Pie\u021bei Plevnei se afl\u0103 \u0219i Parcul Gheorghe Doja, \u00een care este amplasat\u0103 o statuie de bronz a fostului nobil, realizat\u0103 \u00een 1977 de Andrei Szobotka.<\/p>\n<p><img loading=\"lazy\" decoding=\"async\" class=\"alignnone size-full wp-image-824883\" src=\"https:\/\/www.opiniatimisoarei.ro\/wp-content\/uploads\/2024\/07\/Doja1.jpg\" alt=\"\" width=\"1080\" height=\"600\"><\/p>\n<p>***<\/p>\n<p><strong><span class=\"dia_suggestion w0\">Mai<\/span>\u00a0<span class=\"dia_suggestion w1\">multe<\/span>\u00a0<span class=\"dia_suggestion w2\">g\u0103si\u021bi<\/span>\u00a0pe\u00a0<span class=\"dia_suggestion w4\">pagina noastr<span class=\"dia_suggestion w0\">\u0103<\/span><\/span>\u00a0de\u00a0<a href=\"https:\/\/www.facebook.com\/OpiniaTM\/?ref=page_internal\" target=\"_blank\" rel=\"noopener\">Facebook opiniatimisoarei.ro<\/a>!<\/strong><\/p>\n<p><strong><span class=\"dia_suggestion w0\">Dac\u0103<\/span>\u00a0<span class=\"dia_suggestion w1\">a\u021bi<\/span>\u00a0fost martorii unui eveniment\u00a0<span class=\"dia_suggestion w6\">sau<\/span>\u00a0<span class=\"dia_suggestion w7\">ai<\/span>\u00a0unei\u00a0<span class=\"dia_suggestion w9\">situa\u021bii<\/span>\u00a0<span class=\"dia_suggestion w10\">neobi\u0219nuite<\/span>\u00a0<span class=\"dia_suggestion w11\">care<\/span>\u00a0ar\u00a0<span class=\"dia_suggestion w13\">putea<\/span>\u00a0deveni subiect de\u00a0<span class=\"dia_suggestion w17\">\u0219tire<\/span>,\u00a0<span class=\"dia_suggestion w18\">contacta\u021bi<\/span>-ne\u00a0<span class=\"dia_suggestion w20\">la<\/span>\u00a0<a href=\"https:\/\/www.opiniatimisoarei.ro\/cdn-cgi\/l\/email-protection\" class=\"__cf_email__\" data-cfemail=\"fe8c9b9a9f9d8a979bbe918e9790979f8a9793978d919f8c9b97d08c91\">[email\u00a0protected]<\/a>,\u00a0 pe\u00a0<a href=\"https:\/\/www.facebook.com\/OpiniaTM\">FB<\/a>\u00a0sau pe contul nostru de\u00a0<a href=\"https:\/\/www.instagram.com\/opiniatimisoarei.ro\/\" target=\"_blank\" rel=\"noopener\">Instagram<\/a>!<\/strong><\/p>\n<p><strong><span>CITE\u0218TE \u0218I:<\/span>\u00a0<a href=\"https:\/\/www.opiniatimisoarei.ro\/afli-primul-tot-ceea-ce-se-intampla-cu-adevarat-important-in-timisoara-si-in-regiune-cu-aplicatia-de-stiri-opinia-timisoarei-3-tipuri-de-alerte-te-tin-mereu-conectat-la-evenimente-descarca-gratuit-a\/31\/10\/2022\">Afli primul tot ceea ce se intampla cu adevarat important in Timisoara si in regiune cu Aplicatia de stiri Opinia Timisoarei. 3 tipuri de alerte te tin mereu conectat la evenimente. Descarca gratuit Aplicatia OT aici!<\/a><\/strong><\/p>\n<\/div>\n<p>[analyse_source url=&#8221;https:\/\/www.opiniatimisoarei.ro\/atunci-s-a-scris-una-dintre-cele-mai-negre-pagini-din-istoria-timisoarei-teribila-executie-publica\/20\/07\/2026&#8243;]<\/p>\n","protected":false},"excerpt":{"rendered":"<p>[analyse_image type=&#8221;featured&#8221; src=&#8221;https:\/\/www.opiniatimisoarei.ro\/wp-content\/uploads\/2023\/12\/Gheorghe-Doja-728&#215;336.jpghttps:\/\/www.opiniatimisoarei.ro\/wp-content\/uploads\/2023\/12\/Gheorghe-Doja.jpg&#8221;] TIMISOARA. Dac\u0103 ar exista o istorie a celor mai groaznice execu\u021bii, cu siguran\u021b\u0103 cea a lui Gheorghe Doja ar trebui s\u0103 \u00ee\u0219i fac\u0103 loc \u00eentre atrocit\u0103\u021bi. Nobilul, care era de origine secui, n\u0103scut \u00een zona Covasnei din zilele noastre, a condus r\u0103scoala de la 1514, a fost aproape chiar sa cucereasc\u0103 cetatea [&hellip;]<\/p>\n","protected":false},"author":1,"featured_media":0,"comment_status":"open","ping_status":"","sticky":false,"template":"","format":"standard","meta":{"footnotes":""},"categories":[89],"tags":[226,190],"class_list":["post-2059811","post","type-post","status-publish","format-standard","hentry","category-romania","tag-crawlmanager","tag-opiniatimisoarei-ro"],"_links":{"self":[{"href":"https:\/\/analyse.optim.biz\/index.php?rest_route=\/wp\/v2\/posts\/2059811","targetHints":{"allow":["GET"]}}],"collection":[{"href":"https:\/\/analyse.optim.biz\/index.php?rest_route=\/wp\/v2\/posts"}],"about":[{"href":"https:\/\/analyse.optim.biz\/index.php?rest_route=\/wp\/v2\/types\/post"}],"author":[{"embeddable":true,"href":"https:\/\/analyse.optim.biz\/index.php?rest_route=\/wp\/v2\/users\/1"}],"replies":[{"embeddable":true,"href":"https:\/\/analyse.optim.biz\/index.php?rest_route=%2Fwp%2Fv2%2Fcomments&post=2059811"}],"version-history":[{"count":0,"href":"https:\/\/analyse.optim.biz\/index.php?rest_route=\/wp\/v2\/posts\/2059811\/revisions"}],"wp:attachment":[{"href":"https:\/\/analyse.optim.biz\/index.php?rest_route=%2Fwp%2Fv2%2Fmedia&parent=2059811"}],"wp:term":[{"taxonomy":"category","embeddable":true,"href":"https:\/\/analyse.optim.biz\/index.php?rest_route=%2Fwp%2Fv2%2Fcategories&post=2059811"},{"taxonomy":"post_tag","embeddable":true,"href":"https:\/\/analyse.optim.biz\/index.php?rest_route=%2Fwp%2Fv2%2Ftags&post=2059811"}],"curies":[{"name":"wp","href":"https:\/\/api.w.org\/{rel}","templated":true}]}}