{"id":2059809,"date":"2026-07-20T06:34:57","date_gmt":"2026-07-20T03:34:57","guid":{"rendered":"https:\/\/analyse.optim.biz\/?p=2059809"},"modified":"2026-07-20T06:34:57","modified_gmt":"2026-07-20T03:34:57","slug":"greva-de-avertisment-in-spitale-la-timisoara-si-in-toata-tara-protest-fata-de-legea-salarizarii","status":"publish","type":"post","link":"https:\/\/analyse.optim.biz\/?p=2059809","title":{"rendered":"Grev\u0103 de avertisment \u00een spitale, la Timi\u0219oara \u0219i \u00een toat\u0103 \u021bara. Protest fa\u021b\u0103 de legea salariz\u0103rii"},"content":{"rendered":"<p>[analyse_image type=&#8221;featured&#8221; src=&#8221;https:\/\/www.opiniatimisoarei.ro\/wp-content\/uploads\/2026\/07\/greva-2-728&#215;336.jpghttps:\/\/www.opiniatimisoarei.ro\/wp-content\/uploads\/2026\/07\/greva-2.jpg&#8221;]<\/p>\n<div class=\"the_content\">\n<p><strong><span class=\"dia_suggestion w0\">TIMI\u0218OARA<\/span><\/strong>. E <span class=\"dia_suggestion w2\">greva<\/span> de avertisment <span class=\"dia_suggestion w5\">\u00een<\/span><span class=\"dia_suggestion w6\">mai<\/span><span class=\"dia_suggestion w7\">multe<\/span> spitale. <span class=\"dia_suggestion w9\">Purt\u00e2nd<\/span> banderole pe <span class=\"dia_suggestion w12\">m\u00e2ini<\/span>, o <span class=\"dia_suggestion w14\">parte<\/span><span class=\"dia_suggestion w15\">dintre<\/span><span class=\"dia_suggestion w16\">angaja\u021bi<\/span> au <span class=\"dia_suggestion w18\">ie\u0219it<\/span><span class=\"dia_suggestion w19\">\u00een<\/span><span class=\"dia_suggestion w20\">fa\u021b\u0103<\/span><span class=\"dia_suggestion w21\">unit\u0103\u021bilor<\/span> sanitare <span class=\"dia_suggestion w23\">ca<\/span>\u00a0<span class=\"dia_suggestion w24\">s\u0103<\/span>\u2013<span class=\"dia_suggestion w25\">\u0219i<\/span> strige <span class=\"dia_suggestion w27\">nemul\u021bumirile<\/span> legate de legea <span class=\"dia_suggestion w31\">salariz\u0103rii<\/span>.<\/p>\n<p><strong><span>CITESTE SI<\/span>: <a href=\"https:\/\/www.opiniatimisoarei.ro\/imagini-de-infarct-pe-o-trecere-de-pietoni-din-timisoara-copil-pe-trotineta-la-un-pas-sa-fie-izbit-de-o-masina-video\/20\/07\/2026\">Imagini de infarct pe o trecere de pietoni din Timi\u0219oara. Copil pe trotinet\u0103, la un pas s\u0103 fie izbit de o ma\u0219in\u0103. VIDEO<\/a><\/strong><\/p>\n<p>\u00a0<\/p>\n<iframe loading=\"lazy\" title=\"Grev\u0103 de avertisment \u00een spitale, la Timi\u0219oara \u0219i \u00een toat\u0103 \u021bara. Protest fa\u021b\u0103 de legea salariz\u0103rii\" width=\"728\" height=\"410\" src=\"https:\/\/www.youtube.com\/embed\/LjDnCkYT2N0?feature=oembed&amp;wmode=opaque&amp;rel=0\" frameborder allow=\"accelerometer; autoplay; clipboard-write; encrypted-media; gyroscope; picture-in-picture; web-share\" referrerpolicy=\"strict-origin-when-cross-origin\" allowfullscreen><\/iframe>\n<p>Angaja\u021bi din aproape 500 de spitale din Bucure\u0219ti \u0219i din \u021bar\u0103 sunt luni, \u00eentre orele 9:00 \u0219i 11:00, \u00een grev\u0103 de avertisment, nemul\u021bumi\u021bi de proiectul noii legi a salariz\u0103rii unitare.<\/p>\n<p>Sindicatele sus\u021bin c\u0103 proiectul blocheaz\u0103 salariile pentru o parte dintre angaja\u021bi \u0219i reduce unele sporuri, iar dac\u0103 revendic\u0103rile nu vor fi solu\u021bionate, amenin\u021b\u0103 cu declan\u0219area grevei generale pe 28 iulie.<\/p>\n<p>\u00cen timpul grevei de avertisment vor fi asigurate doar urgen\u021bele \u0219i aproximativ o treime din activitatea obi\u0219nuit\u0103 a spitalelor, au anun\u021bat reprezentan\u021bii sindicatelor din s\u0103n\u0103tate. Nemul\u021bumirile vizeaz\u0103 proiectul legii salariz\u0103rii unitare, aflat \u00een dezbatere \u0219i \u00een consult\u0103ri cu sindicatele la Parlament. Proteste \u0219i critici vin at\u00e2t din sistemul sanitar, c\u00e2t \u0219i din educa\u021bie, \u00een timp ce Guvernul \u00eencearc\u0103 s\u0103 finalizeze actul normativ p\u00e2n\u0103 la termenul stabilit prin Planul Na\u021bional de Redresare \u0219i Rezilien\u021b\u0103 (PNRR).<\/p>\n<\/div>\n<p>[analyse_source url=&#8221;https:\/\/www.opiniatimisoarei.ro\/greva-de-avertisment-in-spitale-la-timisoara-si-in-toata-tara-protest-fata-de-legea-salarizarii\/20\/07\/2026&#8243;]<\/p>\n","protected":false},"excerpt":{"rendered":"<p>[analyse_image type=&#8221;featured&#8221; src=&#8221;https:\/\/www.opiniatimisoarei.ro\/wp-content\/uploads\/2026\/07\/greva-2-728&#215;336.jpghttps:\/\/www.opiniatimisoarei.ro\/wp-content\/uploads\/2026\/07\/greva-2.jpg&#8221;] TIMI\u0218OARA. E greva de avertisment \u00eenmaimulte spitale. Purt\u00e2nd banderole pe m\u00e2ini, o partedintreangaja\u021bi au ie\u0219it\u00eenfa\u021b\u0103unit\u0103\u021bilor sanitare ca\u00a0s\u0103\u2013\u0219i strige nemul\u021bumirile legate de legea salariz\u0103rii. CITESTE SI: Imagini de infarct pe o trecere de pietoni din Timi\u0219oara. Copil pe trotinet\u0103, la un pas s\u0103 fie izbit de o ma\u0219in\u0103. VIDEO \u00a0 Angaja\u021bi din aproape [&hellip;]<\/p>\n","protected":false},"author":1,"featured_media":0,"comment_status":"open","ping_status":"","sticky":false,"template":"","format":"standard","meta":{"footnotes":""},"categories":[89],"tags":[226,190],"class_list":["post-2059809","post","type-post","status-publish","format-standard","hentry","category-romania","tag-crawlmanager","tag-opiniatimisoarei-ro"],"_links":{"self":[{"href":"https:\/\/analyse.optim.biz\/index.php?rest_route=\/wp\/v2\/posts\/2059809","targetHints":{"allow":["GET"]}}],"collection":[{"href":"https:\/\/analyse.optim.biz\/index.php?rest_route=\/wp\/v2\/posts"}],"about":[{"href":"https:\/\/analyse.optim.biz\/index.php?rest_route=\/wp\/v2\/types\/post"}],"author":[{"embeddable":true,"href":"https:\/\/analyse.optim.biz\/index.php?rest_route=\/wp\/v2\/users\/1"}],"replies":[{"embeddable":true,"href":"https:\/\/analyse.optim.biz\/index.php?rest_route=%2Fwp%2Fv2%2Fcomments&post=2059809"}],"version-history":[{"count":0,"href":"https:\/\/analyse.optim.biz\/index.php?rest_route=\/wp\/v2\/posts\/2059809\/revisions"}],"wp:attachment":[{"href":"https:\/\/analyse.optim.biz\/index.php?rest_route=%2Fwp%2Fv2%2Fmedia&parent=2059809"}],"wp:term":[{"taxonomy":"category","embeddable":true,"href":"https:\/\/analyse.optim.biz\/index.php?rest_route=%2Fwp%2Fv2%2Fcategories&post=2059809"},{"taxonomy":"post_tag","embeddable":true,"href":"https:\/\/analyse.optim.biz\/index.php?rest_route=%2Fwp%2Fv2%2Ftags&post=2059809"}],"curies":[{"name":"wp","href":"https:\/\/api.w.org\/{rel}","templated":true}]}}