{"id":205980,"date":"2014-05-09T15:09:18","date_gmt":"2014-05-09T12:09:18","guid":{"rendered":"https:\/\/analyse.optim.biz\/?p=205980"},"modified":"2014-05-09T15:09:18","modified_gmt":"2014-05-09T12:09:18","slug":"liberalii-depun-motiunea-de-cenzura-saptamana-viitoare-v-ponta-e-mai-apropiat-de-rusia-decat-de-ue","status":"publish","type":"post","link":"https:\/\/analyse.optim.biz\/?p=205980","title":{"rendered":"Liberalii depun mo\u021biunea de cenzur\u0103 s\u0103pt\u0103m\u00e2na viitoare: V. Ponta e mai apropiat de Rusia dec\u00e2t de UE"},"content":{"rendered":"<div class=\"entry data-app-meta data-app-meta-article\" data-embed-base-url-canonical=\"https:\/\/www.digi24.ro\/embed\/stiri\/actualitate\/politica\/liberalii-depun-motiunea-de-cenzura-saptamana-viitoare-v-ponta-e-mai-apropiat-de-rusia-decat-de-ue-240887\">\n<p data-index=\"1\">PNL \u00eei repro\u015feaz\u0103 premierului c\u0103 a avut o atitudine evaziv\u0103 fa\u0163\u0103 de Rusia, nu a condamnat evenimentele din Ucraina \u015fi s-a dus la Olimpiada de la Soci. \u00cen plus, <strong>Victor Ponta<\/strong> a atacat justi\u0163ia \u015fi a \u00eencercat s\u0103 impun\u0103 legea gra\u0163ierii \u015fi amnistiei.<\/p>\n<p data-index=\"2\">\u201eVictor Ponta, de\u015fi un premier t\u00e2n\u0103r, a dovedit prin atacurile sale publice, virulente, la adresa statului de drept, dar \u015fi prin t\u0103cerile sale semnificative pe marginea unor subiecte, c\u0103 s-ar potrivi mai bine statutului unui premier comunist, \u00een care Partidul s\u0103 aib\u0103 totul \u015fi s\u0103 le decid\u0103 pe toate, inclusiv \u00een justi\u0163ie&#8221;, se arat\u0103 \u00een mo\u021biunea de cenzur\u0103, al c\u0103rei text este publicat \u00een exclusivitate de cotidianul regional <a href=\"http:\/\/www.ziarulevenimentul.ro\/stiri\/politica\/exclusiv-textul-motiunii-de-cenzura-impotriva-guvernului-ponta-3--143005.html\" target=\"_blank\" data-skip-linkfix=\"1\" rel=\"noopener\">Evenimentul<\/a>.<\/p>\n<p data-index=\"3\">Liberalii critic\u0103 afi\u015fele electorale ale PSD, despre care spune c\u0103 sunt f\u0103cute \u00een Belarus, \u015fi mesajele de campanie \u00een care Uniunea European\u0103 este prezentat\u0103 drept un du\u015fman.<\/p>\n<p data-index=\"4\">\u201ePozele cu \u201eRom\u00e2nia, marele gr\u00e2nar&#8221; sunt f\u0103cute \u00een Belarusul lui Luka\u015fenko, iar mesajul este s\u0103 alegem europarlamentarii PSD care s\u0103 \u201eapere&#8221; Rom\u00e2nia la \u2026 Bruxelles. De cine, de Uniunea European\u0103 trebuie ap\u0103rat\u0103 Rom\u00e2nia sau de na\u0163ionalismul g\u0103unos \u015fi antieuropean promovat chiar de c\u0103tre Victor Ponta \u015fi partidul s\u0103u, demn continuator dup\u0103 cum se vede al mesajelor \u015fi principiilor de \u201eneat\u00e2rnare&#8221; ale fostului Partid Comunist Rom\u00e2n?&#8221;, se \u00eentreab\u0103 liberalii.<\/p>\n<p data-index=\"5\">PNL taxeaz\u0103 \u015fi instalarea unui birou al premeirului la Ministerul Ap\u0103r\u0103rii, dup\u0103 ce, dintr-o ancheta a DNA, a reie\u0219it c\u0103 liderul PSD Mehedin\u0163i Adrian Duicu f\u0103cea trafic de influen\u0163\u0103 chiar din biroul prim-ministrului.<\/p>\n<p data-index=\"6\">\u00a0\u201eIni\u0163iativa premierului Victor Ponta \u00eentrege\u015fte imaginea unui prim-ministru h\u0103ituit de propriii baroni cu cereri \u015fi favoruri de ordin personal \u015fi care \u00eencearc\u0103 s\u0103 se ascund\u0103 sau s\u0103 negocieze cu ace\u015ftia, dup\u0103 caz, dup\u0103 zidurile unei unit\u0103\u0163i militare\u201d, stipuleaz\u0103 textul mo\u021biunii<\/p>\n<p data-index=\"7\">\u00a0PNL \u00eel mai acuz\u0103 pe premier c\u0103 a min\u0163it c\u00e2nd a promis c\u0103 va elimina impozitul pe profitul reinvestit \u015fi c\u0103 va reduce contribu\u0163iile sociale ale angajatorilor cu cinci la sut\u0103. \u00a0<\/p>\n<\/div>\n<p> Source URL: https:\/\/www.digi24.ro\/stiri\/actualitate\/politica\/liberalii-depun-motiunea-de-cenzura-saptamana-viitoare-v-ponta-e-mai-apropiat-de-rusia-decat-de-ue-240887<\/p>\n","protected":false},"excerpt":{"rendered":"<p>PNL \u00eei repro\u015feaz\u0103 premierului c\u0103 a avut o atitudine evaziv\u0103 fa\u0163\u0103 de Rusia, nu a condamnat evenimentele din Ucraina \u015fi s-a dus la Olimpiada de la Soci. \u00cen plus, Victor Ponta a atacat justi\u0163ia \u015fi a \u00eencercat s\u0103 impun\u0103 legea gra\u0163ierii \u015fi amnistiei. \u201eVictor Ponta, de\u015fi un premier t\u00e2n\u0103r, a dovedit prin atacurile sale publice, [&hellip;]<\/p>\n","protected":false},"author":1,"featured_media":205981,"comment_status":"open","ping_status":"","sticky":false,"template":"","format":"standard","meta":{"footnotes":""},"categories":[2],"tags":[11],"class_list":["post-205980","post","type-post","status-publish","format-standard","has-post-thumbnail","hentry","category-politics","tag-digi24"],"_links":{"self":[{"href":"https:\/\/analyse.optim.biz\/index.php?rest_route=\/wp\/v2\/posts\/205980","targetHints":{"allow":["GET"]}}],"collection":[{"href":"https:\/\/analyse.optim.biz\/index.php?rest_route=\/wp\/v2\/posts"}],"about":[{"href":"https:\/\/analyse.optim.biz\/index.php?rest_route=\/wp\/v2\/types\/post"}],"author":[{"embeddable":true,"href":"https:\/\/analyse.optim.biz\/index.php?rest_route=\/wp\/v2\/users\/1"}],"replies":[{"embeddable":true,"href":"https:\/\/analyse.optim.biz\/index.php?rest_route=%2Fwp%2Fv2%2Fcomments&post=205980"}],"version-history":[{"count":0,"href":"https:\/\/analyse.optim.biz\/index.php?rest_route=\/wp\/v2\/posts\/205980\/revisions"}],"wp:featuredmedia":[{"embeddable":true,"href":"https:\/\/analyse.optim.biz\/index.php?rest_route=\/wp\/v2\/media\/205981"}],"wp:attachment":[{"href":"https:\/\/analyse.optim.biz\/index.php?rest_route=%2Fwp%2Fv2%2Fmedia&parent=205980"}],"wp:term":[{"taxonomy":"category","embeddable":true,"href":"https:\/\/analyse.optim.biz\/index.php?rest_route=%2Fwp%2Fv2%2Fcategories&post=205980"},{"taxonomy":"post_tag","embeddable":true,"href":"https:\/\/analyse.optim.biz\/index.php?rest_route=%2Fwp%2Fv2%2Ftags&post=205980"}],"curies":[{"name":"wp","href":"https:\/\/api.w.org\/{rel}","templated":true}]}}