{"id":2059799,"date":"2026-07-23T04:15:11","date_gmt":"2026-07-23T01:15:11","guid":{"rendered":"https:\/\/analyse.optim.biz\/?p=2059799"},"modified":"2026-07-23T04:15:11","modified_gmt":"2026-07-23T01:15:11","slug":"au-fost-demolate-inca-doua-magazine-din-suceava-alti-oameni-lasati-pe-drumuri-si-alti-clienti-lasati-cu-ochii-in-soare","status":"publish","type":"post","link":"https:\/\/analyse.optim.biz\/?p=2059799","title":{"rendered":"Au fost demolate \u00eenc\u0103 dou\u0103 magazine din Suceava. Al\u021bi oameni l\u0103sa\u021bi pe drumuri \u0219i al\u021bi clien\u021bi l\u0103sa\u021bi cu ochii \u00een soare"},"content":{"rendered":"<p>[analyse_image type=&#8221;featured&#8221; src=&#8221;https:\/\/www.radiotop.ro\/img\/media\/2026\/07\/areni-darimat-3.jpg&#8221;]<\/p>\n<div class=\"entry-content no-share\">\n<div class=\"content-inner \">\n<div class=\"jeg_preview_slider gallery_1\" data-selector=\"gallery_1\">\n<div class=\"jeg_preview_holder\">\n<div class=\"jeg_preview_media\">\n<div class=\"jeg_preview_media_holder\">\n<h3>\u00a0<\/h3>\n<div class=\"jeg_preview_control\">\n<div class=\"left_control\">\n<div class=\"counter\"><span class=\"current\">1<\/span> of  8<\/div>\n<\/div>\n<div class=\"zoom\"><span class=\"reduce\">&#8211;<\/span><span class=\"increase\">+<\/span><\/div>\n<\/div>\n<\/div>\n<\/div>\n<div class=\"jeg_preview_bottom_slider\"><a data-id=\"0\" data-title data-image=\"https:\/\/www.radiotop.ro\/img\/media\/2026\/07\/areni-darimat.jpg\" href=\"https:\/\/www.radiotop.ro\/img\/media\/2026\/07\/areni-darimat.jpg\" class=\"jeg_preview_item active\"><\/p>\n<div class=\"jeg_preview_item_thumbnail\"><img loading=\"lazy\" decoding=\"async\" width=\"120\" height=\"86\" src=\"https:\/\/www.radiotop.ro\/img\/media\/2026\/07\/areni-darimat-120x86.jpg\" class=\"attachment-jnews-120x86 size-jnews-120x86\" alt><\/div>\n<p><\/a><a data-id=\"1\" data-title data-image=\"https:\/\/www.radiotop.ro\/img\/media\/2026\/07\/areni-darimat-1.jpg\" href=\"https:\/\/www.radiotop.ro\/img\/media\/2026\/07\/areni-darimat-1.jpg\" class=\"jeg_preview_item \"><\/p>\n<div class=\"jeg_preview_item_thumbnail\"><img loading=\"lazy\" decoding=\"async\" width=\"120\" height=\"86\" src=\"https:\/\/www.radiotop.ro\/img\/media\/2026\/07\/areni-darimat-1-120x86.jpg\" class=\"attachment-jnews-120x86 size-jnews-120x86\" alt><\/div>\n<p><\/a><a data-id=\"2\" data-title data-image=\"https:\/\/www.radiotop.ro\/img\/media\/2026\/07\/areni-darimat-2.jpg\" href=\"https:\/\/www.radiotop.ro\/img\/media\/2026\/07\/areni-darimat-2.jpg\" class=\"jeg_preview_item \"><\/p>\n<div class=\"jeg_preview_item_thumbnail\"><img loading=\"lazy\" decoding=\"async\" width=\"120\" height=\"86\" src=\"https:\/\/www.radiotop.ro\/img\/media\/2026\/07\/areni-darimat-2-120x86.jpg\" class=\"attachment-jnews-120x86 size-jnews-120x86\" alt><\/div>\n<p><\/a><a data-id=\"3\" data-title data-image=\"https:\/\/www.radiotop.ro\/img\/media\/2026\/07\/areni-darimat-4.jpg\" href=\"https:\/\/www.radiotop.ro\/img\/media\/2026\/07\/areni-darimat-4.jpg\" class=\"jeg_preview_item \"><\/p>\n<div class=\"jeg_preview_item_thumbnail\"><img loading=\"lazy\" decoding=\"async\" width=\"120\" height=\"86\" src=\"https:\/\/www.radiotop.ro\/img\/media\/2026\/07\/areni-darimat-4-120x86.jpg\" class=\"attachment-jnews-120x86 size-jnews-120x86\" alt><\/div>\n<p><\/a><a data-id=\"4\" data-title data-image=\"https:\/\/www.radiotop.ro\/img\/media\/2026\/07\/areni-darimat-5.jpg\" href=\"https:\/\/www.radiotop.ro\/img\/media\/2026\/07\/areni-darimat-5.jpg\" class=\"jeg_preview_item \"><\/p>\n<div class=\"jeg_preview_item_thumbnail\"><img loading=\"lazy\" decoding=\"async\" width=\"120\" height=\"86\" src=\"https:\/\/www.radiotop.ro\/img\/media\/2026\/07\/areni-darimat-5-120x86.jpg\" class=\"attachment-jnews-120x86 size-jnews-120x86\" alt><\/div>\n<p><\/a><a data-id=\"5\" data-title data-image=\"https:\/\/www.radiotop.ro\/img\/media\/2026\/07\/areni-darimat-6.jpg\" href=\"https:\/\/www.radiotop.ro\/img\/media\/2026\/07\/areni-darimat-6.jpg\" class=\"jeg_preview_item \"><\/p>\n<div class=\"jeg_preview_item_thumbnail\"><img loading=\"lazy\" decoding=\"async\" width=\"120\" height=\"86\" src=\"https:\/\/www.radiotop.ro\/img\/media\/2026\/07\/areni-darimat-6-120x86.jpg\" class=\"attachment-jnews-120x86 size-jnews-120x86\" alt><\/div>\n<p><\/a><a data-id=\"6\" data-title data-image=\"https:\/\/www.radiotop.ro\/img\/media\/2026\/07\/areni-darimat-7.jpg\" href=\"https:\/\/www.radiotop.ro\/img\/media\/2026\/07\/areni-darimat-7.jpg\" class=\"jeg_preview_item \"><\/p>\n<div class=\"jeg_preview_item_thumbnail\"><img loading=\"lazy\" decoding=\"async\" width=\"120\" height=\"86\" src=\"https:\/\/www.radiotop.ro\/img\/media\/2026\/07\/areni-darimat-7-120x86.jpg\" class=\"attachment-jnews-120x86 size-jnews-120x86\" alt><\/div>\n<p><\/a><a data-id=\"7\" data-title data-image=\"https:\/\/www.radiotop.ro\/img\/media\/2026\/07\/areni-darimat-8.jpg\" href=\"https:\/\/www.radiotop.ro\/img\/media\/2026\/07\/areni-darimat-8.jpg\" class=\"jeg_preview_item \"><\/p>\n<div class=\"jeg_preview_item_thumbnail\"><img loading=\"lazy\" decoding=\"async\" width=\"120\" height=\"86\" src=\"https:\/\/www.radiotop.ro\/img\/media\/2026\/07\/areni-darimat-8-120x86.jpg\" class=\"attachment-jnews-120x86 size-jnews-120x86\" alt><\/div>\n<p><\/a><\/div>\n<\/div>\n<\/div>\n<p>\u00cen municipiul Suceava continu\u0103 demol\u0103rile, spre satisfac\u021bia unora \u0219i spre nemul\u021bumirea altora. Dup\u0103 ce au disp\u0103rut chio\u0219curile din sta\u021bia de autobuz \u201dAreni\u201d cu p\u00eeine, felii de pizza, pl\u0103cinte \u0219i \u0219trudele, acum au disp\u0103rut dou\u0103 magazine amenajate \u00eentr-o anex\u0103 lipit\u0103 de un bloc aflat \u00een apropierea turnului de la marginea cartierului George Enescu, cunoscut ca blocul Auto-Moto-Velo. Un magazin era cu dispozitive medicale, iar cel\u0103lalt f\u0103cea parte din re\u021beaua Agroland, care comercializeaz\u0103 produse pentru animale de companie, gr\u0103din\u0103, curte, cas\u0103, ferm\u0103 \u0219i gospod\u0103rie.<\/p>\n<p>Viorel Seredenciuc este proprietarul apartamentului de la parter de unde a plecat extinderea pentru magazinul de dispozitive medicale \u0219i a declarat pentru \u201dMonitorul\u201d: \u201dEste o construc\u021bie definitiv\u0103, nu temporar\u0103, autorizat\u0103 ca extindere a dou\u0103 apartamente a dou\u0103 familii. A durat un an \u0219i jum\u0103tate s\u0103 ob\u021binem toate actele necesare, am \u00eenceput \u00een 2003 \u0219i am finalizat \u00een mai 2004. Pentru teren am avut un contract de concesiune pe 20 de ani cu posibilitate de prelungire pe 10 ani, prin simplul acord al p\u0103r\u021bilor. La expirarea termenului, de la prim\u0103rie ni s-a spus s\u0103 a\u0219tept\u0103m notificarea lor, mai ales c\u0103 se discuta de v\u00eenzarea unor terenuri care s\u00eent deja sub corpuri de cl\u0103dire. Am a\u0219teptat r\u0103spuns \u2013 nimic. \u00cen ianuarie 2026, am trimis solicitare s\u0103 cump\u0103r\u0103m terenul sau superficie \u2013 un fel de concesiune a terenului de sub cl\u0103dire. Nici un r\u0103spuns. Dar pe 17 iulie am g\u0103sit notificarea de demolare pe casa sc\u0103rii, pe jos\u2026 pe 21 au \u0219i venit s\u0103 demoleze\u201d. Deci, omul a vrut s\u0103 cumpere, dac\u0103 nu se mai dorea \u00eenchirierea terenului, dar a fost ignorat.<\/p>\n<p>\u201dBra\u021bul armat\u201d al primarului Vasile R\u00eembu, \u0219eful Poli\u021biei Locale Suceava Ovidiu Doroftei, a declarat sec, ca un soldat credincios \u0219i serios ce este: \u201dDin 2023, pentru extinderea respectiv\u0103, care este pe domeniul public, nu mai exist\u0103 nici o rela\u021bie contractual\u0103 cu Prim\u0103ria. Proprietarii au fost notifica\u021bi s\u0103 elibereze spa\u021biul\u201d.<\/p>\n<p>Poate c\u0103 acea anex\u0103 era inestetic\u0103, iar esteticienii din Prim\u0103rie au considerat c\u0103 trebuie demolat\u0103. Pe de alt\u0103 parte, ce va c\u00ee\u0219tiga Prim\u0103ria cu acel spa\u021biu, care nu este unul uria\u0219? Un loc pentru trei fire de iarb\u0103 \u0219i dou\u0103 tufe de flori?<\/p>\n<p>Totu\u0219i, s-au \u00eenchis \u00eenc\u0103 dou\u0103 magazine care pl\u0103teau taxe \u0219i impozite locale. Apoi, dou\u0103 mici afaceri au disp\u0103rut, proprietarii acestora av\u00eend, evident, de pierdut. S\u0103 spunem, \u00eens\u0103, c\u0103 ace\u0219tia se vor descurca \u00eentr-un fel sau altul. Viorel Seredenciuc a fost, vorba aia, consilier al pre\u0219edintelui Consiliului Jude\u021bean Suceava, vicepre\u0219edinte al Consiliului Jude\u021bean \u0219i angajat al Secretariatului General al Guvernului, deci o fi av\u00eend o situa\u021bie material\u0103 bun\u0103.<\/p>\n<p>\u00cens\u0103, la cele dou\u0103 magazine lucrau ni\u0219te oameni ca v\u00eenz\u0103tori. \u00cen afara lor mai c\u00ee\u0219tigau oamenii care lucreaz\u0103 la firmele care f\u0103ceau aprovizionarea. \u0218i, foarte important, cele dou\u0103 magazine, cu o vechime apreciabil\u0103, \u00ee\u0219i formaser\u0103 o clientel\u0103, care acum este l\u0103sat\u0103 cu ochii \u00een soare. Evident, clien\u021bii \u00ee\u0219i vor pune ochelarii fumurii pe ochi \u0219i vor g\u0103si marf\u0103 \u00een alt\u0103 parte, dar pentru unii a disp\u0103rut astfel \u0219i un punct \u00eenscris pe harta socializ\u0103rii.<\/p>\n<p>C\u00eend dispar unul dup\u0103 altul chio\u0219curi \u0219i magazine \u00een numele binelui public pe care vrea s\u0103-l fac\u0103 Prim\u0103ria condus\u0103 de Vasile R\u00eembu trebuie s\u0103 ne g\u00eendim la aspectul ora\u0219ului, la iarba \u0219i la florile care vor veni \u00een loc, dar mai trebuie s\u0103 ne g\u00eendim \u0219i la ni\u0219te oameni simpli care r\u0103m\u00een f\u0103r\u0103 locuri de munc\u0103, \u00eens\u0103 \u0219i la clien\u021bii respectivelor chio\u0219curi \u0219i magazine, care, aduna\u021bi, s\u00eent mul\u021bi, din ce \u00een ce mai mul\u021bi. Ni\u0219te oameni pentru care Prim\u0103ria spune c\u0103 lucreaz\u0103 ca s\u0103 le fie bine.<\/p>\n<p>\u00a0<\/p>\n<p>(Foto: A\u0219a ar\u0103ta \u00een seara zilei de 22 iulie 2026 zona sta\u021biei de autobuz din \u201dAreni\u201d, aflat\u0103 la 100 de metri de Prim\u0103rie. Doar flor\u0103ria mai func\u021bioneaz\u0103, restul magazinelor fiind demolate ori \u00een curs de demolare.)<\/p>\n<\/div>\n<\/div>\n<div class=\"content-inner \">\n<div class=\"jeg_preview_slider gallery_1\" data-selector=\"gallery_1\">\n<div class=\"jeg_preview_holder\">\n<div class=\"jeg_preview_media\">\n<div class=\"jeg_preview_media_holder\">\n<h3>\u00a0<\/h3>\n<div class=\"jeg_preview_control\">\n<div class=\"left_control\">\n<div class=\"counter\"><span class=\"current\">1<\/span> of  8<\/div>\n<\/div>\n<div class=\"zoom\"><span class=\"reduce\">&#8211;<\/span><span class=\"increase\">+<\/span><\/div>\n<\/div>\n<\/div>\n<\/div>\n<div class=\"jeg_preview_bottom_slider\"><a data-id=\"0\" data-title data-image=\"https:\/\/www.radiotop.ro\/img\/media\/2026\/07\/areni-darimat.jpg\" href=\"https:\/\/www.radiotop.ro\/img\/media\/2026\/07\/areni-darimat.jpg\" class=\"jeg_preview_item active\"><\/p>\n<div class=\"jeg_preview_item_thumbnail\"><img loading=\"lazy\" decoding=\"async\" width=\"120\" height=\"86\" src=\"https:\/\/www.radiotop.ro\/img\/media\/2026\/07\/areni-darimat-120x86.jpg\" class=\"attachment-jnews-120x86 size-jnews-120x86\" alt><\/div>\n<p><\/a><a data-id=\"1\" data-title data-image=\"https:\/\/www.radiotop.ro\/img\/media\/2026\/07\/areni-darimat-1.jpg\" href=\"https:\/\/www.radiotop.ro\/img\/media\/2026\/07\/areni-darimat-1.jpg\" class=\"jeg_preview_item \"><\/p>\n<div class=\"jeg_preview_item_thumbnail\"><img loading=\"lazy\" decoding=\"async\" width=\"120\" height=\"86\" src=\"https:\/\/www.radiotop.ro\/img\/media\/2026\/07\/areni-darimat-1-120x86.jpg\" class=\"attachment-jnews-120x86 size-jnews-120x86\" alt><\/div>\n<p><\/a><a data-id=\"2\" data-title data-image=\"https:\/\/www.radiotop.ro\/img\/media\/2026\/07\/areni-darimat-2.jpg\" href=\"https:\/\/www.radiotop.ro\/img\/media\/2026\/07\/areni-darimat-2.jpg\" class=\"jeg_preview_item \"><\/p>\n<div class=\"jeg_preview_item_thumbnail\"><img loading=\"lazy\" decoding=\"async\" width=\"120\" height=\"86\" src=\"https:\/\/www.radiotop.ro\/img\/media\/2026\/07\/areni-darimat-2-120x86.jpg\" class=\"attachment-jnews-120x86 size-jnews-120x86\" alt><\/div>\n<p><\/a><a data-id=\"3\" data-title data-image=\"https:\/\/www.radiotop.ro\/img\/media\/2026\/07\/areni-darimat-4.jpg\" href=\"https:\/\/www.radiotop.ro\/img\/media\/2026\/07\/areni-darimat-4.jpg\" class=\"jeg_preview_item \"><\/p>\n<div class=\"jeg_preview_item_thumbnail\"><img loading=\"lazy\" decoding=\"async\" width=\"120\" height=\"86\" src=\"https:\/\/www.radiotop.ro\/img\/media\/2026\/07\/areni-darimat-4-120x86.jpg\" class=\"attachment-jnews-120x86 size-jnews-120x86\" alt><\/div>\n<p><\/a><a data-id=\"4\" data-title data-image=\"https:\/\/www.radiotop.ro\/img\/media\/2026\/07\/areni-darimat-5.jpg\" href=\"https:\/\/www.radiotop.ro\/img\/media\/2026\/07\/areni-darimat-5.jpg\" class=\"jeg_preview_item \"><\/p>\n<div class=\"jeg_preview_item_thumbnail\"><img loading=\"lazy\" decoding=\"async\" width=\"120\" height=\"86\" src=\"https:\/\/www.radiotop.ro\/img\/media\/2026\/07\/areni-darimat-5-120x86.jpg\" class=\"attachment-jnews-120x86 size-jnews-120x86\" alt><\/div>\n<p><\/a><a data-id=\"5\" data-title data-image=\"https:\/\/www.radiotop.ro\/img\/media\/2026\/07\/areni-darimat-6.jpg\" href=\"https:\/\/www.radiotop.ro\/img\/media\/2026\/07\/areni-darimat-6.jpg\" class=\"jeg_preview_item \"><\/p>\n<div class=\"jeg_preview_item_thumbnail\"><img loading=\"lazy\" decoding=\"async\" width=\"120\" height=\"86\" src=\"https:\/\/www.radiotop.ro\/img\/media\/2026\/07\/areni-darimat-6-120x86.jpg\" class=\"attachment-jnews-120x86 size-jnews-120x86\" alt><\/div>\n<p><\/a><a data-id=\"6\" data-title data-image=\"https:\/\/www.radiotop.ro\/img\/media\/2026\/07\/areni-darimat-7.jpg\" href=\"https:\/\/www.radiotop.ro\/img\/media\/2026\/07\/areni-darimat-7.jpg\" class=\"jeg_preview_item \"><\/p>\n<div class=\"jeg_preview_item_thumbnail\"><img loading=\"lazy\" decoding=\"async\" width=\"120\" height=\"86\" src=\"https:\/\/www.radiotop.ro\/img\/media\/2026\/07\/areni-darimat-7-120x86.jpg\" class=\"attachment-jnews-120x86 size-jnews-120x86\" alt><\/div>\n<p><\/a><a data-id=\"7\" data-title data-image=\"https:\/\/www.radiotop.ro\/img\/media\/2026\/07\/areni-darimat-8.jpg\" href=\"https:\/\/www.radiotop.ro\/img\/media\/2026\/07\/areni-darimat-8.jpg\" class=\"jeg_preview_item \"><\/p>\n<div class=\"jeg_preview_item_thumbnail\"><img loading=\"lazy\" decoding=\"async\" width=\"120\" height=\"86\" src=\"https:\/\/www.radiotop.ro\/img\/media\/2026\/07\/areni-darimat-8-120x86.jpg\" class=\"attachment-jnews-120x86 size-jnews-120x86\" alt><\/div>\n<p><\/a><\/div>\n<\/div>\n<\/div>\n<p>\u00cen municipiul Suceava continu\u0103 demol\u0103rile, spre satisfac\u021bia unora \u0219i spre nemul\u021bumirea altora. Dup\u0103 ce au disp\u0103rut chio\u0219curile din sta\u021bia de autobuz \u201dAreni\u201d cu p\u00eeine, felii de pizza, pl\u0103cinte \u0219i \u0219trudele, acum au disp\u0103rut dou\u0103 magazine amenajate \u00eentr-o anex\u0103 lipit\u0103 de un bloc aflat \u00een apropierea turnului de la marginea cartierului George Enescu, cunoscut ca blocul Auto-Moto-Velo. Un magazin era cu dispozitive medicale, iar cel\u0103lalt f\u0103cea parte din re\u021beaua Agroland, care comercializeaz\u0103 produse pentru animale de companie, gr\u0103din\u0103, curte, cas\u0103, ferm\u0103 \u0219i gospod\u0103rie.<\/p>\n<p>Viorel Seredenciuc este proprietarul apartamentului de la parter de unde a plecat extinderea pentru magazinul de dispozitive medicale \u0219i a declarat pentru \u201dMonitorul\u201d: \u201dEste o construc\u021bie definitiv\u0103, nu temporar\u0103, autorizat\u0103 ca extindere a dou\u0103 apartamente a dou\u0103 familii. A durat un an \u0219i jum\u0103tate s\u0103 ob\u021binem toate actele necesare, am \u00eenceput \u00een 2003 \u0219i am finalizat \u00een mai 2004. Pentru teren am avut un contract de concesiune pe 20 de ani cu posibilitate de prelungire pe 10 ani, prin simplul acord al p\u0103r\u021bilor. La expirarea termenului, de la prim\u0103rie ni s-a spus s\u0103 a\u0219tept\u0103m notificarea lor, mai ales c\u0103 se discuta de v\u00eenzarea unor terenuri care s\u00eent deja sub corpuri de cl\u0103dire. Am a\u0219teptat r\u0103spuns \u2013 nimic. \u00cen ianuarie 2026, am trimis solicitare s\u0103 cump\u0103r\u0103m terenul sau superficie \u2013 un fel de concesiune a terenului de sub cl\u0103dire. Nici un r\u0103spuns. Dar pe 17 iulie am g\u0103sit notificarea de demolare pe casa sc\u0103rii, pe jos\u2026 pe 21 au \u0219i venit s\u0103 demoleze\u201d. Deci, omul a vrut s\u0103 cumpere, dac\u0103 nu se mai dorea \u00eenchirierea terenului, dar a fost ignorat.<\/p>\n<p>\u201dBra\u021bul armat\u201d al primarului Vasile R\u00eembu, \u0219eful Poli\u021biei Locale Suceava Ovidiu Doroftei, a declarat sec, ca un soldat credincios \u0219i serios ce este: \u201dDin 2023, pentru extinderea respectiv\u0103, care este pe domeniul public, nu mai exist\u0103 nici o rela\u021bie contractual\u0103 cu Prim\u0103ria. Proprietarii au fost notifica\u021bi s\u0103 elibereze spa\u021biul\u201d.<\/p>\n<p>Poate c\u0103 acea anex\u0103 era inestetic\u0103, iar esteticienii din Prim\u0103rie au considerat c\u0103 trebuie demolat\u0103. Pe de alt\u0103 parte, ce va c\u00ee\u0219tiga Prim\u0103ria cu acel spa\u021biu, care nu este unul uria\u0219? Un loc pentru trei fire de iarb\u0103 \u0219i dou\u0103 tufe de flori?<\/p>\n<p>Totu\u0219i, s-au \u00eenchis \u00eenc\u0103 dou\u0103 magazine care pl\u0103teau taxe \u0219i impozite locale. Apoi, dou\u0103 mici afaceri au disp\u0103rut, proprietarii acestora av\u00eend, evident, de pierdut. S\u0103 spunem, \u00eens\u0103, c\u0103 ace\u0219tia se vor descurca \u00eentr-un fel sau altul. Viorel Seredenciuc a fost, vorba aia, consilier al pre\u0219edintelui Consiliului Jude\u021bean Suceava, vicepre\u0219edinte al Consiliului Jude\u021bean \u0219i angajat al Secretariatului General al Guvernului, deci o fi av\u00eend o situa\u021bie material\u0103 bun\u0103.<\/p>\n<p>\u00cens\u0103, la cele dou\u0103 magazine lucrau ni\u0219te oameni ca v\u00eenz\u0103tori. \u00cen afara lor mai c\u00ee\u0219tigau oamenii care lucreaz\u0103 la firmele care f\u0103ceau aprovizionarea. \u0218i, foarte important, cele dou\u0103 magazine, cu o vechime apreciabil\u0103, \u00ee\u0219i formaser\u0103 o clientel\u0103, care acum este l\u0103sat\u0103 cu ochii \u00een soare. Evident, clien\u021bii \u00ee\u0219i vor pune ochelarii fumurii pe ochi \u0219i vor g\u0103si marf\u0103 \u00een alt\u0103 parte, dar pentru unii a disp\u0103rut astfel \u0219i un punct \u00eenscris pe harta socializ\u0103rii.<\/p>\n<p>C\u00eend dispar unul dup\u0103 altul chio\u0219curi \u0219i magazine \u00een numele binelui public pe care vrea s\u0103-l fac\u0103 Prim\u0103ria condus\u0103 de Vasile R\u00eembu trebuie s\u0103 ne g\u00eendim la aspectul ora\u0219ului, la iarba \u0219i la florile care vor veni \u00een loc, dar mai trebuie s\u0103 ne g\u00eendim \u0219i la ni\u0219te oameni simpli care r\u0103m\u00een f\u0103r\u0103 locuri de munc\u0103, \u00eens\u0103 \u0219i la clien\u021bii respectivelor chio\u0219curi \u0219i magazine, care, aduna\u021bi, s\u00eent mul\u021bi, din ce \u00een ce mai mul\u021bi. Ni\u0219te oameni pentru care Prim\u0103ria spune c\u0103 lucreaz\u0103 ca s\u0103 le fie bine.<\/p>\n<p>\u00a0<\/p>\n<p>(Foto: A\u0219a ar\u0103ta \u00een seara zilei de 22 iulie 2026 zona sta\u021biei de autobuz din \u201dAreni\u201d, aflat\u0103 la 100 de metri de Prim\u0103rie. Doar flor\u0103ria mai func\u021bioneaz\u0103, restul magazinelor fiind demolate ori \u00een curs de demolare.)<\/p>\n<\/div>\n<p>[analyse_source url=&#8221;https:\/\/www.radiotop.ro\/tableta-zilei\/au-fost-demolate-inca-doua-magazine-din-suceava-alti-oameni-lasati-pe-drumuri-si-alti-clienti-lasati-cu-ochii-in-soare.html&#8221;]<\/p>\n","protected":false},"excerpt":{"rendered":"<p>[analyse_image type=&#8221;featured&#8221; src=&#8221;https:\/\/www.radiotop.ro\/img\/media\/2026\/07\/areni-darimat-3.jpg&#8221;] \u00a0 1 of 8 &#8211;+ \u00cen municipiul Suceava continu\u0103 demol\u0103rile, spre satisfac\u021bia unora \u0219i spre nemul\u021bumirea altora. Dup\u0103 ce au disp\u0103rut chio\u0219curile din sta\u021bia de autobuz \u201dAreni\u201d cu p\u00eeine, felii de pizza, pl\u0103cinte \u0219i \u0219trudele, acum au disp\u0103rut dou\u0103 magazine amenajate \u00eentr-o anex\u0103 lipit\u0103 de un bloc aflat \u00een apropierea turnului de [&hellip;]<\/p>\n","protected":false},"author":1,"featured_media":0,"comment_status":"open","ping_status":"","sticky":false,"template":"","format":"standard","meta":{"footnotes":""},"categories":[89],"tags":[226,163],"class_list":["post-2059799","post","type-post","status-publish","format-standard","hentry","category-romania","tag-crawlmanager","tag-radiotop-ro"],"_links":{"self":[{"href":"https:\/\/analyse.optim.biz\/index.php?rest_route=\/wp\/v2\/posts\/2059799","targetHints":{"allow":["GET"]}}],"collection":[{"href":"https:\/\/analyse.optim.biz\/index.php?rest_route=\/wp\/v2\/posts"}],"about":[{"href":"https:\/\/analyse.optim.biz\/index.php?rest_route=\/wp\/v2\/types\/post"}],"author":[{"embeddable":true,"href":"https:\/\/analyse.optim.biz\/index.php?rest_route=\/wp\/v2\/users\/1"}],"replies":[{"embeddable":true,"href":"https:\/\/analyse.optim.biz\/index.php?rest_route=%2Fwp%2Fv2%2Fcomments&post=2059799"}],"version-history":[{"count":0,"href":"https:\/\/analyse.optim.biz\/index.php?rest_route=\/wp\/v2\/posts\/2059799\/revisions"}],"wp:attachment":[{"href":"https:\/\/analyse.optim.biz\/index.php?rest_route=%2Fwp%2Fv2%2Fmedia&parent=2059799"}],"wp:term":[{"taxonomy":"category","embeddable":true,"href":"https:\/\/analyse.optim.biz\/index.php?rest_route=%2Fwp%2Fv2%2Fcategories&post=2059799"},{"taxonomy":"post_tag","embeddable":true,"href":"https:\/\/analyse.optim.biz\/index.php?rest_route=%2Fwp%2Fv2%2Ftags&post=2059799"}],"curies":[{"name":"wp","href":"https:\/\/api.w.org\/{rel}","templated":true}]}}