{"id":205977,"date":"2014-05-09T15:22:37","date_gmt":"2014-05-09T12:22:37","guid":{"rendered":"https:\/\/analyse.optim.biz\/?p=205977"},"modified":"2014-05-09T15:22:37","modified_gmt":"2014-05-09T12:22:37","slug":"pnl-propune-ca-romania-sa-treaca-la-ora-europei-centrale","status":"publish","type":"post","link":"https:\/\/analyse.optim.biz\/?p=205977","title":{"rendered":"PNL propune ca Rom\u00e2nia s\u0103 treac\u0103 la Ora Europei Centrale"},"content":{"rendered":"<div class=\"entry data-app-meta data-app-meta-article\" data-embed-base-url-canonical=\"https:\/\/www.digi24.ro\/embed\/stiri\/actualitate\/politica\/pnl-propune-ca-romania-sa-treaca-la-ora-europei-centrale-240906\">\n<p data-index=\"1\"><img decoding=\"async\" src=\"https:\/\/analyse.optim.biz\/wp-content\/uploads\/2024\/09\/jnc9odawjmhhc2g9mdcxztuwyje0zwmxnzzkody4otm0ztu1zwmwowm1n2u-thumb_.jpg\" data-skip-htmlfix=\"1\" title=\"jnc9odawjmhhc2g9mdcxztuwyje0zwmxnzzkody4otm0ztu1zwmwowm1n2u-thumb_\"><\/p>\n<p data-index=\"2\">Schimbarea orei este un manifest simbolic prin care vrem s\u0103 transmitem c\u0103 \u00eemp\u0103rt\u0103\u015fim toate valorile Europei de Vest \u015fi urm\u0103rim sporirea eficien\u0163ei pe plan economic \u015fi social.<\/p>\n<p data-index=\"3\">\u201eEste o declara\u0163ie de inten\u0163ie clar\u0103 \u015fi ferm\u0103 c\u0103tre valorile europene, de demnitate european\u0103, pe care liberalii \u015fi le asum\u0103 f\u0103r\u0103 echivoc. Rom\u00e2nia trebuie s\u0103 se alinieze la ritmul Europei, at\u00e2t politic, economic, social, c\u00e2t \u015fi simbolic. Rela\u0163iile noastre de parteneriat economic, colaborare politic\u0103 \u015fi administrativ\u0103 sunt \u00een primul r\u00e2nd cu institu\u0163ii \u015fi companii europene. \u00cen plus, c\u00e2teva milioane de rom\u00e2ni se afl\u0103 \u00een Europa \u015fi sunt \u00een leg\u0103tur\u0103 cu familiile \u015fi prietenii din \u0163ar\u0103, iar o astfel de m\u0103sur\u0103 ar avea o contribu\u0163ie \u015fi \u00een plan social, la crearea sentimentului de apartenen\u0163\u0103 la o Europ\u0103 Unit\u0103\u201d, a declarat Klaus Johannis, prim-vicepre\u015fedintele PNL, potrivit Mediafax.<\/p>\n<p data-index=\"4\">Partidul Na\u0163ional Liberal consider\u0103 c\u0103 este momentul s\u0103 l\u0103s\u0103m trecutul \u00een urm\u0103 \u015fi s\u0103 alegem ferm calea european\u0103.<\/p>\n<p data-index=\"5\">\u201eVrem s\u0103 avem aceea\u015fi or\u0103 cu marile ora\u015fe europene, s\u0103 \u00eendrept\u0103m diferen\u0163a dintre noi \u015fi europeni, o diferen\u0163\u0103 care nu se justific\u0103\u201d, sus\u0163ine PNL.<\/p>\n<p data-index=\"6\">\u00cen comunicat se precizeaz\u0103 c\u0103 stabilirea orei este o conven\u0163ie, care a pornit ini\u0163ial de la parametrii tehnici (meridianele), dar a fost modificat\u0103 de fiecare dat\u0103 atunci c\u00e2nd interesele politice au solicitat acest lucru. \u00cen prezent, ora este reglementat\u0103 de Ordonan\u0163a de Guvern nr.20\/18 august 1997.<\/p>\n<p data-index=\"7\">\u201eAcum este nevoie de un proiect de lege prin care Rom\u00e2nia s\u0103 treac\u0103 la ora Europei Centrale. Spania se afl\u0103 pe acela\u015fi meridian cu Marea Britanie \u015fi Portugalia, dar a adoptat ora Europei Centrale, \u00een timp ce Marea Britanie a r\u0103mas cu o or\u0103 \u00een urm\u0103. Cu aproape 5.000 de km l\u0103\u0163ime, cuprinz\u00e2nd 5 fusuri orare, China are \u015fi ea pe \u00eentreg teritoriul aceea\u015fi or\u0103 legal\u0103\u201d, se mai arat\u0103 \u00een comunicatul PNL.<\/p>\n<\/div>\n<p> Source URL: https:\/\/www.digi24.ro\/stiri\/actualitate\/politica\/pnl-propune-ca-romania-sa-treaca-la-ora-europei-centrale-240906<\/p>\n","protected":false},"excerpt":{"rendered":"<p>Schimbarea orei este un manifest simbolic prin care vrem s\u0103 transmitem c\u0103 \u00eemp\u0103rt\u0103\u015fim toate valorile Europei de Vest \u015fi urm\u0103rim sporirea eficien\u0163ei pe plan economic \u015fi social. \u201eEste o declara\u0163ie de inten\u0163ie clar\u0103 \u015fi ferm\u0103 c\u0103tre valorile europene, de demnitate european\u0103, pe care liberalii \u015fi le asum\u0103 f\u0103r\u0103 echivoc. Rom\u00e2nia trebuie s\u0103 se alinieze la [&hellip;]<\/p>\n","protected":false},"author":1,"featured_media":205978,"comment_status":"open","ping_status":"","sticky":false,"template":"","format":"standard","meta":{"footnotes":""},"categories":[2],"tags":[11],"class_list":["post-205977","post","type-post","status-publish","format-standard","has-post-thumbnail","hentry","category-politics","tag-digi24"],"_links":{"self":[{"href":"https:\/\/analyse.optim.biz\/index.php?rest_route=\/wp\/v2\/posts\/205977","targetHints":{"allow":["GET"]}}],"collection":[{"href":"https:\/\/analyse.optim.biz\/index.php?rest_route=\/wp\/v2\/posts"}],"about":[{"href":"https:\/\/analyse.optim.biz\/index.php?rest_route=\/wp\/v2\/types\/post"}],"author":[{"embeddable":true,"href":"https:\/\/analyse.optim.biz\/index.php?rest_route=\/wp\/v2\/users\/1"}],"replies":[{"embeddable":true,"href":"https:\/\/analyse.optim.biz\/index.php?rest_route=%2Fwp%2Fv2%2Fcomments&post=205977"}],"version-history":[{"count":0,"href":"https:\/\/analyse.optim.biz\/index.php?rest_route=\/wp\/v2\/posts\/205977\/revisions"}],"wp:featuredmedia":[{"embeddable":true,"href":"https:\/\/analyse.optim.biz\/index.php?rest_route=\/wp\/v2\/media\/205978"}],"wp:attachment":[{"href":"https:\/\/analyse.optim.biz\/index.php?rest_route=%2Fwp%2Fv2%2Fmedia&parent=205977"}],"wp:term":[{"taxonomy":"category","embeddable":true,"href":"https:\/\/analyse.optim.biz\/index.php?rest_route=%2Fwp%2Fv2%2Fcategories&post=205977"},{"taxonomy":"post_tag","embeddable":true,"href":"https:\/\/analyse.optim.biz\/index.php?rest_route=%2Fwp%2Fv2%2Ftags&post=205977"}],"curies":[{"name":"wp","href":"https:\/\/api.w.org\/{rel}","templated":true}]}}