{"id":2059612,"date":"2026-07-22T10:32:30","date_gmt":"2026-07-22T07:32:30","guid":{"rendered":"https:\/\/analyse.optim.biz\/?p=2059612"},"modified":"2026-07-22T10:32:30","modified_gmt":"2026-07-22T07:32:30","slug":"un-scurtmetraj-realizat-de-copii-din-honorici-si-lugoj-ajunge-in-festivaluri-de-film","status":"publish","type":"post","link":"https:\/\/analyse.optim.biz\/?p=2059612","title":{"rendered":"Un scurtmetraj realizat de copii din Honorici \u0219i Lugoj ajunge \u00een festivaluri de film"},"content":{"rendered":"<p>[analyse_image type=&#8221;featured&#8221; src=&#8221;https:\/\/orasul-timisoara.ro\/wp-content\/uploads\/2026\/07\/doua-lumi-5.jpg&#8221;]<\/p>\n<article id=\"post-39845\" class=\"td-post-template-7 post-39845 post type-post status-publish format-standard has-post-thumbnail category-evenimente-in-timisoara category-featured category-stiri-timisoara tag-asociatia-culturala-tu-si-eu tag-copii tag-doua-lumi-o-poveste tag-educatie-culturala tag-film tag-honorici tag-kaufland-romania-2 tag-lugoj tag-scurtmetraj tag-start-ong tag-teatru tag-tineri tag-victor-vlad-delamarina td-container-wrap\">\n<div class=\"td-full-screen-header-image-wrap\">\n<div class=\"td-container td-post-header\">\n<div class=\"td-crumb-container\">\n<div class=\"entry-crumbs\"><span><a title=\"Vede\u021bi toate articolele \u00een Evenimente in Timisoara\" class=\"entry-crumb\" href=\"https:\/\/orasul-timisoara.ro\/local-category\/evenimente-in-timisoara\/\">Evenimente in Timisoara<\/a><\/span><span class=\"td-bred-no-url-last\">Un scurtmetraj realizat de copii din Honorici \u0219i Lugoj ajunge \u00een festivaluri&#8230;<\/span><\/div>\n<\/div>\n<div class=\"td-post-header-holder\">\n<div class=\"td-parallax-header\">\n<header class=\"td-post-title\">\n<ul class=\"td-category\">\n<li class=\"entry-category\"><a href=\"https:\/\/orasul-timisoara.ro\/local-category\/evenimente-in-timisoara\/\">Evenimente in Timisoara<\/a><\/li>\n<li class=\"entry-category\"><a href=\"https:\/\/orasul-timisoara.ro\/local-category\/stiri-timisoara\/\">\u0218tiri Locale<\/a><\/li>\n<\/ul>\n<h1 class=\"entry-title\">Un scurtmetraj realizat de copii din Honorici \u0219i Lugoj ajunge \u00een festivaluri de film<\/h1>\n<div class=\"td-module-meta-info\">\n<div class=\"td-post-author-name\">\n<div class=\"td-author-by\">De c\u0103tre<\/div>\n<p><a href=\"https:\/\/orasul-timisoara.ro\/author\/timisoara\/\">redactia<\/a><\/p>\n<div class=\"td-author-line\"> &#8211; <\/div>\n<\/div>\n<p><span class=\"td-post-date\"><time class=\"entry-date updated td-module-date\" datetime=\"2026-07-22T13:32:30+03:00\">22\/07\/2026<\/time><\/span><\/div>\n<\/header>\n<\/div>\n<\/div>\n<\/div>\n<div id=\"td-full-screen-header-image\" class=\"td-image-gradient-style7\"><img decoding=\"async\" class=\"td-backstretch\" src=\"https:\/\/orasul-timisoara.ro\/wp-content\/uploads\/2026\/07\/doua-lumi-5.jpg\"><\/div>\n<\/div>\n<div class=\"td-container\">\n<div class=\"td-pb-row\">\n<div class=\"td-pb-span8 td-main-content\" role=\"main\">\n<div class=\"td-ss-main-content\">\n<div class=\"td-post-sharing-top\">\n<div class=\"td-post-sharing-classic\"><iframe title=\"topFacebookLike\" frameborder src=\"https:\/\/www.facebook.com\/plugins\/like.php?href=https:\/\/orasul-timisoara.ro\/local-39845\/&amp;layout=button_count&amp;show_faces=false&amp;width=105&amp;action=like&amp;colorscheme=light&amp;height=21\"><\/iframe><\/div>\n<div id=\"td_social_sharing_article_top\" class=\"td-post-sharing td-ps-bg td-ps-notext td-post-sharing-style1 \">\n<div class=\"td-post-sharing-visible\"><a class=\"td-social-sharing-button td-social-sharing-button-js td-social-network td-social-facebook\" href=\"https:\/\/www.facebook.com\/sharer.php?u=https%3A%2F%2Forasul-timisoara.ro%2Flocal-39845%2F\" title=\"Facebook\"><\/p>\n<div class=\"td-social-but-text\">Facebook<\/div>\n<p><\/a><a class=\"td-social-sharing-button td-social-sharing-button-js td-social-network td-social-twitter\" href=\"https:\/\/twitter.com\/intent\/tweet?text=Un+scurtmetraj+realizat+de+copii+din+Honorici+%C8%99i+Lugoj+ajunge+%C3%AEn+festivaluri+de+film&amp;url=https%3A%2F%2Forasul-timisoara.ro%2Flocal-39845%2F&amp;via=orasultm\" title=\"Twitter\"><\/p>\n<div class=\"td-social-but-text\">Twitter<\/div>\n<p><\/a><a class=\"td-social-sharing-button td-social-sharing-button-js td-social-network td-social-whatsapp\" href=\"https:\/\/api.whatsapp.com\/send?text=Un+scurtmetraj+realizat+de+copii+din+Honorici+%C8%99i+Lugoj+ajunge+%C3%AEn+festivaluri+de+film%20%0A%0A%20https:\/\/orasul-timisoara.ro\/local-39845\/\" title=\"WhatsApp\"><\/p>\n<div class=\"td-social-but-text\">WhatsApp<\/div>\n<p><\/a><a class=\"td-social-sharing-button td-social-sharing-button-js td-social-network td-social-linkedin\" href=\"https:\/\/www.linkedin.com\/shareArticle?mini=true&amp;url=https:\/\/orasul-timisoara.ro\/local-39845\/&amp;title=Un+scurtmetraj+realizat+de+copii+din+Honorici+%C8%99i+Lugoj+ajunge+%C3%AEn+festivaluri+de+film\" title=\"Linkedin\"><\/p>\n<div class=\"td-social-but-text\">Linkedin<\/div>\n<p><\/a><a class=\"td-social-sharing-button td-social-sharing-button-js td-social-network td-social-reddit\" href=\"https:\/\/reddit.com\/submit?url=https:\/\/orasul-timisoara.ro\/local-39845\/&amp;title=Un+scurtmetraj+realizat+de+copii+din+Honorici+%C8%99i+Lugoj+ajunge+%C3%AEn+festivaluri+de+film\" title=\"ReddIt\"><\/p>\n<div class=\"td-social-but-text\">ReddIt<\/div>\n<p><\/a><a class=\"td-social-sharing-button td-social-sharing-button-js td-social-network td-social-mail\" href=\"mailto:?subject=Un%20scurtmetraj%20realizat%20de%20copii%20din%20Honorici%20%C8%99i%20Lugoj%20ajunge%20%C3%AEn%20festivaluri%20de%20film&amp;body=https:\/\/orasul-timisoara.ro\/local-39845\/\" title=\"Email\"><\/p>\n<div class=\"td-social-but-text\">Email<\/div>\n<p><\/a><a class=\"td-social-sharing-button td-social-sharing-button-js td-social-network td-social-print\" href=\"https:\/\/orasul-timisoara.ro\/local-39845\/\" title=\"Imprimare\"><\/p>\n<div class=\"td-social-but-text\">Imprimare<\/div>\n<p><\/a><\/div>\n<\/div>\n<\/div>\n<div class=\"td-post-content tagdiv-type\">\n<p class=\"wp-block-paragraph\">Un grup de 20 de copii \u0219i tineri din satul Honorici, comuna Victor Vlad Delamarina, \u0219i din municipiul Lugoj au demonstrat c\u0103 diferen\u021bele dintre mediul rural \u0219i cel urban pot fi dep\u0103\u0219ite prin creativitate \u0219i colaborare. \u00cen cadrul proiectului cultural \u0219i educa\u021bional \u201eDou\u0103 Lumi, O Poveste\u201d, ace\u0219tia au realizat un scurtmetraj de 16 minute inspirat din propriile experien\u021be \u0219i pove\u0219ti de via\u021b\u0103.<\/p>\n<p class=\"wp-block-paragraph\">Filmul este rezultatul unor ateliere de teatru, storytelling \u0219i cinematografie, \u00een cadrul c\u0103rora participan\u021bii au \u00eenv\u0103\u021bat s\u0103 lucreze \u00een echip\u0103, s\u0103 \u00ee\u0219i exprime ideile \u0219i s\u0103 transforme experien\u021bele personale \u00eentr-o produc\u021bie cinematografic\u0103 autentic\u0103.<\/p>\n<h2 class=\"wp-block-heading\">Un proiect care une\u0219te copiii din mediul rural \u0219i urban<\/h2>\n<p class=\"wp-block-paragraph\">\u201eDou\u0103 Lumi, O Poveste\u201d a reunit copii \u0219i adolescen\u021bi cu v\u00e2rste cuprinse \u00eentre 10 \u0219i 18 ani din Honorici \u0219i Lugoj, oferindu-le oportunitatea de a descoperi teatrul \u0219i filmul ca forme de exprimare, dialog \u0219i colaborare.<\/p>\n<p class=\"wp-block-paragraph\">Pe parcursul a patru ateliere creative, participan\u021bii au explorat tehnici de actorie, storytelling \u0219i limbaj cinematografic, dezvolt\u00e2ndu-\u0219i creativitatea, \u00eencrederea \u00een sine \u0219i abilit\u0103\u021bile de comunicare.<\/p>\n<figure class=\"wp-block-gallery has-nested-images columns-default is-cropped wp-block-gallery-1 is-layout-flex wp-block-gallery-is-layout-flex\">\n<figure class=\"wp-block-image size-large\"><img loading=\"lazy\" decoding=\"async\" width=\"1920\" height=\"1080\" data-id=\"39848\" src=\"https:\/\/orasul-timisoara.ro\/wp-content\/uploads\/2026\/07\/doua-lumi-5.jpg\" alt class=\"wp-image-39848\"><\/figure>\n<figure class=\"wp-block-image size-large\"><img loading=\"lazy\" decoding=\"async\" width=\"1920\" height=\"1080\" data-id=\"39849\" src=\"https:\/\/orasul-timisoara.ro\/wp-content\/uploads\/2026\/07\/doua-lumi-7.jpg\" alt class=\"wp-image-39849\"><\/figure>\n<figure class=\"wp-block-image size-large\"><img loading=\"lazy\" decoding=\"async\" width=\"1920\" height=\"1080\" data-id=\"39846\" src=\"https:\/\/orasul-timisoara.ro\/wp-content\/uploads\/2026\/07\/doua-lumi-6.jpg\" alt class=\"wp-image-39846\"><\/figure>\n<figure class=\"wp-block-image size-large\"><img decoding=\"async\" loading=\"lazy\" width=\"1920\" height=\"1080\" data-id=\"39847\" src=\"https:\/\/orasul-timisoara.ro\/wp-content\/uploads\/2026\/07\/doua-lumi-1.jpg\" alt class=\"wp-image-39847\"><\/figure>\n<\/figure>\n<h2 class=\"wp-block-heading\">Experien\u021bele personale au devenit scenariu de film<\/h2>\n<p class=\"wp-block-paragraph\">Scurtmetrajul realizat are la baz\u0103 pove\u0219tile \u0219i experien\u021bele de via\u021b\u0103 ale tinerilor participan\u021bi. Prin colaborare \u0219i implicare, ace\u0219tia au construit \u00eempreun\u0103 o produc\u021bie care reflect\u0103 perspectivele lor asupra rela\u021biilor dintre comunit\u0103\u021bile rurale \u0219i urbane.<\/p>\n<p class=\"wp-block-paragraph\">Potrivit organizatorilor, filmul va fi \u00eenscris \u0219i prezentat \u00een perioada urm\u0103toare \u00een cadrul mai multor festivaluri dedicate produc\u021biilor de scurtmetraj \u0219i proiectelor educa\u021bionale.<\/p>\n<h2 class=\"wp-block-heading\">Premiera a avut loc la C\u0103minul Cultural din Victor Vlad Delamarina<\/h2>\n<p class=\"wp-block-paragraph\">Prima proiec\u021bie a filmului s-a desf\u0103\u0219urat la C\u0103minul Cultural din comuna Victor Vlad Delamarina, \u00een prezen\u021ba copiilor implica\u021bi \u00een proiect, a familiilor acestora, prietenilor, reprezentan\u021bilor administra\u021biei locale \u0219i a echipei care a coordonat ini\u021biativa.<\/p>\n<p class=\"wp-block-paragraph\">Evenimentul a marcat finalul unui proiect care \u0219i-a propus s\u0103 creeze pun\u021bi \u00eentre tineri proveni\u021bi din medii diferite \u0219i s\u0103 \u00eei \u00eencurajeze s\u0103 \u00ee\u0219i descopere poten\u021bialul artistic.<\/p>\n<h2 class=\"wp-block-heading\">Organizatorii: \u201ePove\u0219tile pot apropia oamenii\u201d<\/h2>\n<p class=\"wp-block-paragraph\">Pre\u0219edintele Asocia\u021biei Culturale TU \u0219i EU, Alexandru Cristian Marian, consider\u0103 c\u0103 proiectul demonstreaz\u0103 puterea colabor\u0103rii \u0219i a artei \u00een dezvoltarea comunit\u0103\u021bilor.<\/p>\n<p class=\"wp-block-paragraph\">\u201eNe bucur\u0103m c\u0103 acest proiect a reu\u0219it s\u0103 aduc\u0103 \u00eempreun\u0103 copii \u0219i tineri din mediul rural \u0219i urban \u0219i s\u0103 le ofere \u0219ansa de a crea \u00eempreun\u0103. Scurtmetrajul prezentat este dovada c\u0103, prin colaborare, creativitate \u0219i \u00eencredere, pot lua na\u0219tere pove\u0219ti care apropie oamenii \u0219i inspir\u0103 comunit\u0103\u021bile\u201d, a declarat acesta.<\/p>\n<h2 class=\"wp-block-heading\">Proiect finan\u021bat prin Start ONG<\/h2>\n<p class=\"wp-block-paragraph\">Proiectul \u201eDou\u0103 Lumi, O Poveste\u201d este finan\u021bat prin programul Start ONG, lansat de Kaufland Rom\u00e2nia \u0219i implementat de Asocia\u021bia Act for Tomorrow.<\/p>\n<p class=\"wp-block-paragraph\">Asocia\u021bia Cultural\u0103 TU \u0219i EU din Lugoj dezvolt\u0103 proiecte culturale, educa\u021bionale \u0219i comunitare dedicate copiilor, tinerilor \u0219i familiilor, promov\u00e2nd accesul la cultur\u0103, educa\u021bia nonformal\u0103, implicarea civic\u0103 \u0219i incluziunea social\u0103 prin teatru, film \u0219i alte forme de expresie artistic\u0103.<\/p>\n<\/div>\n<footer>\n<div class=\"td-post-source-tags\">\n<ul class=\"td-tags td-post-small-box clearfix\">\n<li><span>ETICHETE<\/span><\/li>\n<li><a href=\"https:\/\/orasul-timisoara.ro\/local-tag\/asociatia-culturala-tu-si-eu\/\">Asocia\u021bia Cultural\u0103 TU \u0219i EU<\/a><\/li>\n<li><a href=\"https:\/\/orasul-timisoara.ro\/local-tag\/copii\/\">copii<\/a><\/li>\n<li><a href=\"https:\/\/orasul-timisoara.ro\/local-tag\/doua-lumi-o-poveste\/\">Dou\u0103 Lumi O Poveste<\/a><\/li>\n<li><a href=\"https:\/\/orasul-timisoara.ro\/local-tag\/educatie-culturala\/\">educa\u021bie cultural\u0103<\/a><\/li>\n<li><a href=\"https:\/\/orasul-timisoara.ro\/local-tag\/film\/\">film<\/a><\/li>\n<li><a href=\"https:\/\/orasul-timisoara.ro\/local-tag\/honorici\/\">Honorici<\/a><\/li>\n<li><a href=\"https:\/\/orasul-timisoara.ro\/local-tag\/kaufland-romania-2\/\">Kaufland Rom\u00e2nia<\/a><\/li>\n<li><a href=\"https:\/\/orasul-timisoara.ro\/local-tag\/lugoj\/\">lugoj<\/a><\/li>\n<li><a href=\"https:\/\/orasul-timisoara.ro\/local-tag\/scurtmetraj\/\">scurtmetraj<\/a><\/li>\n<li><a href=\"https:\/\/orasul-timisoara.ro\/local-tag\/start-ong\/\">Start ONG<\/a><\/li>\n<li><a href=\"https:\/\/orasul-timisoara.ro\/local-tag\/teatru\/\">teatru<\/a><\/li>\n<li><a href=\"https:\/\/orasul-timisoara.ro\/local-tag\/tineri\/\">tineri<\/a><\/li>\n<li><a href=\"https:\/\/orasul-timisoara.ro\/local-tag\/victor-vlad-delamarina\/\">Victor Vlad Delamarina<\/a><\/li>\n<\/ul>\n<\/div>\n<div class=\"td-post-sharing-bottom\">\n<div class=\"td-post-sharing-classic\"><iframe title=\"bottomFacebookLike\" frameborder src=\"https:\/\/www.facebook.com\/plugins\/like.php?href=https:\/\/orasul-timisoara.ro\/local-39845\/&amp;layout=button_count&amp;show_faces=false&amp;width=105&amp;action=like&amp;colorscheme=light&amp;height=21\"><\/iframe><\/div>\n<div id=\"td_social_sharing_article_bottom\" class=\"td-post-sharing td-ps-bg td-ps-notext td-post-sharing-style1 \">\n<div class=\"td-post-sharing-visible\"><a class=\"td-social-sharing-button td-social-sharing-button-js td-social-network td-social-facebook\" href=\"https:\/\/www.facebook.com\/sharer.php?u=https%3A%2F%2Forasul-timisoara.ro%2Flocal-39845%2F\" title=\"Facebook\"><\/p>\n<div class=\"td-social-but-text\">Facebook<\/div>\n<p><\/a><a class=\"td-social-sharing-button td-social-sharing-button-js td-social-network td-social-twitter\" href=\"https:\/\/twitter.com\/intent\/tweet?text=Un+scurtmetraj+realizat+de+copii+din+Honorici+%C8%99i+Lugoj+ajunge+%C3%AEn+festivaluri+de+film&amp;url=https%3A%2F%2Forasul-timisoara.ro%2Flocal-39845%2F&amp;via=orasultm\" title=\"Twitter\"><\/p>\n<div class=\"td-social-but-text\">Twitter<\/div>\n<p><\/a><a class=\"td-social-sharing-button td-social-sharing-button-js td-social-network td-social-whatsapp\" href=\"https:\/\/api.whatsapp.com\/send?text=Un+scurtmetraj+realizat+de+copii+din+Honorici+%C8%99i+Lugoj+ajunge+%C3%AEn+festivaluri+de+film%20%0A%0A%20https:\/\/orasul-timisoara.ro\/local-39845\/\" title=\"WhatsApp\"><\/p>\n<div class=\"td-social-but-text\">WhatsApp<\/div>\n<p><\/a><a class=\"td-social-sharing-button td-social-sharing-button-js td-social-network td-social-linkedin\" href=\"https:\/\/www.linkedin.com\/shareArticle?mini=true&amp;url=https:\/\/orasul-timisoara.ro\/local-39845\/&amp;title=Un+scurtmetraj+realizat+de+copii+din+Honorici+%C8%99i+Lugoj+ajunge+%C3%AEn+festivaluri+de+film\" title=\"Linkedin\"><\/p>\n<div class=\"td-social-but-text\">Linkedin<\/div>\n<p><\/a><a class=\"td-social-sharing-button td-social-sharing-button-js td-social-network td-social-reddit\" href=\"https:\/\/reddit.com\/submit?url=https:\/\/orasul-timisoara.ro\/local-39845\/&amp;title=Un+scurtmetraj+realizat+de+copii+din+Honorici+%C8%99i+Lugoj+ajunge+%C3%AEn+festivaluri+de+film\" title=\"ReddIt\"><\/p>\n<div class=\"td-social-but-text\">ReddIt<\/div>\n<p><\/a><a class=\"td-social-sharing-button td-social-sharing-button-js td-social-network td-social-mail\" href=\"mailto:?subject=Un%20scurtmetraj%20realizat%20de%20copii%20din%20Honorici%20%C8%99i%20Lugoj%20ajunge%20%C3%AEn%20festivaluri%20de%20film&amp;body=https:\/\/orasul-timisoara.ro\/local-39845\/\" title=\"Email\"><\/p>\n<div class=\"td-social-but-text\">Email<\/div>\n<p><\/a><a class=\"td-social-sharing-button td-social-sharing-button-js td-social-network td-social-print\" href=\"https:\/\/orasul-timisoara.ro\/local-39845\/\" title=\"Imprimare\"><\/p>\n<div class=\"td-social-but-text\">Imprimare<\/div>\n<p><\/a><\/div>\n<\/div>\n<\/div>\n<div class=\"td-block-row td-post-next-prev\">\n<div class=\"td-block-span6 td-post-prev-post\">\n<div class=\"td-post-next-prev-content\"><span>Articolul precedent<\/span><a href=\"https:\/\/orasul-timisoara.ro\/local-39842\/\">Alfred Simonis: Prim\u0103ria Timi\u0219oara \u00eent\u00e2rzie r\u0103spunsul pentru parcarea de l\u00e2ng\u0103 Spitalul Jude\u021bean<\/a><\/div>\n<\/div>\n<div class=\"td-block-span6 td-post-next-post\">\n<div class=\"td-post-next-prev-content\"><span>Articolul urm\u0103tor<\/span><a href=\"https:\/\/orasul-timisoara.ro\/local-39851\/\">O nou\u0103 rut\u0103 velo va conecta Timi\u0219oara de Ghiroda. A fost lansat\u0103 licita\u021bia pentru proiectare<\/a><\/div>\n<\/div>\n<\/div>\n<div class=\"td-author-name vcard author\"><span class=\"fn\"><a href=\"https:\/\/orasul-timisoara.ro\/author\/timisoara\/\">redactia<\/a><\/span><\/div>\n<p><span class=\"td-page-meta\"><\/span><span class=\"td-page-meta\"><span class=\"td-page-meta\"><\/span><\/span><span class=\"td-page-meta\"><\/span><\/footer>\n<div class=\"td_block_wrap td_block_related_posts tdi_3 td_with_ajax_pagination td-pb-border-top td_block_template_8\" data-td-block-uid=\"tdi_3\">\n<h4 class=\"td-related-title td-block-title\"><a id=\"tdi_4\" class=\"td-related-left td-cur-simple-item\" data-td_filter_value data-td_block_id=\"tdi_3\" href=\"https:\/\/orasul-timisoara.ro\/local-39845\/\">ARTICOLE SIMILARE<\/a><a id=\"tdi_5\" class=\"td-related-right\" data-td_filter_value=\"td_related_more_from_author\" data-td_block_id=\"tdi_3\" href=\"https:\/\/orasul-timisoara.ro\/local-39845\/\">DE LA ACELA\u0218I AUTOR<\/a><\/h4>\n<div id=\"tdi_3\" class=\"td_block_inner\">\n<div class=\"td-related-row\">\n<div class=\"td-related-span4\">\n<div class=\"td_module_related_posts td-animation-stack td_mod_related_posts\">\n<div class=\"td-module-image\">\n<div class=\"td-module-thumb\"><a href=\"https:\/\/orasul-timisoara.ro\/local-39351\/\" rel=\"bookmark\" class=\"td-image-wrap \" title=\"Timi\u0219oara preg\u0103te\u0219te un Centru de S\u0103n\u0103tate Mintal\u0103 la Spitalul \u201eLouis \u021aurcanu\u201d\"><img loading=\"lazy\" decoding=\"async\" class=\"entry-thumb\" src=\"https:\/\/orasul-timisoara.ro\/wp-content\/uploads\/2026\/06\/doctor-pacient-discutie-436x300.jpg\" alt title=\"Timi\u0219oara preg\u0103te\u0219te un Centru de S\u0103n\u0103tate Mintal\u0103 la Spitalul \u201eLouis \u021aurcanu\u201d\" width=\"218\" height=\"150\"><\/a><\/div>\n<\/div>\n<div class=\"item-details\">\n<h3 class=\"entry-title td-module-title\"><a href=\"https:\/\/orasul-timisoara.ro\/local-39351\/\" rel=\"bookmark\" title=\"Timi\u0219oara preg\u0103te\u0219te un Centru de S\u0103n\u0103tate Mintal\u0103 la Spitalul \u201eLouis \u021aurcanu\u201d\">Timi\u0219oara preg\u0103te\u0219te un Centru de S\u0103n\u0103tate Mintal\u0103 la Spitalul \u201eLouis \u021aurcanu\u201d<\/a><\/h3>\n<\/div>\n<\/div>\n<\/div>\n<div class=\"td-related-span4\">\n<div class=\"td_module_related_posts td-animation-stack td_mod_related_posts\">\n<div class=\"td-module-image\">\n<div class=\"td-module-thumb\"><a href=\"https:\/\/orasul-timisoara.ro\/local-39340\/\" rel=\"bookmark\" class=\"td-image-wrap \" title=\"Festivalul \u00cenghe\u021batei Bune 2026 aduce trei zile de distrac\u021bie \u0219i solidaritate la Timi\u0219oara\"><img loading=\"lazy\" decoding=\"async\" class=\"entry-thumb\" src=\"https:\/\/orasul-timisoara.ro\/wp-content\/uploads\/2026\/06\/WhatsApp-Image-2026-06-25-at-11.19.33-1-436x300.jpg\" alt title=\"Festivalul \u00cenghe\u021batei Bune 2026 aduce trei zile de distrac\u021bie \u0219i solidaritate la Timi\u0219oara\" width=\"218\" height=\"150\"><\/a><\/div>\n<\/div>\n<div class=\"item-details\">\n<h3 class=\"entry-title td-module-title\"><a href=\"https:\/\/orasul-timisoara.ro\/local-39340\/\" rel=\"bookmark\" title=\"Festivalul \u00cenghe\u021batei Bune 2026 aduce trei zile de distrac\u021bie \u0219i solidaritate la Timi\u0219oara\">Festivalul \u00cenghe\u021batei Bune 2026 aduce trei zile de distrac\u021bie \u0219i solidaritate la Timi\u0219oara<\/a><\/h3>\n<\/div>\n<\/div>\n<\/div>\n<div class=\"td-related-span4\">\n<div class=\"td_module_related_posts td-animation-stack td_mod_related_posts\">\n<div class=\"td-module-image\">\n<div class=\"td-module-thumb\"><a href=\"https:\/\/orasul-timisoara.ro\/local-39297\/\" rel=\"bookmark\" class=\"td-image-wrap \" title=\"Teatrul \u0219i educa\u021bia se \u00eent\u00e2lnesc la Timi\u0219oara prin proiectul \u201eTeatru \u00een dialog\u201d\"><img loading=\"lazy\" decoding=\"async\" class=\"entry-thumb\" src=\"https:\/\/orasul-timisoara.ro\/wp-content\/uploads\/2026\/06\/Theater-im-Dialog-436x300.jpg\" alt title=\"Teatrul \u0219i educa\u021bia se \u00eent\u00e2lnesc la Timi\u0219oara prin proiectul \u201eTeatru \u00een dialog\u201d\" width=\"218\" height=\"150\"><\/a><\/div>\n<\/div>\n<div class=\"item-details\">\n<h3 class=\"entry-title td-module-title\"><a href=\"https:\/\/orasul-timisoara.ro\/local-39297\/\" rel=\"bookmark\" title=\"Teatrul \u0219i educa\u021bia se \u00eent\u00e2lnesc la Timi\u0219oara prin proiectul \u201eTeatru \u00een dialog\u201d\">Teatrul \u0219i educa\u021bia se \u00eent\u00e2lnesc la Timi\u0219oara prin proiectul \u201eTeatru \u00een dialog\u201d<\/a><\/h3>\n<\/div>\n<\/div>\n<\/div>\n<\/div>\n<\/div>\n<\/div>\n<div class=\"comments\" id=\"comments\">\n<div id=\"respond\" class=\"comment-respond\">\n<h3 id=\"reply-title\" class=\"comment-reply-title\">L\u0102SA\u021aI UN MESAJ<\/h3>\n<div class=\"comment-form-input-wrap td-form-comment\">\n<div class=\"td-warning-comment\">V\u0103 rug\u0103m s\u0103 introduce\u021bi comentariul dvs.!<\/div>\n<\/div>\n<div class=\"comment-form-input-wrap td-form-author\">\n<div class=\"td-warning-author\">Introduce\u021bi aici numele dvs.<\/div>\n<\/div>\n<div class=\"comment-form-input-wrap td-form-email\">\n<div class=\"td-warning-email-error\">A\u021bi introdus o adres\u0103 de e-mail incorect\u0103!<\/div>\n<div class=\"td-warning-email\">V\u0103 rug\u0103m s\u0103 introduce\u021bi adresa dvs. de e-mail aici<\/div>\n<\/div>\n<\/div>\n<p class=\"akismet_comment_form_privacy_notice\">Acest site folose\u0219te Akismet pentru a reduce spamul. <a href=\"https:\/\/akismet.com\/privacy\/\" target=\"_blank\" rel=\"nofollow noopener\">Afl\u0103 cum sunt procesate datele comentariilor tale<\/a>.<\/p>\n<\/div>\n<\/div>\n<\/div>\n<div class=\"td-pb-span4 td-main-sidebar\" role=\"complementary\">\n<div class=\"td-ss-main-sidebar\">\n<aside id=\"block-4\" class=\"td_block_template_8 widget block-4 widget_block widget_media_image\">\n<figure class=\"wp-block-image size-full\"><img decoding=\"async\" loading=\"lazy\" width=\"336\" height=\"280\" src=\"https:\/\/orasul-timisoara.ro\/wp-content\/uploads\/2024\/11\/ReTIM-Abonamentul-Verde-Google-Ads-336x280px.gif\" alt class=\"wp-image-29257\"><\/figure>\n<\/aside>\n<div class=\"td_block_wrap td_block_social_counter td_block_widget tdi_6 td-social-style5 td-social-boxed td-pb-border-top td_block_template_8\">\n<div class=\"td-block-title-wrap\">\n<h4 class=\"td-block-title\"><span>Urm\u0103re\u0219te-ne pe Social Media<\/span><\/h4>\n<\/div>\n<div class=\"td-social-list\">\n<div class=\"td_social_type td-pb-margin-side td_social_facebook\">\n<div class=\"td-social-box\"><span class=\"td_social_info td_social_info_counter\">344,595<\/span><span class=\"td_social_info td_social_info_name\">Fani<\/span><span class=\"td_social_button\"><a href=\"https:\/\/www.facebook.com\/247timisoara\" target=\"_blank\" rel=\"nofollow\">\u00cemi place<\/a><\/span><\/div>\n<\/div>\n<div class=\"td_social_type td-pb-margin-side td_social_instagram\">\n<div class=\"td-social-box\"><span class=\"td_social_info td_social_info_counter\">4,416<\/span><span class=\"td_social_info td_social_info_name\">Cititori<\/span><span class=\"td_social_button\"><a href=\"https:\/\/instagram.com\/orasultimisoararo\/\" target=\"_blank\" rel=\"nofollow\">Conecta\u021bi-v\u0103<\/a><\/span><\/div>\n<\/div>\n<div class=\"td_social_type td-pb-margin-side td_social_rss\">\n<div class=\"td-social-box\"><span class=\"td_social_info td_social_info_counter\">12,506<\/span><span class=\"td_social_info td_social_info_name\">Cititori<\/span><span class=\"td_social_button\"><a href=\"https:\/\/orasul-timisoara.ro\/feed\/\" target=\"_blank\" rel=\"nofollow\">Conecta\u021bi-v\u0103<\/a><\/span><\/div>\n<\/div>\n<div class=\"td_social_type td-pb-margin-side td_social_tiktok\">\n<div class=\"td-social-box\"><span class=\"td_social_info td_social_info_counter\">1,500<\/span><span class=\"td_social_info td_social_info_name\">Cititori<\/span><span class=\"td_social_button\"><a href=\"https:\/\/www.tiktok.com\/@orasultimisoara\" target=\"_blank\" rel=\"nofollow\">Conecta\u021bi-v\u0103<\/a><\/span><\/div>\n<\/div>\n<div class=\"td_social_type td-pb-margin-side td_social_twitter\">\n<div class=\"td-social-box\"><span class=\"td_social_info td_social_info_counter\">1,595<\/span><span class=\"td_social_info td_social_info_name\">Cititori<\/span><span class=\"td_social_button\"><a href=\"https:\/\/twitter.com\/orasultm\" target=\"_blank\" rel=\"nofollow\">Conecta\u021bi-v\u0103<\/a><\/span><\/div>\n<\/div>\n<div class=\"td_social_type td-pb-margin-side td_social_youtube\">\n<div class=\"td-social-box\"><span class=\"td_social_info td_social_info_counter\">3,506<\/span><span class=\"td_social_info td_social_info_name\">Abona\u021bi<\/span><span class=\"td_social_button\"><a href=\"https:\/\/www.youtube.com\/channel\/UCQNsQvs2XCSIm1Z-AHRturw?sub_confirmation=1\" target=\"_blank\" rel=\"nofollow\">Abona\u021bi-v\u0103<\/a><\/span><\/div>\n<\/div>\n<\/div>\n<\/div>\n<aside id=\"text-7\" class=\"td_block_template_8 widget text-7 widget_text\">\n<h4 class=\"td-block-title\"><span>C\u0103ut\u0103ri populare pe OTM<\/span><\/h4>\n<div class=\"textwidget\"><a href=\"https:\/\/orasul-timisoara.ro\/?s=timisoara\"><span>Timisoara<\/span><\/a><a href=\"https:\/\/orasul-timisoara.ro\/?s=calin+dobra\"><span>Calin Dobra<\/span><\/a><a href=\"https:\/\/orasul-timisoara.ro\/?s=primaria+timisoara\"><span>Primaria Timisoara<\/span><\/a><a href=\"https:\/\/orasul-timisoara.ro\/?s=dominic+fritz\"><span>Dominic Fritz<\/span><\/a><a href=\"https:\/\/orasul-timisoara.ro\/?s=nicolae+robu\"><span>Nicolae Robu<\/span><\/a><a href=\"https:\/\/orasul-timisoara.ro\/?s=consiliul+local+timisoara\">Consiliul Local Timisoara<\/a><a href=\"https:\/\/orasul-timisoara.ro\/?s=consiliul+judetean+timis\"><span>Consiliul Judetean Timis<\/span><\/a><a href=\"https:\/\/orasul-timisoara.ro\/?s=cjt\"><span>CJT<\/span><\/a><a href=\"https:\/\/orasul-timisoara.ro\/?s=Alfred+Simonis\"><span>Alfred Simonis<\/span><\/a><a href=\"https:\/\/orasul-timisoara.ro\/?s=PNL\"><span>PNL<\/span><\/a><a href=\"https:\/\/orasul-timisoara.ro\/?s=coronavirus\"><span>coronavirus<\/span><\/a><a href=\"https:\/\/orasul-timisoara.ro\/?s=teatru+timisoara\">teatru Timisoara<\/a><a href=\"https:\/\/orasul-timisoara.ro\/?s=restaurante\"><span>restaurante Timisoara<\/span><\/a><a href=\"https:\/\/orasul-timisoara.ro\/?s=diskoteka\"><span>Diskoteka<\/span><\/a><a href=\"https:\/\/orasul-timisoara.ro\/?s=iulius+town\"><span>Iulius Town<\/span><\/a><a href=\"https:\/\/orasul-timisoara.ro\/?s=iulius+mall\"><span>Iulius Mall<\/span><\/a><a href=\"https:\/\/orasul-timisoara.ro\/?s=stpt\"><span>STPT<\/span><\/a><a href=\"https:\/\/orasul-timisoara.ro\/?s=alin+nica\"><span>Alin Nica<\/span><\/a><a href=\"https:\/\/orasul-timisoara.ro\/?s=psd\"><span>PSD<\/span><\/a><a href=\"https:\/\/orasul-timisoara.ro\/?s=aeroport\"><span>Aeroportul International Timisoara<\/span><\/a><a href=\"https:\/\/orasul-timisoara.ro\/?s=babes\"><span>Spitalul Victor Babes Timisoara<\/span><\/a><a href=\"https:\/\/orasul-timisoara.ro\/?s=poli\"><span>Poli Timi\u0219oara<\/span><\/a><a href=\"https:\/\/orasul-timisoara.ro\/?s=carantina\"><span>carantina<\/span><\/a><a href=\"https:\/\/orasul-timisoara.ro\/?s=aquatim\"><span>Aquatim<\/span><\/a><a href=\"https:\/\/orasul-timisoara.ro\/local-category\/stiri-timisoara\/\"><span>Stiri Timisoara<\/span><\/a><a href=\"https:\/\/orasul-timisoara.ro\/local-category\/investitii-in-timisoara\/\"><span>Investi\u021bii in Timi\u0219oara<\/span><\/a><a href=\"https:\/\/orasul-timisoara.ro\/local-9463\/\"><span>shaorma<\/span><\/a><a href=\"https:\/\/orasul-timisoara.ro\/?s=trafic\"><span>trafic rutier<\/span><\/a><a href=\"https:\/\/orasul-timisoara.ro\/?s=politia\"><span>politia locala timisoara<\/span><\/a><a href=\"https:\/\/orasul-timisoara.ro\/?s=roxana\"><span>Roxana Iliescu<\/span><\/a><a href=\"https:\/\/orasul-timisoara.ro\/?s=colterm\"><span>Colterm<\/span><\/a><a href=\"https:\/\/orasul-timisoara.ro\/?s=latcau\"><span>Ruben La\u021bc\u0103u<\/span><\/a><a href=\"https:\/\/orasul-timisoara.ro\/?s=timis\"><span>\u0218tiri din Timi\u0219<\/span><\/a><a href=\"https:\/\/orasul-timisoara.ro\/?s=spital\"><span>Spitale din Timi\u0219oara<\/span><\/a><a href=\"https:\/\/orasul-timisoara.ro\/?s=tabara\"><span>Cosmin Tab\u0103r\u0103<\/span><\/a><\/div>\n<\/aside>\n<aside id=\"rss-2\" class=\"td_block_template_8 widget rss-2 widget_rss\">\n<h4 class=\"td-block-title\"><span><a class=\"rsswidget rss-widget-feed\" href=\"https:\/\/fashionfridays.ro\/feed\"><img decoding=\"async\" class=\"rss-widget-icon\" width=\"14\" height=\"14\" src=\"https:\/\/orasul-timisoara.ro\/wp-includes\/images\/rss.png\" alt=\"RSS\" loading=\"lazy\"><\/a><a class=\"rsswidget rss-widget-title\" href=\"https:\/\/fashionfridays.ro\/\">Fashion Fridays<\/a><\/span><\/h4>\n<ul>\n<li><a class=\"rsswidget\" href=\"https:\/\/fashionfridays.ro\/romania-devine-a-29-a-piata-vogue-o-noua-era-pentru-industria-locala-de-moda\/\">Rom\u00e2nia devine a 29-a pia\u021b\u0103 Vogue: o nou\u0103 er\u0103 pentru industria local\u0103 de mod\u0103<\/a>\n<div class=\"rssSummary\">Revista Vogue \u00ee\u0219i extinde prezen\u021ba global\u0103 \u0219i va fi lansat\u0103 oficial \u00een Rom\u00e2nia \u00een prim\u0103vara anului 2027, marc\u00e2nd intrarea pe cea de-a 29-a pia\u021b\u0103 interna\u021bional\u0103. Proiectul este realizat \u00een parteneriat cu AEMME Publishing, o companie media recent \u00eenfiin\u021bat\u0103, care va publica edi\u021bia local\u0103 sub licen\u021b\u0103. Noua edi\u021bie, Vogue Rom\u00e2nia, \u00ee\u0219i propune s\u0103 combine autoritatea global\u0103 [\u2026]<\/div>\n<\/li>\n<\/ul>\n<\/aside>\n<aside id=\"rss-4\" class=\"td_block_template_8 widget rss-4 widget_rss\">\n<h4 class=\"td-block-title\"><span><a class=\"rsswidget rss-widget-feed\" href=\"https:\/\/emasini.ro\/feed\"><img decoding=\"async\" class=\"rss-widget-icon\" width=\"14\" height=\"14\" src=\"https:\/\/orasul-timisoara.ro\/wp-includes\/images\/rss.png\" alt=\"RSS\" loading=\"lazy\"><\/a><a class=\"rsswidget rss-widget-title\" href=\"https:\/\/emasini.ro\/\">eMasini<\/a><\/span><\/h4>\n<ul>\n<li><a class=\"rsswidget\" href=\"https:\/\/emasini.ro\/dacia-analizeaza-lansarea-lui-hipster-automobilul-urban-de-doar-3-metri-lungime\/\">Dacia analizeaz\u0103 lansarea lui Hipster, automobilul urban de doar 3 metri lungime (video)<\/a>\n<div class=\"rssSummary\">Dacia ar putea introduce pe pia\u021b\u0103 unul dintre cele mai neobi\u0219nuite modele din istoria sa recent\u0103. Conceptul Hipster, prezentat anul trecut ca o reinterpretare radical\u0103 a automobilului urban accesibil, se afl\u0103 \u00een prezent \u00eentr-o etap\u0103 de evaluare, iar decizia privind produc\u021bia de serie va fi luat\u0103 \u00een func\u021bie de reac\u021bia publicului \u0219i de evolu\u021bia reglement\u0103rilor [\u2026]<\/div>\n<\/li>\n<\/ul>\n<\/aside>\n<\/div>\n<\/div>\n<\/div>\n<\/div>\n<\/article>\n<div class=\"td-post-content tagdiv-type\">\n<p class=\"wp-block-paragraph\">Un grup de 20 de copii \u0219i tineri din satul Honorici, comuna Victor Vlad Delamarina, \u0219i din municipiul Lugoj au demonstrat c\u0103 diferen\u021bele dintre mediul rural \u0219i cel urban pot fi dep\u0103\u0219ite prin creativitate \u0219i colaborare. \u00cen cadrul proiectului cultural \u0219i educa\u021bional \u201eDou\u0103 Lumi, O Poveste\u201d, ace\u0219tia au realizat un scurtmetraj de 16 minute inspirat din propriile experien\u021be \u0219i pove\u0219ti de via\u021b\u0103.<\/p>\n<p class=\"wp-block-paragraph\">Filmul este rezultatul unor ateliere de teatru, storytelling \u0219i cinematografie, \u00een cadrul c\u0103rora participan\u021bii au \u00eenv\u0103\u021bat s\u0103 lucreze \u00een echip\u0103, s\u0103 \u00ee\u0219i exprime ideile \u0219i s\u0103 transforme experien\u021bele personale \u00eentr-o produc\u021bie cinematografic\u0103 autentic\u0103.<\/p>\n<h2 class=\"wp-block-heading\">Un proiect care une\u0219te copiii din mediul rural \u0219i urban<\/h2>\n<p class=\"wp-block-paragraph\">\u201eDou\u0103 Lumi, O Poveste\u201d a reunit copii \u0219i adolescen\u021bi cu v\u00e2rste cuprinse \u00eentre 10 \u0219i 18 ani din Honorici \u0219i Lugoj, oferindu-le oportunitatea de a descoperi teatrul \u0219i filmul ca forme de exprimare, dialog \u0219i colaborare.<\/p>\n<p class=\"wp-block-paragraph\">Pe parcursul a patru ateliere creative, participan\u021bii au explorat tehnici de actorie, storytelling \u0219i limbaj cinematografic, dezvolt\u00e2ndu-\u0219i creativitatea, \u00eencrederea \u00een sine \u0219i abilit\u0103\u021bile de comunicare.<\/p>\n<figure class=\"wp-block-gallery has-nested-images columns-default is-cropped wp-block-gallery-1 is-layout-flex wp-block-gallery-is-layout-flex\">\n<figure class=\"wp-block-image size-large\"><img loading=\"lazy\" decoding=\"async\" width=\"1920\" height=\"1080\" data-id=\"39848\" src=\"https:\/\/orasul-timisoara.ro\/wp-content\/uploads\/2026\/07\/doua-lumi-5.jpg\" alt class=\"wp-image-39848\"><\/figure>\n<figure class=\"wp-block-image size-large\"><img loading=\"lazy\" decoding=\"async\" width=\"1920\" height=\"1080\" data-id=\"39849\" src=\"https:\/\/orasul-timisoara.ro\/wp-content\/uploads\/2026\/07\/doua-lumi-7.jpg\" alt class=\"wp-image-39849\"><\/figure>\n<figure class=\"wp-block-image size-large\"><img loading=\"lazy\" decoding=\"async\" width=\"1920\" height=\"1080\" data-id=\"39846\" src=\"https:\/\/orasul-timisoara.ro\/wp-content\/uploads\/2026\/07\/doua-lumi-6.jpg\" alt class=\"wp-image-39846\"><\/figure>\n<figure class=\"wp-block-image size-large\"><img decoding=\"async\" loading=\"lazy\" width=\"1920\" height=\"1080\" data-id=\"39847\" src=\"https:\/\/orasul-timisoara.ro\/wp-content\/uploads\/2026\/07\/doua-lumi-1.jpg\" alt class=\"wp-image-39847\"><\/figure>\n<\/figure>\n<h2 class=\"wp-block-heading\">Experien\u021bele personale au devenit scenariu de film<\/h2>\n<p class=\"wp-block-paragraph\">Scurtmetrajul realizat are la baz\u0103 pove\u0219tile \u0219i experien\u021bele de via\u021b\u0103 ale tinerilor participan\u021bi. Prin colaborare \u0219i implicare, ace\u0219tia au construit \u00eempreun\u0103 o produc\u021bie care reflect\u0103 perspectivele lor asupra rela\u021biilor dintre comunit\u0103\u021bile rurale \u0219i urbane.<\/p>\n<p class=\"wp-block-paragraph\">Potrivit organizatorilor, filmul va fi \u00eenscris \u0219i prezentat \u00een perioada urm\u0103toare \u00een cadrul mai multor festivaluri dedicate produc\u021biilor de scurtmetraj \u0219i proiectelor educa\u021bionale.<\/p>\n<h2 class=\"wp-block-heading\">Premiera a avut loc la C\u0103minul Cultural din Victor Vlad Delamarina<\/h2>\n<p class=\"wp-block-paragraph\">Prima proiec\u021bie a filmului s-a desf\u0103\u0219urat la C\u0103minul Cultural din comuna Victor Vlad Delamarina, \u00een prezen\u021ba copiilor implica\u021bi \u00een proiect, a familiilor acestora, prietenilor, reprezentan\u021bilor administra\u021biei locale \u0219i a echipei care a coordonat ini\u021biativa.<\/p>\n<p class=\"wp-block-paragraph\">Evenimentul a marcat finalul unui proiect care \u0219i-a propus s\u0103 creeze pun\u021bi \u00eentre tineri proveni\u021bi din medii diferite \u0219i s\u0103 \u00eei \u00eencurajeze s\u0103 \u00ee\u0219i descopere poten\u021bialul artistic.<\/p>\n<h2 class=\"wp-block-heading\">Organizatorii: \u201ePove\u0219tile pot apropia oamenii\u201d<\/h2>\n<p class=\"wp-block-paragraph\">Pre\u0219edintele Asocia\u021biei Culturale TU \u0219i EU, Alexandru Cristian Marian, consider\u0103 c\u0103 proiectul demonstreaz\u0103 puterea colabor\u0103rii \u0219i a artei \u00een dezvoltarea comunit\u0103\u021bilor.<\/p>\n<p class=\"wp-block-paragraph\">\u201eNe bucur\u0103m c\u0103 acest proiect a reu\u0219it s\u0103 aduc\u0103 \u00eempreun\u0103 copii \u0219i tineri din mediul rural \u0219i urban \u0219i s\u0103 le ofere \u0219ansa de a crea \u00eempreun\u0103. Scurtmetrajul prezentat este dovada c\u0103, prin colaborare, creativitate \u0219i \u00eencredere, pot lua na\u0219tere pove\u0219ti care apropie oamenii \u0219i inspir\u0103 comunit\u0103\u021bile\u201d, a declarat acesta.<\/p>\n<h2 class=\"wp-block-heading\">Proiect finan\u021bat prin Start ONG<\/h2>\n<p class=\"wp-block-paragraph\">Proiectul \u201eDou\u0103 Lumi, O Poveste\u201d este finan\u021bat prin programul Start ONG, lansat de Kaufland Rom\u00e2nia \u0219i implementat de Asocia\u021bia Act for Tomorrow.<\/p>\n<p class=\"wp-block-paragraph\">Asocia\u021bia Cultural\u0103 TU \u0219i EU din Lugoj dezvolt\u0103 proiecte culturale, educa\u021bionale \u0219i comunitare dedicate copiilor, tinerilor \u0219i familiilor, promov\u00e2nd accesul la cultur\u0103, educa\u021bia nonformal\u0103, implicarea civic\u0103 \u0219i incluziunea social\u0103 prin teatru, film \u0219i alte forme de expresie artistic\u0103.<\/p>\n<\/div>\n<p>[analyse_source url=&#8221;https:\/\/orasul-timisoara.ro\/local-39845\/&#8221;]<\/p>\n","protected":false},"excerpt":{"rendered":"<p>[analyse_image type=&#8221;featured&#8221; src=&#8221;https:\/\/orasul-timisoara.ro\/wp-content\/uploads\/2026\/07\/doua-lumi-5.jpg&#8221;] Evenimente in TimisoaraUn scurtmetraj realizat de copii din Honorici \u0219i Lugoj ajunge \u00een festivaluri&#8230; Evenimente in Timisoara \u0218tiri Locale Un scurtmetraj realizat de copii din Honorici \u0219i Lugoj ajunge \u00een festivaluri de film De c\u0103tre redactia &#8211; 22\/07\/2026 Facebook Twitter WhatsApp Linkedin ReddIt Email Imprimare Un grup de 20 de copii \u0219i [&hellip;]<\/p>\n","protected":false},"author":1,"featured_media":0,"comment_status":"open","ping_status":"","sticky":false,"template":"","format":"standard","meta":{"footnotes":""},"categories":[89],"tags":[226,189],"class_list":["post-2059612","post","type-post","status-publish","format-standard","hentry","category-romania","tag-crawlmanager","tag-orasul-timisoara-ro"],"_links":{"self":[{"href":"https:\/\/analyse.optim.biz\/index.php?rest_route=\/wp\/v2\/posts\/2059612","targetHints":{"allow":["GET"]}}],"collection":[{"href":"https:\/\/analyse.optim.biz\/index.php?rest_route=\/wp\/v2\/posts"}],"about":[{"href":"https:\/\/analyse.optim.biz\/index.php?rest_route=\/wp\/v2\/types\/post"}],"author":[{"embeddable":true,"href":"https:\/\/analyse.optim.biz\/index.php?rest_route=\/wp\/v2\/users\/1"}],"replies":[{"embeddable":true,"href":"https:\/\/analyse.optim.biz\/index.php?rest_route=%2Fwp%2Fv2%2Fcomments&post=2059612"}],"version-history":[{"count":0,"href":"https:\/\/analyse.optim.biz\/index.php?rest_route=\/wp\/v2\/posts\/2059612\/revisions"}],"wp:attachment":[{"href":"https:\/\/analyse.optim.biz\/index.php?rest_route=%2Fwp%2Fv2%2Fmedia&parent=2059612"}],"wp:term":[{"taxonomy":"category","embeddable":true,"href":"https:\/\/analyse.optim.biz\/index.php?rest_route=%2Fwp%2Fv2%2Fcategories&post=2059612"},{"taxonomy":"post_tag","embeddable":true,"href":"https:\/\/analyse.optim.biz\/index.php?rest_route=%2Fwp%2Fv2%2Ftags&post=2059612"}],"curies":[{"name":"wp","href":"https:\/\/api.w.org\/{rel}","templated":true}]}}