{"id":2059610,"date":"2026-07-22T17:24:00","date_gmt":"2026-07-22T14:24:00","guid":{"rendered":"https:\/\/analyse.optim.biz\/?p=2059610"},"modified":"2026-07-22T17:24:00","modified_gmt":"2026-07-22T14:24:00","slug":"lucrari-aquatim-in-timisoara-sud-alimentarea-cu-apa-va-fi-sistata-pe-mai-multe-strazi","status":"publish","type":"post","link":"https:\/\/analyse.optim.biz\/?p=2059610","title":{"rendered":"Lucr\u0103ri Aquatim \u00een Timi\u0219oara Sud: alimentarea cu ap\u0103 va fi sistat\u0103 pe mai multe str\u0103zi"},"content":{"rendered":"<p>[analyse_image type=&#8221;featured&#8221; src=&#8221;https:\/\/orasul-timisoara.ro\/wp-content\/uploads\/2021\/01\/apa-curata-robinet.jpeg&#8221;]<\/p>\n<article id=\"post-39493\" class=\"td-post-template-7 post-39493 post type-post status-publish format-standard has-post-thumbnail category-stiri-timisoara td-container-wrap\">\n<div class=\"td-full-screen-header-image-wrap\">\n<div class=\"td-container td-post-header\">\n<div class=\"td-crumb-container\">\n<div class=\"entry-crumbs\"><span><a title=\"Vede\u021bi toate articolele \u00een \u0218tiri Locale\" class=\"entry-crumb\" href=\"https:\/\/orasul-timisoara.ro\/local-category\/stiri-timisoara\/\">\u0218tiri Locale<\/a><\/span><span class=\"td-bred-no-url-last\">Lucr\u0103ri Aquatim \u00een Timi\u0219oara Sud: alimentarea cu ap\u0103 va fi sistat\u0103 pe&#8230;<\/span><\/div>\n<\/div>\n<div class=\"td-post-header-holder\">\n<div class=\"td-parallax-header\">\n<header class=\"td-post-title\">\n<ul class=\"td-category\">\n<li class=\"entry-category\"><a href=\"https:\/\/orasul-timisoara.ro\/local-category\/stiri-timisoara\/\">\u0218tiri Locale<\/a><\/li>\n<\/ul>\n<h1 class=\"entry-title\">Lucr\u0103ri Aquatim \u00een Timi\u0219oara Sud: alimentarea cu ap\u0103 va fi sistat\u0103 pe mai multe str\u0103zi<\/h1>\n<div class=\"td-module-meta-info\">\n<div class=\"td-post-author-name\">\n<div class=\"td-author-by\">De c\u0103tre<\/div>\n<p><a href=\"https:\/\/orasul-timisoara.ro\/author\/timisoara\/\">redactia<\/a><\/p>\n<div class=\"td-author-line\"> &#8211; <\/div>\n<\/div>\n<p><span class=\"td-post-date\"><time class=\"entry-date updated td-module-date\" datetime=\"2026-07-22T20:24:00+03:00\">22\/07\/2026<\/time><\/span><\/div>\n<\/header>\n<\/div>\n<\/div>\n<\/div>\n<div id=\"td-full-screen-header-image\" class=\"td-image-gradient-style7\"><img decoding=\"async\" class=\"td-backstretch\" src=\"https:\/\/orasul-timisoara.ro\/wp-content\/uploads\/2021\/01\/apa-curata-robinet.jpeg\"><\/div>\n<\/div>\n<div class=\"td-container\">\n<div class=\"td-pb-row\">\n<div class=\"td-pb-span8 td-main-content\" role=\"main\">\n<div class=\"td-ss-main-content\">\n<div class=\"td-post-sharing-top\">\n<div class=\"td-post-sharing-classic\"><iframe title=\"topFacebookLike\" frameborder src=\"https:\/\/www.facebook.com\/plugins\/like.php?href=https:\/\/orasul-timisoara.ro\/local-39493\/&amp;layout=button_count&amp;show_faces=false&amp;width=105&amp;action=like&amp;colorscheme=light&amp;height=21\"><\/iframe><\/div>\n<div id=\"td_social_sharing_article_top\" class=\"td-post-sharing td-ps-bg td-ps-notext td-post-sharing-style1 \">\n<div class=\"td-post-sharing-visible\"><a class=\"td-social-sharing-button td-social-sharing-button-js td-social-network td-social-facebook\" href=\"https:\/\/www.facebook.com\/sharer.php?u=https%3A%2F%2Forasul-timisoara.ro%2Flocal-39493%2F\" title=\"Facebook\"><\/p>\n<div class=\"td-social-but-text\">Facebook<\/div>\n<p><\/a><a class=\"td-social-sharing-button td-social-sharing-button-js td-social-network td-social-twitter\" href=\"https:\/\/twitter.com\/intent\/tweet?text=Lucr%C4%83ri+Aquatim+%C3%AEn+Timi%C8%99oara+Sud%3A+alimentarea+cu+ap%C4%83+va+fi+sistat%C4%83+pe+mai+multe+str%C4%83zi&amp;url=https%3A%2F%2Forasul-timisoara.ro%2Flocal-39493%2F&amp;via=orasultm\" title=\"Twitter\"><\/p>\n<div class=\"td-social-but-text\">Twitter<\/div>\n<p><\/a><a class=\"td-social-sharing-button td-social-sharing-button-js td-social-network td-social-whatsapp\" href=\"https:\/\/api.whatsapp.com\/send?text=Lucr%C4%83ri+Aquatim+%C3%AEn+Timi%C8%99oara+Sud%3A+alimentarea+cu+ap%C4%83+va+fi+sistat%C4%83+pe+mai+multe+str%C4%83zi%20%0A%0A%20https:\/\/orasul-timisoara.ro\/local-39493\/\" title=\"WhatsApp\"><\/p>\n<div class=\"td-social-but-text\">WhatsApp<\/div>\n<p><\/a><a class=\"td-social-sharing-button td-social-sharing-button-js td-social-network td-social-linkedin\" href=\"https:\/\/www.linkedin.com\/shareArticle?mini=true&amp;url=https:\/\/orasul-timisoara.ro\/local-39493\/&amp;title=Lucr%C4%83ri+Aquatim+%C3%AEn+Timi%C8%99oara+Sud%3A+alimentarea+cu+ap%C4%83+va+fi+sistat%C4%83+pe+mai+multe+str%C4%83zi\" title=\"Linkedin\"><\/p>\n<div class=\"td-social-but-text\">Linkedin<\/div>\n<p><\/a><a class=\"td-social-sharing-button td-social-sharing-button-js td-social-network td-social-reddit\" href=\"https:\/\/reddit.com\/submit?url=https:\/\/orasul-timisoara.ro\/local-39493\/&amp;title=Lucr%C4%83ri+Aquatim+%C3%AEn+Timi%C8%99oara+Sud%3A+alimentarea+cu+ap%C4%83+va+fi+sistat%C4%83+pe+mai+multe+str%C4%83zi\" title=\"ReddIt\"><\/p>\n<div class=\"td-social-but-text\">ReddIt<\/div>\n<p><\/a><a class=\"td-social-sharing-button td-social-sharing-button-js td-social-network td-social-mail\" href=\"mailto:?subject=Lucr%C4%83ri%20Aquatim%20%C3%AEn%20Timi%C8%99oara%20Sud:%20alimentarea%20cu%20ap%C4%83%20va%20fi%20sistat%C4%83%20pe%20mai%20multe%20str%C4%83zi&amp;body=https:\/\/orasul-timisoara.ro\/local-39493\/\" title=\"Email\"><\/p>\n<div class=\"td-social-but-text\">Email<\/div>\n<p><\/a><a class=\"td-social-sharing-button td-social-sharing-button-js td-social-network td-social-print\" href=\"https:\/\/orasul-timisoara.ro\/local-39493\/\" title=\"Imprimare\"><\/p>\n<div class=\"td-social-but-text\">Imprimare<\/div>\n<p><\/a><\/div>\n<\/div>\n<\/div>\n<div class=\"td-post-content tagdiv-type\">\n<p class=\"wp-block-paragraph\">Locuitorii dintr-o zon\u0103 din sudul municipiului Timi\u0219oara vor r\u0103m\u00e2ne temporar f\u0103r\u0103 ap\u0103 potabil\u0103 miercuri, 24 iunie, ca urmare a unor lucr\u0103ri programate de <a href=\"https:\/\/www.aquatim.ro\/?utm_source=chatgpt.com\" target=\"_blank\" rel=\"noopener\">Aquatim<\/a> la re\u021beaua de alimentare cu ap\u0103.<\/p>\n<p class=\"wp-block-paragraph\">Potrivit operatorului regional de ap\u0103 \u0219i canalizare, \u00eentreruperea furniz\u0103rii apei va avea loc \u00een intervalul orar 08:00-17:00 \u0219i este necesar\u0103 pentru executarea unei lucr\u0103ri de conectare a conductelor la intersec\u021bia Aleii Cutez\u0103torilor cu strada Ana Ip\u0103tescu. Interven\u021bia face parte din proiectul de investi\u021bii \u201eCL 13: Execu\u021bie re\u021bele de ap\u0103 \u0219i canalizare Timi\u0219oara Sud \u2013 Lot 1\u201d.<\/p>\n<h2 class=\"wp-block-heading\">Lucr\u0103ri de modernizare a re\u021belei de ap\u0103 \u00een sudul Timi\u0219oarei<\/h2>\n<p class=\"wp-block-paragraph\">Conectarea conductelor programat\u0103 pentru 24 iunie reprezint\u0103 una dintre etapele de implementare a proiectului de extindere \u0219i modernizare a infrastructurii de ap\u0103 \u0219i canalizare din zona de sud a municipiului.<\/p>\n<p class=\"wp-block-paragraph\">Astfel de interven\u021bii permit integrarea noilor re\u021bele \u00een sistemul existent \u0219i contribuie la cre\u0219terea capacit\u0103\u021bii \u0219i fiabilit\u0103\u021bii infrastructurii de alimentare cu ap\u0103.<\/p>\n<p class=\"wp-block-paragraph\">Lucr\u0103rile vor fi executate la intersec\u021bia Aleii Cutez\u0103torilor cu strada Ana Ip\u0103tescu \u0219i necesit\u0103 \u00eentreruperea temporar\u0103 a furniz\u0103rii apei pentru consumatorii din proximitate.<\/p>\n<h2 class=\"wp-block-heading\">Str\u0103zile afectate de \u00eentreruperea aliment\u0103rii cu ap\u0103<\/h2>\n<p class=\"wp-block-paragraph\">Pe durata interven\u021biei, alimentarea cu ap\u0103 va fi sistat\u0103 pentru consumatorii de pe urm\u0103toarele str\u0103zi:<\/p>\n<ul class=\"wp-block-list\">\n<li>strada Ana Ip\u0103tescu;<\/li>\n<li>Aleea Actorilor;<\/li>\n<li>Aleea Cutez\u0103torilor.<\/li>\n<\/ul>\n<p class=\"wp-block-paragraph\">\u00centreruperea este programat\u0103 \u00eentre orele 08:00 \u0219i 17:00, iar Aquatim recomand\u0103 locuitorilor din zonele afectate s\u0103 \u00ee\u0219i asigure din timp cantit\u0103\u021bile necesare de ap\u0103 pentru consum \u0219i pentru activit\u0103\u021bile gospod\u0103re\u0219ti.<\/p>\n<h2 class=\"wp-block-heading\">Proiectul de modernizare a re\u021belelor din sudul Timi\u0219oarei<\/h2>\n<p class=\"wp-block-paragraph\">Investi\u021bia \u201eCL 13: Execu\u021bie re\u021bele de ap\u0103 \u0219i canalizare Timi\u0219oara Sud \u2013 Lot 1\u201d face parte din programul de modernizare \u0219i extindere a infrastructurii de utilit\u0103\u021bi implementat de Aquatim \u00een municipiu \u0219i \u00een jude\u021bul Timi\u0219.<\/p>\n<p class=\"wp-block-paragraph\">Obiectivul acestor investi\u021bii este cre\u0219terea gradului de acces la servicii moderne de alimentare cu ap\u0103 \u0219i canalizare, precum \u0219i \u00eembun\u0103t\u0103\u021birea siguran\u021bei \u0219i eficien\u021bei sistemelor existente.<\/p>\n<p class=\"wp-block-paragraph\">Lucr\u0103rile de conectare a conductelor reprezint\u0103 o etap\u0103 tehnic\u0103 necesar\u0103 pentru punerea \u00een func\u021biune a noilor segmente de re\u021bea \u0219i pentru integrarea acestora \u00een sistemul public de distribu\u021bie.<\/p>\n<h2 class=\"wp-block-heading\">Aquatim recomand\u0103 consumatorilor s\u0103 \u00ee\u0219i preg\u0103teasc\u0103 rezerve de ap\u0103<\/h2>\n<p class=\"wp-block-paragraph\">Operatorul regional atrage aten\u021bia c\u0103, dup\u0103 reluarea aliment\u0103rii \u00een regim normal, este posibil ca apa de la robinete s\u0103 fie temporar tulbure. Acest fenomen este unul obi\u0219nuit dup\u0103 interven\u021biile asupra re\u021belelor \u0219i este cauzat de antrenarea depunerilor existente \u00een conducte.<\/p>\n<p class=\"wp-block-paragraph\">Aquatim recomand\u0103 consumatorilor s\u0103 nu utilizeze apa \u00een scopuri menajere p\u00e2n\u0103 la limpezirea complet\u0103 a acesteia \u0219i s\u0103 \u00ee\u0219i asigure din timp rezerve suficiente de ap\u0103 pentru perioada \u00eentreruperii.<\/p>\n<p class=\"wp-block-paragraph\">Lucr\u0103rile programate fac parte din strategia de modernizare a infrastructurii de ap\u0103 \u0219i canalizare din Timi\u0219oara, menit\u0103 s\u0103 asigure servicii mai eficiente \u0219i mai sigure pentru popula\u021bie.<\/p>\n<\/div>\n<footer>\n<div class=\"td-post-sharing-bottom\">\n<div class=\"td-post-sharing-classic\"><iframe title=\"bottomFacebookLike\" frameborder src=\"https:\/\/www.facebook.com\/plugins\/like.php?href=https:\/\/orasul-timisoara.ro\/local-39493\/&amp;layout=button_count&amp;show_faces=false&amp;width=105&amp;action=like&amp;colorscheme=light&amp;height=21\"><\/iframe><\/div>\n<div id=\"td_social_sharing_article_bottom\" class=\"td-post-sharing td-ps-bg td-ps-notext td-post-sharing-style1 \">\n<div class=\"td-post-sharing-visible\"><a class=\"td-social-sharing-button td-social-sharing-button-js td-social-network td-social-facebook\" href=\"https:\/\/www.facebook.com\/sharer.php?u=https%3A%2F%2Forasul-timisoara.ro%2Flocal-39493%2F\" title=\"Facebook\"><\/p>\n<div class=\"td-social-but-text\">Facebook<\/div>\n<p><\/a><a class=\"td-social-sharing-button td-social-sharing-button-js td-social-network td-social-twitter\" href=\"https:\/\/twitter.com\/intent\/tweet?text=Lucr%C4%83ri+Aquatim+%C3%AEn+Timi%C8%99oara+Sud%3A+alimentarea+cu+ap%C4%83+va+fi+sistat%C4%83+pe+mai+multe+str%C4%83zi&amp;url=https%3A%2F%2Forasul-timisoara.ro%2Flocal-39493%2F&amp;via=orasultm\" title=\"Twitter\"><\/p>\n<div class=\"td-social-but-text\">Twitter<\/div>\n<p><\/a><a class=\"td-social-sharing-button td-social-sharing-button-js td-social-network td-social-whatsapp\" href=\"https:\/\/api.whatsapp.com\/send?text=Lucr%C4%83ri+Aquatim+%C3%AEn+Timi%C8%99oara+Sud%3A+alimentarea+cu+ap%C4%83+va+fi+sistat%C4%83+pe+mai+multe+str%C4%83zi%20%0A%0A%20https:\/\/orasul-timisoara.ro\/local-39493\/\" title=\"WhatsApp\"><\/p>\n<div class=\"td-social-but-text\">WhatsApp<\/div>\n<p><\/a><a class=\"td-social-sharing-button td-social-sharing-button-js td-social-network td-social-linkedin\" href=\"https:\/\/www.linkedin.com\/shareArticle?mini=true&amp;url=https:\/\/orasul-timisoara.ro\/local-39493\/&amp;title=Lucr%C4%83ri+Aquatim+%C3%AEn+Timi%C8%99oara+Sud%3A+alimentarea+cu+ap%C4%83+va+fi+sistat%C4%83+pe+mai+multe+str%C4%83zi\" title=\"Linkedin\"><\/p>\n<div class=\"td-social-but-text\">Linkedin<\/div>\n<p><\/a><a class=\"td-social-sharing-button td-social-sharing-button-js td-social-network td-social-reddit\" href=\"https:\/\/reddit.com\/submit?url=https:\/\/orasul-timisoara.ro\/local-39493\/&amp;title=Lucr%C4%83ri+Aquatim+%C3%AEn+Timi%C8%99oara+Sud%3A+alimentarea+cu+ap%C4%83+va+fi+sistat%C4%83+pe+mai+multe+str%C4%83zi\" title=\"ReddIt\"><\/p>\n<div class=\"td-social-but-text\">ReddIt<\/div>\n<p><\/a><a class=\"td-social-sharing-button td-social-sharing-button-js td-social-network td-social-mail\" href=\"mailto:?subject=Lucr%C4%83ri%20Aquatim%20%C3%AEn%20Timi%C8%99oara%20Sud:%20alimentarea%20cu%20ap%C4%83%20va%20fi%20sistat%C4%83%20pe%20mai%20multe%20str%C4%83zi&amp;body=https:\/\/orasul-timisoara.ro\/local-39493\/\" title=\"Email\"><\/p>\n<div class=\"td-social-but-text\">Email<\/div>\n<p><\/a><a class=\"td-social-sharing-button td-social-sharing-button-js td-social-network td-social-print\" href=\"https:\/\/orasul-timisoara.ro\/local-39493\/\" title=\"Imprimare\"><\/p>\n<div class=\"td-social-but-text\">Imprimare<\/div>\n<p><\/a><\/div>\n<\/div>\n<\/div>\n<div class=\"td-block-row td-post-next-prev\">\n<div class=\"td-block-span6 td-post-prev-post\">\n<div class=\"td-post-next-prev-content\"><span>Articolul precedent<\/span><a href=\"https:\/\/orasul-timisoara.ro\/local-39857\/\">OncoHelp Timi\u0219oara a pus \u00een func\u021biune 11 infuzomate cump\u0103rate din dona\u021biile Timotion<\/a><\/div>\n<\/div>\n<\/div>\n<div class=\"td-author-name vcard author\"><span class=\"fn\"><a href=\"https:\/\/orasul-timisoara.ro\/author\/timisoara\/\">redactia<\/a><\/span><\/div>\n<p><span class=\"td-page-meta\"><\/span><span class=\"td-page-meta\"><span class=\"td-page-meta\"><\/span><\/span><span class=\"td-page-meta\"><\/span><\/footer>\n<div class=\"comments\" id=\"comments\">\n<div id=\"respond\" class=\"comment-respond\">\n<h3 id=\"reply-title\" class=\"comment-reply-title\">L\u0102SA\u021aI UN MESAJ<\/h3>\n<div class=\"comment-form-input-wrap td-form-comment\">\n<div class=\"td-warning-comment\">V\u0103 rug\u0103m s\u0103 introduce\u021bi comentariul dvs.!<\/div>\n<\/div>\n<div class=\"comment-form-input-wrap td-form-author\">\n<div class=\"td-warning-author\">Introduce\u021bi aici numele dvs.<\/div>\n<\/div>\n<div class=\"comment-form-input-wrap td-form-email\">\n<div class=\"td-warning-email-error\">A\u021bi introdus o adres\u0103 de e-mail incorect\u0103!<\/div>\n<div class=\"td-warning-email\">V\u0103 rug\u0103m s\u0103 introduce\u021bi adresa dvs. de e-mail aici<\/div>\n<\/div>\n<\/div>\n<p class=\"akismet_comment_form_privacy_notice\">Acest site folose\u0219te Akismet pentru a reduce spamul. <a href=\"https:\/\/akismet.com\/privacy\/\" target=\"_blank\" rel=\"nofollow noopener\">Afl\u0103 cum sunt procesate datele comentariilor tale<\/a>.<\/p>\n<\/div>\n<\/div>\n<\/div>\n<div class=\"td-pb-span4 td-main-sidebar\" role=\"complementary\">\n<div class=\"td-ss-main-sidebar\">\n<aside id=\"block-4\" class=\"td_block_template_8 widget block-4 widget_block widget_media_image\">\n<figure class=\"wp-block-image size-full\"><img loading=\"lazy\" decoding=\"async\" width=\"336\" height=\"280\" src=\"https:\/\/orasul-timisoara.ro\/wp-content\/uploads\/2024\/11\/ReTIM-Abonamentul-Verde-Google-Ads-336x280px.gif\" alt class=\"wp-image-29257\"><\/figure>\n<\/aside>\n<div class=\"td_block_wrap td_block_social_counter td_block_widget tdi_3 td-social-style5 td-social-boxed td-pb-border-top td_block_template_8\">\n<div class=\"td-block-title-wrap\">\n<h4 class=\"td-block-title\"><span>Urm\u0103re\u0219te-ne pe Social Media<\/span><\/h4>\n<\/div>\n<div class=\"td-social-list\">\n<div class=\"td_social_type td-pb-margin-side td_social_facebook\">\n<div class=\"td-social-box\"><span class=\"td_social_info td_social_info_counter\">344,595<\/span><span class=\"td_social_info td_social_info_name\">Fani<\/span><span class=\"td_social_button\"><a href=\"https:\/\/www.facebook.com\/247timisoara\" target=\"_blank\" rel=\"nofollow\">\u00cemi place<\/a><\/span><\/div>\n<\/div>\n<div class=\"td_social_type td-pb-margin-side td_social_instagram\">\n<div class=\"td-social-box\"><span class=\"td_social_info td_social_info_counter\">4,416<\/span><span class=\"td_social_info td_social_info_name\">Cititori<\/span><span class=\"td_social_button\"><a href=\"https:\/\/instagram.com\/orasultimisoararo\/\" target=\"_blank\" rel=\"nofollow\">Conecta\u021bi-v\u0103<\/a><\/span><\/div>\n<\/div>\n<div class=\"td_social_type td-pb-margin-side td_social_rss\">\n<div class=\"td-social-box\"><span class=\"td_social_info td_social_info_counter\">12,506<\/span><span class=\"td_social_info td_social_info_name\">Cititori<\/span><span class=\"td_social_button\"><a href=\"https:\/\/orasul-timisoara.ro\/feed\/\" target=\"_blank\" rel=\"nofollow\">Conecta\u021bi-v\u0103<\/a><\/span><\/div>\n<\/div>\n<div class=\"td_social_type td-pb-margin-side td_social_tiktok\">\n<div class=\"td-social-box\"><span class=\"td_social_info td_social_info_counter\">1,500<\/span><span class=\"td_social_info td_social_info_name\">Cititori<\/span><span class=\"td_social_button\"><a href=\"https:\/\/www.tiktok.com\/@orasultimisoara\" target=\"_blank\" rel=\"nofollow\">Conecta\u021bi-v\u0103<\/a><\/span><\/div>\n<\/div>\n<div class=\"td_social_type td-pb-margin-side td_social_twitter\">\n<div class=\"td-social-box\"><span class=\"td_social_info td_social_info_counter\">1,595<\/span><span class=\"td_social_info td_social_info_name\">Cititori<\/span><span class=\"td_social_button\"><a href=\"https:\/\/twitter.com\/orasultm\" target=\"_blank\" rel=\"nofollow\">Conecta\u021bi-v\u0103<\/a><\/span><\/div>\n<\/div>\n<div class=\"td_social_type td-pb-margin-side td_social_youtube\">\n<div class=\"td-social-box\"><span class=\"td_social_info td_social_info_counter\">3,506<\/span><span class=\"td_social_info td_social_info_name\">Abona\u021bi<\/span><span class=\"td_social_button\"><a href=\"https:\/\/www.youtube.com\/channel\/UCQNsQvs2XCSIm1Z-AHRturw?sub_confirmation=1\" target=\"_blank\" rel=\"nofollow\">Abona\u021bi-v\u0103<\/a><\/span><\/div>\n<\/div>\n<\/div>\n<\/div>\n<aside id=\"text-7\" class=\"td_block_template_8 widget text-7 widget_text\">\n<h4 class=\"td-block-title\"><span>C\u0103ut\u0103ri populare pe OTM<\/span><\/h4>\n<div class=\"textwidget\"><a href=\"https:\/\/orasul-timisoara.ro\/?s=timisoara\"><span>Timisoara<\/span><\/a><a href=\"https:\/\/orasul-timisoara.ro\/?s=calin+dobra\"><span>Calin Dobra<\/span><\/a><a href=\"https:\/\/orasul-timisoara.ro\/?s=primaria+timisoara\"><span>Primaria Timisoara<\/span><\/a><a href=\"https:\/\/orasul-timisoara.ro\/?s=dominic+fritz\"><span>Dominic Fritz<\/span><\/a><a href=\"https:\/\/orasul-timisoara.ro\/?s=nicolae+robu\"><span>Nicolae Robu<\/span><\/a><a href=\"https:\/\/orasul-timisoara.ro\/?s=consiliul+local+timisoara\">Consiliul Local Timisoara<\/a><a href=\"https:\/\/orasul-timisoara.ro\/?s=consiliul+judetean+timis\"><span>Consiliul Judetean Timis<\/span><\/a><a href=\"https:\/\/orasul-timisoara.ro\/?s=cjt\"><span>CJT<\/span><\/a><a href=\"https:\/\/orasul-timisoara.ro\/?s=Alfred+Simonis\"><span>Alfred Simonis<\/span><\/a><a href=\"https:\/\/orasul-timisoara.ro\/?s=PNL\"><span>PNL<\/span><\/a><a href=\"https:\/\/orasul-timisoara.ro\/?s=coronavirus\"><span>coronavirus<\/span><\/a><a href=\"https:\/\/orasul-timisoara.ro\/?s=teatru+timisoara\">teatru Timisoara<\/a><a href=\"https:\/\/orasul-timisoara.ro\/?s=restaurante\"><span>restaurante Timisoara<\/span><\/a><a href=\"https:\/\/orasul-timisoara.ro\/?s=diskoteka\"><span>Diskoteka<\/span><\/a><a href=\"https:\/\/orasul-timisoara.ro\/?s=iulius+town\"><span>Iulius Town<\/span><\/a><a href=\"https:\/\/orasul-timisoara.ro\/?s=iulius+mall\"><span>Iulius Mall<\/span><\/a><a href=\"https:\/\/orasul-timisoara.ro\/?s=stpt\"><span>STPT<\/span><\/a><a href=\"https:\/\/orasul-timisoara.ro\/?s=alin+nica\"><span>Alin Nica<\/span><\/a><a href=\"https:\/\/orasul-timisoara.ro\/?s=psd\"><span>PSD<\/span><\/a><a href=\"https:\/\/orasul-timisoara.ro\/?s=aeroport\"><span>Aeroportul International Timisoara<\/span><\/a><a href=\"https:\/\/orasul-timisoara.ro\/?s=babes\"><span>Spitalul Victor Babes Timisoara<\/span><\/a><a href=\"https:\/\/orasul-timisoara.ro\/?s=poli\"><span>Poli Timi\u0219oara<\/span><\/a><a href=\"https:\/\/orasul-timisoara.ro\/?s=carantina\"><span>carantina<\/span><\/a><a href=\"https:\/\/orasul-timisoara.ro\/?s=aquatim\"><span>Aquatim<\/span><\/a><a href=\"https:\/\/orasul-timisoara.ro\/local-category\/stiri-timisoara\/\"><span>Stiri Timisoara<\/span><\/a><a href=\"https:\/\/orasul-timisoara.ro\/local-category\/investitii-in-timisoara\/\"><span>Investi\u021bii in Timi\u0219oara<\/span><\/a><a href=\"https:\/\/orasul-timisoara.ro\/local-9463\/\"><span>shaorma<\/span><\/a><a href=\"https:\/\/orasul-timisoara.ro\/?s=trafic\"><span>trafic rutier<\/span><\/a><a href=\"https:\/\/orasul-timisoara.ro\/?s=politia\"><span>politia locala timisoara<\/span><\/a><a href=\"https:\/\/orasul-timisoara.ro\/?s=roxana\"><span>Roxana Iliescu<\/span><\/a><a href=\"https:\/\/orasul-timisoara.ro\/?s=colterm\"><span>Colterm<\/span><\/a><a href=\"https:\/\/orasul-timisoara.ro\/?s=latcau\"><span>Ruben La\u021bc\u0103u<\/span><\/a><a href=\"https:\/\/orasul-timisoara.ro\/?s=timis\"><span>\u0218tiri din Timi\u0219<\/span><\/a><a href=\"https:\/\/orasul-timisoara.ro\/?s=spital\"><span>Spitale din Timi\u0219oara<\/span><\/a><a href=\"https:\/\/orasul-timisoara.ro\/?s=tabara\"><span>Cosmin Tab\u0103r\u0103<\/span><\/a><\/div>\n<\/aside>\n<aside id=\"rss-2\" class=\"td_block_template_8 widget rss-2 widget_rss\">\n<h4 class=\"td-block-title\"><span><a class=\"rsswidget rss-widget-feed\" href=\"https:\/\/fashionfridays.ro\/feed\"><img decoding=\"async\" class=\"rss-widget-icon\" width=\"14\" height=\"14\" src=\"https:\/\/orasul-timisoara.ro\/wp-includes\/images\/rss.png\" alt=\"RSS\" loading=\"lazy\"><\/a><a class=\"rsswidget rss-widget-title\" href=\"https:\/\/fashionfridays.ro\/\">Fashion Fridays<\/a><\/span><\/h4>\n<ul>\n<li><a class=\"rsswidget\" href=\"https:\/\/fashionfridays.ro\/romania-devine-a-29-a-piata-vogue-o-noua-era-pentru-industria-locala-de-moda\/\">Rom\u00e2nia devine a 29-a pia\u021b\u0103 Vogue: o nou\u0103 er\u0103 pentru industria local\u0103 de mod\u0103<\/a>\n<div class=\"rssSummary\">Revista Vogue \u00ee\u0219i extinde prezen\u021ba global\u0103 \u0219i va fi lansat\u0103 oficial \u00een Rom\u00e2nia \u00een prim\u0103vara anului 2027, marc\u00e2nd intrarea pe cea de-a 29-a pia\u021b\u0103 interna\u021bional\u0103. Proiectul este realizat \u00een parteneriat cu AEMME Publishing, o companie media recent \u00eenfiin\u021bat\u0103, care va publica edi\u021bia local\u0103 sub licen\u021b\u0103. Noua edi\u021bie, Vogue Rom\u00e2nia, \u00ee\u0219i propune s\u0103 combine autoritatea global\u0103 [\u2026]<\/div>\n<\/li>\n<\/ul>\n<\/aside>\n<aside id=\"rss-4\" class=\"td_block_template_8 widget rss-4 widget_rss\">\n<h4 class=\"td-block-title\"><span><a class=\"rsswidget rss-widget-feed\" href=\"https:\/\/emasini.ro\/feed\"><img decoding=\"async\" class=\"rss-widget-icon\" width=\"14\" height=\"14\" src=\"https:\/\/orasul-timisoara.ro\/wp-includes\/images\/rss.png\" alt=\"RSS\" loading=\"lazy\"><\/a><a class=\"rsswidget rss-widget-title\" href=\"https:\/\/emasini.ro\/\">eMasini<\/a><\/span><\/h4>\n<ul>\n<li><a class=\"rsswidget\" href=\"https:\/\/emasini.ro\/dacia-analizeaza-lansarea-lui-hipster-automobilul-urban-de-doar-3-metri-lungime\/\">Dacia analizeaz\u0103 lansarea lui Hipster, automobilul urban de doar 3 metri lungime (video)<\/a>\n<div class=\"rssSummary\">Dacia ar putea introduce pe pia\u021b\u0103 unul dintre cele mai neobi\u0219nuite modele din istoria sa recent\u0103. Conceptul Hipster, prezentat anul trecut ca o reinterpretare radical\u0103 a automobilului urban accesibil, se afl\u0103 \u00een prezent \u00eentr-o etap\u0103 de evaluare, iar decizia privind produc\u021bia de serie va fi luat\u0103 \u00een func\u021bie de reac\u021bia publicului \u0219i de evolu\u021bia reglement\u0103rilor [\u2026]<\/div>\n<\/li>\n<\/ul>\n<\/aside>\n<\/div>\n<\/div>\n<\/div>\n<\/div>\n<\/article>\n<div class=\"td-post-content tagdiv-type\">\n<p class=\"wp-block-paragraph\">Locuitorii dintr-o zon\u0103 din sudul municipiului Timi\u0219oara vor r\u0103m\u00e2ne temporar f\u0103r\u0103 ap\u0103 potabil\u0103 miercuri, 24 iunie, ca urmare a unor lucr\u0103ri programate de <a href=\"https:\/\/www.aquatim.ro\/?utm_source=chatgpt.com\" target=\"_blank\" rel=\"noopener\">Aquatim<\/a> la re\u021beaua de alimentare cu ap\u0103.<\/p>\n<p class=\"wp-block-paragraph\">Potrivit operatorului regional de ap\u0103 \u0219i canalizare, \u00eentreruperea furniz\u0103rii apei va avea loc \u00een intervalul orar 08:00-17:00 \u0219i este necesar\u0103 pentru executarea unei lucr\u0103ri de conectare a conductelor la intersec\u021bia Aleii Cutez\u0103torilor cu strada Ana Ip\u0103tescu. Interven\u021bia face parte din proiectul de investi\u021bii \u201eCL 13: Execu\u021bie re\u021bele de ap\u0103 \u0219i canalizare Timi\u0219oara Sud \u2013 Lot 1\u201d.<\/p>\n<h2 class=\"wp-block-heading\">Lucr\u0103ri de modernizare a re\u021belei de ap\u0103 \u00een sudul Timi\u0219oarei<\/h2>\n<p class=\"wp-block-paragraph\">Conectarea conductelor programat\u0103 pentru 24 iunie reprezint\u0103 una dintre etapele de implementare a proiectului de extindere \u0219i modernizare a infrastructurii de ap\u0103 \u0219i canalizare din zona de sud a municipiului.<\/p>\n<p class=\"wp-block-paragraph\">Astfel de interven\u021bii permit integrarea noilor re\u021bele \u00een sistemul existent \u0219i contribuie la cre\u0219terea capacit\u0103\u021bii \u0219i fiabilit\u0103\u021bii infrastructurii de alimentare cu ap\u0103.<\/p>\n<p class=\"wp-block-paragraph\">Lucr\u0103rile vor fi executate la intersec\u021bia Aleii Cutez\u0103torilor cu strada Ana Ip\u0103tescu \u0219i necesit\u0103 \u00eentreruperea temporar\u0103 a furniz\u0103rii apei pentru consumatorii din proximitate.<\/p>\n<h2 class=\"wp-block-heading\">Str\u0103zile afectate de \u00eentreruperea aliment\u0103rii cu ap\u0103<\/h2>\n<p class=\"wp-block-paragraph\">Pe durata interven\u021biei, alimentarea cu ap\u0103 va fi sistat\u0103 pentru consumatorii de pe urm\u0103toarele str\u0103zi:<\/p>\n<ul class=\"wp-block-list\">\n<li>strada Ana Ip\u0103tescu;<\/li>\n<li>Aleea Actorilor;<\/li>\n<li>Aleea Cutez\u0103torilor.<\/li>\n<\/ul>\n<p class=\"wp-block-paragraph\">\u00centreruperea este programat\u0103 \u00eentre orele 08:00 \u0219i 17:00, iar Aquatim recomand\u0103 locuitorilor din zonele afectate s\u0103 \u00ee\u0219i asigure din timp cantit\u0103\u021bile necesare de ap\u0103 pentru consum \u0219i pentru activit\u0103\u021bile gospod\u0103re\u0219ti.<\/p>\n<h2 class=\"wp-block-heading\">Proiectul de modernizare a re\u021belelor din sudul Timi\u0219oarei<\/h2>\n<p class=\"wp-block-paragraph\">Investi\u021bia \u201eCL 13: Execu\u021bie re\u021bele de ap\u0103 \u0219i canalizare Timi\u0219oara Sud \u2013 Lot 1\u201d face parte din programul de modernizare \u0219i extindere a infrastructurii de utilit\u0103\u021bi implementat de Aquatim \u00een municipiu \u0219i \u00een jude\u021bul Timi\u0219.<\/p>\n<p class=\"wp-block-paragraph\">Obiectivul acestor investi\u021bii este cre\u0219terea gradului de acces la servicii moderne de alimentare cu ap\u0103 \u0219i canalizare, precum \u0219i \u00eembun\u0103t\u0103\u021birea siguran\u021bei \u0219i eficien\u021bei sistemelor existente.<\/p>\n<p class=\"wp-block-paragraph\">Lucr\u0103rile de conectare a conductelor reprezint\u0103 o etap\u0103 tehnic\u0103 necesar\u0103 pentru punerea \u00een func\u021biune a noilor segmente de re\u021bea \u0219i pentru integrarea acestora \u00een sistemul public de distribu\u021bie.<\/p>\n<h2 class=\"wp-block-heading\">Aquatim recomand\u0103 consumatorilor s\u0103 \u00ee\u0219i preg\u0103teasc\u0103 rezerve de ap\u0103<\/h2>\n<p class=\"wp-block-paragraph\">Operatorul regional atrage aten\u021bia c\u0103, dup\u0103 reluarea aliment\u0103rii \u00een regim normal, este posibil ca apa de la robinete s\u0103 fie temporar tulbure. Acest fenomen este unul obi\u0219nuit dup\u0103 interven\u021biile asupra re\u021belelor \u0219i este cauzat de antrenarea depunerilor existente \u00een conducte.<\/p>\n<p class=\"wp-block-paragraph\">Aquatim recomand\u0103 consumatorilor s\u0103 nu utilizeze apa \u00een scopuri menajere p\u00e2n\u0103 la limpezirea complet\u0103 a acesteia \u0219i s\u0103 \u00ee\u0219i asigure din timp rezerve suficiente de ap\u0103 pentru perioada \u00eentreruperii.<\/p>\n<p class=\"wp-block-paragraph\">Lucr\u0103rile programate fac parte din strategia de modernizare a infrastructurii de ap\u0103 \u0219i canalizare din Timi\u0219oara, menit\u0103 s\u0103 asigure servicii mai eficiente \u0219i mai sigure pentru popula\u021bie.<\/p>\n<\/div>\n<p>[analyse_source url=&#8221;https:\/\/orasul-timisoara.ro\/local-39493\/&#8221;]<\/p>\n","protected":false},"excerpt":{"rendered":"<p>[analyse_image type=&#8221;featured&#8221; src=&#8221;https:\/\/orasul-timisoara.ro\/wp-content\/uploads\/2021\/01\/apa-curata-robinet.jpeg&#8221;] \u0218tiri LocaleLucr\u0103ri Aquatim \u00een Timi\u0219oara Sud: alimentarea cu ap\u0103 va fi sistat\u0103 pe&#8230; \u0218tiri Locale Lucr\u0103ri Aquatim \u00een Timi\u0219oara Sud: alimentarea cu ap\u0103 va fi sistat\u0103 pe mai multe str\u0103zi De c\u0103tre redactia &#8211; 22\/07\/2026 Facebook Twitter WhatsApp Linkedin ReddIt Email Imprimare Locuitorii dintr-o zon\u0103 din sudul municipiului Timi\u0219oara vor r\u0103m\u00e2ne temporar [&hellip;]<\/p>\n","protected":false},"author":1,"featured_media":0,"comment_status":"open","ping_status":"","sticky":false,"template":"","format":"standard","meta":{"footnotes":""},"categories":[89],"tags":[226,189],"class_list":["post-2059610","post","type-post","status-publish","format-standard","hentry","category-romania","tag-crawlmanager","tag-orasul-timisoara-ro"],"_links":{"self":[{"href":"https:\/\/analyse.optim.biz\/index.php?rest_route=\/wp\/v2\/posts\/2059610","targetHints":{"allow":["GET"]}}],"collection":[{"href":"https:\/\/analyse.optim.biz\/index.php?rest_route=\/wp\/v2\/posts"}],"about":[{"href":"https:\/\/analyse.optim.biz\/index.php?rest_route=\/wp\/v2\/types\/post"}],"author":[{"embeddable":true,"href":"https:\/\/analyse.optim.biz\/index.php?rest_route=\/wp\/v2\/users\/1"}],"replies":[{"embeddable":true,"href":"https:\/\/analyse.optim.biz\/index.php?rest_route=%2Fwp%2Fv2%2Fcomments&post=2059610"}],"version-history":[{"count":0,"href":"https:\/\/analyse.optim.biz\/index.php?rest_route=\/wp\/v2\/posts\/2059610\/revisions"}],"wp:attachment":[{"href":"https:\/\/analyse.optim.biz\/index.php?rest_route=%2Fwp%2Fv2%2Fmedia&parent=2059610"}],"wp:term":[{"taxonomy":"category","embeddable":true,"href":"https:\/\/analyse.optim.biz\/index.php?rest_route=%2Fwp%2Fv2%2Fcategories&post=2059610"},{"taxonomy":"post_tag","embeddable":true,"href":"https:\/\/analyse.optim.biz\/index.php?rest_route=%2Fwp%2Fv2%2Ftags&post=2059610"}],"curies":[{"name":"wp","href":"https:\/\/api.w.org\/{rel}","templated":true}]}}