{"id":2059363,"date":"2026-07-20T18:12:24","date_gmt":"2026-07-20T15:12:24","guid":{"rendered":"https:\/\/analyse.optim.biz\/?p=2059363"},"modified":"2026-07-20T18:12:24","modified_gmt":"2026-07-20T15:12:24","slug":"se-cauta-constructorul-care-sa-finalizeze-sala-polivalenta-mica-de-la-timisoara-la-16-ani-de-la-inceperea-lucrarilor-licitatie-de-peste-8-milioane-de-euro","status":"publish","type":"post","link":"https:\/\/analyse.optim.biz\/?p=2059363","title":{"rendered":"Se caut\u0103 constructorul care s\u0103 finalizeze Sala Polivalent\u0103 Mic\u0103 de la Timi\u0219oara, la 16 ani de la \u00eenceperea lucr\u0103rilor. Licita\u021bie de peste 8 milioane de euro"},"content":{"rendered":"<p>[analyse_image type=&#8221;featured&#8221; src=&#8221;https:\/\/www.opiniatimisoarei.ro\/wp-content\/uploads\/2025\/03\/Sala-Polivalenta-mica2-728&#215;336.jpghttps:\/\/www.opiniatimisoarei.ro\/wp-content\/uploads\/2025\/03\/Sala-Polivalenta-mica2.jpg&#8221;]<\/p>\n<div class=\"the_content\">\n<p><strong><span class=\"dia_suggestion w21\">TIMI\u0218OARA<\/span><\/strong>. <a href=\"https:\/\/www.opiniatimisoarei.ro\/polivalenta-mica-de-la-timisoara-inceputa-in-2010-va-fi-finalizata-cu-bani-din-trei-parti-consiliul-judetean-se-alatura-universitatii-politehnica-si-primariei-intr-o-asociere-prin-care-sa-termine-l\/13\/03\/2025\"><strong>Asocierea<\/strong><\/a><span class=\"dia_suggestion w23\">dintre<\/span> Universitatea <span class=\"dia_suggestion w25\">Politehnic\u0103<\/span><span class=\"dia_suggestion w26\">Timi\u0219oara,<\/span>\u00a0Consiliul <span class=\"dia_suggestion w28\">Jude\u021bean<\/span><span class=\"dia_suggestion w29\">Timi\u0219<\/span><span class=\"dia_suggestion w30\">\u0219i<\/span><span class=\"dia_suggestion w31\">Prim\u0103rie<\/span> pentru finalizarea <span class=\"dia_suggestion w14\">lucr\u0103rilor<\/span><span class=\"dia_suggestion w9\"><span class=\"dia_suggestion w12\"><span class=\"dia_suggestion w35\"><span class=\"dia_suggestion w59\">la<\/span><\/span><\/span><\/span><span class=\"dia_suggestion w6\"><span class=\"dia_suggestion w36\"><span class=\"dia_suggestion w91\">Sala<\/span><\/span><\/span><span class=\"dia_suggestion w7\">Polivalent\u0103<\/span><span class=\"dia_suggestion w8\">Mic\u0103<\/span> de 2500 de locuri de pe Podeanu <span class=\"dia_suggestion w45\">d<span class=\"dia_suggestion w31\">\u0103<\/span><\/span>\u00a0roade.<\/p>\n<p><strong><span>CITE\u0218TE \u0218I:<\/span><a href=\"https:\/\/www.opiniatimisoarei.ro\/cu-finantarea-de-2-milioane-de-euro-pierduta-si-lucrari-intarziate-cu-anii-primaria-timisoara-anunta-deschiderea-turnului-de-apa-din-iosefin-cand-e-programata-inaugurarea\/20\/07\/2026\">Cu finan\u021barea de 2 milioane de euro pierdut\u0103 \u0219i lucr\u0103ri \u00eent\u00e2rziate cu anii, Prim\u0103ria Timi\u0219oara anun\u021b\u0103 deschiderea Turnului de Ap\u0103 din Iosefin. C\u00e2nd e programat\u0103 inaugurarea<\/a><\/strong><\/p>\n<p>Cu <span class=\"dia_suggestion w48\">bani<\/span><span class=\"dia_suggestion w49\">din<\/span> trei <span class=\"dia_suggestion w51\">p\u0103r\u021bi<\/span>, acum UPT <span class=\"dia_suggestion w1\">caut\u0103<\/span> constructorul <span class=\"dia_suggestion w3\"><span class=\"dia_suggestion w56\"><span class=\"dia_suggestion w72\">care<\/span><\/span><\/span><span class=\"dia_suggestion w4\">s\u0103<\/span><span class=\"dia_suggestion w58\">duc\u0103<\/span><span class=\"dia_suggestion w9\"><span class=\"dia_suggestion w12\"><span class=\"dia_suggestion w35\"><span class=\"dia_suggestion w59\">la<\/span><\/span><\/span><\/span> bun <span class=\"dia_suggestion w61\">sf\u00e2r\u0219it<\/span><span class=\"dia_suggestion w62\">lucr\u0103rile<\/span><span class=\"dia_suggestion w63\">\u00eencepute<\/span><span class=\"dia_suggestion w64\">\u00een<\/span> 2010. A lansat <span class=\"dia_suggestion w67\">licita\u021bia<\/span> pentru <span class=\"dia_suggestion w69\">g\u0103sirea<\/span> unei firme care <span class=\"dia_suggestion w57\">s\u0103<\/span> preia <span class=\"dia_suggestion w75\">\u0219antierul<\/span>.<\/p>\n<p>Lucr\u0103rile r\u0103mase de executat \u00een vederea finaliz\u0103rii \u0219i punerii \u00een func\u021biune a obiectivului de investi\u021bii Sal\u0103 Polivalent\u0103 2500 locuri privesc <span class=\"dia_suggestion w95\">interven\u021bii<\/span> arhitecturale \u0219i de finisaje pentru Corpurile A, B, C, instala\u021bii termice, de ventila\u021bie \u0219i climatizare (HVAC), instala\u021bii electrice (curen\u021bi ta<span class=\"dia_suggestion w115\">ri<\/span>) \u0219i de iluminat, instala\u021bii sanitare \u0219i alimentare cu ap\u0103, utilaje \u0219i echipamente tehnologice (cu montaj). Lucr<span class=\"dia_suggestion w132\">\u0103<\/span>rile sunt acum la 70% realizare.<\/p>\n<p>Valoarea <span class=\"dia_suggestion w132\">estimat\u0103<\/span> a contractului este de 35.725.981 de lei <span class=\"dia_suggestion w139\">f\u0103r\u0103<\/span> TVA, <span class=\"dia_suggestion w141\">adic\u0103<\/span><span class=\"dia_suggestion w17\"><span class=\"dia_suggestion w142\">peste<\/span><\/span> 8 milioane de euro cu TVA.<\/p>\n<p>Firmele interesate <span class=\"dia_suggestion w150\">\u00ee\u0219i<\/span> pot depune ofertele <span class=\"dia_suggestion w154\">p\u00e2n\u0103<\/span><span class=\"dia_suggestion w64\">\u00een<\/span> 25 august.<\/p>\n<p><strong><span><span class=\"dia_suggestion w0\">Povestea<\/span> celor 16 ani de <span class=\"dia_suggestion w4\">lucr\u0103ri<\/span><span class=\"dia_suggestion w5\">la<\/span><span class=\"dia_suggestion w6\">Sala<\/span><span class=\"dia_suggestion w7\">Polivalent\u0103<\/span> de <span class=\"dia_suggestion w9\">l\u00e2ng\u0103<\/span><span class=\"dia_suggestion w10\">Baza<\/span> 2 <span class=\"dia_suggestion w11\">Politehnica<\/span><\/span><\/strong><\/p>\n<p><span class=\"dia_suggestion w0\">La<\/span><span class=\"dia_suggestion w1\">\u00eenfiin\u021barea<\/span> parteneriatului <span class=\"dia_suggestion w3\">dintre<\/span> UPT, CJT <span class=\"dia_suggestion w6\">\u0219i<\/span><span class=\"dia_suggestion w7\">Prim\u0103ria<\/span><span class=\"dia_suggestion w8\">Timi\u0219oara<\/span>, rectorul Universt\u0103\u021bii Politehnica Florin Dr\u0103gan a explicat parcursul acestui proiect de construire a S\u0103lii Polivalente \u0219i problemele cu care acesta s-a confruntat de-a lungul timpului.<\/p>\n<p><a href=\"https:\/\/www.opiniatimisoarei.ro\/wp-content\/uploads\/2019\/04\/sala-polivalenta.jpg\"><img loading=\"lazy\" decoding=\"async\" class=\"aligncenter size-full wp-image-603261\" src=\"https:\/\/www.opiniatimisoarei.ro\/wp-content\/uploads\/2019\/04\/sala-polivalenta.jpg\" alt=\"\" width=\"634\" height=\"325\"><\/a><\/p>\n<p>\u201d<strong>Sala Polivalent\u0103 mic\u0103, a\u0219a cum se \u0219tie, cu toate c\u0103 la acea dat\u0103 era singura, a \u00eenceput \u00een 2010 construc\u021bia, In 2012 a fost asocierea cu prim\u0103ria, iar ulterior \u00een 2016 s-a dorit o m\u0103rire a num\u0103rului de locuri, de la 2.200 undeva la 2.500 \u2013 2.600, \u0219i s-a dorit o aducere a s\u0103lii la un nivel interna\u021bional pentru acea perioad\u0103.<\/strong><br \/><strong>Din p\u0103cate, \u00een momentul \u00een care s-a f\u0103cut o expertiz\u0103 legat de structura construit\u0103 pentru g\u00e2ndirea ini\u021bial\u0103, sala fiind proiectat\u0103 pentru o alt\u0103 regiune, fiind un proiect din zona Turnu Severin, adaptat pentru Timi\u0219oara, s-au constatat vis-a-vis de m\u0103rirea s\u0103lii c\u0103 sunt anumite probleme,\u2026 \u0219i aici, eu am preluat \u00een 2020 proiectul cu aceste probleme, cu acoperi\u0219ul dat jos, pentru c\u0103 nu se g\u0103seau speciali\u0219ti \u00een sudur\u0103 care s\u0103 rezolve repunerea acoperi\u0219ului \u0219i a anumitor cadre de acolo. \u0218i, undeva \u00een 2023, am reu\u0219it s\u0103 finaliz\u0103m ceea ce ne-a f\u0103cut s\u0103 finaliz\u0103m \u00een varianta de acoperi\u0219 \u0219i de structur\u0103 \u0219i de stabilitate a \u00eentregii structuri pe noile standarde\u2026 Numai c\u0103, \u00eentre timp, \u00een 2018, au ap\u0103rut norme noi legate de partea de incendii<\/strong>\u201d, a spus Florin Dr\u0103gan, rectorul Politehnicii.<\/p>\n<p>\u00cen anul 2020 au ap\u0103rut alte probeleme pentru Sala Polivalent\u0103 aflat\u0103 \u00eenc\u0103 \u00een construc\u021bie.<\/p>\n<p>\u201d<strong>\u00centre 2020 \u0219i 2024 au ap\u0103rut norme legate de calitatea construc\u021biilor, au ap\u0103rut norme legate de sustenabilitate. Sunt norme pe care trebuie s\u0103 le aplic\u0103m. Ca urmare a aplic\u0103rii tuturor acestor metodologii \u0219i norme date de statul rom\u00e2n, a crescut \u0219i pre\u021bul<\/strong>\u201d, a declarat Dr\u0103gan.<\/p>\n<p><a href=\"https:\/\/www.opiniatimisoarei.ro\/wp-content\/uploads\/2025\/03\/Sala-Polivalenta-mica1.jpg\"><img loading=\"lazy\" decoding=\"async\" class=\"aligncenter size-full wp-image-843114\" src=\"https:\/\/www.opiniatimisoarei.ro\/wp-content\/uploads\/2025\/03\/Sala-Polivalenta-mica1.jpg\" alt=\"\" width=\"1080\" height=\"500\"><\/a><\/p>\n<p>Consiliul Judetean Timis contribuie cu 22 de milioane de lei la acest proiect.<\/p>\n<iframe loading=\"lazy\" title=\"Sala Polivalent\u0103 a Politehnicii Timi\u0219oara - Stadiu lucr\u0103ri 13.12.2022\" width=\"728\" height=\"410\" src=\"https:\/\/www.youtube.com\/embed\/cW1CdYVGibw?feature=oembed&amp;wmode=opaque&amp;rel=0\" frameborder allow=\"accelerometer; autoplay; clipboard-write; encrypted-media; gyroscope; picture-in-picture; web-share\" referrerpolicy=\"strict-origin-when-cross-origin\" allowfullscreen><\/iframe>\n<p>***<\/p>\n<p><strong><span class=\"dia_suggestion w0\">Mai<\/span><span class=\"dia_suggestion w1\">multe<\/span><span class=\"dia_suggestion w2\">g\u0103si\u021bi<\/span> pe <span class=\"dia_suggestion w4\">pagina noastr<span class=\"dia_suggestion w0\">\u0103<\/span><\/span>\u00a0de <a href=\"https:\/\/www.facebook.com\/OpiniaTM\/?ref=page_internal\" target=\"_blank\" rel=\"noopener\">Facebook opiniatimisoarei.ro<\/a>!<\/strong><\/p>\n<p><strong><span class=\"dia_suggestion w0\">Dac\u0103<\/span><span class=\"dia_suggestion w1\">a\u021bi<\/span> fost martorii unui eveniment <span class=\"dia_suggestion w6\">sau<\/span><span class=\"dia_suggestion w7\">ai<\/span> unei <span class=\"dia_suggestion w9\">situa\u021bii<\/span><span class=\"dia_suggestion w10\">neobi\u0219nuite<\/span><span class=\"dia_suggestion w11\">care<\/span> ar <span class=\"dia_suggestion w13\">putea<\/span> deveni subiect de <span class=\"dia_suggestion w17\">\u0219tire<\/span>, <span class=\"dia_suggestion w18\">contacta\u021bi<\/span>-ne <span class=\"dia_suggestion w20\">la<\/span><span><a href=\"https:\/\/www.opiniatimisoarei.ro\/cdn-cgi\/l\/email-protection\" class=\"__cf_email__\" data-cfemail=\"e59780818486918c80a58a958c8b8c84918c888c968a8497808ccb978a\">[email\u00a0protected]<\/a>,<\/span>\u00a0 pe <a href=\"https:\/\/www.facebook.com\/OpiniaTM\">FB<\/a><span>sau pe contul nostru de<\/span><a href=\"https:\/\/www.instagram.com\/opiniatimisoarei.ro\/\" target=\"_blank\" rel=\"noopener\">Instagram<\/a>!<\/strong><\/p>\n<p><strong><span>CITE\u0218TE \u0218I<\/span>: <a href=\"https:\/\/www.opiniatimisoarei.ro\/afli-primul-tot-ceea-ce-se-intampla-cu-adevarat-important-in-timisoara-si-in-regiune-cu-aplicatia-de-stiri-opinia-timisoarei-3-tipuri-de-alerte-te-tin-mereu-conectat-la-evenimente-descarca-gratuit-a\/31\/10\/2022\">Afli primul tot ceea ce se intampla cu adevarat important in Timisoara si in regiune cu Aplicatia de stiri Opinia Timisoarei. 3 tipuri de alerte te tin mereu conectat la evenimente. Descarca gratuit Aplicatia OT aici!<\/a><\/strong><\/p>\n<\/div>\n<p>[analyse_source url=&#8221;https:\/\/www.opiniatimisoarei.ro\/se-cauta-constructorul-care-sa-finalizeze-sala-polivalenta-mica-de-la-timisoara-la-16-ani-de-la-inceperea-lucrarilor-licitatie-de-peste-8-milioane-de-euro\/20\/07\/2026&#8243;]<\/p>\n","protected":false},"excerpt":{"rendered":"<p>[analyse_image type=&#8221;featured&#8221; src=&#8221;https:\/\/www.opiniatimisoarei.ro\/wp-content\/uploads\/2025\/03\/Sala-Polivalenta-mica2-728&#215;336.jpghttps:\/\/www.opiniatimisoarei.ro\/wp-content\/uploads\/2025\/03\/Sala-Polivalenta-mica2.jpg&#8221;] TIMI\u0218OARA. Asociereadintre Universitatea Politehnic\u0103Timi\u0219oara,\u00a0Consiliul Jude\u021beanTimi\u0219\u0219iPrim\u0103rie pentru finalizarea lucr\u0103rilorlaSalaPolivalent\u0103Mic\u0103 de 2500 de locuri de pe Podeanu d\u0103\u00a0roade. CITE\u0218TE \u0218I:Cu finan\u021barea de 2 milioane de euro pierdut\u0103 \u0219i lucr\u0103ri \u00eent\u00e2rziate cu anii, Prim\u0103ria Timi\u0219oara anun\u021b\u0103 deschiderea Turnului de Ap\u0103 din Iosefin. C\u00e2nd e programat\u0103 inaugurarea Cu banidin trei p\u0103r\u021bi, acum UPT caut\u0103 constructorul cares\u0103duc\u0103la [&hellip;]<\/p>\n","protected":false},"author":1,"featured_media":0,"comment_status":"open","ping_status":"","sticky":false,"template":"","format":"standard","meta":{"footnotes":""},"categories":[89],"tags":[226,190],"class_list":["post-2059363","post","type-post","status-publish","format-standard","hentry","category-romania","tag-crawlmanager","tag-opiniatimisoarei-ro"],"_links":{"self":[{"href":"https:\/\/analyse.optim.biz\/index.php?rest_route=\/wp\/v2\/posts\/2059363","targetHints":{"allow":["GET"]}}],"collection":[{"href":"https:\/\/analyse.optim.biz\/index.php?rest_route=\/wp\/v2\/posts"}],"about":[{"href":"https:\/\/analyse.optim.biz\/index.php?rest_route=\/wp\/v2\/types\/post"}],"author":[{"embeddable":true,"href":"https:\/\/analyse.optim.biz\/index.php?rest_route=\/wp\/v2\/users\/1"}],"replies":[{"embeddable":true,"href":"https:\/\/analyse.optim.biz\/index.php?rest_route=%2Fwp%2Fv2%2Fcomments&post=2059363"}],"version-history":[{"count":0,"href":"https:\/\/analyse.optim.biz\/index.php?rest_route=\/wp\/v2\/posts\/2059363\/revisions"}],"wp:attachment":[{"href":"https:\/\/analyse.optim.biz\/index.php?rest_route=%2Fwp%2Fv2%2Fmedia&parent=2059363"}],"wp:term":[{"taxonomy":"category","embeddable":true,"href":"https:\/\/analyse.optim.biz\/index.php?rest_route=%2Fwp%2Fv2%2Fcategories&post=2059363"},{"taxonomy":"post_tag","embeddable":true,"href":"https:\/\/analyse.optim.biz\/index.php?rest_route=%2Fwp%2Fv2%2Ftags&post=2059363"}],"curies":[{"name":"wp","href":"https:\/\/api.w.org\/{rel}","templated":true}]}}