{"id":2059360,"date":"2026-07-20T10:18:47","date_gmt":"2026-07-20T07:18:47","guid":{"rendered":"https:\/\/analyse.optim.biz\/?p=2059360"},"modified":"2026-07-20T10:18:47","modified_gmt":"2026-07-20T07:18:47","slug":"calea-urseni-din-timisoara-primul-pas-pentru-viitoarea-modernizare-planuri-pentru-trotuare-si-piste-de-biciclete","status":"publish","type":"post","link":"https:\/\/analyse.optim.biz\/?p=2059360","title":{"rendered":"Calea Urseni din Timi\u0219oara, primul pas pentru viitoarea modernizare. Planuri pentru trotuare \u0219i piste de biciclete"},"content":{"rendered":"<p>[analyse_image type=&#8221;featured&#8221; src=&#8221;https:\/\/www.opiniatimisoarei.ro\/wp-content\/uploads\/2024\/11\/calea-urseni-1-728&#215;336.jpghttps:\/\/www.opiniatimisoarei.ro\/wp-content\/uploads\/2024\/11\/calea-urseni-1.jpg&#8221;]<\/p>\n<div class=\"the_content\">\n<p><strong>TIMI\u0218OARA<\/strong>. \u00cen urm\u0103 cu doi ani, era aprobat\u0103 preluarea unei parcele de teren de la Giroc de care Prim\u0103ria Timi\u0219oara avea nevoie c\u0103 s\u0103 poat\u0103 pune \u00een aplicare planurile de modernizare pe Calea Urseni.<\/p>\n<p><strong><span>CITE\u0218TE \u0218I:<\/span><a href=\"https:\/\/www.opiniatimisoarei.ro\/cu-finantarea-de-2-milioane-de-euro-pierduta-si-lucrari-intarziate-cu-anii-primaria-timisoara-anunta-deschiderea-turnului-de-apa-din-iosefin-cand-e-programata-inaugurarea\/20\/07\/2026\">Cu finan\u021barea de 2 milioane de euro pierdut\u0103 \u0219i lucr\u0103ri \u00eent\u00e2rziate cu anii, Prim\u0103ria Timi\u0219oara anun\u021b\u0103 deschiderea Turnului de Ap\u0103 din Iosefin. C\u00e2nd e programat\u0103 inaugurarea<\/a><\/strong><\/p>\n<p>Abia acum municipalitatea face \u00eent\u00e2iul pas \u00een acest demers \u0219i lanseaz\u0103 licita\u021bia pentru g\u0103sirea unei firme care s\u0103 \u00eentocmeasc\u0103 prima documenta\u021bie.<\/p>\n<p>Calea Urseni, din Timi\u0219oara \u00eencepe de la intersec\u021bia cu str\u0103zile Venus \u0219i Mare\u0219al Constantin Prezan (fosta Lidia), trece pe l\u00e2ng\u0103 Muzeul Apei \u0219i se \u00eentinde p\u00e2n\u0103 la limita cu localitatea Giroc.<\/p>\n<p>\u00centr-un viitor incert ar urma s\u0103 fie ref\u0103cut carosabilul \u0219i se vor amenaja trotuare \u0219i piste de biciclete.<\/p>\n<p>De asemenea, proiectul include crearea unor str\u0103zi noi, respectiv amenajarea str\u0103zilor Narciselor \u0219i Jakob Ehrler, precum \u0219i modernizarea str\u0103zii Legumiculturii, care are \u00een acest moment o singur\u0103 band\u0103 auto \u0219i nu dispune de trotuare. Strada Petuniei este, de asemenea, vizat\u0103 pentru interven\u021bii, inclusiv asfaltarea segmentului care o va lega de strada Rozmarinului<\/p>\n<p><a href=\"https:\/\/www.opiniatimisoarei.ro\/wp-content\/uploads\/2024\/11\/Calea-Urseni.jpg\"><img loading=\"lazy\" decoding=\"async\" class=\"aligncenter size-full wp-image-834561\" src=\"https:\/\/www.opiniatimisoarei.ro\/wp-content\/uploads\/2024\/11\/Calea-Urseni.jpg\" alt=\"\" width=\"1080\" height=\"500\"><\/a><\/p>\n<p>\u201c<strong>Odat\u0103 ce \u00eentreag\u0103 strad\u0103 va fi intabulat\u0103, investi\u021bia municipalit\u0103\u021bii va intr\u0103 \u00een etap\u0103 studiului DALI. \u00cen prezent, Calea Urseni preia din traficul de pe str\u0103zile Venus \u0219i Mare\u0219al Constantin Prezan, de pe str\u0103zile adiacente \u0219i de pe drumul jude\u021bean DJ 595D. Drumul este asfaltat dar nu este m\u0103rginit de trotuare, astfel c\u0103 nu prezint\u0103 siguran\u021b\u0103 pentru pietoni<\/strong>\u201c, transmiteau \u00een 2024 reprezentan\u021bii Prim\u0103riei Timi\u0219oara.<\/p>\n<p>Ultimele lucr\u0103ri majore pe Calea Urseni au fost de \u00eentre\u021binere \u0219i repara\u021bii \u0219i s-au efectuat \u00een 2012 \u0219i 2013, c\u00e2nd a fost asfaltat\u0103 o por\u021biune.<\/p>\n<p>Valoarea contractului de acum pentru documenta\u021bia DALI ce va sta la baza viitoarei moderniz\u0103ri este estimat\u0103 la 670.800 lei f\u0103r\u0103 TVA, adic\u0103 peste 160.000 de euro cu TVA.<\/p>\n<p>Firmele interesate \u00ee\u0219i pot depune ofertele p\u00e2n\u0103 \u00een 10 august.<\/p>\n<p><span class=\"dia_suggestion w0\">C\u00e2\u0219tig\u0103torul<\/span><span class=\"dia_suggestion w1\">va<\/span> avea <span class=\"dia_suggestion w3\">la<\/span><span class=\"dia_suggestion w4\">dispozi\u021bie<\/span> 6 luni <span class=\"dia_suggestion w6\">s\u0103<\/span><span class=\"dia_suggestion w7\">\u00eentocmeasc\u0103<\/span><span class=\"dia_suggestion w8\">documenta\u021bia<\/span>.<\/p>\n<p>***<\/p>\n<p><strong><span class=\"dia_suggestion w0\">Mai<\/span><span class=\"dia_suggestion w1\">multe<\/span><span class=\"dia_suggestion w2\">g\u0103si\u021bi<\/span> pe <span class=\"dia_suggestion w4\">pagina noastr<span class=\"dia_suggestion w0\">\u0103<\/span><\/span>\u00a0de <a href=\"https:\/\/www.facebook.com\/OpiniaTM\/?ref=page_internal\" target=\"_blank\" rel=\"noopener\">Facebook opiniatimisoarei.ro<\/a>!<\/strong><\/p>\n<p><strong><span class=\"dia_suggestion w0\">Dac\u0103<\/span><span class=\"dia_suggestion w1\">a\u021bi<\/span> fost martorii unui eveniment <span class=\"dia_suggestion w6\">sau<\/span><span class=\"dia_suggestion w7\">ai<\/span> unei <span class=\"dia_suggestion w9\">situa\u021bii<\/span><span class=\"dia_suggestion w10\">neobi\u0219nuite<\/span><span class=\"dia_suggestion w11\">care<\/span> ar <span class=\"dia_suggestion w13\">putea<\/span> deveni subiect de <span class=\"dia_suggestion w17\">\u0219tire<\/span>, <span class=\"dia_suggestion w18\">contacta\u021bi<\/span>-ne <span class=\"dia_suggestion w20\">la<\/span><span><a href=\"https:\/\/www.opiniatimisoarei.ro\/cdn-cgi\/l\/email-protection\" class=\"__cf_email__\" data-cfemail=\"a4d6c1c0c5c7d0cdc1e4cbd4cdcacdc5d0cdc9cdd7cbc5d6c1cd8ad6cb\">[email\u00a0protected]<\/a>,<\/span>\u00a0 pe <a href=\"https:\/\/www.facebook.com\/OpiniaTM\">FB<\/a><span>sau pe contul nostru de<\/span><a href=\"https:\/\/www.instagram.com\/opiniatimisoarei.ro\/\" target=\"_blank\" rel=\"noopener\">Instagram<\/a>!<\/strong><\/p>\n<p><strong><span>CITESTE SI<\/span>: <a href=\"https:\/\/www.opiniatimisoarei.ro\/afli-primul-tot-ceea-ce-se-intampla-cu-adevarat-important-in-timisoara-si-in-regiune-cu-aplicatia-de-stiri-opinia-timisoarei-3-tipuri-de-alerte-te-tin-mereu-conectat-la-evenimente-descarca-gratuit-a\/31\/10\/2022\">Afli primul tot ceea ce se intampla cu adevarat important in Timisoara si in regiune cu Aplicatia de stiri Opinia Timisoarei. 3 tipuri de alerte te tin mereu conectat la evenimente. Descarca gratuit Aplicatia OT aici!<\/a><\/strong><\/p>\n<p>\u00a0<\/p>\n<\/div>\n<p>[analyse_source url=&#8221;https:\/\/www.opiniatimisoarei.ro\/calea-urseni-din-timisoara-primul-pas-pentru-viitoarea-modernizare-planuri-pentru-trotuare-si-piste-de-biciclete\/20\/07\/2026&#8243;]<\/p>\n","protected":false},"excerpt":{"rendered":"<p>[analyse_image type=&#8221;featured&#8221; src=&#8221;https:\/\/www.opiniatimisoarei.ro\/wp-content\/uploads\/2024\/11\/calea-urseni-1-728&#215;336.jpghttps:\/\/www.opiniatimisoarei.ro\/wp-content\/uploads\/2024\/11\/calea-urseni-1.jpg&#8221;] TIMI\u0218OARA. \u00cen urm\u0103 cu doi ani, era aprobat\u0103 preluarea unei parcele de teren de la Giroc de care Prim\u0103ria Timi\u0219oara avea nevoie c\u0103 s\u0103 poat\u0103 pune \u00een aplicare planurile de modernizare pe Calea Urseni. CITE\u0218TE \u0218I:Cu finan\u021barea de 2 milioane de euro pierdut\u0103 \u0219i lucr\u0103ri \u00eent\u00e2rziate cu anii, Prim\u0103ria Timi\u0219oara anun\u021b\u0103 deschiderea [&hellip;]<\/p>\n","protected":false},"author":1,"featured_media":0,"comment_status":"open","ping_status":"","sticky":false,"template":"","format":"standard","meta":{"footnotes":""},"categories":[89],"tags":[226,190],"class_list":["post-2059360","post","type-post","status-publish","format-standard","hentry","category-romania","tag-crawlmanager","tag-opiniatimisoarei-ro"],"_links":{"self":[{"href":"https:\/\/analyse.optim.biz\/index.php?rest_route=\/wp\/v2\/posts\/2059360","targetHints":{"allow":["GET"]}}],"collection":[{"href":"https:\/\/analyse.optim.biz\/index.php?rest_route=\/wp\/v2\/posts"}],"about":[{"href":"https:\/\/analyse.optim.biz\/index.php?rest_route=\/wp\/v2\/types\/post"}],"author":[{"embeddable":true,"href":"https:\/\/analyse.optim.biz\/index.php?rest_route=\/wp\/v2\/users\/1"}],"replies":[{"embeddable":true,"href":"https:\/\/analyse.optim.biz\/index.php?rest_route=%2Fwp%2Fv2%2Fcomments&post=2059360"}],"version-history":[{"count":0,"href":"https:\/\/analyse.optim.biz\/index.php?rest_route=\/wp\/v2\/posts\/2059360\/revisions"}],"wp:attachment":[{"href":"https:\/\/analyse.optim.biz\/index.php?rest_route=%2Fwp%2Fv2%2Fmedia&parent=2059360"}],"wp:term":[{"taxonomy":"category","embeddable":true,"href":"https:\/\/analyse.optim.biz\/index.php?rest_route=%2Fwp%2Fv2%2Fcategories&post=2059360"},{"taxonomy":"post_tag","embeddable":true,"href":"https:\/\/analyse.optim.biz\/index.php?rest_route=%2Fwp%2Fv2%2Ftags&post=2059360"}],"curies":[{"name":"wp","href":"https:\/\/api.w.org\/{rel}","templated":true}]}}