{"id":2059358,"date":"2026-07-20T10:02:22","date_gmt":"2026-07-20T07:02:22","guid":{"rendered":"https:\/\/analyse.optim.biz\/?p=2059358"},"modified":"2026-07-20T10:02:22","modified_gmt":"2026-07-20T07:02:22","slug":"cu-finantarea-de-2-milioane-de-euro-pierduta-si-lucrari-intarziate-cu-anii-primaria-timisoara-anunta-deschiderea-turnului-de-apa-din-iosefin-cand-e-programata-inaugurarea","status":"publish","type":"post","link":"https:\/\/analyse.optim.biz\/?p=2059358","title":{"rendered":"Cu finan\u021barea de 2 milioane de euro pierdut\u0103 \u0219i lucr\u0103ri \u00eent\u00e2rziate cu anii, Prim\u0103ria Timi\u0219oara anun\u021b\u0103 deschiderea Turnului de Ap\u0103 din Iosefin. C\u00e2nd e programat\u0103 inaugurarea"},"content":{"rendered":"<p>[analyse_image type=&#8221;featured&#8221; src=&#8221;https:\/\/www.opiniatimisoarei.ro\/wp-content\/uploads\/2026\/07\/turnul-de-apa-colaj-728&#215;336.jpghttps:\/\/www.opiniatimisoarei.ro\/wp-content\/uploads\/2026\/07\/turnul-de-apa-colaj.jpg&#8221;]<\/p>\n<div class=\"the_content\">\n<p><strong>TIMI\u0218OARA<\/strong>. \u201e<strong>Am terminat lucr\u0103rile la Turnul de Ap\u0103 din Iosefin. Acum facem recep\u021bia, iar \u00een weekendul de Ziua Timi\u0219oarei \u00eel deschidem vizitatorilor<\/strong>\u201e, anun\u021b\u0103 primarul Dominic Fritz, luni, pe pagina sa de Facebook.<\/p>\n<p>Timi\u0219oara va putea fi admirat\u0103 de la 50 m \u00een\u0103l\u021bime din punctul de belvedere al noului centru cultural pe vertical\u0103 al ora\u0219ului,. O platform\u0103 de sticl\u0103 amplasat\u0103 la nivelul superior va dezv\u0103lui curio\u0219ilor turnul \u00een interior,<\/p>\n<p>Au fost p\u0103strate cele dou\u0103 rezervoare de ap\u0103 din 1914, iar scara tehnic\u0103 original\u0103 \u0219i t\u00e2mpl\u0103ria exterioar\u0103 au fost restaurate.<\/p>\n<h2><span><strong>Prim\u0103ria Timi\u0219oara, singura din \u021bar\u0103 care a trebuit s\u0103 dea \u00eenapoi banii de la Ministerul Culturii pentru Turnul de Ap\u0103 din Iosefin<\/strong><\/span><\/h2>\n<p>\u00cen aprilie 2025, <span><strong>opiniatimisoarei.ro<\/strong><\/span> dezv\u0103luia c\u0103 <a href=\"https:\/\/www.opiniatimisoarei.ro\/scandalos-primaria-timisoara-singura-din-tara-care-da-banii-inapoi-de-la-ministerul-culturii-administratia-fritz-nu-a-fost-in-stare-sa-termine-la-timp-reablitarea-turnului-de-apa-din-iosefin\/15\/04\/2025\"><strong>Timi\u0219oara era singura primarie din \u021bar\u0103 care trebuia s\u0103 dea \u00eenapoi banii de la Ministerul Culturii, o finan\u021bare de 2 milioane de euro prin Programul RO-Cultur\u0103<\/strong><\/a>. Aceasta pentru c\u0103 administra\u021bia Fritz nu a fost \u00een stare s\u0103 termine la timp reablitarea Turnului de Ap\u0103 din Iosefin, de\u0219i a beneficiat de toate prelungirile legal posibile.<\/p>\n<p>La doar o zi dup\u0103 publicarea articolului nostru, Prim\u0103ria Timi\u0219oara transmitea un comunicat \u00een care anun\u021ba c\u0103 va cere daune \u00een valoare de 2,2 milioane lei de la constructorul ini\u021bial, pe care tot ea l-a ales \u00een 2021 si pe care \u00eel socotea vinovat de pierderea banilor. Municipalitatea i-a reziliat contractul \u00een 2023.<\/p>\n<p><strong><span>CITESTE SI<\/span>: <a href=\"https:\/\/www.opiniatimisoarei.ro\/scandalos-primaria-timisoara-singura-din-tara-care-da-banii-inapoi-de-la-ministerul-culturii-administratia-fritz-nu-a-fost-in-stare-sa-termine-la-timp-reablitarea-turnului-de-apa-din-iosefin\/15\/04\/2025\">Scandalos. Primaria Timisoara, singura din tara care da banii inapoi de la Ministerul Culturii. Administratia Fritz nu a fost in stare sa termine la timp reablitarea Turnului de Apa din Iosefin<\/a><\/strong><\/p>\n<p>A\u0219a c\u0103, lucr\u0103rile au mers mai departe pe banii timi\u0219orenilor. Iar procesul primariei a fost deschis abia \u00een iunie 2026.<\/p>\n<h2><span><strong>Istoria unui \u0219ir lung de b\u00e2lb\u00e2ieli la Turnul de Ap\u0103 din Iosefin<\/strong><\/span><\/h2>\n<p>Povestea reabilit\u0103rii acestui monument a \u00eenceput \u00een 2020, c\u00e2nd administra\u021bia Robu <a href=\"https:\/\/www.opiniatimisoarei.ro\/prima-veste-buna-despre-turnul-de-apa-din-timisoara-cererea-de-finantare-pentru-transformarea-castelului-de-apa-din-iosefin-intr-un-spatiu-cultural-a-fost-aprobata\/24\/03\/2020\"><strong>a reu\u0219it s\u0103 ob\u021bin\u0103 nesperata finan\u021bare maxim\u0103<\/strong><\/a> de la Ministerul Culturii, prin Programul RO-Cultura, adic\u0103 2 milioane de euro.<\/p>\n<p>In 2021, administra\u021bia Fritz, care preluase fr\u00e2iele ora\u0219ului, lanseaz\u0103 licita\u021bia pentru \u201e<strong>Refunc\u021bionalizare imobil pentru Centru Cultural \u2013 Turn de Ap\u0103, Iosefin<\/strong>\u201d, stabileste firma \u0219i demareaz\u0103 lucr\u0103rile.<\/p>\n<p>Despre constructorul ales de primarie <span class=\"dia_suggestion w1\">\u00ee<\/span>n 2021, <span><strong>opiniatimisoarei.ro<\/strong><\/span><span class=\"dia_suggestion w0\">dezv\u0103luia<\/span>, <span class=\"dia_suggestion w1\">\u00eenc\u0103<\/span> de <span class=\"dia_suggestion w3\">la<\/span> bun <span class=\"dia_suggestion w5\">\u00eenceput<\/span>, <span class=\"dia_suggestion w6\">c\u0103<\/span> antreprenorul <span class=\"dia_suggestion w7\">\u00ee\u0219i<\/span> avea sediul <span class=\"dia_suggestion w10\">\u00eentr<\/span>-un <span class=\"dia_suggestion w12\">s\u0103tuc<\/span><span class=\"dia_suggestion w13\">din<\/span><span class=\"dia_suggestion w14\">Ialomi\u021ba<\/span>, av\u00e2nd <a href=\"https:\/\/www.opiniatimisoarei.ro\/o-singura-oferta-pentru-reabilitarea-turnului-de-apa-din-iosefin-la-timisoara-o-firma-dintr-un-sat-din-ialomita-in-asociere-cu-o-companie-ce-a-fost-suspectata-de-legaturi-cu-mafia-italiana\/04\/08\/2021\"><strong>in asociere o companie suspectata de legaturi cu mafia italiana.<\/strong><\/a><\/p>\n<p><strong><span>CITESTE SI<\/span>: <a href=\"https:\/\/www.opiniatimisoarei.ro\/o-singura-oferta-pentru-reabilitarea-turnului-de-apa-din-iosefin-la-timisoara-o-firma-dintr-un-sat-din-ialomita-in-asociere-cu-o-companie-ce-a-fost-suspectata-de-legaturi-cu-mafia-italiana\/04\/08\/2021\">O singura oferta pentru reabilitarea Turnului de Apa din Iosefin, la Timisoara: O firma dintr-un sat din Ialomita, in asociere cu o companie ce a fost suspectata de legaturi cu mafia italiana<\/a><\/strong><\/p>\n<p><span class=\"dia_suggestion w0\">La<\/span><span class=\"dia_suggestion w1\">\u00ee<\/span>nceputul anului 2023, <span class=\"dia_suggestion w4\">c\u00e2nd<\/span> ar <span class=\"dia_suggestion w6\"><span class=\"dia_suggestion w57\">fi<\/span><\/span> trebuit <span class=\"dia_suggestion w8\">s\u0103<\/span> fie <span class=\"dia_suggestion w10\">gata<\/span>, <span class=\"dia_suggestion w11\">lucr\u0103rile<\/span> nu <span class=\"dia_suggestion w13\">ajunseser\u0103<\/span> nici <span class=\"dia_suggestion w15\">m\u0103car<\/span><span class=\"dia_suggestion w16\">la<\/span><span class=\"dia_suggestion w17\">jum\u0103tate<\/span>. Toate <span class=\"dia_suggestion w19\">acestea<\/span>, spuneau atunci <span class=\"dia_suggestion w22\">reprezentan\u021bii<\/span><span class=\"dia_suggestion w23\">prim\u0103riei<\/span>, pentru <span class=\"dia_suggestion w25\">c\u0103<\/span> asocierea de firme <span class=\"dia_suggestion w29\">care<\/span> a <span class=\"dia_suggestion w31\">c\u00e2\u0219tigat<\/span> contractul de aproape 1,6 milioane de euro, <span class=\"dia_suggestion w38\">av\u00e2nd<\/span><span class=\"dia_suggestion w39\">ca<\/span>\u00a0lider <span class=\"dia_suggestion w41\">ALCA<\/span>\u00a0EUROPEAN FOUNDSS SRL <span class=\"dia_suggestion w45\">\u0219i<\/span> RESEARCH CONSORZIO STABILE <span class=\"dia_suggestion w49\">SOCIETA<\/span> CONSORTILE A.R.L, nu <span class=\"dia_suggestion w55\">\u0219i<\/span>-ar fi <span class=\"dia_suggestion w58\">f\u0103cut<\/span><span class=\"dia_suggestion w59\">treaba<\/span>.<\/p>\n<p><span class=\"dia_suggestion w23\">Abia <span class=\"dia_suggestion w61\">\u00een<\/span><span class=\"dia_suggestion w62\">vara<\/span> lui 2023, administra\u021bia <\/span>decide <span class=\"dia_suggestion w8\">s\u0103<\/span> rezilieze contractul cu primul constructor. <span class=\"dia_suggestion w75\">Organizeaz\u0103<\/span> o <span class=\"dia_suggestion w77\">nou\u0103<\/span><span class=\"dia_suggestion w78\">licita\u021bie<\/span> pentru <span class=\"dia_suggestion w11\">lucr\u0103rile<\/span><span class=\"dia_suggestion w81\">r\u0103mase<\/span> de <span class=\"dia_suggestion w58\">f\u0103cut<\/span><span class=\"dia_suggestion w45\">\u0219i<\/span><span class=\"dia_suggestion w85\">actualizeaz\u0103<\/span> datele financiare ale proiectului abia <span class=\"dia_suggestion w91\">\u00een<\/span> decembrie 2023.<\/p>\n<p><a href=\"https:\/\/www.opiniatimisoarei.ro\/wp-content\/uploads\/2025\/04\/bani-turn.jpg\"><img loading=\"lazy\" decoding=\"async\" class=\"aligncenter size-full wp-image-846159\" src=\"https:\/\/www.opiniatimisoarei.ro\/wp-content\/uploads\/2025\/04\/bani-turn.jpg\" alt=\"\" width=\"987\" height=\"349\"><\/a><\/p>\n<p>A trecut timpul si abia <span class=\"dia_suggestion w55\">\u00ee<\/span>n iunie 2024, Pr<span class=\"dia_suggestion w31\">im\u0103ria<\/span><span class=\"dia_suggestion w32\">Timi\u0219oara stabileste <\/span>un nou constructor\u00a0pentru continuarea <span class=\"dia_suggestion w47\">lucr\u0103rilor<\/span>.<\/p>\n<p>Noul antreprenor, <span class=\"dia_suggestion w50\">firma<\/span> Alex Dia <span class=\"dia_suggestion w53\">Construct<\/span>, <span class=\"dia_suggestion w54\">era<\/span><span class=\"dia_suggestion w55\">\u00eenc\u0103<\/span> de pe atunci pe \u2018<span class=\"dia_suggestion w60\">lista<\/span><span class=\"dia_suggestion w61\">neagr\u0103<\/span>\u2019 a <span class=\"dia_suggestion w63\">prim\u0103riei<\/span> pentru obiective neterminate <span class=\"dia_suggestion w67\"><span class=\"dia_suggestion w82\"><span class=\"dia_suggestion w96\"><span class=\"dia_suggestion w106\"><span class=\"dia_suggestion w117\">la<\/span><\/span><\/span><\/span><\/span><span class=\"dia_suggestion w68\">timp<\/span>, <span class=\"dia_suggestion w69\">\u00eens\u0103<\/span><span class=\"dia_suggestion w70\">asta<\/span> nu a contat.<\/p>\n<p>De<span class=\"dia_suggestion w45\">\u0219<\/span>i <span class=\"dia_suggestion w55\">\u00ee<\/span>i d<span class=\"dia_suggestion w55\">\u0103<\/span>duse certificat negativ din aprilie 2023, Alex Dia Construct a fost firma pe care <a href=\"https:\/\/www.opiniatimisoarei.ro\/se-reiau-lucrarile-la-turnul-de-apa-din-iosefin-cu-o-firma-de-pe-lista-neagra-a-administratiei-fritz-primaria-timisoara-a-reusit-sa-l-aduca-abia-la-30-in-doi-ani-si-jumatate\/17\/06\/2024\"><strong>administratia Fritz a ales-o, in mod inexplicabil, dintre cei 5 competitori de la a doua licitatie<\/strong><\/a>. Primea pentru reabilitarea Turnului de Apa din Iosefin 7.691.937 lei f<span class=\"dia_suggestion w55\">\u0103<\/span>r<span class=\"dia_suggestion w55\">\u0103<\/span> TVA, adic<span class=\"dia_suggestion w55\">\u0103<\/span> peste 1,8 milioane euro cu TVA.<\/p>\n<p><strong><span>CITESTE SI<\/span>: <a href=\"https:\/\/www.opiniatimisoarei.ro\/se-reiau-lucrarile-la-turnul-de-apa-din-iosefin-cu-o-firma-de-pe-lista-neagra-a-administratiei-fritz-primaria-timisoara-a-reusit-sa-l-aduca-abia-la-30-in-doi-ani-si-jumatate\/17\/06\/2024\">Se reiau lucrarile la Turnul de Apa din Iosefin, cu o firma de pe \u2018lista neagra\u2019 a administratiei Fritz. Primaria Timisoara a reusit sa-l aduca abia la 30% in doi ani si jumatate<\/a><\/strong><\/p>\n<p>Compania Alex Dia <span class=\"dia_suggestion w3\">Construct<\/span> a avut, de-a lungul timpului, <span class=\"dia_suggestion w10\"><span class=\"dia_suggestion w15\">mai<\/span><\/span><span class=\"dia_suggestion w11\">multe<\/span><span class=\"dia_suggestion w12\">lucr\u0103ri<\/span>\u00a0cu <span class=\"dia_suggestion w18\">Prim\u0103ria <\/span><span class=\"dia_suggestion w19\">Timi\u0219oara<\/span>, <span class=\"dia_suggestion w20\">\u00eentre<\/span><span class=\"dia_suggestion w21\">care<\/span> reabilitarea <span class=\"dia_suggestion w23\">controversat\u0103<\/span> a <span class=\"dia_suggestion w25\">fa\u021badei<\/span> Operei, <span class=\"dia_suggestion w27\">Clinica<\/span> de Balenologie, unde s-au pierdut <span class=\"dia_suggestion w34\">bani<\/span> europeni pentru <span class=\"dia_suggestion w37\">c\u0103<\/span> nu s-a finalizat <span class=\"dia_suggestion w42\"><span class=\"dia_suggestion w61\">la<\/span><\/span><span class=\"dia_suggestion w43\">timp<\/span><span class=\"dia_suggestion w44\">construc\u021bia<\/span>, refacerea imobilului de pe Vasile Alecsandri 1, cu <span class=\"dia_suggestion w51\">mari<\/span><span class=\"dia_suggestion w52\">\u00eent\u00e2rzieri<\/span>, unde e Centrul de Proiecte, apoi modernizarea de la <span class=\"dia_suggestion w62\">\u0218coala<\/span>\u00a0<span class=\"dia_suggestion w63\">Gimnazial\u0103<\/span> 15, anvelop<span class=\"dia_suggestion w55\">\u0103<\/span>ri de blocuri <span class=\"dia_suggestion w67\">\u0219i<\/span> altele.<\/p>\n<p><span class=\"dia_suggestion w74\">La<\/span> Turnul de <span class=\"dia_suggestion w19\">Ap\u0103<\/span><span class=\"dia_suggestion w20\"><span class=\"dia_suggestion w78\"><span class=\"dia_suggestion w98\">din<\/span><\/span><\/span> Iosefin, compania Alex Dia avea <span class=\"dia_suggestion w67\"><span class=\"dia_suggestion w82\"><span class=\"dia_suggestion w96\"><span class=\"dia_suggestion w106\"><span class=\"dia_suggestion w117\">la<\/span><\/span><\/span><\/span><\/span><span class=\"dia_suggestion w83\">dispozi\u021bie<\/span> 6 luni <span class=\"dia_suggestion w85\">s\u0103<\/span> finalizeze renovarea, <span class=\"dia_suggestion w69\">\u00eens\u0103<\/span><span class=\"dia_suggestion w89\">lucr\u0103rile<\/span> nu s-au <span class=\"dia_suggestion w93\">\u00eencheiat<\/span> nici de ast<span class=\"dia_suggestion w19\">\u0103<\/span> dat<span class=\"dia_suggestion w19\">\u0103<\/span> la termenul din contract, 31 decembrie 2024.<\/p>\n<p>Cei care deruleaz<span class=\"dia_suggestion w19\">\u0103<\/span> Programul RO-Cultura prin Ministerul Culturii au reusit s<span class=\"dia_suggestion w19\">\u0103<\/span> ofere o ultim<span class=\"dia_suggestion w19\">\u0103<\/span> extindere de termen, p<span class=\"dia_suggestion w13\">\u00e2<\/span>n<span class=\"dia_suggestion w19\">\u0103<\/span> la 15 martie 2025, dar f<span class=\"dia_suggestion w19\">\u0103<\/span>r<span class=\"dia_suggestion w19\">\u0103<\/span> o supraveghere riguroas<span class=\"dia_suggestion w19\">\u0103<\/span>, constructorul Prim<span class=\"dia_suggestion w19\">\u0103<\/span>riei Timi<span class=\"dia_suggestion w14\">\u0219<\/span>oara nu s-a putut <span class=\"dia_suggestion w28\">\u00ee<\/span>ncadra nici <span class=\"dia_suggestion w28\">\u00ee<\/span>n acest interval de timp. Drept urmare, s-au pierdut banii, 2 milioane de euro.<\/p>\n<p><span class=\"dia_suggestion w1\">La<\/span><span class=\"dia_suggestion w2\">\u00eenceputul<\/span> lunii iunie 2025, primul constructor, <span class=\"dia_suggestion w7\">amenin\u021bat<\/span> de <span class=\"dia_suggestion w9\">c\u0103tre<\/span><span class=\"dia_suggestion w10\">administra\u021bia<\/span> Fritz cu solicitarea de daune-<span class=\"dia_suggestion w16\">interese<\/span>, a <span class=\"dia_suggestion w18\">ac\u021bionat<\/span><span class=\"dia_suggestion w19\">\u00een<\/span><span class=\"dia_suggestion w20\">judecat\u0103<\/span><span class=\"dia_suggestion w21\">Prim\u0103ria<\/span><span class=\"dia_suggestion w22\">Timi\u0219oara<\/span>, <span class=\"dia_suggestion w27\">la<\/span> Tribunalul <span class=\"dia_suggestion w29\">Ialomi\u021ba<\/span>, unde a cerut anularea unei decizii a <span class=\"dia_suggestion w34\">municipalit\u0103\u021bii<\/span>. Abia <span class=\"dia_suggestion w1\">dup\u0103<\/span> un, <span class=\"dia_suggestion w3\">\u00een<\/span> iunie 2026, <span class=\"dia_suggestion w5\">\u0219i<\/span>-a <span class=\"dia_suggestion w7\">dus<\/span><span class=\"dia_suggestion w8\">\u0219i<\/span><span class=\"dia_suggestion w9\">prim\u0103ria<\/span><span class=\"dia_suggestion w10\">amenin\u021b\u0103rile<\/span><span class=\"dia_suggestion w11\">\u00een<\/span> tribunal <span class=\"dia_suggestion w13\">\u0219i<\/span><span class=\"dia_suggestion w14\">sper\u0103<\/span><span class=\"dia_suggestion w15\">la<\/span><span class=\"dia_suggestion w16\">desp\u0103gubiri<\/span>.<\/p>\n<p>Ambele procese sunt <span class=\"dia_suggestion w19\">\u00ee<\/span>nc<span class=\"dia_suggestion w21\">\u0103<\/span><span class=\"dia_suggestion w19\">\u00ee<\/span>n curs.<\/p>\n<p><a href=\"https:\/\/www.opiniatimisoarei.ro\/wp-content\/uploads\/2025\/04\/turn-de-apa-iosefin-1.jpg\"><img loading=\"lazy\" decoding=\"async\" class=\"aligncenter size-full wp-image-846197\" src=\"https:\/\/www.opiniatimisoarei.ro\/wp-content\/uploads\/2025\/04\/turn-de-apa-iosefin-1.jpg\" alt=\"\" width=\"1080\" height=\"720\"><\/a><\/p>\n<p>Castelul de <span class=\"dia_suggestion w38\">Ap\u0103<\/span><span class=\"dia_suggestion w27\"><span class=\"dia_suggestion w39\"><span class=\"dia_suggestion w81\">din<\/span><\/span><\/span> Iosefin, de pe <span class=\"dia_suggestion w43\">strada<\/span>\u00a0Gheorghe <span class=\"dia_suggestion w45\">Bari\u021biu<\/span>, are 52 de metri <span class=\"dia_suggestion w23\">\u0219i<\/span> a fost construit <span class=\"dia_suggestion w53\">\u00een<\/span> anul 1914, <span class=\"dia_suggestion w55\">fiind<\/span> proiectat de inginerii J\u00e1<span class=\"dia_suggestion w60\">nos<\/span> Lenarduzzi <span class=\"dia_suggestion w49\">\u0219i<\/span> Rich\u00e1rd Sabathiel. Avea rolul de a <span class=\"dia_suggestion w70\">regla<\/span> nivelul apei de consum pentru <span class=\"dia_suggestion w76\">popula\u021bie<\/span><span class=\"dia_suggestion w62\">\u0219i<\/span>, <span class=\"dia_suggestion w78\">\u00eempreun\u0103<\/span> cu cel din Fabric, <span class=\"dia_suggestion w83\">puteau<\/span><span class=\"dia_suggestion w84\">asigura<\/span><span class=\"dia_suggestion w5\">apa<\/span>\u00a0vreme de <span class=\"dia_suggestion w88\">mai<\/span><span class=\"dia_suggestion w89\">multe<\/span> ore pentru <span class=\"dia_suggestion w92\">\u00eentreg<\/span><span class=\"dia_suggestion w93\">ora\u0219ul<\/span>.<\/p>\n<p>\u00a0<\/p>\n<\/div>\n<p>[analyse_source url=&#8221;https:\/\/www.opiniatimisoarei.ro\/cu-finantarea-de-2-milioane-de-euro-pierduta-si-lucrari-intarziate-cu-anii-primaria-timisoara-anunta-deschiderea-turnului-de-apa-din-iosefin-cand-e-programata-inaugurarea\/20\/07\/2026&#8243;]<\/p>\n","protected":false},"excerpt":{"rendered":"<p>[analyse_image type=&#8221;featured&#8221; src=&#8221;https:\/\/www.opiniatimisoarei.ro\/wp-content\/uploads\/2026\/07\/turnul-de-apa-colaj-728&#215;336.jpghttps:\/\/www.opiniatimisoarei.ro\/wp-content\/uploads\/2026\/07\/turnul-de-apa-colaj.jpg&#8221;] TIMI\u0218OARA. \u201eAm terminat lucr\u0103rile la Turnul de Ap\u0103 din Iosefin. Acum facem recep\u021bia, iar \u00een weekendul de Ziua Timi\u0219oarei \u00eel deschidem vizitatorilor\u201e, anun\u021b\u0103 primarul Dominic Fritz, luni, pe pagina sa de Facebook. Timi\u0219oara va putea fi admirat\u0103 de la 50 m \u00een\u0103l\u021bime din punctul de belvedere al noului centru cultural pe vertical\u0103 [&hellip;]<\/p>\n","protected":false},"author":1,"featured_media":0,"comment_status":"open","ping_status":"","sticky":false,"template":"","format":"standard","meta":{"footnotes":""},"categories":[89],"tags":[226,190],"class_list":["post-2059358","post","type-post","status-publish","format-standard","hentry","category-romania","tag-crawlmanager","tag-opiniatimisoarei-ro"],"_links":{"self":[{"href":"https:\/\/analyse.optim.biz\/index.php?rest_route=\/wp\/v2\/posts\/2059358","targetHints":{"allow":["GET"]}}],"collection":[{"href":"https:\/\/analyse.optim.biz\/index.php?rest_route=\/wp\/v2\/posts"}],"about":[{"href":"https:\/\/analyse.optim.biz\/index.php?rest_route=\/wp\/v2\/types\/post"}],"author":[{"embeddable":true,"href":"https:\/\/analyse.optim.biz\/index.php?rest_route=\/wp\/v2\/users\/1"}],"replies":[{"embeddable":true,"href":"https:\/\/analyse.optim.biz\/index.php?rest_route=%2Fwp%2Fv2%2Fcomments&post=2059358"}],"version-history":[{"count":0,"href":"https:\/\/analyse.optim.biz\/index.php?rest_route=\/wp\/v2\/posts\/2059358\/revisions"}],"wp:attachment":[{"href":"https:\/\/analyse.optim.biz\/index.php?rest_route=%2Fwp%2Fv2%2Fmedia&parent=2059358"}],"wp:term":[{"taxonomy":"category","embeddable":true,"href":"https:\/\/analyse.optim.biz\/index.php?rest_route=%2Fwp%2Fv2%2Fcategories&post=2059358"},{"taxonomy":"post_tag","embeddable":true,"href":"https:\/\/analyse.optim.biz\/index.php?rest_route=%2Fwp%2Fv2%2Ftags&post=2059358"}],"curies":[{"name":"wp","href":"https:\/\/api.w.org\/{rel}","templated":true}]}}