{"id":2059200,"date":"2026-07-23T06:00:24","date_gmt":"2026-07-23T03:00:24","guid":{"rendered":"https:\/\/analyse.optim.biz\/?p=2059200"},"modified":"2026-07-23T06:00:24","modified_gmt":"2026-07-23T03:00:24","slug":"tulcea-locul-38-din-325-in-topul-oraselor-digitalizate-ale-romaniei-primarul-stefan-ilie-societatea-nu","status":"publish","type":"post","link":"https:\/\/analyse.optim.biz\/?p=2059200","title":{"rendered":"Tulcea, locul 38 din 325 \u00een topul ora\u015felor digitalizate ale Rom\u00e2niei. Primarul \u015etefan Ilie: \u201eSocietatea nu"},"content":{"rendered":"<p>[analyse_image type=&#8221;featured&#8221; src=&#8221;https:\/\/ziaruldelta.ro\/wp-content\/uploads\/2026\/07\/Tulcea-locul-1.jpg&#8221;]<\/p>\n<article id=\"post-37623\" class=\"module single-post-module post-37623 post type-post status-publish format-standard has-post-thumbnail hentry category-actualitate et-has-post-format-content et_post_format-et-post-format-standard\">\n<div class=\"post-header\">\n<h1 class=\"entry-title\">Tulcea, locul 38 din 325 \u00een topul ora\u015felor digitalizate ale Rom\u00e2niei. Primarul \u015etefan Ilie: \u201eSocietatea nu mai poate exista f\u0103r\u0103 digitalizare \u015fi f\u0103r\u0103 inteligen\u0163\u0103 artificial\u0103\u201d<\/h1>\n<div class=\"post-meta vcard\">\n<p>Posted by <a href=\"https:\/\/ziaruldelta.ro\/author\/claudia-ionescu\/\" class=\"url fn\" title=\"Posts by Claudia Ionescu\" rel=\"author\">Claudia Ionescu<\/a> | <span class=\"updated\">Jul 23, 2026<\/span> | <a href=\"https:\/\/ziaruldelta.ro\/category\/actualitate\/\" rel=\"tag\">Actualitate<\/a> | <\/p>\n<\/div>\n<\/div>\n<div class=\"post-thumbnail header\"><img decoding=\"async\" src=\"https:\/\/ziaruldelta.ro\/wp-content\/uploads\/2026\/07\/Tulcea-locul-1.jpg\" alt=\"Tulcea, locul 38 din 325 \u00een topul ora\u015felor digitalizate ale Rom\u00e2niei. Primarul \u015etefan Ilie: \u201eSocietatea nu mai poate exista f\u0103r\u0103 digitalizare \u015fi f\u0103r\u0103 inteligen\u0163\u0103 artificial\u0103\u201d\"><\/div>\n<div class=\"post-wrap\">\n<div class=\"post-content entry-content\">\n<p><strong>Municipiul Tulcea ofer\u0103 printre cele mai digitalizate servicii dintre prim\u0103riile din Rom\u00e2nia, ocup\u00e2nd locul 38 din 325 de ora\u015fe evaluate la nivel na\u0163ional, cu un punctaj de 65,9, peste media na\u0163ional\u0103 de 49,3 puncte. Tulcea \u00eenregistreaz\u0103 un progres important fa\u0163\u0103 de edi\u0163ia din 2023 a studiului, c\u00e2nd s-a clasat pe locul 271, \u015fi fa\u0163\u0103 de edi\u0163ia din 2020, c\u00e2nd s-a clasat pe locul 50.<\/strong><\/p>\n<p>Potrivit unui studiu amplu realizat de cercet\u0103torii Facult\u0103\u0163ii de \u015etiin\u0163e Politice, Administrative \u015fi ale Comunic\u0103rii (FSPAC) din cadrul Universit\u0103\u0163ii Babe\u015f-Bolyai (UBB), Tulcea a \u00eenregistrat un progres spectaculos \u00eentre 2023 \u015fi 2026, de +29,7.<\/p>\n<p>Studiul arat\u0103 c\u0103 doar aproximativ 20% dintre ora\u015fele din Rom\u00e2nia au reu\u015fit s\u0103 \u00ee\u015fi \u00eembun\u0103t\u0103\u0163easc\u0103 \u00een mod constant serviciile de e-guvernare \u00een ultimii \u015fase ani, \u00een timp ce majoritatea au \u00eenregistrat cel pu\u0163in o perioad\u0103 de stagnare sau chiar regres.<\/p>\n<p>Studiul reprezint\u0103 cea de-a treia evaluare longitudinal\u0103 realizat\u0103 din 2020 \u00eencoace \u015fi analizeaz\u0103 administra\u0163iile locale pe baza a 46 de indicatori grupa\u0163i \u00een cinci categorii, oferind o imagine comparativ\u0103 pentru anii 2020, 2023 \u015fi 2026.<\/p>\n<p>Anul acesta, Tulcea a primit scorul de 94.1\/100 la servicii online, 83.3 \/ 100 la securitate \u015fi confiden\u0163ialitate, 74.1 \/ 100 la ergonomie, 48.3 \/ 100 la con\u0163inut \u015fi 33.3 \/ 100 la participare.<\/p>\n<p><img loading=\"lazy\" decoding=\"async\" class=\"size-medium wp-image-37625 aligncenter\" src=\"https:\/\/ziaruldelta.ro\/wp-content\/uploads\/2026\/07\/Tulcea-locul-2-610x306.jpg\" alt width=\"610\" height=\"306\">Primarul \u015etefan Ilie este de p\u0103rere c\u0103 rezultatul ob\u0163inut de Tulcea confirm\u0103 cre\u015fterea rapid\u0103 a digitaliz\u0103rii din ultimii ani \u015fi sus\u0163ine c\u0103 aceasta nu mai reprezint\u0103 o op\u0163iune, ci este esen\u0163ial\u0103 \u00een via\u0163a de zi cu zi.<\/p>\n<blockquote>\n<p>\u201eCred c\u0103 la 325 de ora\u015fe evaluate, locul nostru este unul bun. Suntem mai mult dec\u00e2t \u00een prima jum\u0103tate a clasamentului, chiar \u00een primii 50, ceea ce pentru un ora\u015f ca municipiul Tulcea este un lucru foarte mare. Noi am recuperat foarte mult \u00een foarte pu\u0163in timp. Atunci c\u00e2nd am v\u0103zut proiectul de reabilitare a Prim\u0103riei Tulcea, nici m\u0103car nu erau prev\u0103zute astfel de instala\u0163ii care s\u0103 duc\u0103 spre digitalizare, nici m\u0103car de internet sau de aparatur\u0103 care s\u0103 foloseasc\u0103 aceast\u0103 component\u0103 digital\u0103, ce s-a transformat \u00eentre timp \u015fi \u00een inteligen\u0163\u0103 artificial\u0103. De c\u00e2te ori am avut ocazia am spus c\u0103 utilizarea formelor digitale nu trebuie s\u0103 ne sperie deoarece f\u0103r\u0103 ele, umanitatea nu mai poate progresa. Odat\u0103 ce au fost inventate, componenta digitaliz\u0103rii \u015fi inteligen\u0163a artificial\u0103 sunt \u015fi devin p\u0103r\u0163i ale vie\u0163ii noastre. Ele nu mai pot fi trecute cu vederea \u015fi cine nu le folose\u015fte pierde\u201d, ne-a declarat \u015etefan Ilie.<\/p>\n<\/blockquote>\n<p>Edilul subliniaz\u0103 faptul c\u0103 digitalizarea \u015fi inteligen\u0163a artificial\u0103 sunt prezente deja \u00een toate domeniile de activitate, de la educa\u0163ie \u015fi servicii publice p\u00e2n\u0103 la atragerea fondurilor europene. De asemenea, primarul atrage aten\u0163ia c\u0103 administra\u0163iile care nu reu\u015fesc s\u0103 \u0163in\u0103 pasul cu evolu\u0163ia tehnologiei risc\u0103 s\u0103 r\u0103m\u00e2n\u0103 \u00een urm\u0103.<\/p>\n<blockquote>\n<p>\u201eSocietatea nu mai poate exista f\u0103r\u0103 digitalizare \u015fi f\u0103r\u0103 inteligen\u0163\u0103 artificial\u0103. Copiii nu vor mai putea fi educa\u0163i f\u0103r\u0103 digitalizare, serviciile publice nu-\u015fi mai pot desf\u0103\u015fura activitatea f\u0103r\u0103 digitalizare, cet\u0103\u0163enii nu mai pot func\u0163iona corect f\u0103r\u0103 digitalizare. O prim\u0103rie, dac\u0103 nu este digitalizat\u0103, pierde o finan\u0163are nerambursabil\u0103. \u00cen momentul \u00een care s-a deschis o sesiune de finan\u0163are, noi afl\u0103m instant despre ea datorit\u0103 acestei digitaliz\u0103ri, \u015fi nu o pierdem. Dac\u0103 nu e\u015fti conectat la informa\u0163ie, nu ai cum s\u0103 te dezvol\u0163i. Toate serviciile pe care tinerii din ziua de azi \u015fi toate genera\u0163iile le vor avea \u00een viitor sunt str\u00e2ns legate de digitalizare. Cet\u0103\u0163eanul nu trebuie s\u0103 se sperie de digitalizare pentru c\u0103 se sperie degeaba. F\u0103r\u0103 digitalizare nu mai exist\u0103 nimic. Bine\u00een\u0163eles c\u0103 foarte mul\u0163i cet\u0103\u0163eni consider\u0103 c\u0103 odat\u0103 cu inventarea inteligen\u0163ei artificiale \u015fi foarte multe lucruri rele se propag\u0103. \u00centotdeauna, un segment important al societ\u0103\u0163ii vede \u015fi r\u0103ul fiindc\u0103 atrage \u015fi r\u0103ul, a\u015fa este. Totu\u015fi, pus \u00een balan\u0163\u0103, trebuie s\u0103 lu\u0103m doar p\u0103r\u0163ile pozitive\u201d, a precizat \u015etefan Ilie.<\/p>\n<\/blockquote>\n<p>Primarul \u015etefan Ilie a vorbit \u015fi despre aplica\u0163ia Tulcea City Report prin care cet\u0103\u0163enii pot transmite rapid sesiz\u0103ri c\u0103tre administra\u0163ia local\u0103. De asemenea, edilul a subliniat \u015fi beneficiile cataloagelor electronice din \u015fcoli, preciz\u00e2nd c\u0103 acestea ofer\u0103 o comunicare mai bun\u0103 \u00eentre profesori, p\u0103rin\u0163i \u015fi elevi, dar ajut\u0103 \u015fi la analizarea sistemului educa\u0163ional.<\/p>\n<blockquote>\n<p>\u201eLa \u00eenceputul mandatului meu la Tulcea am \u00eenfiin\u0163at o aplica\u0163ie, Tulcea City Report. Aceasta este o component\u0103 a digitaliz\u0103rii. C\u0103 sunt foarte mul\u0163i care reclam\u0103 c\u0103 au anun\u0163at un lucru de foarte mult timp \u015fi nu s-a rezolvat, da, exist\u0103 \u015fi astfel de sincope \u00een activitatea administrativ\u0103, \u00eens\u0103 important este faptul c\u0103 oamenii au unde s\u0103 reclame. Multe probleme s-au rezolvat prin Tulcea City Report. Oamenii au putut reclama mult mai repede, iar a\u015fa au aflat \u015fi autorit\u0103\u0163ile mult mai repede. Cele mai multe sesiz\u0103ri, propuneri, le rezolv\u0103m prin digitalizare. A trecut vremea c\u00e2nd cet\u0103\u0163enii trebuiau s\u0103 vin\u0103 la prim\u0103rie \u015fi s\u0103 discute fa\u0163\u0103 \u00een fa\u0163\u0103 cu primarii. \u00cenc\u0103 mai sunt mul\u0163i care \u00ee\u015fi doresc lucrul acesta, dar primarul pierde timpul \u00een acest fel. Faptul c\u0103 o mare parte a \u015fcolilor folosesc cataloage electronice, \u015fi sper\u0103m ca s\u0103 fie toate \u00eentr-un termen c\u00e2t mai scurt, este un lucru extraordinar. Catalogul electronic nu doar c\u0103 face apropierea dintre p\u0103rinte, profesor \u015fi elev, dar poate s\u0103-\u0163i dea \u015fi statistici. De exemplu, c\u00e2t de bun este profesorul respectiv, la ce materii sunt probleme \u00een municipiul Tulcea. Totodat\u0103, putem s\u0103 vedem datorit\u0103 acestor cataloage electronice c\u0103 matematica sau alte materii duc lips\u0103 de profesori califica\u0163i sau performan\u0163i. Putem vedea c\u0103 unii elevi au ni\u015fte probleme de conduit\u0103 \u00eentr-o anumit\u0103 spe\u0163\u0103 sau c\u0103 exceleaz\u0103 \u00een alte spe\u0163e. \u015ei \u015fcoala trebuie s\u0103 se adapteze urgent pentru ca elevul s\u0103 cunoasc\u0103 avantajele \u015fi dezavantajele, s\u0103 \u015ftie s\u0103 foloseasc\u0103 corect un telefon, o platform\u0103, pentru a nu mai fi afectat negativ de digitalizare. Cet\u0103\u0163enii trebuie s\u0103 vad\u0103 urm\u0103torul lucru, c\u0103 trebuie s\u0103 te adaptezi la digitalizare\u201d, a explicat \u015etefan Ilie.<\/p>\n<\/blockquote>\n<p><strong>Municipalitatea continu\u0103 procesul de digitalizare a administra\u0163iei locale<\/strong><\/p>\n<p>Ca planuri de viitor, primarul a subliniat faptul c\u0103 procesul de digitalizare trebuie extins la nivelul tuturor institu\u0163iilor publice, iar administra\u0163ia local\u0103 nu-\u015fi poate dezvolta activitatea f\u0103r\u0103 utilizarea tehnologiei.<\/p>\n<blockquote>\n<p>\u201eNe dorim o digitalizare \u015fi mai profund\u0103. Nu mai vrem s\u0103 facem ordine de plat\u0103 \u00een scris. Vrem ca \u015fi celelalte institu\u0163ii, nu doar Prim\u0103ria, s\u0103 se digitalizeze. Vorbim de Trezoreria Statului, Finan\u0163ele Publice, toate s\u0103 fie c\u00e2t mai performante din punct de vedere digital. F\u0103r\u0103 digitalizare nu mai putem performa. Este imposibil. S\u0103 ne g\u00e2ndim c\u0103 acum nu-\u0163i mai trebuie firme de paz\u0103. \u00cenainte trebuia s\u0103 pui un om la poart\u0103 s\u0103-i numere pe cei care au intrat \u015fi cei care au ie\u015fit. Acum, prin digitalizare, noi \u015ftim cine a intrat, cine a ie\u015fit, cine st\u0103 la munc\u0103, cine pleac\u0103 \u00een pauza de mas\u0103 \u015fi nu mai vine\u201d, a spus primarul.<\/p>\n<\/blockquote>\n<p>De asemenea, edilul atrage aten\u0163ia c\u0103 nu trebuie s\u0103 mai existe vreun angajat \u00een administra\u0163ia public\u0103 incapabil s\u0103 foloseasc\u0103 tehnologia.<\/p>\n<blockquote>\n<p>\u201eNu mai trebuie s\u0103 mai fie vreun lucr\u0103tor \u00een administra\u0163ia public\u0103 care s\u0103 nu \u015ftie s\u0103 foloseasc\u0103 elementele digitaliz\u0103rii. Nu mai are ce c\u0103uta, fiindc\u0103 este imposibil s\u0103 po\u0163i performa. R\u0103m\u00e2i \u00een urma tuturor celorlal\u0163i. Practic, un curent al fake-urilor este dat de lipsa noastr\u0103 de cunoa\u015ftere, de a m\u00e2nui elementele digitale. Credem orice fel de postare, orice fel de poz\u0103. Dac\u0103 ne uit\u0103m cu aten\u0163ie \u015fi \u00eenv\u0103\u0163\u0103m ni\u015fte lucruri prin care putem distinge ce e fals \u015fi ce e adev\u0103rat, ne d\u0103m seama c\u0103 acea informa\u0163ie cum c\u0103 primarul de la Oradea a d\u0103r\u00e2mat statuia lui Mihai Viteazu este fals\u0103, dar a fost crezut\u0103 de foarte mul\u0163i cet\u0103\u0163eni din cauza faptului c\u0103 nu cunoa\u015ftem \u00eenc\u0103 s\u0103 lucr\u0103m foarte bine cu digitalizarea. Sau ajungem s\u0103 d\u0103m dreptate unui agresor, de exemplu, care justific\u0103 un r\u0103zboi\u201d, a men\u0163ionat edilul.<\/p>\n<\/blockquote>\n<p><strong>Radiografie a digitaliz\u0103rii administra\u0163iei locale<\/strong><\/p>\n<p>Indexul de E-guvernare Local\u0103 este una dintre cele mai ample evalu\u0103ri realizate \u00een Rom\u00e2nia asupra administra\u0163iei digitale, analiz\u00e2nd 325 de ora\u015fe, prin 46 de indicatori grupa\u0163i \u00een cinci categorii, \u00een trei edi\u0163ii consecutive (2020, 2023 \u015fi 2026).<\/p>\n<p>Cele \u015fase ani de date permit nu doar realizarea unui clasament, ci \u015fi urm\u0103rirea modului \u00een care administra\u0163iile locale evolueaz\u0103 \u00een timp, eviden\u0163iind at\u00e2t exemplele de bun\u0103 practic\u0103, c\u00e2t \u015fi ora\u015fele care au pierdut teren \u00een procesul de digitalizare.<\/p>\n<\/div>\n<\/div>\n<div class=\"post-footer\">\n<div class=\"social-icons ed-social-share-icons\">\n<p class=\"share-title\">Share:<\/p>\n<\/div>\n<div class=\"rating-stars\">\n<p id=\"rate-title\" class=\"rate-title\">Rate:<\/p>\n<\/div>\n<\/div>\n<\/article>\n<div class=\"post-content entry-content\">\n<p><strong>Municipiul Tulcea ofer\u0103 printre cele mai digitalizate servicii dintre prim\u0103riile din Rom\u00e2nia, ocup\u00e2nd locul 38 din 325 de ora\u015fe evaluate la nivel na\u0163ional, cu un punctaj de 65,9, peste media na\u0163ional\u0103 de 49,3 puncte. Tulcea \u00eenregistreaz\u0103 un progres important fa\u0163\u0103 de edi\u0163ia din 2023 a studiului, c\u00e2nd s-a clasat pe locul 271, \u015fi fa\u0163\u0103 de edi\u0163ia din 2020, c\u00e2nd s-a clasat pe locul 50.<\/strong><\/p>\n<p>Potrivit unui studiu amplu realizat de cercet\u0103torii Facult\u0103\u0163ii de \u015etiin\u0163e Politice, Administrative \u015fi ale Comunic\u0103rii (FSPAC) din cadrul Universit\u0103\u0163ii Babe\u015f-Bolyai (UBB), Tulcea a \u00eenregistrat un progres spectaculos \u00eentre 2023 \u015fi 2026, de +29,7.<\/p>\n<p>Studiul arat\u0103 c\u0103 doar aproximativ 20% dintre ora\u015fele din Rom\u00e2nia au reu\u015fit s\u0103 \u00ee\u015fi \u00eembun\u0103t\u0103\u0163easc\u0103 \u00een mod constant serviciile de e-guvernare \u00een ultimii \u015fase ani, \u00een timp ce majoritatea au \u00eenregistrat cel pu\u0163in o perioad\u0103 de stagnare sau chiar regres.<\/p>\n<p>Studiul reprezint\u0103 cea de-a treia evaluare longitudinal\u0103 realizat\u0103 din 2020 \u00eencoace \u015fi analizeaz\u0103 administra\u0163iile locale pe baza a 46 de indicatori grupa\u0163i \u00een cinci categorii, oferind o imagine comparativ\u0103 pentru anii 2020, 2023 \u015fi 2026.<\/p>\n<p>Anul acesta, Tulcea a primit scorul de 94.1\/100 la servicii online, 83.3 \/ 100 la securitate \u015fi confiden\u0163ialitate, 74.1 \/ 100 la ergonomie, 48.3 \/ 100 la con\u0163inut \u015fi 33.3 \/ 100 la participare.<\/p>\n<p><img loading=\"lazy\" decoding=\"async\" class=\"size-medium wp-image-37625 aligncenter\" src=\"https:\/\/ziaruldelta.ro\/wp-content\/uploads\/2026\/07\/Tulcea-locul-2-610x306.jpg\" alt width=\"610\" height=\"306\">Primarul \u015etefan Ilie este de p\u0103rere c\u0103 rezultatul ob\u0163inut de Tulcea confirm\u0103 cre\u015fterea rapid\u0103 a digitaliz\u0103rii din ultimii ani \u015fi sus\u0163ine c\u0103 aceasta nu mai reprezint\u0103 o op\u0163iune, ci este esen\u0163ial\u0103 \u00een via\u0163a de zi cu zi.<\/p>\n<blockquote>\n<p>\u201eCred c\u0103 la 325 de ora\u015fe evaluate, locul nostru este unul bun. Suntem mai mult dec\u00e2t \u00een prima jum\u0103tate a clasamentului, chiar \u00een primii 50, ceea ce pentru un ora\u015f ca municipiul Tulcea este un lucru foarte mare. Noi am recuperat foarte mult \u00een foarte pu\u0163in timp. Atunci c\u00e2nd am v\u0103zut proiectul de reabilitare a Prim\u0103riei Tulcea, nici m\u0103car nu erau prev\u0103zute astfel de instala\u0163ii care s\u0103 duc\u0103 spre digitalizare, nici m\u0103car de internet sau de aparatur\u0103 care s\u0103 foloseasc\u0103 aceast\u0103 component\u0103 digital\u0103, ce s-a transformat \u00eentre timp \u015fi \u00een inteligen\u0163\u0103 artificial\u0103. De c\u00e2te ori am avut ocazia am spus c\u0103 utilizarea formelor digitale nu trebuie s\u0103 ne sperie deoarece f\u0103r\u0103 ele, umanitatea nu mai poate progresa. Odat\u0103 ce au fost inventate, componenta digitaliz\u0103rii \u015fi inteligen\u0163a artificial\u0103 sunt \u015fi devin p\u0103r\u0163i ale vie\u0163ii noastre. Ele nu mai pot fi trecute cu vederea \u015fi cine nu le folose\u015fte pierde\u201d, ne-a declarat \u015etefan Ilie.<\/p>\n<\/blockquote>\n<p>Edilul subliniaz\u0103 faptul c\u0103 digitalizarea \u015fi inteligen\u0163a artificial\u0103 sunt prezente deja \u00een toate domeniile de activitate, de la educa\u0163ie \u015fi servicii publice p\u00e2n\u0103 la atragerea fondurilor europene. De asemenea, primarul atrage aten\u0163ia c\u0103 administra\u0163iile care nu reu\u015fesc s\u0103 \u0163in\u0103 pasul cu evolu\u0163ia tehnologiei risc\u0103 s\u0103 r\u0103m\u00e2n\u0103 \u00een urm\u0103.<\/p>\n<blockquote>\n<p>\u201eSocietatea nu mai poate exista f\u0103r\u0103 digitalizare \u015fi f\u0103r\u0103 inteligen\u0163\u0103 artificial\u0103. Copiii nu vor mai putea fi educa\u0163i f\u0103r\u0103 digitalizare, serviciile publice nu-\u015fi mai pot desf\u0103\u015fura activitatea f\u0103r\u0103 digitalizare, cet\u0103\u0163enii nu mai pot func\u0163iona corect f\u0103r\u0103 digitalizare. O prim\u0103rie, dac\u0103 nu este digitalizat\u0103, pierde o finan\u0163are nerambursabil\u0103. \u00cen momentul \u00een care s-a deschis o sesiune de finan\u0163are, noi afl\u0103m instant despre ea datorit\u0103 acestei digitaliz\u0103ri, \u015fi nu o pierdem. Dac\u0103 nu e\u015fti conectat la informa\u0163ie, nu ai cum s\u0103 te dezvol\u0163i. Toate serviciile pe care tinerii din ziua de azi \u015fi toate genera\u0163iile le vor avea \u00een viitor sunt str\u00e2ns legate de digitalizare. Cet\u0103\u0163eanul nu trebuie s\u0103 se sperie de digitalizare pentru c\u0103 se sperie degeaba. F\u0103r\u0103 digitalizare nu mai exist\u0103 nimic. Bine\u00een\u0163eles c\u0103 foarte mul\u0163i cet\u0103\u0163eni consider\u0103 c\u0103 odat\u0103 cu inventarea inteligen\u0163ei artificiale \u015fi foarte multe lucruri rele se propag\u0103. \u00centotdeauna, un segment important al societ\u0103\u0163ii vede \u015fi r\u0103ul fiindc\u0103 atrage \u015fi r\u0103ul, a\u015fa este. Totu\u015fi, pus \u00een balan\u0163\u0103, trebuie s\u0103 lu\u0103m doar p\u0103r\u0163ile pozitive\u201d, a precizat \u015etefan Ilie.<\/p>\n<\/blockquote>\n<p>Primarul \u015etefan Ilie a vorbit \u015fi despre aplica\u0163ia Tulcea City Report prin care cet\u0103\u0163enii pot transmite rapid sesiz\u0103ri c\u0103tre administra\u0163ia local\u0103. De asemenea, edilul a subliniat \u015fi beneficiile cataloagelor electronice din \u015fcoli, preciz\u00e2nd c\u0103 acestea ofer\u0103 o comunicare mai bun\u0103 \u00eentre profesori, p\u0103rin\u0163i \u015fi elevi, dar ajut\u0103 \u015fi la analizarea sistemului educa\u0163ional.<\/p>\n<blockquote>\n<p>\u201eLa \u00eenceputul mandatului meu la Tulcea am \u00eenfiin\u0163at o aplica\u0163ie, Tulcea City Report. Aceasta este o component\u0103 a digitaliz\u0103rii. C\u0103 sunt foarte mul\u0163i care reclam\u0103 c\u0103 au anun\u0163at un lucru de foarte mult timp \u015fi nu s-a rezolvat, da, exist\u0103 \u015fi astfel de sincope \u00een activitatea administrativ\u0103, \u00eens\u0103 important este faptul c\u0103 oamenii au unde s\u0103 reclame. Multe probleme s-au rezolvat prin Tulcea City Report. Oamenii au putut reclama mult mai repede, iar a\u015fa au aflat \u015fi autorit\u0103\u0163ile mult mai repede. Cele mai multe sesiz\u0103ri, propuneri, le rezolv\u0103m prin digitalizare. A trecut vremea c\u00e2nd cet\u0103\u0163enii trebuiau s\u0103 vin\u0103 la prim\u0103rie \u015fi s\u0103 discute fa\u0163\u0103 \u00een fa\u0163\u0103 cu primarii. \u00cenc\u0103 mai sunt mul\u0163i care \u00ee\u015fi doresc lucrul acesta, dar primarul pierde timpul \u00een acest fel. Faptul c\u0103 o mare parte a \u015fcolilor folosesc cataloage electronice, \u015fi sper\u0103m ca s\u0103 fie toate \u00eentr-un termen c\u00e2t mai scurt, este un lucru extraordinar. Catalogul electronic nu doar c\u0103 face apropierea dintre p\u0103rinte, profesor \u015fi elev, dar poate s\u0103-\u0163i dea \u015fi statistici. De exemplu, c\u00e2t de bun este profesorul respectiv, la ce materii sunt probleme \u00een municipiul Tulcea. Totodat\u0103, putem s\u0103 vedem datorit\u0103 acestor cataloage electronice c\u0103 matematica sau alte materii duc lips\u0103 de profesori califica\u0163i sau performan\u0163i. Putem vedea c\u0103 unii elevi au ni\u015fte probleme de conduit\u0103 \u00eentr-o anumit\u0103 spe\u0163\u0103 sau c\u0103 exceleaz\u0103 \u00een alte spe\u0163e. \u015ei \u015fcoala trebuie s\u0103 se adapteze urgent pentru ca elevul s\u0103 cunoasc\u0103 avantajele \u015fi dezavantajele, s\u0103 \u015ftie s\u0103 foloseasc\u0103 corect un telefon, o platform\u0103, pentru a nu mai fi afectat negativ de digitalizare. Cet\u0103\u0163enii trebuie s\u0103 vad\u0103 urm\u0103torul lucru, c\u0103 trebuie s\u0103 te adaptezi la digitalizare\u201d, a explicat \u015etefan Ilie.<\/p>\n<\/blockquote>\n<p><strong>Municipalitatea continu\u0103 procesul de digitalizare a administra\u0163iei locale<\/strong><\/p>\n<p>Ca planuri de viitor, primarul a subliniat faptul c\u0103 procesul de digitalizare trebuie extins la nivelul tuturor institu\u0163iilor publice, iar administra\u0163ia local\u0103 nu-\u015fi poate dezvolta activitatea f\u0103r\u0103 utilizarea tehnologiei.<\/p>\n<blockquote>\n<p>\u201eNe dorim o digitalizare \u015fi mai profund\u0103. Nu mai vrem s\u0103 facem ordine de plat\u0103 \u00een scris. Vrem ca \u015fi celelalte institu\u0163ii, nu doar Prim\u0103ria, s\u0103 se digitalizeze. Vorbim de Trezoreria Statului, Finan\u0163ele Publice, toate s\u0103 fie c\u00e2t mai performante din punct de vedere digital. F\u0103r\u0103 digitalizare nu mai putem performa. Este imposibil. S\u0103 ne g\u00e2ndim c\u0103 acum nu-\u0163i mai trebuie firme de paz\u0103. \u00cenainte trebuia s\u0103 pui un om la poart\u0103 s\u0103-i numere pe cei care au intrat \u015fi cei care au ie\u015fit. Acum, prin digitalizare, noi \u015ftim cine a intrat, cine a ie\u015fit, cine st\u0103 la munc\u0103, cine pleac\u0103 \u00een pauza de mas\u0103 \u015fi nu mai vine\u201d, a spus primarul.<\/p>\n<\/blockquote>\n<p>De asemenea, edilul atrage aten\u0163ia c\u0103 nu trebuie s\u0103 mai existe vreun angajat \u00een administra\u0163ia public\u0103 incapabil s\u0103 foloseasc\u0103 tehnologia.<\/p>\n<blockquote>\n<p>\u201eNu mai trebuie s\u0103 mai fie vreun lucr\u0103tor \u00een administra\u0163ia public\u0103 care s\u0103 nu \u015ftie s\u0103 foloseasc\u0103 elementele digitaliz\u0103rii. Nu mai are ce c\u0103uta, fiindc\u0103 este imposibil s\u0103 po\u0163i performa. R\u0103m\u00e2i \u00een urma tuturor celorlal\u0163i. Practic, un curent al fake-urilor este dat de lipsa noastr\u0103 de cunoa\u015ftere, de a m\u00e2nui elementele digitale. Credem orice fel de postare, orice fel de poz\u0103. Dac\u0103 ne uit\u0103m cu aten\u0163ie \u015fi \u00eenv\u0103\u0163\u0103m ni\u015fte lucruri prin care putem distinge ce e fals \u015fi ce e adev\u0103rat, ne d\u0103m seama c\u0103 acea informa\u0163ie cum c\u0103 primarul de la Oradea a d\u0103r\u00e2mat statuia lui Mihai Viteazu este fals\u0103, dar a fost crezut\u0103 de foarte mul\u0163i cet\u0103\u0163eni din cauza faptului c\u0103 nu cunoa\u015ftem \u00eenc\u0103 s\u0103 lucr\u0103m foarte bine cu digitalizarea. Sau ajungem s\u0103 d\u0103m dreptate unui agresor, de exemplu, care justific\u0103 un r\u0103zboi\u201d, a men\u0163ionat edilul.<\/p>\n<\/blockquote>\n<p><strong>Radiografie a digitaliz\u0103rii administra\u0163iei locale<\/strong><\/p>\n<p>Indexul de E-guvernare Local\u0103 este una dintre cele mai ample evalu\u0103ri realizate \u00een Rom\u00e2nia asupra administra\u0163iei digitale, analiz\u00e2nd 325 de ora\u015fe, prin 46 de indicatori grupa\u0163i \u00een cinci categorii, \u00een trei edi\u0163ii consecutive (2020, 2023 \u015fi 2026).<\/p>\n<p>Cele \u015fase ani de date permit nu doar realizarea unui clasament, ci \u015fi urm\u0103rirea modului \u00een care administra\u0163iile locale evolueaz\u0103 \u00een timp, eviden\u0163iind at\u00e2t exemplele de bun\u0103 practic\u0103, c\u00e2t \u015fi ora\u015fele care au pierdut teren \u00een procesul de digitalizare.<\/p>\n<\/div>\n<div class=\"post-content entry-content\">\n<p><strong>Municipiul Tulcea ofer\u0103 printre cele mai digitalizate servicii dintre prim\u0103riile din Rom\u00e2nia, ocup\u00e2nd locul 38 din 325 de ora\u015fe evaluate la nivel na\u0163ional, cu un punctaj de 65,9, peste media na\u0163ional\u0103 de 49,3 puncte. Tulcea \u00eenregistreaz\u0103 un progres important fa\u0163\u0103 de edi\u0163ia din 2023 a studiului, c\u00e2nd s-a clasat pe locul 271, \u015fi fa\u0163\u0103 de edi\u0163ia din 2020, c\u00e2nd s-a clasat pe locul 50.<\/strong><\/p>\n<p>Potrivit unui studiu amplu realizat de cercet\u0103torii Facult\u0103\u0163ii de \u015etiin\u0163e Politice, Administrative \u015fi ale Comunic\u0103rii (FSPAC) din cadrul Universit\u0103\u0163ii Babe\u015f-Bolyai (UBB), Tulcea a \u00eenregistrat un progres spectaculos \u00eentre 2023 \u015fi 2026, de +29,7.<\/p>\n<p>Studiul arat\u0103 c\u0103 doar aproximativ 20% dintre ora\u015fele din Rom\u00e2nia au reu\u015fit s\u0103 \u00ee\u015fi \u00eembun\u0103t\u0103\u0163easc\u0103 \u00een mod constant serviciile de e-guvernare \u00een ultimii \u015fase ani, \u00een timp ce majoritatea au \u00eenregistrat cel pu\u0163in o perioad\u0103 de stagnare sau chiar regres.<\/p>\n<p>Studiul reprezint\u0103 cea de-a treia evaluare longitudinal\u0103 realizat\u0103 din 2020 \u00eencoace \u015fi analizeaz\u0103 administra\u0163iile locale pe baza a 46 de indicatori grupa\u0163i \u00een cinci categorii, oferind o imagine comparativ\u0103 pentru anii 2020, 2023 \u015fi 2026.<\/p>\n<p>Anul acesta, Tulcea a primit scorul de 94.1\/100 la servicii online, 83.3 \/ 100 la securitate \u015fi confiden\u0163ialitate, 74.1 \/ 100 la ergonomie, 48.3 \/ 100 la con\u0163inut \u015fi 33.3 \/ 100 la participare.<\/p>\n<p><img loading=\"lazy\" decoding=\"async\" class=\"size-medium wp-image-37625 aligncenter\" src=\"https:\/\/ziaruldelta.ro\/wp-content\/uploads\/2026\/07\/Tulcea-locul-2-610x306.jpg\" alt width=\"610\" height=\"306\">Primarul \u015etefan Ilie este de p\u0103rere c\u0103 rezultatul ob\u0163inut de Tulcea confirm\u0103 cre\u015fterea rapid\u0103 a digitaliz\u0103rii din ultimii ani \u015fi sus\u0163ine c\u0103 aceasta nu mai reprezint\u0103 o op\u0163iune, ci este esen\u0163ial\u0103 \u00een via\u0163a de zi cu zi.<\/p>\n<blockquote>\n<p>\u201eCred c\u0103 la 325 de ora\u015fe evaluate, locul nostru este unul bun. Suntem mai mult dec\u00e2t \u00een prima jum\u0103tate a clasamentului, chiar \u00een primii 50, ceea ce pentru un ora\u015f ca municipiul Tulcea este un lucru foarte mare. Noi am recuperat foarte mult \u00een foarte pu\u0163in timp. Atunci c\u00e2nd am v\u0103zut proiectul de reabilitare a Prim\u0103riei Tulcea, nici m\u0103car nu erau prev\u0103zute astfel de instala\u0163ii care s\u0103 duc\u0103 spre digitalizare, nici m\u0103car de internet sau de aparatur\u0103 care s\u0103 foloseasc\u0103 aceast\u0103 component\u0103 digital\u0103, ce s-a transformat \u00eentre timp \u015fi \u00een inteligen\u0163\u0103 artificial\u0103. De c\u00e2te ori am avut ocazia am spus c\u0103 utilizarea formelor digitale nu trebuie s\u0103 ne sperie deoarece f\u0103r\u0103 ele, umanitatea nu mai poate progresa. Odat\u0103 ce au fost inventate, componenta digitaliz\u0103rii \u015fi inteligen\u0163a artificial\u0103 sunt \u015fi devin p\u0103r\u0163i ale vie\u0163ii noastre. Ele nu mai pot fi trecute cu vederea \u015fi cine nu le folose\u015fte pierde\u201d, ne-a declarat \u015etefan Ilie.<\/p>\n<\/blockquote>\n<p>Edilul subliniaz\u0103 faptul c\u0103 digitalizarea \u015fi inteligen\u0163a artificial\u0103 sunt prezente deja \u00een toate domeniile de activitate, de la educa\u0163ie \u015fi servicii publice p\u00e2n\u0103 la atragerea fondurilor europene. De asemenea, primarul atrage aten\u0163ia c\u0103 administra\u0163iile care nu reu\u015fesc s\u0103 \u0163in\u0103 pasul cu evolu\u0163ia tehnologiei risc\u0103 s\u0103 r\u0103m\u00e2n\u0103 \u00een urm\u0103.<\/p>\n<blockquote>\n<p>\u201eSocietatea nu mai poate exista f\u0103r\u0103 digitalizare \u015fi f\u0103r\u0103 inteligen\u0163\u0103 artificial\u0103. Copiii nu vor mai putea fi educa\u0163i f\u0103r\u0103 digitalizare, serviciile publice nu-\u015fi mai pot desf\u0103\u015fura activitatea f\u0103r\u0103 digitalizare, cet\u0103\u0163enii nu mai pot func\u0163iona corect f\u0103r\u0103 digitalizare. O prim\u0103rie, dac\u0103 nu este digitalizat\u0103, pierde o finan\u0163are nerambursabil\u0103. \u00cen momentul \u00een care s-a deschis o sesiune de finan\u0163are, noi afl\u0103m instant despre ea datorit\u0103 acestei digitaliz\u0103ri, \u015fi nu o pierdem. Dac\u0103 nu e\u015fti conectat la informa\u0163ie, nu ai cum s\u0103 te dezvol\u0163i. Toate serviciile pe care tinerii din ziua de azi \u015fi toate genera\u0163iile le vor avea \u00een viitor sunt str\u00e2ns legate de digitalizare. Cet\u0103\u0163eanul nu trebuie s\u0103 se sperie de digitalizare pentru c\u0103 se sperie degeaba. F\u0103r\u0103 digitalizare nu mai exist\u0103 nimic. Bine\u00een\u0163eles c\u0103 foarte mul\u0163i cet\u0103\u0163eni consider\u0103 c\u0103 odat\u0103 cu inventarea inteligen\u0163ei artificiale \u015fi foarte multe lucruri rele se propag\u0103. \u00centotdeauna, un segment important al societ\u0103\u0163ii vede \u015fi r\u0103ul fiindc\u0103 atrage \u015fi r\u0103ul, a\u015fa este. Totu\u015fi, pus \u00een balan\u0163\u0103, trebuie s\u0103 lu\u0103m doar p\u0103r\u0163ile pozitive\u201d, a precizat \u015etefan Ilie.<\/p>\n<\/blockquote>\n<p>Primarul \u015etefan Ilie a vorbit \u015fi despre aplica\u0163ia Tulcea City Report prin care cet\u0103\u0163enii pot transmite rapid sesiz\u0103ri c\u0103tre administra\u0163ia local\u0103. De asemenea, edilul a subliniat \u015fi beneficiile cataloagelor electronice din \u015fcoli, preciz\u00e2nd c\u0103 acestea ofer\u0103 o comunicare mai bun\u0103 \u00eentre profesori, p\u0103rin\u0163i \u015fi elevi, dar ajut\u0103 \u015fi la analizarea sistemului educa\u0163ional.<\/p>\n<blockquote>\n<p>\u201eLa \u00eenceputul mandatului meu la Tulcea am \u00eenfiin\u0163at o aplica\u0163ie, Tulcea City Report. Aceasta este o component\u0103 a digitaliz\u0103rii. C\u0103 sunt foarte mul\u0163i care reclam\u0103 c\u0103 au anun\u0163at un lucru de foarte mult timp \u015fi nu s-a rezolvat, da, exist\u0103 \u015fi astfel de sincope \u00een activitatea administrativ\u0103, \u00eens\u0103 important este faptul c\u0103 oamenii au unde s\u0103 reclame. Multe probleme s-au rezolvat prin Tulcea City Report. Oamenii au putut reclama mult mai repede, iar a\u015fa au aflat \u015fi autorit\u0103\u0163ile mult mai repede. Cele mai multe sesiz\u0103ri, propuneri, le rezolv\u0103m prin digitalizare. A trecut vremea c\u00e2nd cet\u0103\u0163enii trebuiau s\u0103 vin\u0103 la prim\u0103rie \u015fi s\u0103 discute fa\u0163\u0103 \u00een fa\u0163\u0103 cu primarii. \u00cenc\u0103 mai sunt mul\u0163i care \u00ee\u015fi doresc lucrul acesta, dar primarul pierde timpul \u00een acest fel. Faptul c\u0103 o mare parte a \u015fcolilor folosesc cataloage electronice, \u015fi sper\u0103m ca s\u0103 fie toate \u00eentr-un termen c\u00e2t mai scurt, este un lucru extraordinar. Catalogul electronic nu doar c\u0103 face apropierea dintre p\u0103rinte, profesor \u015fi elev, dar poate s\u0103-\u0163i dea \u015fi statistici. De exemplu, c\u00e2t de bun este profesorul respectiv, la ce materii sunt probleme \u00een municipiul Tulcea. Totodat\u0103, putem s\u0103 vedem datorit\u0103 acestor cataloage electronice c\u0103 matematica sau alte materii duc lips\u0103 de profesori califica\u0163i sau performan\u0163i. Putem vedea c\u0103 unii elevi au ni\u015fte probleme de conduit\u0103 \u00eentr-o anumit\u0103 spe\u0163\u0103 sau c\u0103 exceleaz\u0103 \u00een alte spe\u0163e. \u015ei \u015fcoala trebuie s\u0103 se adapteze urgent pentru ca elevul s\u0103 cunoasc\u0103 avantajele \u015fi dezavantajele, s\u0103 \u015ftie s\u0103 foloseasc\u0103 corect un telefon, o platform\u0103, pentru a nu mai fi afectat negativ de digitalizare. Cet\u0103\u0163enii trebuie s\u0103 vad\u0103 urm\u0103torul lucru, c\u0103 trebuie s\u0103 te adaptezi la digitalizare\u201d, a explicat \u015etefan Ilie.<\/p>\n<\/blockquote>\n<p><strong>Municipalitatea continu\u0103 procesul de digitalizare a administra\u0163iei locale<\/strong><\/p>\n<p>Ca planuri de viitor, primarul a subliniat faptul c\u0103 procesul de digitalizare trebuie extins la nivelul tuturor institu\u0163iilor publice, iar administra\u0163ia local\u0103 nu-\u015fi poate dezvolta activitatea f\u0103r\u0103 utilizarea tehnologiei.<\/p>\n<blockquote>\n<p>\u201eNe dorim o digitalizare \u015fi mai profund\u0103. Nu mai vrem s\u0103 facem ordine de plat\u0103 \u00een scris. Vrem ca \u015fi celelalte institu\u0163ii, nu doar Prim\u0103ria, s\u0103 se digitalizeze. Vorbim de Trezoreria Statului, Finan\u0163ele Publice, toate s\u0103 fie c\u00e2t mai performante din punct de vedere digital. F\u0103r\u0103 digitalizare nu mai putem performa. Este imposibil. S\u0103 ne g\u00e2ndim c\u0103 acum nu-\u0163i mai trebuie firme de paz\u0103. \u00cenainte trebuia s\u0103 pui un om la poart\u0103 s\u0103-i numere pe cei care au intrat \u015fi cei care au ie\u015fit. Acum, prin digitalizare, noi \u015ftim cine a intrat, cine a ie\u015fit, cine st\u0103 la munc\u0103, cine pleac\u0103 \u00een pauza de mas\u0103 \u015fi nu mai vine\u201d, a spus primarul.<\/p>\n<\/blockquote>\n<p>De asemenea, edilul atrage aten\u0163ia c\u0103 nu trebuie s\u0103 mai existe vreun angajat \u00een administra\u0163ia public\u0103 incapabil s\u0103 foloseasc\u0103 tehnologia.<\/p>\n<blockquote>\n<p>\u201eNu mai trebuie s\u0103 mai fie vreun lucr\u0103tor \u00een administra\u0163ia public\u0103 care s\u0103 nu \u015ftie s\u0103 foloseasc\u0103 elementele digitaliz\u0103rii. Nu mai are ce c\u0103uta, fiindc\u0103 este imposibil s\u0103 po\u0163i performa. R\u0103m\u00e2i \u00een urma tuturor celorlal\u0163i. Practic, un curent al fake-urilor este dat de lipsa noastr\u0103 de cunoa\u015ftere, de a m\u00e2nui elementele digitale. Credem orice fel de postare, orice fel de poz\u0103. Dac\u0103 ne uit\u0103m cu aten\u0163ie \u015fi \u00eenv\u0103\u0163\u0103m ni\u015fte lucruri prin care putem distinge ce e fals \u015fi ce e adev\u0103rat, ne d\u0103m seama c\u0103 acea informa\u0163ie cum c\u0103 primarul de la Oradea a d\u0103r\u00e2mat statuia lui Mihai Viteazu este fals\u0103, dar a fost crezut\u0103 de foarte mul\u0163i cet\u0103\u0163eni din cauza faptului c\u0103 nu cunoa\u015ftem \u00eenc\u0103 s\u0103 lucr\u0103m foarte bine cu digitalizarea. Sau ajungem s\u0103 d\u0103m dreptate unui agresor, de exemplu, care justific\u0103 un r\u0103zboi\u201d, a men\u0163ionat edilul.<\/p>\n<\/blockquote>\n<p><strong>Radiografie a digitaliz\u0103rii administra\u0163iei locale<\/strong><\/p>\n<p>Indexul de E-guvernare Local\u0103 este una dintre cele mai ample evalu\u0103ri realizate \u00een Rom\u00e2nia asupra administra\u0163iei digitale, analiz\u00e2nd 325 de ora\u015fe, prin 46 de indicatori grupa\u0163i \u00een cinci categorii, \u00een trei edi\u0163ii consecutive (2020, 2023 \u015fi 2026).<\/p>\n<p>Cele \u015fase ani de date permit nu doar realizarea unui clasament, ci \u015fi urm\u0103rirea modului \u00een care administra\u0163iile locale evolueaz\u0103 \u00een timp, eviden\u0163iind at\u00e2t exemplele de bun\u0103 practic\u0103, c\u00e2t \u015fi ora\u015fele care au pierdut teren \u00een procesul de digitalizare.<\/p>\n<\/div>\n<p>[analyse_source url=&#8221;https:\/\/ziaruldelta.ro\/2026\/07\/23\/tulcea-locul-38-din-325-in-topul-oraselor-digitalizate-ale-romaniei-primarul-stefan-ilie-societatea-nu-mai-poate-exista-fara-digitalizare-si-fara-inteligenta-artificiala\/&#8221;]<\/p>\n","protected":false},"excerpt":{"rendered":"<p>[analyse_image type=&#8221;featured&#8221; src=&#8221;https:\/\/ziaruldelta.ro\/wp-content\/uploads\/2026\/07\/Tulcea-locul-1.jpg&#8221;] Tulcea, locul 38 din 325 \u00een topul ora\u015felor digitalizate ale Rom\u00e2niei. Primarul \u015etefan Ilie: \u201eSocietatea nu mai poate exista f\u0103r\u0103 digitalizare \u015fi f\u0103r\u0103 inteligen\u0163\u0103 artificial\u0103\u201d Posted by Claudia Ionescu | Jul 23, 2026 | Actualitate | Municipiul Tulcea ofer\u0103 printre cele mai digitalizate servicii dintre prim\u0103riile din Rom\u00e2nia, ocup\u00e2nd locul 38 din [&hellip;]<\/p>\n","protected":false},"author":1,"featured_media":0,"comment_status":"open","ping_status":"","sticky":false,"template":"","format":"standard","meta":{"footnotes":""},"categories":[89],"tags":[226,206],"class_list":["post-2059200","post","type-post","status-publish","format-standard","hentry","category-romania","tag-crawlmanager","tag-ziaruldelta-ro"],"_links":{"self":[{"href":"https:\/\/analyse.optim.biz\/index.php?rest_route=\/wp\/v2\/posts\/2059200","targetHints":{"allow":["GET"]}}],"collection":[{"href":"https:\/\/analyse.optim.biz\/index.php?rest_route=\/wp\/v2\/posts"}],"about":[{"href":"https:\/\/analyse.optim.biz\/index.php?rest_route=\/wp\/v2\/types\/post"}],"author":[{"embeddable":true,"href":"https:\/\/analyse.optim.biz\/index.php?rest_route=\/wp\/v2\/users\/1"}],"replies":[{"embeddable":true,"href":"https:\/\/analyse.optim.biz\/index.php?rest_route=%2Fwp%2Fv2%2Fcomments&post=2059200"}],"version-history":[{"count":0,"href":"https:\/\/analyse.optim.biz\/index.php?rest_route=\/wp\/v2\/posts\/2059200\/revisions"}],"wp:attachment":[{"href":"https:\/\/analyse.optim.biz\/index.php?rest_route=%2Fwp%2Fv2%2Fmedia&parent=2059200"}],"wp:term":[{"taxonomy":"category","embeddable":true,"href":"https:\/\/analyse.optim.biz\/index.php?rest_route=%2Fwp%2Fv2%2Fcategories&post=2059200"},{"taxonomy":"post_tag","embeddable":true,"href":"https:\/\/analyse.optim.biz\/index.php?rest_route=%2Fwp%2Fv2%2Ftags&post=2059200"}],"curies":[{"name":"wp","href":"https:\/\/api.w.org\/{rel}","templated":true}]}}