{"id":2059198,"date":"2026-07-22T06:00:06","date_gmt":"2026-07-22T03:00:06","guid":{"rendered":"https:\/\/analyse.optim.biz\/?p=2059198"},"modified":"2026-07-22T06:00:06","modified_gmt":"2026-07-22T03:00:06","slug":"blocurile-fara-lift-intra-in-programul-lift-pentru-viata-in-prima-etapa-doar-doua-in-municipiul-tulcea","status":"publish","type":"post","link":"https:\/\/analyse.optim.biz\/?p=2059198","title":{"rendered":"Blocurile f\u0103r\u0103 lift intr\u0103 \u00een programul \u201eLift pentru via\u0163\u0103\u201d. \u00cen prima etap\u0103, doar dou\u0103 \u00een municipiul Tulcea &#8211;"},"content":{"rendered":"<p>[analyse_image type=&#8221;featured&#8221; src=&#8221;https:\/\/ziaruldelta.ro\/wp-content\/uploads\/2026\/07\/blocurile.jpg&#8221;]<\/p>\n<article id=\"post-37583\" class=\"module single-post-module post-37583 post type-post status-publish format-standard has-post-thumbnail hentry category-actualitate et-has-post-format-content et_post_format-et-post-format-standard\">\n<div class=\"post-header\">\n<h1 class=\"entry-title\">Blocurile f\u0103r\u0103 lift intr\u0103 \u00een programul \u201eLift pentru via\u0163\u0103\u201d. \u00cen prima etap\u0103, doar dou\u0103 \u00een municipiul Tulcea<\/h1>\n<div class=\"post-meta vcard\">\n<p>Posted by <a href=\"https:\/\/ziaruldelta.ro\/author\/claudia-ionescu\/\" class=\"url fn\" title=\"Posts by Claudia Ionescu\" rel=\"author\">Claudia Ionescu<\/a> | <span class=\"updated\">Jul 22, 2026<\/span> | <a href=\"https:\/\/ziaruldelta.ro\/category\/actualitate\/\" rel=\"tag\">Actualitate<\/a> | <\/p>\n<\/div>\n<\/div>\n<div class=\"post-thumbnail header\"><img decoding=\"async\" src=\"https:\/\/ziaruldelta.ro\/wp-content\/uploads\/2026\/07\/blocurile.jpg\" alt=\"Blocurile f\u0103r\u0103 lift intr\u0103 \u00een programul \u201eLift pentru via\u0163\u0103\u201d. \u00cen prima etap\u0103, doar dou\u0103 \u00een municipiul Tulcea\"><\/div>\n<div class=\"post-wrap\">\n<div class=\"post-content entry-content\">\n<p>Pre\u015fedintele Rom\u00e2niei, Nicu\u015for Dan, a semnat luni, 20 iulie, decretul pentru promulgarea Legii privind reglementarea Programului Na\u0163ional de Accesibilizare a Locuin\u0163elor \u2013 \u201eLift pentru via\u0163\u0103\u201d. Programul prevede finan\u0163area instal\u0103rii de lifturi \u00een blocurile vechi, construite \u00eenainte de 1990, care nu au fost prev\u0103zute din proiect cu ascensoare. Legea vizeaz\u0103 condominiile cu trei sau mai multe niveluri supraterane, construite p\u00e2n\u0103 la 31 decembrie 1989, f\u0103r\u0103 lift \u00een proiectul ini\u0163ial. \u00cen func\u0163ie de caracteristicile cl\u0103dirii, lucr\u0103rile vor putea include instalarea de lifturi, platforme elevatoare, sc\u0103ri mecanizate sau rampe de acces. Programul va fi coordonat de Ministerul Dezvolt\u0103rii, Lucr\u0103rilor Publice \u015fi Administra\u0163iei, \u00eempreun\u0103 cu Ministerul Investi\u0163iilor \u015fi Proiectelor Europene.<\/p>\n<p>Implementarea se va face \u00een dou\u0103 etape. Prima etap\u0103 const\u0103 \u00eentr-un proiect-pilot cu o durat\u0103 de 18 luni, care va finan\u0163a accesibilizarea a cel mult 100 de condominii, cu prioritate din fonduri europene. Vor putea fi selectate c\u00e2te dou\u0103 blocuri din fiecare municipiu re\u015fedin\u0163\u0103 de jude\u0163 \u015fi din fiecare subdiviziune administrativ-teritorial\u0103 a Capitalei. Ulterior, programul ar urma s\u0103 fie extins la toate condominiile eligibile din \u0163ar\u0103.<\/p>\n<p>Vor avea prioritate la finan\u0163are blocurile \u00een care locuie\u015fte, la etaj: \u2013 cel pu\u0163in o persoan\u0103 v\u00e2rstnic\u0103; \u2013 cel pu\u0163in o persoan\u0103 cu mobilitate redus\u0103; \u2013 cel pu\u0163in o persoan\u0103 cu dizabilit\u0103\u0163i locomotorii; \u2013 cel pu\u0163in o familie care are \u00een \u00eengrijire un copil antepre\u015fcolar sau pre\u015fcolar. Ordinea de prioritate va \u0163ine cont \u015fi de num\u0103rul acestor persoane, de regimul de \u00een\u0103l\u0163ime al cl\u0103dirii \u015fi de anul construc\u0163iei.<\/p>\n<p><strong>Programul \u201eLift pentru via\u0163\u0103\u201d v\u0103zut prin ochii tulcenilor: necesitate sau moft?\u00a0 <\/strong><\/p>\n<p>Am discutat cu mai mul\u0163i tulceni pentru a afla cum privesc aceast\u0103 ini\u0163iativ\u0103 legislativ\u0103. Unii consider\u0103 c\u0103 proiectul ar aduce un sprijin real pentru persoanele vulnerabile, \u00een timp ce al\u0163ii cred c\u0103 investi\u0163ia nu este justificat\u0103 sau c\u0103 va fi dificil de pus \u00een practic\u0103 din punct de vedere tehnic.<\/p>\n<p>Pre\u015fedintele Asocia\u0163iei de Proprietari nr. 6 din municipiu, Nicolae Barbu, consider\u0103 c\u0103 ini\u0163iativa este binevenit\u0103, \u00een special pentru persoanele v\u00e2rstnice care se deplaseaz\u0103 mai greu, \u00eens\u0103 atrage aten\u0163ia c\u0103 montarea lifturilor trebuie s\u0103 fie posibil\u0103 din punct de vedere tehnic.<\/p>\n<blockquote>\n<p><img loading=\"lazy\" decoding=\"async\" class=\" wp-image-37585 alignleft\" src=\"https:\/\/ziaruldelta.ro\/wp-content\/uploads\/2026\/07\/Nicolae-Barbu-594x610.jpg\" alt width=\"475\" height=\"488\">\u201eAici, \u00een centru, sunt doar blocuri cu patru nivele. Cred c\u0103 ini\u0163iativa este binevenit\u0103, mai ales pentru persoanele v\u00e2rstnice care locuiesc la etajele trei \u015fi patru \u015fi se deplaseaz\u0103 cu dificultate. Mi se pare o idee super \u0163in\u00e2nd cont c\u0103 acum \u00een blocurile noi sunt obligatorii lifturile, chiar dac\u0103 au doar dou\u0103-trei nivele. Plus de asta, sunt obliga\u0163i s\u0103 aib\u0103 ramp\u0103 de acces pentru persoanele cu dizabilit\u0103\u0163i. Dac\u0103 aceste facilit\u0103\u0163i sunt obligatorii pentru blocurile noi, cred c\u0103 este cazul s\u0103 fie obligatorii \u015fi pentru cele vechi. Noi am fi de acord cu lucrul acesta, acolo unde sunt posibilit\u0103\u0163i tehnice. Trebuie s\u0103 se g\u0103seasc\u0103 \u015fi posibilit\u0103\u0163i pentru casa liftului. Cel mai probabil, aceasta ar putea fi construit\u0103 \u00een exterior, cu acces pe fiecare nivel. Tehnic, aceasta este solu\u0163ia, cum am v\u0103zut c\u0103 au mai f\u0103cut \u015fi la unele hoteluri care nu aveau lifturi din construc\u0163ie. Noi ne bucur\u0103m, dar s\u0103 vedem ce iese\u201d, ne-a declarat Nicolae Barbu.<\/p>\n<\/blockquote>\n<p>Maria spune c\u0103 un astfel de proiect ar \u00eensemna mai mult\u0103 independen\u0163\u0103 pentru persoanele \u00een v\u00e2rst\u0103 \u015fi pentru cele cu probleme de mobilitate.<\/p>\n<blockquote>\n<p>\u201eConsider c\u0103 este o ini\u0163iativ\u0103 necesar\u0103. Bunica mea, \u00een v\u00e2rst\u0103 de 80 de ani, locuie\u015fte la ultimul etaj al unui bloc cu patru etaje \u015fi \u00eei este foarte greu s\u0103 se deplaseze. De aceea mereu trebuie s\u0103 o ajut\u0103m s\u0103-\u015fi cumpere p\u00e2n\u0103 \u015fi o p\u00e2ine fiindc\u0103 este un efort mult prea mare pentru ea s\u0103 coboare jos \u015fi apoi s\u0103 urce cele patru etaje. Tot a\u015fa, cunosc persoane care din cauza dificult\u0103\u0163ilor de deplasare, uneori, pentru a evita urcatul \u015fi cobor\u00e2tul sc\u0103rilor, \u00ee\u015fi refuz\u0103 chiar \u015fi pl\u0103cerea m\u0103runt\u0103 de a cobor\u00ee pentru o plimbare. Este un proiect care ar putea schimba cu adev\u0103rat via\u0163a a mii de oameni. Pentru seniori \u015fi pentru persoanele cu mobilitate redus\u0103 \u00eenseamn\u0103 independen\u0163\u0103 \u015fi siguran\u0163\u0103\u201d, a explicat Maria.<\/p>\n<\/blockquote>\n<p>Cosmin este de p\u0103rere c\u0103 banii publici ar trebui direc\u0163iona\u0163i c\u0103tre alte investi\u0163ii, iar montarea lifturilor ar trebui s\u0103 fie suportat\u0103 de proprietarii din blocurile respective.<\/p>\n<blockquote>\n<p>\u201eAsta e poman\u0103 curat\u0103, nu ne mai facem bine. Dac\u0103 au at\u00e2tea preten\u0163ii pot s\u0103-\u015fi v\u00e2nd\u0103 apartamentul din blocul f\u0103r\u0103 lift \u015fi s\u0103 \u00ee\u015fi cumpere altul \u00eentr-un bloc cu lift. De ce trebuie s\u0103 pl\u0103tim to\u0163i pentru confortul unora? Liftul este un moft, iar noi nu vrem mofturi din banii contribuabililor! Mai bine s-ar folosi banii pentru anveloparea blocurilor, str\u0103zi, gr\u0103dini\u0163e \u015fi \u015fcoli. Ori s\u0103 pun\u0103 bani to\u0163i locatarii din bloc \u015fi s\u0103-\u015fi cumpere un lift. \u015ei de ce trebuie s\u0103 porneasc\u0103 aceast\u0103 finan\u0163are de la blocurile cu trei etaje? Hai, dac\u0103 vorbim de un bloc cu nou\u0103, zece etaje, mai \u00een\u0163eleg, dar a\u015fa?\u201d, ne-a spus Cosmin.<\/p>\n<\/blockquote>\n<p>Citi\u0163i continuarea \u00een edi\u0163ia tip\u0103rit\u0103 a Ziarului DELTA.<\/p>\n<p>\u00a0<\/p>\n<\/div>\n<\/div>\n<div class=\"post-footer\">\n<div class=\"social-icons ed-social-share-icons\">\n<p class=\"share-title\">Share:<\/p>\n<\/div>\n<div class=\"rating-stars\">\n<p id=\"rate-title\" class=\"rate-title\">Rate:<\/p>\n<\/div>\n<\/div>\n<\/article>\n<div class=\"post-content entry-content\">\n<p>Pre\u015fedintele Rom\u00e2niei, Nicu\u015for Dan, a semnat luni, 20 iulie, decretul pentru promulgarea Legii privind reglementarea Programului Na\u0163ional de Accesibilizare a Locuin\u0163elor \u2013 \u201eLift pentru via\u0163\u0103\u201d. Programul prevede finan\u0163area instal\u0103rii de lifturi \u00een blocurile vechi, construite \u00eenainte de 1990, care nu au fost prev\u0103zute din proiect cu ascensoare. Legea vizeaz\u0103 condominiile cu trei sau mai multe niveluri supraterane, construite p\u00e2n\u0103 la 31 decembrie 1989, f\u0103r\u0103 lift \u00een proiectul ini\u0163ial. \u00cen func\u0163ie de caracteristicile cl\u0103dirii, lucr\u0103rile vor putea include instalarea de lifturi, platforme elevatoare, sc\u0103ri mecanizate sau rampe de acces. Programul va fi coordonat de Ministerul Dezvolt\u0103rii, Lucr\u0103rilor Publice \u015fi Administra\u0163iei, \u00eempreun\u0103 cu Ministerul Investi\u0163iilor \u015fi Proiectelor Europene.<\/p>\n<p>Implementarea se va face \u00een dou\u0103 etape. Prima etap\u0103 const\u0103 \u00eentr-un proiect-pilot cu o durat\u0103 de 18 luni, care va finan\u0163a accesibilizarea a cel mult 100 de condominii, cu prioritate din fonduri europene. Vor putea fi selectate c\u00e2te dou\u0103 blocuri din fiecare municipiu re\u015fedin\u0163\u0103 de jude\u0163 \u015fi din fiecare subdiviziune administrativ-teritorial\u0103 a Capitalei. Ulterior, programul ar urma s\u0103 fie extins la toate condominiile eligibile din \u0163ar\u0103.<\/p>\n<p>Vor avea prioritate la finan\u0163are blocurile \u00een care locuie\u015fte, la etaj: \u2013 cel pu\u0163in o persoan\u0103 v\u00e2rstnic\u0103; \u2013 cel pu\u0163in o persoan\u0103 cu mobilitate redus\u0103; \u2013 cel pu\u0163in o persoan\u0103 cu dizabilit\u0103\u0163i locomotorii; \u2013 cel pu\u0163in o familie care are \u00een \u00eengrijire un copil antepre\u015fcolar sau pre\u015fcolar. Ordinea de prioritate va \u0163ine cont \u015fi de num\u0103rul acestor persoane, de regimul de \u00een\u0103l\u0163ime al cl\u0103dirii \u015fi de anul construc\u0163iei.<\/p>\n<p><strong>Programul \u201eLift pentru via\u0163\u0103\u201d v\u0103zut prin ochii tulcenilor: necesitate sau moft?\u00a0 <\/strong><\/p>\n<p>Am discutat cu mai mul\u0163i tulceni pentru a afla cum privesc aceast\u0103 ini\u0163iativ\u0103 legislativ\u0103. Unii consider\u0103 c\u0103 proiectul ar aduce un sprijin real pentru persoanele vulnerabile, \u00een timp ce al\u0163ii cred c\u0103 investi\u0163ia nu este justificat\u0103 sau c\u0103 va fi dificil de pus \u00een practic\u0103 din punct de vedere tehnic.<\/p>\n<p>Pre\u015fedintele Asocia\u0163iei de Proprietari nr. 6 din municipiu, Nicolae Barbu, consider\u0103 c\u0103 ini\u0163iativa este binevenit\u0103, \u00een special pentru persoanele v\u00e2rstnice care se deplaseaz\u0103 mai greu, \u00eens\u0103 atrage aten\u0163ia c\u0103 montarea lifturilor trebuie s\u0103 fie posibil\u0103 din punct de vedere tehnic.<\/p>\n<blockquote>\n<p><img loading=\"lazy\" decoding=\"async\" class=\" wp-image-37585 alignleft\" src=\"https:\/\/ziaruldelta.ro\/wp-content\/uploads\/2026\/07\/Nicolae-Barbu-594x610.jpg\" alt width=\"475\" height=\"488\">\u201eAici, \u00een centru, sunt doar blocuri cu patru nivele. Cred c\u0103 ini\u0163iativa este binevenit\u0103, mai ales pentru persoanele v\u00e2rstnice care locuiesc la etajele trei \u015fi patru \u015fi se deplaseaz\u0103 cu dificultate. Mi se pare o idee super \u0163in\u00e2nd cont c\u0103 acum \u00een blocurile noi sunt obligatorii lifturile, chiar dac\u0103 au doar dou\u0103-trei nivele. Plus de asta, sunt obliga\u0163i s\u0103 aib\u0103 ramp\u0103 de acces pentru persoanele cu dizabilit\u0103\u0163i. Dac\u0103 aceste facilit\u0103\u0163i sunt obligatorii pentru blocurile noi, cred c\u0103 este cazul s\u0103 fie obligatorii \u015fi pentru cele vechi. Noi am fi de acord cu lucrul acesta, acolo unde sunt posibilit\u0103\u0163i tehnice. Trebuie s\u0103 se g\u0103seasc\u0103 \u015fi posibilit\u0103\u0163i pentru casa liftului. Cel mai probabil, aceasta ar putea fi construit\u0103 \u00een exterior, cu acces pe fiecare nivel. Tehnic, aceasta este solu\u0163ia, cum am v\u0103zut c\u0103 au mai f\u0103cut \u015fi la unele hoteluri care nu aveau lifturi din construc\u0163ie. Noi ne bucur\u0103m, dar s\u0103 vedem ce iese\u201d, ne-a declarat Nicolae Barbu.<\/p>\n<\/blockquote>\n<p>Maria spune c\u0103 un astfel de proiect ar \u00eensemna mai mult\u0103 independen\u0163\u0103 pentru persoanele \u00een v\u00e2rst\u0103 \u015fi pentru cele cu probleme de mobilitate.<\/p>\n<blockquote>\n<p>\u201eConsider c\u0103 este o ini\u0163iativ\u0103 necesar\u0103. Bunica mea, \u00een v\u00e2rst\u0103 de 80 de ani, locuie\u015fte la ultimul etaj al unui bloc cu patru etaje \u015fi \u00eei este foarte greu s\u0103 se deplaseze. De aceea mereu trebuie s\u0103 o ajut\u0103m s\u0103-\u015fi cumpere p\u00e2n\u0103 \u015fi o p\u00e2ine fiindc\u0103 este un efort mult prea mare pentru ea s\u0103 coboare jos \u015fi apoi s\u0103 urce cele patru etaje. Tot a\u015fa, cunosc persoane care din cauza dificult\u0103\u0163ilor de deplasare, uneori, pentru a evita urcatul \u015fi cobor\u00e2tul sc\u0103rilor, \u00ee\u015fi refuz\u0103 chiar \u015fi pl\u0103cerea m\u0103runt\u0103 de a cobor\u00ee pentru o plimbare. Este un proiect care ar putea schimba cu adev\u0103rat via\u0163a a mii de oameni. Pentru seniori \u015fi pentru persoanele cu mobilitate redus\u0103 \u00eenseamn\u0103 independen\u0163\u0103 \u015fi siguran\u0163\u0103\u201d, a explicat Maria.<\/p>\n<\/blockquote>\n<p>Cosmin este de p\u0103rere c\u0103 banii publici ar trebui direc\u0163iona\u0163i c\u0103tre alte investi\u0163ii, iar montarea lifturilor ar trebui s\u0103 fie suportat\u0103 de proprietarii din blocurile respective.<\/p>\n<blockquote>\n<p>\u201eAsta e poman\u0103 curat\u0103, nu ne mai facem bine. Dac\u0103 au at\u00e2tea preten\u0163ii pot s\u0103-\u015fi v\u00e2nd\u0103 apartamentul din blocul f\u0103r\u0103 lift \u015fi s\u0103 \u00ee\u015fi cumpere altul \u00eentr-un bloc cu lift. De ce trebuie s\u0103 pl\u0103tim to\u0163i pentru confortul unora? Liftul este un moft, iar noi nu vrem mofturi din banii contribuabililor! Mai bine s-ar folosi banii pentru anveloparea blocurilor, str\u0103zi, gr\u0103dini\u0163e \u015fi \u015fcoli. Ori s\u0103 pun\u0103 bani to\u0163i locatarii din bloc \u015fi s\u0103-\u015fi cumpere un lift. \u015ei de ce trebuie s\u0103 porneasc\u0103 aceast\u0103 finan\u0163are de la blocurile cu trei etaje? Hai, dac\u0103 vorbim de un bloc cu nou\u0103, zece etaje, mai \u00een\u0163eleg, dar a\u015fa?\u201d, ne-a spus Cosmin.<\/p>\n<\/blockquote>\n<p>Citi\u0163i continuarea \u00een edi\u0163ia tip\u0103rit\u0103 a Ziarului DELTA.<\/p>\n<p>\u00a0<\/p>\n<\/div>\n<div class=\"post-content entry-content\">\n<p>Pre\u015fedintele Rom\u00e2niei, Nicu\u015for Dan, a semnat luni, 20 iulie, decretul pentru promulgarea Legii privind reglementarea Programului Na\u0163ional de Accesibilizare a Locuin\u0163elor \u2013 \u201eLift pentru via\u0163\u0103\u201d. Programul prevede finan\u0163area instal\u0103rii de lifturi \u00een blocurile vechi, construite \u00eenainte de 1990, care nu au fost prev\u0103zute din proiect cu ascensoare. Legea vizeaz\u0103 condominiile cu trei sau mai multe niveluri supraterane, construite p\u00e2n\u0103 la 31 decembrie 1989, f\u0103r\u0103 lift \u00een proiectul ini\u0163ial. \u00cen func\u0163ie de caracteristicile cl\u0103dirii, lucr\u0103rile vor putea include instalarea de lifturi, platforme elevatoare, sc\u0103ri mecanizate sau rampe de acces. Programul va fi coordonat de Ministerul Dezvolt\u0103rii, Lucr\u0103rilor Publice \u015fi Administra\u0163iei, \u00eempreun\u0103 cu Ministerul Investi\u0163iilor \u015fi Proiectelor Europene.<\/p>\n<p>Implementarea se va face \u00een dou\u0103 etape. Prima etap\u0103 const\u0103 \u00eentr-un proiect-pilot cu o durat\u0103 de 18 luni, care va finan\u0163a accesibilizarea a cel mult 100 de condominii, cu prioritate din fonduri europene. Vor putea fi selectate c\u00e2te dou\u0103 blocuri din fiecare municipiu re\u015fedin\u0163\u0103 de jude\u0163 \u015fi din fiecare subdiviziune administrativ-teritorial\u0103 a Capitalei. Ulterior, programul ar urma s\u0103 fie extins la toate condominiile eligibile din \u0163ar\u0103.<\/p>\n<p>Vor avea prioritate la finan\u0163are blocurile \u00een care locuie\u015fte, la etaj: \u2013 cel pu\u0163in o persoan\u0103 v\u00e2rstnic\u0103; \u2013 cel pu\u0163in o persoan\u0103 cu mobilitate redus\u0103; \u2013 cel pu\u0163in o persoan\u0103 cu dizabilit\u0103\u0163i locomotorii; \u2013 cel pu\u0163in o familie care are \u00een \u00eengrijire un copil antepre\u015fcolar sau pre\u015fcolar. Ordinea de prioritate va \u0163ine cont \u015fi de num\u0103rul acestor persoane, de regimul de \u00een\u0103l\u0163ime al cl\u0103dirii \u015fi de anul construc\u0163iei.<\/p>\n<p><strong>Programul \u201eLift pentru via\u0163\u0103\u201d v\u0103zut prin ochii tulcenilor: necesitate sau moft?\u00a0 <\/strong><\/p>\n<p>Am discutat cu mai mul\u0163i tulceni pentru a afla cum privesc aceast\u0103 ini\u0163iativ\u0103 legislativ\u0103. Unii consider\u0103 c\u0103 proiectul ar aduce un sprijin real pentru persoanele vulnerabile, \u00een timp ce al\u0163ii cred c\u0103 investi\u0163ia nu este justificat\u0103 sau c\u0103 va fi dificil de pus \u00een practic\u0103 din punct de vedere tehnic.<\/p>\n<p>Pre\u015fedintele Asocia\u0163iei de Proprietari nr. 6 din municipiu, Nicolae Barbu, consider\u0103 c\u0103 ini\u0163iativa este binevenit\u0103, \u00een special pentru persoanele v\u00e2rstnice care se deplaseaz\u0103 mai greu, \u00eens\u0103 atrage aten\u0163ia c\u0103 montarea lifturilor trebuie s\u0103 fie posibil\u0103 din punct de vedere tehnic.<\/p>\n<blockquote>\n<p><img loading=\"lazy\" decoding=\"async\" class=\" wp-image-37585 alignleft\" src=\"https:\/\/ziaruldelta.ro\/wp-content\/uploads\/2026\/07\/Nicolae-Barbu-594x610.jpg\" alt width=\"475\" height=\"488\">\u201eAici, \u00een centru, sunt doar blocuri cu patru nivele. Cred c\u0103 ini\u0163iativa este binevenit\u0103, mai ales pentru persoanele v\u00e2rstnice care locuiesc la etajele trei \u015fi patru \u015fi se deplaseaz\u0103 cu dificultate. Mi se pare o idee super \u0163in\u00e2nd cont c\u0103 acum \u00een blocurile noi sunt obligatorii lifturile, chiar dac\u0103 au doar dou\u0103-trei nivele. Plus de asta, sunt obliga\u0163i s\u0103 aib\u0103 ramp\u0103 de acces pentru persoanele cu dizabilit\u0103\u0163i. Dac\u0103 aceste facilit\u0103\u0163i sunt obligatorii pentru blocurile noi, cred c\u0103 este cazul s\u0103 fie obligatorii \u015fi pentru cele vechi. Noi am fi de acord cu lucrul acesta, acolo unde sunt posibilit\u0103\u0163i tehnice. Trebuie s\u0103 se g\u0103seasc\u0103 \u015fi posibilit\u0103\u0163i pentru casa liftului. Cel mai probabil, aceasta ar putea fi construit\u0103 \u00een exterior, cu acces pe fiecare nivel. Tehnic, aceasta este solu\u0163ia, cum am v\u0103zut c\u0103 au mai f\u0103cut \u015fi la unele hoteluri care nu aveau lifturi din construc\u0163ie. Noi ne bucur\u0103m, dar s\u0103 vedem ce iese\u201d, ne-a declarat Nicolae Barbu.<\/p>\n<\/blockquote>\n<p>Maria spune c\u0103 un astfel de proiect ar \u00eensemna mai mult\u0103 independen\u0163\u0103 pentru persoanele \u00een v\u00e2rst\u0103 \u015fi pentru cele cu probleme de mobilitate.<\/p>\n<blockquote>\n<p>\u201eConsider c\u0103 este o ini\u0163iativ\u0103 necesar\u0103. Bunica mea, \u00een v\u00e2rst\u0103 de 80 de ani, locuie\u015fte la ultimul etaj al unui bloc cu patru etaje \u015fi \u00eei este foarte greu s\u0103 se deplaseze. De aceea mereu trebuie s\u0103 o ajut\u0103m s\u0103-\u015fi cumpere p\u00e2n\u0103 \u015fi o p\u00e2ine fiindc\u0103 este un efort mult prea mare pentru ea s\u0103 coboare jos \u015fi apoi s\u0103 urce cele patru etaje. Tot a\u015fa, cunosc persoane care din cauza dificult\u0103\u0163ilor de deplasare, uneori, pentru a evita urcatul \u015fi cobor\u00e2tul sc\u0103rilor, \u00ee\u015fi refuz\u0103 chiar \u015fi pl\u0103cerea m\u0103runt\u0103 de a cobor\u00ee pentru o plimbare. Este un proiect care ar putea schimba cu adev\u0103rat via\u0163a a mii de oameni. Pentru seniori \u015fi pentru persoanele cu mobilitate redus\u0103 \u00eenseamn\u0103 independen\u0163\u0103 \u015fi siguran\u0163\u0103\u201d, a explicat Maria.<\/p>\n<\/blockquote>\n<p>Cosmin este de p\u0103rere c\u0103 banii publici ar trebui direc\u0163iona\u0163i c\u0103tre alte investi\u0163ii, iar montarea lifturilor ar trebui s\u0103 fie suportat\u0103 de proprietarii din blocurile respective.<\/p>\n<blockquote>\n<p>\u201eAsta e poman\u0103 curat\u0103, nu ne mai facem bine. Dac\u0103 au at\u00e2tea preten\u0163ii pot s\u0103-\u015fi v\u00e2nd\u0103 apartamentul din blocul f\u0103r\u0103 lift \u015fi s\u0103 \u00ee\u015fi cumpere altul \u00eentr-un bloc cu lift. De ce trebuie s\u0103 pl\u0103tim to\u0163i pentru confortul unora? Liftul este un moft, iar noi nu vrem mofturi din banii contribuabililor! Mai bine s-ar folosi banii pentru anveloparea blocurilor, str\u0103zi, gr\u0103dini\u0163e \u015fi \u015fcoli. Ori s\u0103 pun\u0103 bani to\u0163i locatarii din bloc \u015fi s\u0103-\u015fi cumpere un lift. \u015ei de ce trebuie s\u0103 porneasc\u0103 aceast\u0103 finan\u0163are de la blocurile cu trei etaje? Hai, dac\u0103 vorbim de un bloc cu nou\u0103, zece etaje, mai \u00een\u0163eleg, dar a\u015fa?\u201d, ne-a spus Cosmin.<\/p>\n<\/blockquote>\n<p>Citi\u0163i continuarea \u00een edi\u0163ia tip\u0103rit\u0103 a Ziarului DELTA.<\/p>\n<p>\u00a0<\/p>\n<\/div>\n<p>[analyse_source url=&#8221;https:\/\/ziaruldelta.ro\/2026\/07\/22\/blocurile-fara-lift-intra-in-programul-lift-pentru-viata-in-prima-etapa-doar-doua-in-municipiul-tulcea\/&#8221;]<\/p>\n","protected":false},"excerpt":{"rendered":"<p>[analyse_image type=&#8221;featured&#8221; src=&#8221;https:\/\/ziaruldelta.ro\/wp-content\/uploads\/2026\/07\/blocurile.jpg&#8221;] Blocurile f\u0103r\u0103 lift intr\u0103 \u00een programul \u201eLift pentru via\u0163\u0103\u201d. \u00cen prima etap\u0103, doar dou\u0103 \u00een municipiul Tulcea Posted by Claudia Ionescu | Jul 22, 2026 | Actualitate | Pre\u015fedintele Rom\u00e2niei, Nicu\u015for Dan, a semnat luni, 20 iulie, decretul pentru promulgarea Legii privind reglementarea Programului Na\u0163ional de Accesibilizare a Locuin\u0163elor \u2013 \u201eLift pentru [&hellip;]<\/p>\n","protected":false},"author":1,"featured_media":0,"comment_status":"open","ping_status":"","sticky":false,"template":"","format":"standard","meta":{"footnotes":""},"categories":[89],"tags":[226,206],"class_list":["post-2059198","post","type-post","status-publish","format-standard","hentry","category-romania","tag-crawlmanager","tag-ziaruldelta-ro"],"_links":{"self":[{"href":"https:\/\/analyse.optim.biz\/index.php?rest_route=\/wp\/v2\/posts\/2059198","targetHints":{"allow":["GET"]}}],"collection":[{"href":"https:\/\/analyse.optim.biz\/index.php?rest_route=\/wp\/v2\/posts"}],"about":[{"href":"https:\/\/analyse.optim.biz\/index.php?rest_route=\/wp\/v2\/types\/post"}],"author":[{"embeddable":true,"href":"https:\/\/analyse.optim.biz\/index.php?rest_route=\/wp\/v2\/users\/1"}],"replies":[{"embeddable":true,"href":"https:\/\/analyse.optim.biz\/index.php?rest_route=%2Fwp%2Fv2%2Fcomments&post=2059198"}],"version-history":[{"count":0,"href":"https:\/\/analyse.optim.biz\/index.php?rest_route=\/wp\/v2\/posts\/2059198\/revisions"}],"wp:attachment":[{"href":"https:\/\/analyse.optim.biz\/index.php?rest_route=%2Fwp%2Fv2%2Fmedia&parent=2059198"}],"wp:term":[{"taxonomy":"category","embeddable":true,"href":"https:\/\/analyse.optim.biz\/index.php?rest_route=%2Fwp%2Fv2%2Fcategories&post=2059198"},{"taxonomy":"post_tag","embeddable":true,"href":"https:\/\/analyse.optim.biz\/index.php?rest_route=%2Fwp%2Fv2%2Ftags&post=2059198"}],"curies":[{"name":"wp","href":"https:\/\/api.w.org\/{rel}","templated":true}]}}