{"id":2059125,"date":"2026-07-22T21:57:09","date_gmt":"2026-07-22T18:57:09","guid":{"rendered":"https:\/\/analyse.optim.biz\/?p=2059125"},"modified":"2026-07-22T21:57:09","modified_gmt":"2026-07-22T18:57:09","slug":"aur-solicita-demiterea-imediata-a-consilierului-prezidential-onorific-eugen-tomac","status":"publish","type":"post","link":"https:\/\/analyse.optim.biz\/?p=2059125","title":{"rendered":"AUR solicit\u0103 demiterea imediat\u0103 a consilierului preziden\u021bial onorific Eugen Tomac"},"content":{"rendered":"<p>[analyse_image type=&#8221;featured&#8221; src=&#8221;https:\/\/r3media.ro\/wp-content\/uploads\/2026\/05\/AUR1-e1779822849514.jpghttps:\/\/r3media.ro\/wp-content\/uploads\/2026\/05\/AUR1-e1779822849514.jpg&#8221;]<\/p>\n<article id=\"template-id-109\" class=\"post-109 tdb_templates type-tdb_templates status-publish post\">\n<div id=\"tdi_2\" class=\"tdc-zone\">\n<div class=\"tdc_zone tdi_3  wpb_row td-pb-row\">\n<div id=\"tdi_4\" class=\"tdc-row\">\n<div class=\"vc_row tdi_5  wpb_row td-pb-row\">\n<div class=\"vc_column tdi_7  wpb_column vc_column_container tdc-column td-pb-span8\">\n<div class=\"wpb_wrapper\">\n<div class=\"td_block_wrap tdb_breadcrumbs tdi_8 td-pb-border-top td_block_template_1 tdb-breadcrumbs \" data-td-block-uid=\"tdi_8\">\n<div class=\"tdb-block-inner td-fix-index\"><span><a title=\"Vede\u021bi toate articolele \u00een \u0218TIRI\" class=\"tdb-entry-crumb\" href=\"https:\/\/r3media.ro\/category\/stiri\/\">\u0218TIRI<\/a><\/span><span class=\"tdb-bred-no-url-last\">AUR solicit\u0103 demiterea imediat\u0103 a consilierului preziden\u021bial onorific Eugen Tomac<\/span><\/div>\n<\/div>\n<div class=\"td_block_wrap tdb_single_categories tdi_9 td-pb-border-top td_block_template_1 \" data-td-block-uid=\"tdi_9\">\n<div class=\"tdb-category td-fix-index\"><a class=\"tdb-entry-category\" href=\"https:\/\/r3media.ro\/category\/stiri\/\">\u0218TIRI<\/a><\/div>\n<\/div>\n<div class=\"td_block_wrap tdb_title tdi_10 tdb-single-title td-pb-border-top td_block_template_1\" data-td-block-uid=\"tdi_10\">\n<div class=\"tdb-block-inner td-fix-index\">\n<h1 class=\"tdb-title-text\">AUR solicit\u0103 demiterea imediat\u0103 a consilierului preziden\u021bial onorific Eugen Tomac<\/h1>\n<\/div>\n<\/div>\n<div class=\"vc_row_inner tdi_12  vc_row vc_inner wpb_row td-pb-row\">\n<div class=\"vc_column_inner tdi_14  wpb_column vc_column_container tdc-inner-column td-pb-span12\">\n<div class=\"vc_column-inner\">\n<div class=\"wpb_wrapper\">\n<div class=\"td_block_wrap tdb_single_author tdi_15 td-pb-border-top td_block_template_1 tdb-post-meta\" data-td-block-uid=\"tdi_15\">\n<div class=\"tdb-block-inner td-fix-index\">\n<div class=\"tdb-author-name-wrap\"><a class=\"tdb-author-name\" href=\"https:\/\/r3media.ro\/author\/redactia\/\">Redac\u021bia<\/a><\/div>\n<\/div>\n<\/div>\n<div class=\"td_block_wrap tdb_single_date tdi_16 td-pb-border-top td_block_template_1 tdb-post-meta\" data-td-block-uid=\"tdi_16\">\n<div class=\"tdb-block-inner td-fix-index\"><time class=\"entry-date updated td-module-date\" datetime=\"2026-07-23T00:57:09+03:00\">23\/07\/2026<\/time><\/div>\n<\/div>\n<\/div>\n<\/div>\n<\/div>\n<\/div>\n<div class=\"td_block_wrap tdb_single_content tdi_18 td-pb-border-top td_block_template_1 td-post-content tagdiv-type\" data-td-block-uid=\"tdi_18\">\n<div class=\"tdb-block-inner td-fix-index\">\n<p><strong>Alian\u021ba pentru Unirea Rom\u00e2nilor solicit\u0103 pre\u0219edintelui Rom\u00e2niei, Nicu\u0219or Dan, s\u0103-l demit\u0103 de \u00eendat\u0103 pe consilierul preziden\u021bial onorific Eugen Tomac, informeaz\u0103 un <a href=\"https:\/\/partidulaur.ro\/aur-solicita-demiterea-imediata-a-consilierului-prezidential-onorific-eugen-tomac\/\" target=\"_blank\" rel=\"noopener\">comunicat de pres\u0103.<\/a><\/strong><\/p>\n<p>\u201eImplicarea direct\u0103 a domnului Tomac \u00een discu\u021bii cu parlamentari ai AUR, confirmate public, reprezint\u0103 o imixtiune inacceptabil\u0103 a Administra\u021biei Preziden\u021biale \u00een via\u021ba intern\u0103 a partidelor parlamentare \u0219i o tentativ\u0103 de a submina coeziunea unui partid ales de milioane de rom\u00e2ni.<\/p>\n<p>Chiar Eugen Tomac a recunoscut c\u0103 a ini\u021biat \u0219i a participat la aceste discu\u021bii.<\/p>\n<p>Pre\u0219edintele Nicu\u0219or Dan a declarat public la Cluj, \u00een data de 24 iunie 2026, c\u0103 odat\u0103 cu nominalizarea unui premier, Administra\u021bia Preziden\u021bial\u0103 nu trebuie s\u0103 se mai implice \u00een discu\u021biile dintre partide. Acest principiu a fost \u00eenc\u0103lcat flagrant.<\/p>\n<p>Un consilier preziden\u021bial care se implic\u0103 \u00een astfel de manevre pune \u00een pericol credibilitatea institu\u021biei preziden\u021biale \u0219i transform\u0103 Cotroceniul \u00eentr-un actor de negociere politic\u0103 de culise, \u00een loc s\u0103 r\u0103m\u00e2n\u0103 garant al Constitu\u021biei \u0219i al respectului fa\u021b\u0103 de Parlament.<\/p>\n<p>Democra\u021bia parlamentar\u0103 din Rom\u00e2nia nu poate fi tratat\u0103 ca o tarab\u0103 unde se negociaz\u0103 voturi pe ascuns, cu ajutorul consilierilor preziden\u021biali. Astfel de practici submineaz\u0103 \u00eencrederea rom\u00e2nilor \u00een institu\u021bii \u0219i trebuie sanc\u021bionate imediat.<\/p>\n<p>Solicit\u0103m, a\u0219adar, demiterea imediat\u0103 a domnului Eugen Tomac din func\u021bia de consilier preziden\u021bial onorific, o pozi\u021bie public\u0103 clar\u0103 a pre\u0219edintelui Nicu\u0219or Dan prin care s\u0103 condamne orice form\u0103 de imixtiune a Administra\u021biei Preziden\u021biale \u00een treburile interne ale partidelor \u0219i respectarea strict\u0103 a principiului pe care pre\u0219edintele l-a enun\u021bat el \u00eensu\u0219i: odat\u0103 cu nominalizarea unui premier, Cotroceniul nu se mai amestec\u0103 \u00een negocierile dintre forma\u021biunile politice\u201d, precizeaz\u0103 AUR.<\/p>\n<p><a href=\"https:\/\/go.fliplink.me\/view\/C266928E-45E2-4B9A-B920-361B001CF18A\" target=\"_blank\" rel=\"noopener\">Notificare privind transparen\u021ba<\/a><\/p>\n<div class=\"crp_related     crp-masonry\">\n<h2>\u00ceN CONTEXT<\/h2>\n<ul>\n<li><a href=\"https:\/\/r3media.ro\/patrick-andre-de-hillerin-intrebare-premier-eugen-tomac-cetatenie-ucraineana-romana\/\" class=\"crp_link post-117025\"><span class=\"crp_title\">Patrick Andre de Hillerin \u00eei pune o \u00eentrebare posibilului premier desemnat, Eugen Tomac:\u2026<\/span><\/a><\/li>\n<li><a href=\"https:\/\/r3media.ro\/oamenii-noi-ai-imparatului-nicusor-dan-consilieri-prezidentiali-ludovic-orban-eugen-tomac-valentin-naumescu-sustinator-razboi-nuclear-pace-nedreapta\/\" class=\"crp_link post-113502\"><span class=\"crp_title\">Oamenii cei noi ai \u00eemp\u0103ratului | Nicu\u0219or Dan i-a numit consilieri preziden\u021biali pe Ludovic\u2026<\/span><\/a><\/li>\n<li><a href=\"https:\/\/r3media.ro\/eugen-tomac-mandat-nicusor-dan-adrian-vestea-guvern\/\" class=\"crp_link post-118244\"><span class=\"crp_title\">Eugen Tomac a renun\u021bat la mandat. Nicu\u0219or Dan l-a desemnat pe liberalul Adrian Ve\u0219tea s\u0103\u2026<\/span><\/a><\/li>\n<li><a href=\"https:\/\/r3media.ro\/scanteie-refuza-foc-adrian-papahagi-respinge-propunere-eugen-tomac-ministrul-culturii\/\" class=\"crp_link post-118128\"><span class=\"crp_title\">Sc\u00e2nteia care refuz\u0103 s\u0103 aprind\u0103 focul: Adrian Papahagi respinge propunerea lui Eugen Tomac\u2026<\/span><\/a><\/li>\n<li><a href=\"https:\/\/r3media.ro\/cornel-nistorescu-eugen-tomac-conducator\/\" class=\"crp_link post-117983\"><span class=\"crp_title\">Cornel Nistorescu: Experien\u021ba lui Tomac \u00een materie de conduc\u0103tor este nul\u0103. N-a condus dec\u00eet\u2026<\/span><\/a><\/li>\n<li><a href=\"https:\/\/r3media.ro\/gheorghe-piperea-aur-eugen-tomac-premier\/\" class=\"crp_link post-117081\"><span class=\"crp_title\">Gheorghe Piperea: AUR nu \u00eel va vota pe Eugen Tomac ca premier<\/span><\/a><\/li>\n<li><a href=\"https:\/\/r3media.ro\/dan-dungaciu-eugen-tomac-aur-2028\/\" class=\"crp_link post-118207\"><span class=\"crp_title\">Dan Dungaciu: Dac\u0103 majoritatea \u00eel nume\u0219te pe Eugen Tomac premier, AUR c\u00e2\u0219tig\u0103 sigur \u00een 2028<\/span><\/a><\/li>\n<li><a href=\"https:\/\/r3media.ro\/dragos-damian-romania-bombardat-productia-industriala\/\" class=\"crp_link post-117926\"><span class=\"crp_title\">Drago\u0219 Damian: Rom\u00e2nia \u0219i-a bombardat singur\u0103 marea majoritate a produc\u021biei industriale: \u00een\u2026<\/span><\/a><\/li>\n<\/ul>\n<\/div>\n<\/div>\n<\/div>\n<div class=\"td_block_wrap tdb_single_tags tdi_19 td-pb-border-top td_block_template_1\" data-td-block-uid=\"tdi_19\">\n<div class=\"tdb-block-inner td-fix-index\">\n<ul class=\"tdb-tags\">\n<li><span>SUBIECTE FIERBIN\u021aI<\/span><\/li>\n<li><a href=\"https:\/\/r3media.ro\/tag\/eugen-tomac\/\">eugen tomac<\/a><\/li>\n<li><a href=\"https:\/\/r3media.ro\/tag\/partidul-aur\/\">partidul aur<\/a><\/li>\n<\/ul>\n<\/div>\n<\/div>\n<div class=\"td_block_wrap td_block_9 tdi_20 td_with_ajax_pagination td-pb-border-top td_block_template_1 td-column-2 td_block_padding td_block_bot_line\" data-td-block-uid=\"tdi_20\">\n<div class=\"td-block-title-wrap\">\n<h4 class=\"block-title td-block-title\"><span class=\"td-pulldown-size\">CITE\u0218TE MAI MULT<\/span><\/h4>\n<\/div>\n<div id=\"tdi_20\" class=\"td_block_inner\">\n<div class=\"td-block-row\">\n<div class=\"td-block-span6\">\n<div class=\"td_module_8 td_module_wrap\">\n<div class=\"item-details\">\n<h3 class=\"entry-title td-module-title\"><a href=\"https:\/\/r3media.ro\/explozie-incendiu-fabrica-kronospan-brasov-video\/\" rel=\"bookmark\" title=\"VIDEO | Explozie urmat\u0103 de un incendiu la fabrica Kronospan din Bra\u0219ov. \u00cen timp ce pompierii \u00eencercau s\u0103 sting\u0103 focul s-a produs o alt\u0103 explozie\">VIDEO | Explozie urmat\u0103 de un incendiu la fabrica Kronospan din Bra\u0219ov. \u00cen timp&#8230;<\/a><\/h3>\n<div class=\"td-module-meta-info\"><a href=\"https:\/\/r3media.ro\/category\/actualitate\/\" class=\"td-post-category\">ACTUALITATE<\/a><span class=\"td-post-author-name\"><a href=\"https:\/\/r3media.ro\/author\/oana\/\">Oana Ivan<\/a><span>&#8211;<\/span><\/span><span class=\"td-post-date\"><time class=\"entry-date updated td-module-date\" datetime=\"2026-07-22T10:01:28+03:00\">22\/07\/2026<\/time><\/span><\/div>\n<\/div>\n<\/div>\n<\/div>\n<div class=\"td-block-span6\">\n<div class=\"td_module_8 td_module_wrap\">\n<div class=\"item-details\">\n<h3 class=\"entry-title td-module-title\"><a href=\"https:\/\/r3media.ro\/marea-britanie-apa-inteligenta-artificiala-romania-centru-ai-restrictii-consum-apa\/\" rel=\"bookmark\" title=\"Marea Britanie nu mai are suficient\u0103 ap\u0103 pentru Inteligen\u021ba Artificial\u0103, dar Rom\u00e2nia vrea s\u0103 g\u0103zduiasc\u0103 un centru AI care consum\u0103 c\u00e2t sute de mii de oameni \u0219i impune restric\u021bii la consumul de ap\u0103 al popula\u021biei\">Marea Britanie nu mai are suficient\u0103 ap\u0103 pentru Inteligen\u021ba Artificial\u0103, dar Rom\u00e2nia vrea s\u0103&#8230;<\/a><\/h3>\n<div class=\"td-module-meta-info\"><a href=\"https:\/\/r3media.ro\/category\/featured\/\" class=\"td-post-category\">FEATURED<\/a><span class=\"td-post-author-name\"><a href=\"https:\/\/r3media.ro\/author\/radu_ursan\/\">Radu Ursan<\/a><span>&#8211;<\/span><\/span><span class=\"td-post-date\"><time class=\"entry-date updated td-module-date\" datetime=\"2026-07-23T11:44:13+03:00\">23\/07\/2026<\/time><\/span><\/div>\n<\/div>\n<\/div>\n<\/div>\n<\/div>\n<div class=\"td-block-row\">\n<div class=\"td-block-span6\">\n<div class=\"td_module_8 td_module_wrap\">\n<div class=\"item-details\">\n<h3 class=\"entry-title td-module-title\"><a href=\"https:\/\/r3media.ro\/asa-incepe-compania-openai-afirma-un-model-de-inteligenta-artificiala-a-atacat-din-proprie-initiativa-sistemele-unei-alte-companii\/\" rel=\"bookmark\" title=\"A\u0219a \u00eencepe? Compania OpenAI afirm\u0103 un model de inteligen\u021b\u0103 artificial\u0103 a ATACAT din proprie ini\u021biativ\u0103 sistemele unei alte companii\">A\u0219a \u00eencepe? Compania OpenAI afirm\u0103 un model de inteligen\u021b\u0103 artificial\u0103 a ATACAT din proprie&#8230;<\/a><\/h3>\n<div class=\"td-module-meta-info\"><a href=\"https:\/\/r3media.ro\/category\/actualitate\/\" class=\"td-post-category\">ACTUALITATE<\/a><span class=\"td-post-author-name\"><a href=\"https:\/\/r3media.ro\/author\/teodor_stan\/\">Teodor Stan<\/a><span>&#8211;<\/span><\/span><span class=\"td-post-date\"><time class=\"entry-date updated td-module-date\" datetime=\"2026-07-22T09:10:53+03:00\">22\/07\/2026<\/time><\/span><\/div>\n<\/div>\n<\/div>\n<\/div>\n<div class=\"td-block-span6\">\n<div class=\"td_module_8 td_module_wrap\">\n<div class=\"item-details\">\n<h3 class=\"entry-title td-module-title\"><a href=\"https:\/\/r3media.ro\/campion-olimpic-olaf-tufte-mort-subit-50-ani\/\" rel=\"bookmark\" title=\"Campionul olimpic Olaf Tufte a murit subit la 50 de ani\">Campionul olimpic Olaf Tufte a murit subit la 50 de ani<\/a><\/h3>\n<div class=\"td-module-meta-info\"><a href=\"https:\/\/r3media.ro\/category\/stiri-prim-plan\/\" class=\"td-post-category\">PRIM PLAN<\/a><span class=\"td-post-author-name\"><a href=\"https:\/\/r3media.ro\/author\/oana\/\">Oana Ivan<\/a><span>&#8211;<\/span><\/span><span class=\"td-post-date\"><time class=\"entry-date updated td-module-date\" datetime=\"2026-07-22T12:11:02+03:00\">22\/07\/2026<\/time><\/span><\/div>\n<\/div>\n<\/div>\n<\/div>\n<\/div>\n<div class=\"td-block-row\">\n<div class=\"td-block-span6\">\n<div class=\"td_module_8 td_module_wrap\">\n<div class=\"item-details\">\n<h3 class=\"entry-title td-module-title\"><a href=\"https:\/\/r3media.ro\/episcopul-husilor-oameni-animale-therieni-degradare-progresism\/\" rel=\"bookmark\" title=\"Episcopul Hu\u0219ilor, despre oamenii care se cred animale: V\u0103 da\u021bi seama c\u00e2t\u0103 degradare uman\u0103 este? De ce? Pentru c\u0103 se \u00eencred \u00een progresism\">Episcopul Hu\u0219ilor, despre oamenii care se cred animale: V\u0103 da\u021bi seama c\u00e2t\u0103 degradare uman\u0103&#8230;<\/a><\/h3>\n<div class=\"td-module-meta-info\"><a href=\"https:\/\/r3media.ro\/category\/actualitate\/\" class=\"td-post-category\">ACTUALITATE<\/a><span class=\"td-post-author-name\"><a href=\"https:\/\/r3media.ro\/author\/radu_ursan\/\">Radu Ursan<\/a><span>&#8211;<\/span><\/span><span class=\"td-post-date\"><time class=\"entry-date updated td-module-date\" datetime=\"2026-07-21T19:30:46+03:00\">21\/07\/2026<\/time><\/span><\/div>\n<\/div>\n<\/div>\n<\/div>\n<div class=\"td-block-span6\">\n<div class=\"td_module_8 td_module_wrap\">\n<div class=\"item-details\">\n<h3 class=\"entry-title td-module-title\"><a href=\"https:\/\/r3media.ro\/video-cult-femeie-dumnezeu-mama-romania\/\" rel=\"bookmark\" title=\"VIDEO | Un cult care consider\u0103 o femeie coreean\u0103 drept \u201eDumnezeu Mama\u201d face prozeli\u021bi \u00een Rom\u00e2nia\">VIDEO | Un cult care consider\u0103 o femeie coreean\u0103 drept \u201eDumnezeu Mama\u201d face prozeli\u021bi&#8230;<\/a><\/h3>\n<div class=\"td-module-meta-info\"><a href=\"https:\/\/r3media.ro\/category\/actualitate\/\" class=\"td-post-category\">ACTUALITATE<\/a><span class=\"td-post-author-name\"><a href=\"https:\/\/r3media.ro\/author\/redactia\/\">Redac\u021bia<\/a><span>&#8211;<\/span><\/span><span class=\"td-post-date\"><time class=\"entry-date updated td-module-date\" datetime=\"2026-07-21T11:14:08+03:00\">21\/07\/2026<\/time><\/span><\/div>\n<\/div>\n<\/div>\n<\/div>\n<\/div>\n<div class=\"td-block-row\">\n<div class=\"td-block-span6\">\n<div class=\"td_module_8 td_module_wrap\">\n<div class=\"item-details\">\n<h3 class=\"entry-title td-module-title\"><a href=\"https:\/\/r3media.ro\/cehia-interzice-telefoanele-in-scoli\/\" rel=\"bookmark\" title=\"Cehia se preg\u0103te\u0219te s\u0103 interzic\u0103 telefoanele mobile \u00een \u0219coli\">Cehia se preg\u0103te\u0219te s\u0103 interzic\u0103 telefoanele mobile \u00een \u0219coli<\/a><\/h3>\n<div class=\"td-module-meta-info\"><a href=\"https:\/\/r3media.ro\/category\/actualitate\/\" class=\"td-post-category\">ACTUALITATE<\/a><span class=\"td-post-author-name\"><a href=\"https:\/\/r3media.ro\/author\/redactia\/\">Redac\u021bia<\/a><span>&#8211;<\/span><\/span><span class=\"td-post-date\"><time class=\"entry-date updated td-module-date\" datetime=\"2026-07-20T22:34:13+03:00\">20\/07\/2026<\/time><\/span><\/div>\n<\/div>\n<\/div>\n<\/div>\n<div class=\"td-block-span6\">\n<div class=\"td_module_8 td_module_wrap\">\n<div class=\"item-details\">\n<h3 class=\"entry-title td-module-title\"><a href=\"https:\/\/r3media.ro\/mihail-neamtu-oblgatie-romania\/\" rel=\"bookmark\" title=\"Mihail Neam\u021bu: Suntem o \u021bar\u0103 mic\u0103, iar singura obliga\u021bie a politicienilor de la Bucure\u0219ti e s\u0103 nu introduc\u0103 Rom\u00e2nia \u00eentr-un r\u0103zboi stupid \u0219i perdant\">Mihail Neam\u021bu: Suntem o \u021bar\u0103 mic\u0103, iar singura obliga\u021bie a politicienilor de la Bucure\u0219ti&#8230;<\/a><\/h3>\n<div class=\"td-module-meta-info\"><a href=\"https:\/\/r3media.ro\/category\/actualitate\/\" class=\"td-post-category\">ACTUALITATE<\/a><span class=\"td-post-author-name\"><a href=\"https:\/\/r3media.ro\/author\/redactia\/\">Redac\u021bia<\/a><span>&#8211;<\/span><\/span><span class=\"td-post-date\"><time class=\"entry-date updated td-module-date\" datetime=\"2026-07-20T22:01:16+03:00\">20\/07\/2026<\/time><\/span><\/div>\n<\/div>\n<\/div>\n<\/div>\n<\/div>\n<div class=\"td-block-row\">\n<div class=\"td-block-span6\">\n<div class=\"td_module_8 td_module_wrap\">\n<div class=\"item-details\">\n<h3 class=\"entry-title td-module-title\"><a href=\"https:\/\/r3media.ro\/petrisor-peiu-conditii-aur-vot-guvernul-vestea-nicusor-dan-solutii-bunastare-romani\/\" rel=\"bookmark\" title=\"Condi\u021biile AUR pentru a vota Guvernul Ve\u0219tea. Petri\u0219or Peiu propune solu\u021bii clare pentru bun\u0103starea rom\u00e2nilor\">Condi\u021biile AUR pentru a vota Guvernul Ve\u0219tea. Petri\u0219or Peiu propune solu\u021bii clare pentru bun\u0103starea&#8230;<\/a><\/h3>\n<div class=\"td-module-meta-info\"><a href=\"https:\/\/r3media.ro\/category\/stiri\/\" class=\"td-post-category\">\u0218TIRI<\/a><span class=\"td-post-author-name\"><a href=\"https:\/\/r3media.ro\/author\/oana\/\">Oana Ivan<\/a><span>&#8211;<\/span><\/span><span class=\"td-post-date\"><time class=\"entry-date updated td-module-date\" datetime=\"2026-06-17T10:10:31+03:00\">17\/06\/2026<\/time><\/span><\/div>\n<\/div>\n<\/div>\n<\/div>\n<div class=\"td-block-span6\">\n<div class=\"td_module_8 td_module_wrap\">\n<div class=\"item-details\">\n<h3 class=\"entry-title td-module-title\"><a href=\"https:\/\/r3media.ro\/mihail-neamtu-neeuropeana-imperiu-birocrati-bruxelles-inarmarea-germaniei\/\" rel=\"bookmark\" title=\"EXCLUSIVITATE Mihail Neam\u021bu: Exist\u0103 o tendin\u021b\u0103 neeuropean\u0103 de a se crea un imperiu condus de birocra\u021bi de la Bruxelles \/ Pericolul \u00eenarm\u0103rii Germaniei\">EXCLUSIVITATE Mihail Neam\u021bu: Exist\u0103 o tendin\u021b\u0103 neeuropean\u0103 de a se crea un imperiu condus&#8230;<\/a><\/h3>\n<div class=\"td-module-meta-info\"><a href=\"https:\/\/r3media.ro\/category\/stiri\/\" class=\"td-post-category\">\u0218TIRI<\/a><span class=\"td-post-author-name\"><a href=\"https:\/\/r3media.ro\/author\/oana\/\">Oana Ivan<\/a><span>&#8211;<\/span><\/span><span class=\"td-post-date\"><time class=\"entry-date updated td-module-date\" datetime=\"2026-06-22T09:02:12+03:00\">22\/06\/2026<\/time><\/span><\/div>\n<\/div>\n<\/div>\n<\/div>\n<\/div>\n<div class=\"td-block-row\">\n<div class=\"td-block-span6\">\n<div class=\"td_module_8 td_module_wrap\">\n<div class=\"item-details\">\n<h3 class=\"entry-title td-module-title\"><a href=\"https:\/\/r3media.ro\/spania-invinge-argentina-castiga-cupa-mondiala\/\" rel=\"bookmark\" title=\"Spania a \u00eenvins Argentina \u0219i a c\u00e2\u0219tigat Cupa Mondial\u0103 pentru a doua oar\u0103 \u00een istorie\">Spania a \u00eenvins Argentina \u0219i a c\u00e2\u0219tigat Cupa Mondial\u0103 pentru a doua oar\u0103 \u00een&#8230;<\/a><\/h3>\n<div class=\"td-module-meta-info\"><a href=\"https:\/\/r3media.ro\/category\/actualitate\/\" class=\"td-post-category\">ACTUALITATE<\/a><span class=\"td-post-author-name\"><a href=\"https:\/\/r3media.ro\/author\/oana\/\">Oana Ivan<\/a><span>&#8211;<\/span><\/span><span class=\"td-post-date\"><time class=\"entry-date updated td-module-date\" datetime=\"2026-07-20T01:04:07+03:00\">20\/07\/2026<\/time><\/span><\/div>\n<\/div>\n<\/div>\n<\/div>\n<div class=\"td-block-span6\">\n<div class=\"td_module_8 td_module_wrap\">\n<div class=\"item-details\">\n<h3 class=\"entry-title td-module-title\"><a href=\"https:\/\/r3media.ro\/prapad-busteni-valea-prahovei-statiuni-ploi-viitura-oameni-raniti-masini-avariate-case-inundate\/\" rel=\"bookmark\" title=\"VIDEO | Pr\u0103p\u0103d la Bu\u0219teni! Ploile au cauzat o viitur\u0103 care a m\u0103turat tot \u00een cale \u00een sta\u021biunile de pe valea Prahovei: oameni r\u0103ni\u021bi, ma\u0219ini avariate \u0219i locuin\u021be inundate\">VIDEO | Pr\u0103p\u0103d la Bu\u0219teni! Ploile au cauzat o viitur\u0103 care a m\u0103turat tot&#8230;<\/a><\/h3>\n<div class=\"td-module-meta-info\"><a href=\"https:\/\/r3media.ro\/category\/actualitate\/\" class=\"td-post-category\">ACTUALITATE<\/a><span class=\"td-post-author-name\"><a href=\"https:\/\/r3media.ro\/author\/oana\/\">Oana Ivan<\/a><span>&#8211;<\/span><\/span><span class=\"td-post-date\"><time class=\"entry-date updated td-module-date\" datetime=\"2026-07-19T19:07:45+03:00\">19\/07\/2026<\/time><\/span><\/div>\n<\/div>\n<\/div>\n<\/div>\n<\/div>\n<\/div>\n<div class=\"td-load-more-wrap td-load-more-infinite-wrap\" id=\"infinite-lm-tdi_20\"><a href=\"https:\/\/r3media.ro\/aur-solicita-demiterea-imediata-a-consilierului-prezidential-onorific-eugen-tomac\/\" class=\"td_ajax_load_more td_ajax_load_more_js\" aria-label=\"\u00cenc\u0103rca\u021bi mai multe\" id=\"next-page-tdi_20\" data-td_block_id=\"tdi_20\">\u00cenc\u0103rca\u021bi mai multe<\/a><\/div>\n<\/div>\n<div class=\"td_block_wrap tdb_single_comments tdi_21 tdb-comm-layout2 td-pb-border-top td_block_template_1\" data-td-block-uid=\"tdi_21\">\n<div class=\"tdb-block-inner td-fix-index\">\n<div class=\"comments\" id=\"comments\">\n<div id=\"respond\" class=\"comment-respond\">\n<h3 id=\"reply-title\" class=\"comment-reply-title\">AI CEVA DE SPUS? <small><a rel=\"nofollow\" id=\"cancel-comment-reply-link\" href=\"https:\/\/r3media.ro\/aur-solicita-demiterea-imediata-a-consilierului-prezidential-onorific-eugen-tomac\/#respond\">Renun\u021ba\u021bi la r\u0103spuns<\/a><\/small><\/h3>\n<div class=\"comment-form-input-wrap td-form-comment\">\n<div class=\"td-warning-comment\">V\u0103 rug\u0103m s\u0103 introduce\u021bi comentariul dvs.!<\/div>\n<\/div>\n<div class=\"comment-form-input-wrap td-form-author\">\n<div class=\"td-warning-author\">Introduce\u021bi aici numele dvs.<\/div>\n<\/div>\n<div class=\"comment-form-input-wrap td-form-email\">\n<div class=\"td-warning-email-error\">A\u021bi introdus o adres\u0103 de e-mail incorect\u0103!<\/div>\n<div class=\"td-warning-email\">V\u0103 rug\u0103m s\u0103 introduce\u021bi adresa dvs. de e-mail aici<\/div>\n<\/div>\n<\/div>\n<\/div>\n<\/div>\n<\/div>\n<\/div>\n<\/div>\n<div class=\"vc_column tdi_23  wpb_column vc_column_container tdc-column td-pb-span4 td-is-sticky\">\n<div class=\"wpb_wrapper\" data-sticky-enabled-on=\"W3RydWUsdHJ1ZSx0cnVlLHRydWVd\" data-sticky-offset=\"20\" data-sticky-is-width-auto=\"W2ZhbHNlLGZhbHNlLGZhbHNlLGZhbHNlXQ==\">\n<div class=\"wpb_wrapper td_block_wrap vc_widget_sidebar tdi_25 \">\n<div class=\"td_block_wrap td_block_7 td_block_widget tdi_26 td-pb-border-top td_block_template_1 td-column-1 td_block_padding\" data-td-block-uid=\"tdi_26\">\n<div class=\"td-block-title-wrap\">\n<h4 class=\"block-title td-block-title\"><span class=\"td-pulldown-size\">Articole RELA\u021aIONATE<\/span><\/h4>\n<\/div>\n<div id=\"tdi_26\" class=\"td_block_inner\">\n<div class=\"td-block-span12\">\n<div class=\"td_module_6 td_module_wrap td-animation-stack\">\n<div class=\"td-module-thumb\"><a href=\"https:\/\/r3media.ro\/mihail-neamtu-aur-transparentizarea-surselor-de-finantare-a-ong-urilor-este-obligatorie-unele-dintre-ele-pun-in-pericol-interesele-romaniei\/\" rel=\"bookmark\" class=\"td-image-wrap \" title=\"Mihail Neam\u021bu (AUR): Transparentizarea surselor de finan\u021bare a ONG-urilor este obligatorie! Unele dintre ele pun \u00een pericol interesele Rom\u00e2niei\"><img loading=\"lazy\" decoding=\"async\" class=\"entry-thumb\" src=\"https:\/\/r3media.ro\/wp-content\/uploads\/2025\/06\/mihail-neamtu-camera-deputatilor-100x70.png\" alt title=\"Mihail Neam\u021bu (AUR): Transparentizarea surselor de finan\u021bare a ONG-urilor este obligatorie! Unele dintre ele pun \u00een pericol interesele Rom\u00e2niei\" width=\"100\" height=\"70\"><\/a><\/div>\n<div class=\"item-details\">\n<h3 class=\"entry-title td-module-title\"><a href=\"https:\/\/r3media.ro\/mihail-neamtu-aur-transparentizarea-surselor-de-finantare-a-ong-urilor-este-obligatorie-unele-dintre-ele-pun-in-pericol-interesele-romaniei\/\" rel=\"bookmark\" title=\"Mihail Neam\u021bu (AUR): Transparentizarea surselor de finan\u021bare a ONG-urilor este obligatorie! Unele dintre ele pun \u00een pericol interesele Rom\u00e2niei\">Mihail Neam\u021bu (AUR): Transparentizarea surselor de finan\u021bare a ONG-urilor este obligatorie!&#8230;<\/a><\/h3>\n<div class=\"td-module-meta-info\"><span class=\"td-post-date\"><time class=\"entry-date updated td-module-date\" datetime=\"2026-07-24T00:10:14+03:00\">24\/07\/2026<\/time><\/span><\/div>\n<\/div>\n<\/div>\n<\/div>\n<div class=\"td-block-span12\">\n<div class=\"td_module_6 td_module_wrap td-animation-stack\">\n<div class=\"td-module-thumb\"><a href=\"https:\/\/r3media.ro\/24-iulie-sf-mare-mc-hristina-sf-mc-ermoghen\/\" rel=\"bookmark\" class=\"td-image-wrap \" title=\"Calendarul zilei 24 iulie: Sf. Mare Mc. Hristina; Sf. Mc. Ermoghen\"><img loading=\"lazy\" decoding=\"async\" class=\"entry-thumb\" src=\"https:\/\/r3media.ro\/wp-content\/uploads\/2023\/07\/sddefault-2-100x70.jpg\" alt title=\"Calendarul zilei 24 iulie: Sf. Mare Mc. Hristina; Sf. Mc. Ermoghen\" width=\"100\" height=\"70\"><\/a><\/div>\n<div class=\"item-details\">\n<h3 class=\"entry-title td-module-title\"><a href=\"https:\/\/r3media.ro\/24-iulie-sf-mare-mc-hristina-sf-mc-ermoghen\/\" rel=\"bookmark\" title=\"Calendarul zilei 24 iulie: Sf. Mare Mc. Hristina; Sf. Mc. Ermoghen\">Calendarul zilei 24 iulie: Sf. Mare Mc. Hristina; Sf. Mc. Ermoghen<\/a><\/h3>\n<div class=\"td-module-meta-info\"><span class=\"td-post-date\"><time class=\"entry-date updated td-module-date\" datetime=\"2026-07-23T23:18:26+03:00\">23\/07\/2026<\/time><\/span><\/div>\n<\/div>\n<\/div>\n<\/div>\n<div class=\"td-block-span12\">\n<div class=\"td_module_6 td_module_wrap td-animation-stack\">\n<div class=\"td-module-thumb\"><a href=\"https:\/\/r3media.ro\/marea-britanie-apa-inteligenta-artificiala-romania-centru-ai-restrictii-consum-apa\/\" rel=\"bookmark\" class=\"td-image-wrap \" title=\"Marea Britanie nu mai are suficient\u0103 ap\u0103 pentru Inteligen\u021ba Artificial\u0103, dar Rom\u00e2nia vrea s\u0103 g\u0103zduiasc\u0103 un centru AI care consum\u0103 c\u00e2t sute de mii de oameni \u0219i impune restric\u021bii la consumul de ap\u0103 al popula\u021biei\"><img loading=\"lazy\" decoding=\"async\" class=\"entry-thumb\" src=\"https:\/\/r3media.ro\/wp-content\/uploads\/2026\/07\/centru-date-ai-consum-apa-100x70.png\" alt title=\"Marea Britanie nu mai are suficient\u0103 ap\u0103 pentru Inteligen\u021ba Artificial\u0103, dar Rom\u00e2nia vrea s\u0103 g\u0103zduiasc\u0103 un centru AI care consum\u0103 c\u00e2t sute de mii de oameni \u0219i impune restric\u021bii la consumul de ap\u0103 al popula\u021biei\" width=\"100\" height=\"70\"><\/a><\/div>\n<div class=\"item-details\">\n<h3 class=\"entry-title td-module-title\"><a href=\"https:\/\/r3media.ro\/marea-britanie-apa-inteligenta-artificiala-romania-centru-ai-restrictii-consum-apa\/\" rel=\"bookmark\" title=\"Marea Britanie nu mai are suficient\u0103 ap\u0103 pentru Inteligen\u021ba Artificial\u0103, dar Rom\u00e2nia vrea s\u0103 g\u0103zduiasc\u0103 un centru AI care consum\u0103 c\u00e2t sute de mii de oameni \u0219i impune restric\u021bii la consumul de ap\u0103 al popula\u021biei\">Marea Britanie nu mai are suficient\u0103 ap\u0103 pentru Inteligen\u021ba Artificial\u0103, dar&#8230;<\/a><\/h3>\n<div class=\"td-module-meta-info\"><span class=\"td-post-date\"><time class=\"entry-date updated td-module-date\" datetime=\"2026-07-23T11:44:13+03:00\">23\/07\/2026<\/time><\/span><\/div>\n<\/div>\n<\/div>\n<\/div>\n<div class=\"td-block-span12\">\n<div class=\"td_module_6 td_module_wrap td-animation-stack\">\n<div class=\"td-module-thumb\"><a href=\"https:\/\/r3media.ro\/pretul-gazelor-romania-razboi-ucraina\/\" rel=\"bookmark\" class=\"td-image-wrap \" title=\"Pre\u021bul gazelor a explodat \u00een Rom\u00e2nia, la cel mai \u00eenalt nivel de la declan\u0219area r\u0103zboiului din Ucraina\"><img loading=\"lazy\" decoding=\"async\" class=\"entry-thumb\" src=\"https:\/\/r3media.ro\/wp-content\/uploads\/2020\/12\/contor-facebook-100x70.jpg\" alt title=\"Pre\u021bul gazelor a explodat \u00een Rom\u00e2nia, la cel mai \u00eenalt nivel de la declan\u0219area r\u0103zboiului din Ucraina\" width=\"100\" height=\"70\"><\/a><\/div>\n<div class=\"item-details\">\n<h3 class=\"entry-title td-module-title\"><a href=\"https:\/\/r3media.ro\/pretul-gazelor-romania-razboi-ucraina\/\" rel=\"bookmark\" title=\"Pre\u021bul gazelor a explodat \u00een Rom\u00e2nia, la cel mai \u00eenalt nivel de la declan\u0219area r\u0103zboiului din Ucraina\">Pre\u021bul gazelor a explodat \u00een Rom\u00e2nia, la cel mai \u00eenalt nivel&#8230;<\/a><\/h3>\n<div class=\"td-module-meta-info\"><span class=\"td-post-date\"><time class=\"entry-date updated td-module-date\" datetime=\"2026-07-23T10:19:38+03:00\">23\/07\/2026<\/time><\/span><\/div>\n<\/div>\n<\/div>\n<\/div>\n<div class=\"td-block-span12\">\n<div class=\"td_module_6 td_module_wrap td-animation-stack\">\n<div class=\"td-module-thumb\"><a href=\"https:\/\/r3media.ro\/oana-toiu-mae-ambasada-romaniei-libia-stefan-popescu\/\" rel=\"bookmark\" class=\"td-image-wrap \" title=\"Oana \u021aoiu se laud\u0103 c\u0103 MAE nu mai pl\u0103te\u0219te chirie pe ambasada Rom\u00e2niei din Libia. \u0218tefan Popescu: \u00centrebarea real\u0103 e de ce nu mai avem ambasad\u0103 func\u021bional\u0103 la Tripoli\"><img loading=\"lazy\" decoding=\"async\" class=\"entry-thumb\" src=\"https:\/\/r3media.ro\/wp-content\/uploads\/2026\/06\/oana-toiu-consiliul-de-securitate-onu-100x70.jpg\" alt title=\"Oana \u021aoiu se laud\u0103 c\u0103 MAE nu mai pl\u0103te\u0219te chirie pe ambasada Rom\u00e2niei din Libia. \u0218tefan Popescu: \u00centrebarea real\u0103 e de ce nu mai avem ambasad\u0103 func\u021bional\u0103 la Tripoli\" width=\"100\" height=\"70\"><\/a><\/div>\n<div class=\"item-details\">\n<h3 class=\"entry-title td-module-title\"><a href=\"https:\/\/r3media.ro\/oana-toiu-mae-ambasada-romaniei-libia-stefan-popescu\/\" rel=\"bookmark\" title=\"Oana \u021aoiu se laud\u0103 c\u0103 MAE nu mai pl\u0103te\u0219te chirie pe ambasada Rom\u00e2niei din Libia. \u0218tefan Popescu: \u00centrebarea real\u0103 e de ce nu mai avem ambasad\u0103 func\u021bional\u0103 la Tripoli\">Oana \u021aoiu se laud\u0103 c\u0103 MAE nu mai pl\u0103te\u0219te chirie pe&#8230;<\/a><\/h3>\n<div class=\"td-module-meta-info\"><span class=\"td-post-date\"><time class=\"entry-date updated td-module-date\" datetime=\"2026-07-23T09:48:40+03:00\">23\/07\/2026<\/time><\/span><\/div>\n<\/div>\n<\/div>\n<\/div>\n<div class=\"td-block-span12\">\n<div class=\"td_module_6 td_module_wrap td-animation-stack\">\n<div class=\"td-module-thumb\"><a href=\"https:\/\/r3media.ro\/sondaj-r-moldova-54-impotriva-unirii-romania\/\" rel=\"bookmark\" class=\"td-image-wrap \" title=\"Sondaj R. Moldova: 54% ar vota \u00ceMPOTRIVA unirii cu Rom\u00e2nia. Doar 5% \u0219i-ar dori o politic\u0103 extern\u0103 pro unionist\u0103\"><img loading=\"lazy\" decoding=\"async\" class=\"entry-thumb\" src=\"https:\/\/r3media.ro\/wp-content\/uploads\/2025\/01\/image-2014-11-29-18702341-41-parlamentul-chisinau-100x70.webp\" alt title=\"Sondaj R. Moldova: 54% ar vota \u00ceMPOTRIVA unirii cu Rom\u00e2nia. Doar 5% \u0219i-ar dori o politic\u0103 extern\u0103 pro unionist\u0103\" width=\"100\" height=\"70\"><\/a><\/div>\n<div class=\"item-details\">\n<h3 class=\"entry-title td-module-title\"><a href=\"https:\/\/r3media.ro\/sondaj-r-moldova-54-impotriva-unirii-romania\/\" rel=\"bookmark\" title=\"Sondaj R. Moldova: 54% ar vota \u00ceMPOTRIVA unirii cu Rom\u00e2nia. Doar 5% \u0219i-ar dori o politic\u0103 extern\u0103 pro unionist\u0103\">Sondaj R. Moldova: 54% ar vota \u00ceMPOTRIVA unirii cu Rom\u00e2nia. Doar&#8230;<\/a><\/h3>\n<div class=\"td-module-meta-info\"><span class=\"td-post-date\"><time class=\"entry-date updated td-module-date\" datetime=\"2026-07-23T07:42:57+03:00\">23\/07\/2026<\/time><\/span><\/div>\n<\/div>\n<\/div>\n<\/div>\n<div class=\"td-block-span12\">\n<div class=\"td_module_6 td_module_wrap td-animation-stack\">\n<div class=\"td-module-thumb\"><a href=\"https:\/\/r3media.ro\/ghidul-pariorului-foloseste-optiunea-de-bet-builder-inteligent\/\" rel=\"bookmark\" class=\"td-image-wrap \" title=\"Ghidul pariorului: Folose\u0219te op\u021biunea de bet-builder inteligent\"><img loading=\"lazy\" decoding=\"async\" class=\"entry-thumb\" src=\"https:\/\/r3media.ro\/wp-content\/uploads\/2026\/07\/ghidul_pariorului_folosete_opiunea_de_betbuilder_inteligent-100x70.png\" alt title=\"Ghidul pariorului: Folose\u0219te op\u021biunea de bet-builder inteligent\" width=\"100\" height=\"70\"><\/a><\/div>\n<div class=\"item-details\">\n<h3 class=\"entry-title td-module-title\"><a href=\"https:\/\/r3media.ro\/ghidul-pariorului-foloseste-optiunea-de-bet-builder-inteligent\/\" rel=\"bookmark\" title=\"Ghidul pariorului: Folose\u0219te op\u021biunea de bet-builder inteligent\">Ghidul pariorului: Folose\u0219te op\u021biunea de bet-builder inteligent<\/a><\/h3>\n<div class=\"td-module-meta-info\"><span class=\"td-post-date\"><time class=\"entry-date updated td-module-date\" datetime=\"2026-07-23T00:56:53+03:00\">23\/07\/2026<\/time><\/span><\/div>\n<\/div>\n<\/div>\n<\/div>\n<\/div>\n<\/div>\n<aside class=\"td_block_template_1 widget widget_recent_comments\">\n<h4 class=\"block-title\"><span>INTR\u0102 \u00ceN DISCU\u021aIE!<\/span><\/h4>\n<ul id=\"recentcomments\">\n<li class=\"recentcomments\"><span class=\"comment-author-link\">Redac\u021bia<\/span> la <a href=\"https:\/\/r3media.ro\/marea-britanie-apa-inteligenta-artificiala-romania-centru-ai-restrictii-consum-apa\/#comment-40304\">Marea Britanie nu mai are suficient\u0103 ap\u0103 pentru Inteligen\u021ba Artificial\u0103, dar Rom\u00e2nia vrea s\u0103 g\u0103zduiasc\u0103 un centru AI care consum\u0103 c\u00e2t sute de mii de oameni \u0219i impune restric\u021bii la consumul de ap\u0103 al popula\u021biei<\/a><\/li>\n<li class=\"recentcomments\"><span class=\"comment-author-link\">RaduD<\/span> la <a href=\"https:\/\/r3media.ro\/asa-incepe-compania-openai-afirma-un-model-de-inteligenta-artificiala-a-atacat-din-proprie-initiativa-sistemele-unei-alte-companii\/#comment-40302\">A\u0219a \u00eencepe? Compania OpenAI afirm\u0103 un model de inteligen\u021b\u0103 artificial\u0103 a ATACAT din proprie ini\u021biativ\u0103 sistemele unei alte companii<\/a><\/li>\n<li class=\"recentcomments\"><span class=\"comment-author-link\">Funny<\/span> la <a href=\"https:\/\/r3media.ro\/marea-britanie-apa-inteligenta-artificiala-romania-centru-ai-restrictii-consum-apa\/#comment-40300\">Marea Britanie nu mai are suficient\u0103 ap\u0103 pentru Inteligen\u021ba Artificial\u0103, dar Rom\u00e2nia vrea s\u0103 g\u0103zduiasc\u0103 un centru AI care consum\u0103 c\u00e2t sute de mii de oameni \u0219i impune restric\u021bii la consumul de ap\u0103 al popula\u021biei<\/a><\/li>\n<li class=\"recentcomments\"><span class=\"comment-author-link\">Mihai<\/span> la <a href=\"https:\/\/r3media.ro\/marea-britanie-apa-inteligenta-artificiala-romania-centru-ai-restrictii-consum-apa\/#comment-40299\">Marea Britanie nu mai are suficient\u0103 ap\u0103 pentru Inteligen\u021ba Artificial\u0103, dar Rom\u00e2nia vrea s\u0103 g\u0103zduiasc\u0103 un centru AI care consum\u0103 c\u00e2t sute de mii de oameni \u0219i impune restric\u021bii la consumul de ap\u0103 al popula\u021biei<\/a><\/li>\n<li class=\"recentcomments\"><span class=\"comment-author-link\">reno<\/span> la <a href=\"https:\/\/r3media.ro\/asa-incepe-compania-openai-afirma-un-model-de-inteligenta-artificiala-a-atacat-din-proprie-initiativa-sistemele-unei-alte-companii\/#comment-40298\">A\u0219a \u00eencepe? Compania OpenAI afirm\u0103 un model de inteligen\u021b\u0103 artificial\u0103 a ATACAT din proprie ini\u021biativ\u0103 sistemele unei alte companii<\/a><\/li>\n<li class=\"recentcomments\"><span class=\"comment-author-link\">Sumen<\/span> la <a href=\"https:\/\/r3media.ro\/deznationala-frantei-a-invins-franta\/#comment-40297\">Dezna\u021bionala Fran\u021bei a \u00eenvins Fran\u021ba \u00a0\u00a0<\/a><\/li>\n<li class=\"recentcomments\"><span class=\"comment-author-link\">Decebal<\/span> la <a href=\"https:\/\/r3media.ro\/video-cult-femeie-dumnezeu-mama-romania\/#comment-40295\">VIDEO | Un cult care consider\u0103 o femeie coreean\u0103 drept \u201eDumnezeu Mama\u201d face prozeli\u021bi \u00een Rom\u00e2nia<\/a><\/li>\n<\/ul>\n<\/aside>\n<aside class=\"td_block_template_1 widget widget_search\">\n<h4 class=\"block-title\"><span>CAUT\u0102 \u0218I VEI G\u0102SI<\/span><\/h4>\n<\/aside>\n<\/div>\n<\/div>\n<\/div>\n<\/div>\n<\/div>\n<\/div>\n<\/div>\n<p><span class=\"td-page-meta\"><\/span><span class=\"td-page-meta\"><span class=\"td-page-meta\"><\/span><\/span><span class=\"td-page-meta\"><\/span><\/article>\n<\/p>\n<div class=\"td_block_wrap tdb_single_content tdi_18 td-pb-border-top td_block_template_1 td-post-content tagdiv-type\" data-td-block-uid=\"tdi_18\">\n<div class=\"tdb-block-inner td-fix-index\">\n<p><strong>Alian\u021ba pentru Unirea Rom\u00e2nilor solicit\u0103 pre\u0219edintelui Rom\u00e2niei, Nicu\u0219or Dan, s\u0103-l demit\u0103 de \u00eendat\u0103 pe consilierul preziden\u021bial onorific Eugen Tomac, informeaz\u0103 un <a href=\"https:\/\/partidulaur.ro\/aur-solicita-demiterea-imediata-a-consilierului-prezidential-onorific-eugen-tomac\/\" target=\"_blank\" rel=\"noopener\">comunicat de pres\u0103.<\/a><\/strong><\/p>\n<p>\u201eImplicarea direct\u0103 a domnului Tomac \u00een discu\u021bii cu parlamentari ai AUR, confirmate public, reprezint\u0103 o imixtiune inacceptabil\u0103 a Administra\u021biei Preziden\u021biale \u00een via\u021ba intern\u0103 a partidelor parlamentare \u0219i o tentativ\u0103 de a submina coeziunea unui partid ales de milioane de rom\u00e2ni.<\/p>\n<p>Chiar Eugen Tomac a recunoscut c\u0103 a ini\u021biat \u0219i a participat la aceste discu\u021bii.<\/p>\n<p>Pre\u0219edintele Nicu\u0219or Dan a declarat public la Cluj, \u00een data de 24 iunie 2026, c\u0103 odat\u0103 cu nominalizarea unui premier, Administra\u021bia Preziden\u021bial\u0103 nu trebuie s\u0103 se mai implice \u00een discu\u021biile dintre partide. Acest principiu a fost \u00eenc\u0103lcat flagrant.<\/p>\n<p>Un consilier preziden\u021bial care se implic\u0103 \u00een astfel de manevre pune \u00een pericol credibilitatea institu\u021biei preziden\u021biale \u0219i transform\u0103 Cotroceniul \u00eentr-un actor de negociere politic\u0103 de culise, \u00een loc s\u0103 r\u0103m\u00e2n\u0103 garant al Constitu\u021biei \u0219i al respectului fa\u021b\u0103 de Parlament.<\/p>\n<p>Democra\u021bia parlamentar\u0103 din Rom\u00e2nia nu poate fi tratat\u0103 ca o tarab\u0103 unde se negociaz\u0103 voturi pe ascuns, cu ajutorul consilierilor preziden\u021biali. Astfel de practici submineaz\u0103 \u00eencrederea rom\u00e2nilor \u00een institu\u021bii \u0219i trebuie sanc\u021bionate imediat.<\/p>\n<p>Solicit\u0103m, a\u0219adar, demiterea imediat\u0103 a domnului Eugen Tomac din func\u021bia de consilier preziden\u021bial onorific, o pozi\u021bie public\u0103 clar\u0103 a pre\u0219edintelui Nicu\u0219or Dan prin care s\u0103 condamne orice form\u0103 de imixtiune a Administra\u021biei Preziden\u021biale \u00een treburile interne ale partidelor \u0219i respectarea strict\u0103 a principiului pe care pre\u0219edintele l-a enun\u021bat el \u00eensu\u0219i: odat\u0103 cu nominalizarea unui premier, Cotroceniul nu se mai amestec\u0103 \u00een negocierile dintre forma\u021biunile politice\u201d, precizeaz\u0103 AUR.<\/p>\n<p><a href=\"https:\/\/go.fliplink.me\/view\/C266928E-45E2-4B9A-B920-361B001CF18A\" target=\"_blank\" rel=\"noopener\">Notificare privind transparen\u021ba<\/a><\/p>\n<div class=\"crp_related     crp-masonry\">\n<h2>\u00ceN CONTEXT<\/h2>\n<ul>\n<li><a href=\"https:\/\/r3media.ro\/patrick-andre-de-hillerin-intrebare-premier-eugen-tomac-cetatenie-ucraineana-romana\/\" class=\"crp_link post-117025\"><span class=\"crp_title\">Patrick Andre de Hillerin \u00eei pune o \u00eentrebare posibilului premier desemnat, Eugen Tomac:\u2026<\/span><\/a><\/li>\n<li><a href=\"https:\/\/r3media.ro\/oamenii-noi-ai-imparatului-nicusor-dan-consilieri-prezidentiali-ludovic-orban-eugen-tomac-valentin-naumescu-sustinator-razboi-nuclear-pace-nedreapta\/\" class=\"crp_link post-113502\"><span class=\"crp_title\">Oamenii cei noi ai \u00eemp\u0103ratului | Nicu\u0219or Dan i-a numit consilieri preziden\u021biali pe Ludovic\u2026<\/span><\/a><\/li>\n<li><a href=\"https:\/\/r3media.ro\/eugen-tomac-mandat-nicusor-dan-adrian-vestea-guvern\/\" class=\"crp_link post-118244\"><span class=\"crp_title\">Eugen Tomac a renun\u021bat la mandat. Nicu\u0219or Dan l-a desemnat pe liberalul Adrian Ve\u0219tea s\u0103\u2026<\/span><\/a><\/li>\n<li><a href=\"https:\/\/r3media.ro\/scanteie-refuza-foc-adrian-papahagi-respinge-propunere-eugen-tomac-ministrul-culturii\/\" class=\"crp_link post-118128\"><span class=\"crp_title\">Sc\u00e2nteia care refuz\u0103 s\u0103 aprind\u0103 focul: Adrian Papahagi respinge propunerea lui Eugen Tomac\u2026<\/span><\/a><\/li>\n<li><a href=\"https:\/\/r3media.ro\/cornel-nistorescu-eugen-tomac-conducator\/\" class=\"crp_link post-117983\"><span class=\"crp_title\">Cornel Nistorescu: Experien\u021ba lui Tomac \u00een materie de conduc\u0103tor este nul\u0103. N-a condus dec\u00eet\u2026<\/span><\/a><\/li>\n<li><a href=\"https:\/\/r3media.ro\/gheorghe-piperea-aur-eugen-tomac-premier\/\" class=\"crp_link post-117081\"><span class=\"crp_title\">Gheorghe Piperea: AUR nu \u00eel va vota pe Eugen Tomac ca premier<\/span><\/a><\/li>\n<li><a href=\"https:\/\/r3media.ro\/dan-dungaciu-eugen-tomac-aur-2028\/\" class=\"crp_link post-118207\"><span class=\"crp_title\">Dan Dungaciu: Dac\u0103 majoritatea \u00eel nume\u0219te pe Eugen Tomac premier, AUR c\u00e2\u0219tig\u0103 sigur \u00een 2028<\/span><\/a><\/li>\n<li><a href=\"https:\/\/r3media.ro\/dragos-damian-romania-bombardat-productia-industriala\/\" class=\"crp_link post-117926\"><span class=\"crp_title\">Drago\u0219 Damian: Rom\u00e2nia \u0219i-a bombardat singur\u0103 marea majoritate a produc\u021biei industriale: \u00een\u2026<\/span><\/a><\/li>\n<\/ul>\n<\/div>\n<\/div>\n<\/div>\n<p>[analyse_source url=&#8221;https:\/\/r3media.ro\/aur-solicita-demiterea-imediata-a-consilierului-prezidential-onorific-eugen-tomac\/&#8221;]<\/p>\n","protected":false},"excerpt":{"rendered":"<p>[analyse_image type=&#8221;featured&#8221; src=&#8221;https:\/\/r3media.ro\/wp-content\/uploads\/2026\/05\/AUR1-e1779822849514.jpghttps:\/\/r3media.ro\/wp-content\/uploads\/2026\/05\/AUR1-e1779822849514.jpg&#8221;] \u0218TIRIAUR solicit\u0103 demiterea imediat\u0103 a consilierului preziden\u021bial onorific Eugen Tomac \u0218TIRI AUR solicit\u0103 demiterea imediat\u0103 a consilierului preziden\u021bial onorific Eugen Tomac Redac\u021bia 23\/07\/2026 Alian\u021ba pentru Unirea Rom\u00e2nilor solicit\u0103 pre\u0219edintelui Rom\u00e2niei, Nicu\u0219or Dan, s\u0103-l demit\u0103 de \u00eendat\u0103 pe consilierul preziden\u021bial onorific Eugen Tomac, informeaz\u0103 un comunicat de pres\u0103. \u201eImplicarea direct\u0103 a domnului Tomac [&hellip;]<\/p>\n","protected":false},"author":1,"featured_media":0,"comment_status":"open","ping_status":"","sticky":false,"template":"","format":"standard","meta":{"footnotes":""},"categories":[89],"tags":[226,93],"class_list":["post-2059125","post","type-post","status-publish","format-standard","hentry","category-romania","tag-crawlmanager","tag-r3media-ro"],"_links":{"self":[{"href":"https:\/\/analyse.optim.biz\/index.php?rest_route=\/wp\/v2\/posts\/2059125","targetHints":{"allow":["GET"]}}],"collection":[{"href":"https:\/\/analyse.optim.biz\/index.php?rest_route=\/wp\/v2\/posts"}],"about":[{"href":"https:\/\/analyse.optim.biz\/index.php?rest_route=\/wp\/v2\/types\/post"}],"author":[{"embeddable":true,"href":"https:\/\/analyse.optim.biz\/index.php?rest_route=\/wp\/v2\/users\/1"}],"replies":[{"embeddable":true,"href":"https:\/\/analyse.optim.biz\/index.php?rest_route=%2Fwp%2Fv2%2Fcomments&post=2059125"}],"version-history":[{"count":0,"href":"https:\/\/analyse.optim.biz\/index.php?rest_route=\/wp\/v2\/posts\/2059125\/revisions"}],"wp:attachment":[{"href":"https:\/\/analyse.optim.biz\/index.php?rest_route=%2Fwp%2Fv2%2Fmedia&parent=2059125"}],"wp:term":[{"taxonomy":"category","embeddable":true,"href":"https:\/\/analyse.optim.biz\/index.php?rest_route=%2Fwp%2Fv2%2Fcategories&post=2059125"},{"taxonomy":"post_tag","embeddable":true,"href":"https:\/\/analyse.optim.biz\/index.php?rest_route=%2Fwp%2Fv2%2Ftags&post=2059125"}],"curies":[{"name":"wp","href":"https:\/\/api.w.org\/{rel}","templated":true}]}}