{"id":2059095,"date":"2026-07-23T16:00:00","date_gmt":"2026-07-23T13:00:00","guid":{"rendered":"https:\/\/analyse.optim.biz\/?p=2059095"},"modified":"2026-07-23T16:00:00","modified_gmt":"2026-07-23T13:00:00","slug":"cultura-lumii-se-intalneste-la-buzau-a-inceput-festivalul-international-plaiurile-mioritei-editia-a-xi-a","status":"publish","type":"post","link":"https:\/\/analyse.optim.biz\/?p=2059095","title":{"rendered":"Cultura lumii se \u00eent\u00e2lne\u0219te la Buz\u0103u. A \u00eenceput Festivalul Interna\u021bional \u201ePlaiurile Miori\u021bei\u201d, edi\u021bia a XI-a"},"content":{"rendered":"<p>[analyse_image type=&#8221;featured&#8221; src=&#8221;https:\/\/www.campusbuzau.ro\/wp-content\/uploads\/2026\/07\/folclor-1.jpghttps:\/\/www.campusbuzau.ro\/wp-content\/uploads\/2026\/07\/folclor-1.jpg&#8221;]<\/p>\n<div class=\"entry-content\">\n<p><strong><em><mark class=\"has-inline-color has-maincolor-color\">Ansambluri populare de pe trei continente vor lua parte la cea de-a XI-a edi\u021bie a Festivalului Interna\u021bional de Folclor \u201ePlaiurile Miori\u021bei\u201d de la Buz\u0103u. Timp de patru zile, arti\u0219tii sosi\u021bi din \u0219apte \u021b\u0103ri \u00ee\u0219i vor etala costumele populare, dansurile \u0219i tradi\u021biile specifice zonei din care provin.<\/mark><\/em><\/strong><\/p>\n<p>Evenimentul se va desf\u0103\u0219ura \u00een perioada 23-26 iulie \u0219i reune\u0219te ansambluri din Letonia, Coreea de Sud, Serbia, Slovacia, Spania, Statele Unite ale Americii \u0219i Ciprul de Nord. Evident, nu putea lipsi ansamblul folcloric \u201cPlaiurile Miori\u021bei\u201d din Buz\u0103u.<\/p>\n<figure class=\"wp-block-image size-full is-resized\"><img loading=\"lazy\" decoding=\"async\" width=\"705\" height=\"386\" src=\"https:\/\/www.campusbuzau.ro\/wp-content\/uploads\/2026\/07\/folclor-2.jpg\" alt class=\"wp-image-155790\"><\/figure>\n<p>Reprezentan\u021bii grupurilor de tradi\u021bii au fost \u00eent\u00e2mpina\u021bi, \u00een aceast\u0103 diminea\u021b\u0103, de conducerea CJ Buz\u0103u. Marcel Ciolacu, \u0219eful CJ Buz\u0103u, le-a adresat un mesaj de bun venit zecilor de oaspe\u021bi sosi\u021bi de pe toate meridianele lumii.\u00a0\u00a0<\/p>\n<figure class=\"wp-block-image size-full is-resized\"><img loading=\"lazy\" decoding=\"async\" width=\"800\" height=\"449\" src=\"https:\/\/www.campusbuzau.ro\/wp-content\/uploads\/2026\/07\/folclor-3.jpg\" alt class=\"wp-image-155791\"><\/figure>\n<p>La finalul ceremoniei, reprezentan\u021bii delega\u021biilor str\u0103ine au primit suveniruri din partea conducerii CJ Buz\u0103u.<\/p>\n<p>Festivalul interna\u021bional este organizat de Centrul Jude\u021bean de Cultur\u0103 \u0219i Art\u0103 Buz\u0103u, cu sprijinul Consiliului Jude\u021bean Buz\u0103u. Evenimentul se va desf\u0103\u0219ura \u00een parcul Complexului Muzeal \u201cI.C. Br\u0103tianu\u201d din municipiul Buz\u0103u.<\/p>\n<p>Festivalul va ajunge \u0219i la Rm. S\u0103rat, unde, vineri \u0219i s\u00e2mb\u0103t\u0103, ansamblurile interna\u021bionale vor sus\u021bine spectacole \u00een fa\u021ba prim\u0103riei.<\/p>\n<p>Intrarea este liber\u0103 la toate manifest\u0103rile.<\/p>\n<figure class=\"wp-block-embed is-type-video is-provider-youtube wp-block-embed-youtube wp-embed-aspect-16-9 wp-has-aspect-ratio\">\n<div class=\"wp-block-embed__wrapper\">\n<iframe loading=\"lazy\" title=\"PLAIURILE MIORI\u0162EI | A \u00ceNCEPUT EDI\u0162IA A XI-A FESTIVALULUI INTERNA\u0162IONAL\" width=\"500\" height=\"281\" src=\"https:\/\/www.youtube.com\/embed\/Y3MB4gpaBEk?feature=oembed\" frameborder allow=\"accelerometer; autoplay; clipboard-write; encrypted-media; gyroscope; picture-in-picture; web-share\" referrerpolicy=\"strict-origin-when-cross-origin\" allowfullscreen><\/iframe>\n<\/div>\n<\/figure>\n<\/div>\n<p>[analyse_source url=&#8221;https:\/\/www.campusbuzau.ro\/cultura-lumii-se-intalneste-la-buzau-a-inceput-festivalul-international-plaiurile-mioritei-editia-a-xi-a\/&#8221;]<\/p>\n","protected":false},"excerpt":{"rendered":"<p>[analyse_image type=&#8221;featured&#8221; src=&#8221;https:\/\/www.campusbuzau.ro\/wp-content\/uploads\/2026\/07\/folclor-1.jpghttps:\/\/www.campusbuzau.ro\/wp-content\/uploads\/2026\/07\/folclor-1.jpg&#8221;] Ansambluri populare de pe trei continente vor lua parte la cea de-a XI-a edi\u021bie a Festivalului Interna\u021bional de Folclor \u201ePlaiurile Miori\u021bei\u201d de la Buz\u0103u. Timp de patru zile, arti\u0219tii sosi\u021bi din \u0219apte \u021b\u0103ri \u00ee\u0219i vor etala costumele populare, dansurile \u0219i tradi\u021biile specifice zonei din care provin. Evenimentul se va desf\u0103\u0219ura \u00een perioada [&hellip;]<\/p>\n","protected":false},"author":1,"featured_media":0,"comment_status":"open","ping_status":"","sticky":false,"template":"","format":"standard","meta":{"footnotes":""},"categories":[2],"tags":[118,226],"class_list":["post-2059095","post","type-post","status-publish","format-standard","hentry","category-politics","tag-campusbuzau-ro","tag-crawlmanager"],"_links":{"self":[{"href":"https:\/\/analyse.optim.biz\/index.php?rest_route=\/wp\/v2\/posts\/2059095","targetHints":{"allow":["GET"]}}],"collection":[{"href":"https:\/\/analyse.optim.biz\/index.php?rest_route=\/wp\/v2\/posts"}],"about":[{"href":"https:\/\/analyse.optim.biz\/index.php?rest_route=\/wp\/v2\/types\/post"}],"author":[{"embeddable":true,"href":"https:\/\/analyse.optim.biz\/index.php?rest_route=\/wp\/v2\/users\/1"}],"replies":[{"embeddable":true,"href":"https:\/\/analyse.optim.biz\/index.php?rest_route=%2Fwp%2Fv2%2Fcomments&post=2059095"}],"version-history":[{"count":0,"href":"https:\/\/analyse.optim.biz\/index.php?rest_route=\/wp\/v2\/posts\/2059095\/revisions"}],"wp:attachment":[{"href":"https:\/\/analyse.optim.biz\/index.php?rest_route=%2Fwp%2Fv2%2Fmedia&parent=2059095"}],"wp:term":[{"taxonomy":"category","embeddable":true,"href":"https:\/\/analyse.optim.biz\/index.php?rest_route=%2Fwp%2Fv2%2Fcategories&post=2059095"},{"taxonomy":"post_tag","embeddable":true,"href":"https:\/\/analyse.optim.biz\/index.php?rest_route=%2Fwp%2Fv2%2Ftags&post=2059095"}],"curies":[{"name":"wp","href":"https:\/\/api.w.org\/{rel}","templated":true}]}}