{"id":2059005,"date":"2026-07-23T11:42:25","date_gmt":"2026-07-23T08:42:25","guid":{"rendered":"https:\/\/analyse.optim.biz\/?p=2059005"},"modified":"2026-07-23T11:42:25","modified_gmt":"2026-07-23T08:42:25","slug":"noi-locuri-de-parcare-in-calea-sagului-pe-terenuri-ocupate-in-prezent-de-garaje","status":"publish","type":"post","link":"https:\/\/analyse.optim.biz\/?p=2059005","title":{"rendered":"Noi locuri de parcare \u00een Calea \u015eagului, pe terenuri ocupate \u00een prezent de garaje"},"content":{"rendered":"<p>[analyse_image type=&#8221;featured&#8221; src=&#8221;http:\/\/www.banatulmeu.ro\/wp-content\/uploads\/2026\/07\/parcare.jpg&#8221;]<\/p>\n<div class=\"post-content-bd\">\n<p>Noi locuri de parcare vor fi \u00eenfiin\u0163ate \u00een Calea \u015eagului. Prim\u0103ria Timi\u015foara anun\u0163\u0103 c\u0103 le va realiza pe terenuri ocupate \u00een prezent de garaje vechi.<\/p>\n<p><em>\u201cAcestea vor compensa spa\u021biul mai limitat pentru parcare de pe bulevard, odat\u0103 cu realizarea Magistralei Verzi. Urmeaz\u0103 declararea de utilitate public\u0103 a lucr\u0103rilor pe \u0219apte terenuri din zonele Intrarea Plantelor, Intrarea Sabinei, Arhitect Victor Vlad, Aleea Tiberiu Brediceanu \u0219i Arhitect Duiliu Marcu<\/em>\u201c, a informat institu\u0163ia.<\/p>\n<p>Dup\u0103 demolarea garajelor, vor fi amenajate parc\u0103ri conectate la str\u0103zile din apropiere, alei \u0219i trotuare, precum \u0219i spa\u021bii verzi cu arbori.<\/p>\n<p><em>\u201cEste o nou\u0103 etap\u0103 prin care preg\u0103tim transformarea C\u0103ii \u0218agului \u00eentr-un bulevard mai verde \u0219i mai bine organizat. Am inclus aceste lucr\u0103ri \u00eentr-un proiect de hot\u0103r\u00e2re de Consiliu Local pentru o suprafa\u021b\u0103 mai mare de utilitate public\u0103 pentru Magistrala Verde<\/em>\u201c, a transmis Prim\u0103ria Timi\u015foara.<\/p>\n<p>Proiectul va fi supus votului Consiliului Local Timi\u015foara \u0219i poate fi consultat <a href=\"https:\/\/www.primariatm.ro\/...\/785c3698-00e6-498c-a006...\">AICI<\/a>!<\/p>\n<\/div>\n<p>[analyse_source url=&#8221;https:\/\/www.banatulmeu.ro\/noi-parcari-in-calea-sagului-pe-terenuri-ocupate-in-prezent-de-garaje\/&#8221;]<\/p>\n","protected":false},"excerpt":{"rendered":"<p>[analyse_image type=&#8221;featured&#8221; src=&#8221;http:\/\/www.banatulmeu.ro\/wp-content\/uploads\/2026\/07\/parcare.jpg&#8221;] Noi locuri de parcare vor fi \u00eenfiin\u0163ate \u00een Calea \u015eagului. Prim\u0103ria Timi\u015foara anun\u0163\u0103 c\u0103 le va realiza pe terenuri ocupate \u00een prezent de garaje vechi. \u201cAcestea vor compensa spa\u021biul mai limitat pentru parcare de pe bulevard, odat\u0103 cu realizarea Magistralei Verzi. Urmeaz\u0103 declararea de utilitate public\u0103 a lucr\u0103rilor pe \u0219apte terenuri din [&hellip;]<\/p>\n","protected":false},"author":1,"featured_media":0,"comment_status":"open","ping_status":"","sticky":false,"template":"","format":"standard","meta":{"footnotes":""},"categories":[89],"tags":[204,226],"class_list":["post-2059005","post","type-post","status-publish","format-standard","hentry","category-romania","tag-banatulmeu-ro","tag-crawlmanager"],"_links":{"self":[{"href":"https:\/\/analyse.optim.biz\/index.php?rest_route=\/wp\/v2\/posts\/2059005","targetHints":{"allow":["GET"]}}],"collection":[{"href":"https:\/\/analyse.optim.biz\/index.php?rest_route=\/wp\/v2\/posts"}],"about":[{"href":"https:\/\/analyse.optim.biz\/index.php?rest_route=\/wp\/v2\/types\/post"}],"author":[{"embeddable":true,"href":"https:\/\/analyse.optim.biz\/index.php?rest_route=\/wp\/v2\/users\/1"}],"replies":[{"embeddable":true,"href":"https:\/\/analyse.optim.biz\/index.php?rest_route=%2Fwp%2Fv2%2Fcomments&post=2059005"}],"version-history":[{"count":0,"href":"https:\/\/analyse.optim.biz\/index.php?rest_route=\/wp\/v2\/posts\/2059005\/revisions"}],"wp:attachment":[{"href":"https:\/\/analyse.optim.biz\/index.php?rest_route=%2Fwp%2Fv2%2Fmedia&parent=2059005"}],"wp:term":[{"taxonomy":"category","embeddable":true,"href":"https:\/\/analyse.optim.biz\/index.php?rest_route=%2Fwp%2Fv2%2Fcategories&post=2059005"},{"taxonomy":"post_tag","embeddable":true,"href":"https:\/\/analyse.optim.biz\/index.php?rest_route=%2Fwp%2Fv2%2Ftags&post=2059005"}],"curies":[{"name":"wp","href":"https:\/\/api.w.org\/{rel}","templated":true}]}}