{"id":2059000,"date":"2026-07-23T11:31:18","date_gmt":"2026-07-23T08:31:18","guid":{"rendered":"https:\/\/analyse.optim.biz\/?p=2059000"},"modified":"2026-07-23T11:31:18","modified_gmt":"2026-07-23T08:31:18","slug":"judetul-timis-promovat-la-bruxelles-expozitie-dedicata-traditiei-gastronomiei-si-inovatiei","status":"publish","type":"post","link":"https:\/\/analyse.optim.biz\/?p=2059000","title":{"rendered":"Jude\u021bul Timi\u0219, promovat la Bruxelles. Expozi\u021bie dedicat\u0103 tradi\u021biei, gastronomiei \u0219i inova\u021biei"},"content":{"rendered":"<p>[analyse_image type=&#8221;featured&#8221; src=&#8221;http:\/\/www.banatulmeu.ro\/wp-content\/uploads\/2026\/07\/754143255_1065588945824374_6501012755237845281_n.png-e1784811110713.jpeg&#8221;]<\/p>\n<div class=\"post-content-bd\">\n<p>Jude\u021bul Timi\u0219 \u0219i Timi\u0219oara au fost promovate la Bruxelles \u00een cadrul expozi\u021biei \u201e<em>Jude\u021bul Timi\u0219. Timi\u0219oara \u2013 tradi\u021bie, inova\u021bie \u0219i oportunit\u0103\u021bi<\/em>\u201d, al c\u0103rei vernisaj a avut loc luni, 20 iulie.<\/p>\n<p>Evenimentul a fost organizat de Ambasada Rom\u00e2niei \u00een Regatul Belgiei, Consiliul Jude\u021bean Timi\u0219, Visit Timi\u0219 \u0219i Visit Timi\u0219oara \u0219i a avut ca obiectiv promovarea jude\u021bului Timi\u0219 \u00een context european.<\/p>\n<p>Conferin\u021ba a fost deschis\u0103 de ambasadorul Rom\u00e2niei \u00een Regatul Belgiei, Andreea P\u0103st\u00e2rnac, care a subliniat importan\u021ba acestui demers de promovare a jude\u021bului.<\/p>\n<p>Din partea Consiliului Jude\u021bean Timi\u0219 a fost prezent\u0103 Gabriela Popovici, \u00een timp ce Visit Timi\u0219 a fost reprezentat de Sorina Ciurlea, director adjunct, \u0219i Andrei Manea, director de comunicare. La eveniment au mai participat Maria Vulcan, expert proiecte europene din partea Visit Timi\u0219oara, \u0219i Dorin Camen, prorector al Universit\u0103\u021bii de \u0218tiin\u021bele Vie\u021bii \u201eRegele Mihai I\u201d din Timi\u0219oara.<\/p>\n<p>Unul dintre momentele evenimentului a fost dedicat gastronomiei b\u0103n\u0103\u021bene. Invita\u021bii au avut ocazia s\u0103 descopere preparate \u0219i re\u021bete tradi\u021bionale din Banat, \u00een contextul demersurilor pentru ob\u021binerea titlului de Regiune Gastronomic\u0103 European\u0103 2028.<\/p>\n<p>La vernisaj au participat \u0219i reprezentan\u021bii HORETIM, asocia\u021bie ini\u021biatoare a proiectului Regiune Gastronomic\u0103 European\u0103 \u0219i Produs \u00een Banat, implica\u021bi \u00een promovarea identit\u0103\u021bii \u0219i valorilor gastronomice ale regiunii.<\/p>\n<p>Demersul de promovare a jude\u021bului Timi\u0219 la Bruxelles a beneficiat \u0219i de sprijinul Timi\u0219oreana, HORETIM, Produs \u00een Banat, Petro Vaselo Winery \u0219i PERENA.<\/p>\n<div id=\"gallery-1\" class=\"gallery galleryid-188279 gallery-columns-3 gallery-size-thumbnail\">\n<figure class=\"gallery-item\">\n<div class=\"gallery-icon landscape\"><a href=\"https:\/\/www.banatulmeu.ro\/wp-content\/uploads\/2026\/07\/751883966_1794974738158594_613446466642223744_n.png-e1784811043914.jpeg\"><img loading=\"lazy\" decoding=\"async\" width=\"150\" height=\"150\" src=\"https:\/\/www.banatulmeu.ro\/wp-content\/uploads\/2026\/07\/751883966_1794974738158594_613446466642223744_n.png-150x150.jpeg\" class=\"attachment-thumbnail size-thumbnail\" alt><img loading=\"lazy\" decoding=\"async\" width=\"150\" height=\"150\" src=\"https:\/\/www.banatulmeu.ro\/wp-content\/uploads\/2026\/07\/751883966_1794974738158594_613446466642223744_n.png-150x150.jpeg\" class=\"attachment-thumbnail size-thumbnail\" alt><\/a><\/div>\n<\/figure>\n<figure class=\"gallery-item\">\n<div class=\"gallery-icon landscape\"><a href=\"https:\/\/www.banatulmeu.ro\/wp-content\/uploads\/2026\/07\/753887168_1017569914238891_7664944649688385839_n.png-e1784811096327.jpeg\"><img loading=\"lazy\" decoding=\"async\" width=\"150\" height=\"150\" src=\"https:\/\/www.banatulmeu.ro\/wp-content\/uploads\/2026\/07\/753887168_1017569914238891_7664944649688385839_n.png-150x150.jpeg\" class=\"attachment-thumbnail size-thumbnail\" alt><img loading=\"lazy\" decoding=\"async\" width=\"150\" height=\"150\" src=\"https:\/\/www.banatulmeu.ro\/wp-content\/uploads\/2026\/07\/753887168_1017569914238891_7664944649688385839_n.png-150x150.jpeg\" class=\"attachment-thumbnail size-thumbnail\" alt><\/a><\/div>\n<\/figure>\n<figure class=\"gallery-item\">\n<div class=\"gallery-icon landscape\"><a href=\"https:\/\/www.banatulmeu.ro\/wp-content\/uploads\/2026\/07\/752198772_1995259887763737_2848145302793125498_n.png-e1784811077725.jpeg\"><img loading=\"lazy\" decoding=\"async\" width=\"150\" height=\"150\" src=\"https:\/\/www.banatulmeu.ro\/wp-content\/uploads\/2026\/07\/752198772_1995259887763737_2848145302793125498_n.png-150x150.jpeg\" class=\"attachment-thumbnail size-thumbnail\" alt><img decoding=\"async\" loading=\"lazy\" width=\"150\" height=\"150\" src=\"https:\/\/www.banatulmeu.ro\/wp-content\/uploads\/2026\/07\/752198772_1995259887763737_2848145302793125498_n.png-150x150.jpeg\" class=\"attachment-thumbnail size-thumbnail\" alt><\/a><\/div>\n<\/figure>\n<\/div>\n<\/div>\n<p>[analyse_source url=&#8221;https:\/\/www.banatulmeu.ro\/judetul-timis-promovat-la-bruxelles-expozitie-dedicata-traditiei-gastronomiei-si-inovatiei\/&#8221;]<\/p>\n","protected":false},"excerpt":{"rendered":"<p>[analyse_image type=&#8221;featured&#8221; src=&#8221;http:\/\/www.banatulmeu.ro\/wp-content\/uploads\/2026\/07\/754143255_1065588945824374_6501012755237845281_n.png-e1784811110713.jpeg&#8221;] Jude\u021bul Timi\u0219 \u0219i Timi\u0219oara au fost promovate la Bruxelles \u00een cadrul expozi\u021biei \u201eJude\u021bul Timi\u0219. Timi\u0219oara \u2013 tradi\u021bie, inova\u021bie \u0219i oportunit\u0103\u021bi\u201d, al c\u0103rei vernisaj a avut loc luni, 20 iulie. Evenimentul a fost organizat de Ambasada Rom\u00e2niei \u00een Regatul Belgiei, Consiliul Jude\u021bean Timi\u0219, Visit Timi\u0219 \u0219i Visit Timi\u0219oara \u0219i a avut ca obiectiv [&hellip;]<\/p>\n","protected":false},"author":1,"featured_media":0,"comment_status":"open","ping_status":"","sticky":false,"template":"","format":"standard","meta":{"footnotes":""},"categories":[89],"tags":[204,226],"class_list":["post-2059000","post","type-post","status-publish","format-standard","hentry","category-romania","tag-banatulmeu-ro","tag-crawlmanager"],"_links":{"self":[{"href":"https:\/\/analyse.optim.biz\/index.php?rest_route=\/wp\/v2\/posts\/2059000","targetHints":{"allow":["GET"]}}],"collection":[{"href":"https:\/\/analyse.optim.biz\/index.php?rest_route=\/wp\/v2\/posts"}],"about":[{"href":"https:\/\/analyse.optim.biz\/index.php?rest_route=\/wp\/v2\/types\/post"}],"author":[{"embeddable":true,"href":"https:\/\/analyse.optim.biz\/index.php?rest_route=\/wp\/v2\/users\/1"}],"replies":[{"embeddable":true,"href":"https:\/\/analyse.optim.biz\/index.php?rest_route=%2Fwp%2Fv2%2Fcomments&post=2059000"}],"version-history":[{"count":0,"href":"https:\/\/analyse.optim.biz\/index.php?rest_route=\/wp\/v2\/posts\/2059000\/revisions"}],"wp:attachment":[{"href":"https:\/\/analyse.optim.biz\/index.php?rest_route=%2Fwp%2Fv2%2Fmedia&parent=2059000"}],"wp:term":[{"taxonomy":"category","embeddable":true,"href":"https:\/\/analyse.optim.biz\/index.php?rest_route=%2Fwp%2Fv2%2Fcategories&post=2059000"},{"taxonomy":"post_tag","embeddable":true,"href":"https:\/\/analyse.optim.biz\/index.php?rest_route=%2Fwp%2Fv2%2Ftags&post=2059000"}],"curies":[{"name":"wp","href":"https:\/\/api.w.org\/{rel}","templated":true}]}}