{"id":2058997,"date":"2026-07-23T11:14:08","date_gmt":"2026-07-23T08:14:08","guid":{"rendered":"https:\/\/analyse.optim.biz\/?p=2058997"},"modified":"2026-07-23T11:14:08","modified_gmt":"2026-07-23T08:14:08","slug":"mitropolitul-banatului-si-alte-cinci-personalitati-vor-primi-titlul-de-cetateni-de-onoare-de-ziua-timisoarei","status":"publish","type":"post","link":"https:\/\/analyse.optim.biz\/?p=2058997","title":{"rendered":"Mitropolitul Banatului \u015fi alte cinci personalit\u0103\u0163i vor primi titlul de cet\u0103\u0163eni de onoare, de Ziua Timi\u015foarei"},"content":{"rendered":"<p>[analyse_image type=&#8221;featured&#8221; src=&#8221;http:\/\/www.banatulmeu.ro\/wp-content\/uploads\/2015\/12\/mitropolitul-banatului.png&#8221;]<\/p>\n<div class=\"post-content-bd\">\n<p>\u015ease personalit\u0103\u0163i sunt propuse de primarul Dominic Fritz pentru titlul de Cet\u0103\u0163ean de Onoare, distinc\u0163ii care vor fi acordate de Ziua Timi\u015foarei. Este vorba de Ioan Selejan, Arhiepiscopul Timi\u0219oarei \u0219i Mitropolitul Banatului, profesorul Vladimir Tism\u0103neanu, jurnalista Br\u00eendu\u0219a Armanca, Laila Onu, fondatoarea Funda\u021biei \u201ePentru Voi\u201d, omul de televiziune Virgil Ian\u021bu \u0219i Elisabeta Moldovan, reprezentant\u0103 a drepturilor persoanelor cu dizabilit\u0103\u021bi.<\/p>\n<p><em>\u201eCa \u00een fiecare an de ziua ora\u0219ului \u00eei onor\u0103m pe cei care sunt modele pentru comunitatea noastr\u0103 \u0219i care \u0219i-au legat numele de destinul Timi\u0219oarei. \u0218i anul acesta avem personalit\u0103\u021bi active \u00een domenii diverse: social, cultur\u0103, educa\u021bie, implicare civic\u0103. Le mul\u021bumesc pentru dedicarea fa\u021b\u0103 de Timi\u0219oara \u0219i timi\u0219oreni. Decernarea titlurilor va avea loc chiar \u00een 3 August, \u00eentr-o gal\u0103 festiv\u0103 ce va avea loc la Filarmonica Banatul, de la ora 17:30. \u00cen cazul profesorului Vladimir Tism\u0103neanu, \u00eei vom decerna acest titlu la o dat\u0103 pe care o vom stabili de comun acord pentru o vizit\u0103 la Timi\u0219oara\u201d<\/em>, a afirmat primarul Dominic Fritz.<\/p>\n<p>Prin aceast\u0103 distinc\u021bie, Prim\u0103ria Timi\u015foara informeaz\u0103 c\u0103 aduce recunoa\u0219tere unor oameni care, prin munca \u0219i dedicarea lor, \u201c<em>au avut un impact \u00een comunitate \u0219i au dus mai departe numele Timi\u0219oarei<\/em>\u201c.<\/p>\n<p>Titlul de \u201eCet\u0103\u021bean de Onoare\u201d reprezint\u0103 cea mai \u00eenalt\u0103 distinc\u021bie de Consiliul Local personalit\u0103\u0163ilor care, prin merite deosebite, au contribuit la promovarea valorilor \u015fi imaginii ora\u015fului la nivel na\u0163ional \u015fi interna\u0163ional. Proiectele de hot\u0103r\u00e2re privind acordarea titlului de Cet\u0103\u021bean de Onoare pot fi consultate <a href=\"https:\/\/www.primariatm.ro\/proiecte-hcl\">AICI<\/a>!<\/p>\n<\/div>\n<p>[analyse_source url=&#8221;https:\/\/www.banatulmeu.ro\/mitropolitul-banatului-si-alte-cinci-personalitati-vor-primi-titlul-de-cetateni-de-onoare-de-ziua-timisoarei\/&#8221;]<\/p>\n","protected":false},"excerpt":{"rendered":"<p>[analyse_image type=&#8221;featured&#8221; src=&#8221;http:\/\/www.banatulmeu.ro\/wp-content\/uploads\/2015\/12\/mitropolitul-banatului.png&#8221;] \u015ease personalit\u0103\u0163i sunt propuse de primarul Dominic Fritz pentru titlul de Cet\u0103\u0163ean de Onoare, distinc\u0163ii care vor fi acordate de Ziua Timi\u015foarei. Este vorba de Ioan Selejan, Arhiepiscopul Timi\u0219oarei \u0219i Mitropolitul Banatului, profesorul Vladimir Tism\u0103neanu, jurnalista Br\u00eendu\u0219a Armanca, Laila Onu, fondatoarea Funda\u021biei \u201ePentru Voi\u201d, omul de televiziune Virgil Ian\u021bu \u0219i Elisabeta Moldovan, [&hellip;]<\/p>\n","protected":false},"author":1,"featured_media":0,"comment_status":"open","ping_status":"","sticky":false,"template":"","format":"standard","meta":{"footnotes":""},"categories":[89],"tags":[204,226],"class_list":["post-2058997","post","type-post","status-publish","format-standard","hentry","category-romania","tag-banatulmeu-ro","tag-crawlmanager"],"_links":{"self":[{"href":"https:\/\/analyse.optim.biz\/index.php?rest_route=\/wp\/v2\/posts\/2058997","targetHints":{"allow":["GET"]}}],"collection":[{"href":"https:\/\/analyse.optim.biz\/index.php?rest_route=\/wp\/v2\/posts"}],"about":[{"href":"https:\/\/analyse.optim.biz\/index.php?rest_route=\/wp\/v2\/types\/post"}],"author":[{"embeddable":true,"href":"https:\/\/analyse.optim.biz\/index.php?rest_route=\/wp\/v2\/users\/1"}],"replies":[{"embeddable":true,"href":"https:\/\/analyse.optim.biz\/index.php?rest_route=%2Fwp%2Fv2%2Fcomments&post=2058997"}],"version-history":[{"count":0,"href":"https:\/\/analyse.optim.biz\/index.php?rest_route=\/wp\/v2\/posts\/2058997\/revisions"}],"wp:attachment":[{"href":"https:\/\/analyse.optim.biz\/index.php?rest_route=%2Fwp%2Fv2%2Fmedia&parent=2058997"}],"wp:term":[{"taxonomy":"category","embeddable":true,"href":"https:\/\/analyse.optim.biz\/index.php?rest_route=%2Fwp%2Fv2%2Fcategories&post=2058997"},{"taxonomy":"post_tag","embeddable":true,"href":"https:\/\/analyse.optim.biz\/index.php?rest_route=%2Fwp%2Fv2%2Ftags&post=2058997"}],"curies":[{"name":"wp","href":"https:\/\/api.w.org\/{rel}","templated":true}]}}