{"id":2058987,"date":"2026-07-23T11:38:22","date_gmt":"2026-07-23T08:38:22","guid":{"rendered":"https:\/\/analyse.optim.biz\/?p=2058987"},"modified":"2026-07-23T11:38:22","modified_gmt":"2026-07-23T08:38:22","slug":"viceprimarul-ruben-latcau-ne-propunem-sa-dezvoltam-la-fostul-azur-un-pol-tehnologic","status":"publish","type":"post","link":"https:\/\/analyse.optim.biz\/?p=2058987","title":{"rendered":"Viceprimarul Ruben La\u0163c\u0103u: \u201cNe propunem s\u0103 dezvolt\u0103m la fostul Azur un pol tehnologic\u201d"},"content":{"rendered":"<p>[analyse_image type=&#8221;featured&#8221; src=&#8221;http:\/\/www.banatulmeu.ro\/wp-content\/uploads\/2026\/07\/754109749_2813707408999663_8727855342632620731_n-e1784808478268.jpg&#8221;]<\/p>\n<div class=\"post-content-bd\">\n<p>Ruben La\u0163c\u0103u anun\u0163\u0103 c\u0103 Prim\u0103ria Timi\u015foara inten\u0163ioneaz\u0103 s\u0103 dezvolte un pol tehnologic \u00een cl\u0103direa fostului Liceu Azur, fiind \u00eencepute deja discu\u0163iile \u00een acest sens.<\/p>\n<p><em>\u201cNe propunem s\u0103 dezvolt\u0103m la fostul Azur un pol tehnologic, care s\u0103 devin\u0103 o op\u021biune real\u0103 pentru preg\u0103tirea \u00een meserii c\u0103utate acum pe pia\u021ba muncii. Exist\u0103 deschidere pentru aceast\u0103 direc\u021bie din partea conducerii Liceului Tehnologic Ion I.C. Br\u0103tianu \u0219i a Inspectoratului \u0218colar Timi\u0219. Le mul\u021bumesc pentru colaborare. Dup\u0103 discu\u021bii, am agreat ca din toamn\u0103 elevii de la Br\u0103tianu s\u0103 \u00eenve\u021be \u00een cl\u0103direa de pe Calea Martirilor, unde vor avea condi\u021bii pe care azi nu le au \u00een cl\u0103direa din centru \u2013 s\u0103li de clas\u0103 mai bune, ateliere, c\u0103min, cantin\u0103, curte cu spa\u021biu verde. Noi ne-am angajat s\u0103 amenaj\u0103m \u0219i atelierele lor de profil pentru continuarea preg\u0103tirii profesionale. Toate lucr\u0103rile necesare vor \u00eencepe \u00een perioada imediat urm\u0103toare\u201d<\/em>, a afirmat viceprimarul Timi\u015foarei.<\/p>\n<p>Ruben La\u0163c\u0103u a explicat faptul c\u0103 este o solu\u021bie care creeaz\u0103 \u0219i o oportunitate pentru elevii Liceului \u201eWilliam Shakespeare\u201d. Asta pentru c\u0103 eliberarea cl\u0103dirii din centru a Liceului Br\u0103tianu permite mutarea unor clase de elevi de la Shakespeare, care ar avea acces \u0219i la sal\u0103 de sport.<\/p>\n<p><em>\u201cAm discutat cu p\u0103rin\u021bii \u0219i conducerea liceului aceast\u0103 propunere dar decizia \u00eentr-un final va fi la ei \u0219i la conducerea Inspectoratului \u0218colar. Eu cred c\u0103 va fi un pas \u00eenainte pentru fiecare dintre cele 2 \u0219coli\u201d<\/em>, a precizat viceprimarul Timi\u015foarei.<\/p>\n<div id=\"gallery-1\" class=\"gallery galleryid-188284 gallery-columns-3 gallery-size-thumbnail\">\n<figure class=\"gallery-item\">\n<div class=\"gallery-icon landscape\"><a href=\"https:\/\/www.banatulmeu.ro\/wp-content\/uploads\/2026\/07\/753164346_1651759369252406_9216776732671407604_n-e1784808439200.jpg\"><img loading=\"lazy\" decoding=\"async\" width=\"150\" height=\"150\" src=\"https:\/\/www.banatulmeu.ro\/wp-content\/uploads\/2026\/07\/753164346_1651759369252406_9216776732671407604_n-150x150.jpg\" class=\"attachment-thumbnail size-thumbnail\" alt><img loading=\"lazy\" decoding=\"async\" width=\"150\" height=\"150\" src=\"https:\/\/www.banatulmeu.ro\/wp-content\/uploads\/2026\/07\/753164346_1651759369252406_9216776732671407604_n-150x150.jpg\" class=\"attachment-thumbnail size-thumbnail\" alt><\/a><\/div>\n<\/figure>\n<figure class=\"gallery-item\">\n<div class=\"gallery-icon landscape\"><a href=\"https:\/\/www.banatulmeu.ro\/wp-content\/uploads\/2026\/07\/752880968_1068084939224901_8359760938532432882_n-e1784808422486.jpg\"><img loading=\"lazy\" decoding=\"async\" width=\"150\" height=\"150\" src=\"https:\/\/www.banatulmeu.ro\/wp-content\/uploads\/2026\/07\/752880968_1068084939224901_8359760938532432882_n-150x150.jpg\" class=\"attachment-thumbnail size-thumbnail\" alt><img loading=\"lazy\" decoding=\"async\" width=\"150\" height=\"150\" src=\"https:\/\/www.banatulmeu.ro\/wp-content\/uploads\/2026\/07\/752880968_1068084939224901_8359760938532432882_n-150x150.jpg\" class=\"attachment-thumbnail size-thumbnail\" alt><\/a><\/div>\n<\/figure>\n<figure class=\"gallery-item\">\n<div class=\"gallery-icon landscape\"><a href=\"https:\/\/www.banatulmeu.ro\/wp-content\/uploads\/2026\/07\/754462561_1348798810739002_8756622468590222796_n-e1784808405592.jpg\"><img loading=\"lazy\" decoding=\"async\" width=\"150\" height=\"150\" src=\"https:\/\/www.banatulmeu.ro\/wp-content\/uploads\/2026\/07\/754462561_1348798810739002_8756622468590222796_n-150x150.jpg\" class=\"attachment-thumbnail size-thumbnail\" alt><img decoding=\"async\" loading=\"lazy\" width=\"150\" height=\"150\" src=\"https:\/\/www.banatulmeu.ro\/wp-content\/uploads\/2026\/07\/754462561_1348798810739002_8756622468590222796_n-150x150.jpg\" class=\"attachment-thumbnail size-thumbnail\" alt><\/a><\/div>\n<\/figure>\n<\/div>\n<\/div>\n<p>[analyse_source url=&#8221;https:\/\/www.banatulmeu.ro\/viceprimarul-ruben-latcau-ne-propunem-sa-dezvoltam-la-fostul-azur-un-pol-tehnologic\/&#8221;]<\/p>\n","protected":false},"excerpt":{"rendered":"<p>[analyse_image type=&#8221;featured&#8221; src=&#8221;http:\/\/www.banatulmeu.ro\/wp-content\/uploads\/2026\/07\/754109749_2813707408999663_8727855342632620731_n-e1784808478268.jpg&#8221;] Ruben La\u0163c\u0103u anun\u0163\u0103 c\u0103 Prim\u0103ria Timi\u015foara inten\u0163ioneaz\u0103 s\u0103 dezvolte un pol tehnologic \u00een cl\u0103direa fostului Liceu Azur, fiind \u00eencepute deja discu\u0163iile \u00een acest sens. \u201cNe propunem s\u0103 dezvolt\u0103m la fostul Azur un pol tehnologic, care s\u0103 devin\u0103 o op\u021biune real\u0103 pentru preg\u0103tirea \u00een meserii c\u0103utate acum pe pia\u021ba muncii. Exist\u0103 deschidere pentru [&hellip;]<\/p>\n","protected":false},"author":1,"featured_media":0,"comment_status":"open","ping_status":"","sticky":false,"template":"","format":"standard","meta":{"footnotes":""},"categories":[89],"tags":[204,226],"class_list":["post-2058987","post","type-post","status-publish","format-standard","hentry","category-romania","tag-banatulmeu-ro","tag-crawlmanager"],"_links":{"self":[{"href":"https:\/\/analyse.optim.biz\/index.php?rest_route=\/wp\/v2\/posts\/2058987","targetHints":{"allow":["GET"]}}],"collection":[{"href":"https:\/\/analyse.optim.biz\/index.php?rest_route=\/wp\/v2\/posts"}],"about":[{"href":"https:\/\/analyse.optim.biz\/index.php?rest_route=\/wp\/v2\/types\/post"}],"author":[{"embeddable":true,"href":"https:\/\/analyse.optim.biz\/index.php?rest_route=\/wp\/v2\/users\/1"}],"replies":[{"embeddable":true,"href":"https:\/\/analyse.optim.biz\/index.php?rest_route=%2Fwp%2Fv2%2Fcomments&post=2058987"}],"version-history":[{"count":0,"href":"https:\/\/analyse.optim.biz\/index.php?rest_route=\/wp\/v2\/posts\/2058987\/revisions"}],"wp:attachment":[{"href":"https:\/\/analyse.optim.biz\/index.php?rest_route=%2Fwp%2Fv2%2Fmedia&parent=2058987"}],"wp:term":[{"taxonomy":"category","embeddable":true,"href":"https:\/\/analyse.optim.biz\/index.php?rest_route=%2Fwp%2Fv2%2Fcategories&post=2058987"},{"taxonomy":"post_tag","embeddable":true,"href":"https:\/\/analyse.optim.biz\/index.php?rest_route=%2Fwp%2Fv2%2Ftags&post=2058987"}],"curies":[{"name":"wp","href":"https:\/\/api.w.org\/{rel}","templated":true}]}}