{"id":2058980,"date":"2026-07-20T18:26:54","date_gmt":"2026-07-20T15:26:54","guid":{"rendered":"https:\/\/analyse.optim.biz\/?p=2058980"},"modified":"2026-07-20T18:26:54","modified_gmt":"2026-07-20T15:26:54","slug":"tragedie-baiat-de-16-ani-cautat-de-pompieri-si-scafandri-pe-bega-in-timis-gasit-mort","status":"publish","type":"post","link":"https:\/\/analyse.optim.biz\/?p=2058980","title":{"rendered":"Tragedie. B\u0103iat de 16 ani, c\u0103utat de pompieri \u0219i scafandri pe Bega, \u00een Timi\u0219, g\u0103sit mort"},"content":{"rendered":"<p>[analyse_image type=&#8221;featured&#8221; src=&#8221;https:\/\/www.opiniatimisoarei.ro\/wp-content\/uploads\/2026\/07\/cautari-inecat-noaptea-scafandri-728&#215;336.jpghttps:\/\/www.opiniatimisoarei.ro\/wp-content\/uploads\/2026\/07\/cautari-inecat-noaptea-scafandri.jpg&#8221;]<\/p>\n<div class=\"the_content\">\n<p><strong>TIMI\u0218OARA<\/strong>. Pompierii de la F\u0103get \u0219i scafandrii au pornit \u00een c\u0103utarea unui b\u0103iat de 16 ani care a intrat \u00een r\u00e2ul Bega, la Chiz\u0103t\u0103u, dar nu a mai ie\u0219it la mal, luni seara.<\/p>\n<p><strong><span>CITE\u0218TE \u0218I:<\/span><a href=\"https:\/\/www.opiniatimisoarei.ro\/atunci-s-a-scris-una-dintre-cele-mai-negre-pagini-din-istoria-timisoarei-teribila-executie-publica\/20\/07\/2026\">Atunci s-a scris una dintre cele mai negre pagini din istoria Timi\u0219oarei. Teribil\u0103 execu\u021bie public\u0103<\/a><\/strong><\/p>\n<p>\u201d<strong>\u00cen cursul serii, \u00een jurul orei 20:00, am fost solicita\u021bi prin SNUAU 112 s\u0103 intervenim pentru c\u0103utarea-salvarea unui minor (b\u0103iat, 16 ani), posibil disp\u0103rut \u00een r\u00e2ul Bega, \u00een localitatea Chiz\u0103t\u0103u<\/strong>\u201d, a transmis ISU Timi\u0219.<\/p>\n<p>La locul evenimentului au intervenit rapid pompierii din cadrul Deta\u0219amentelor 1 \u0219i 2 Timi\u0219oara, Deta\u0219amentului Lugoj \u0219i Sta\u021biei F\u0103get cu dou\u0103 autospeciale de prim\u0103 interven\u021bie si comand\u0103 \u0219i dou\u0103 autospeciale de serviciu, \u00eencadrate cu 4 b\u0103rci, precum si 4 scafandri \u0219i o ambulan\u021b\u0103 SAJ.<\/p>\n<p>Salvatorii incearca sa-l gaseasca pe adolescent.<\/p>\n<p><span><strong>UPDATE:<\/strong><\/span> B\u0103iatul de 16 ani c\u0103utat de pompieri \u0219i scafandri pe Bega, \u00een Timi\u0219, a fost g\u0103sit mort.<\/p>\n<p><span class=\"dia_suggestion w0\">\u00cen<\/span> jurul orei 23.00, scafandrii l-au recuperat <span class=\"dia_suggestion w7\">din<\/span> apele <span class=\"dia_suggestion w9\">r\u0103ului<\/span>, iar echipajul de pe Ambulanta a <span class=\"dia_suggestion w14\">\u00eenceput<\/span> manevrele de resuscitare. Medicii s-au chinuit <span class=\"dia_suggestion w22\">s\u0103<\/span>-l <span class=\"dia_suggestion w24\">readuc\u0103<\/span><span class=\"dia_suggestion w25\">\u00een<\/span><span class=\"dia_suggestion w26\">sim\u021biri<\/span>, dar <span class=\"dia_suggestion w28\">\u00een<\/span><span class=\"dia_suggestion w29\">zadar<\/span>.<\/p>\n<p>Poli\u021bi\u0219tii au deschis o anchet\u0103 pentru a stabili \u00een ce condi\u021bii s-a \u00eenecat b\u0103iatul.<\/p>\n<p>***<\/p>\n<p><strong><span class=\"dia_suggestion w0\">Mai<\/span><span class=\"dia_suggestion w1\">multe<\/span><span class=\"dia_suggestion w2\">g\u0103si\u021bi<\/span> pe <span class=\"dia_suggestion w4\">pagina noastr<span class=\"dia_suggestion w0\">\u0103<\/span><\/span>\u00a0de <a href=\"https:\/\/www.facebook.com\/OpiniaTM\/?ref=page_internal\" target=\"_blank\" rel=\"noopener\">Facebook opiniatimisoarei.ro<\/a>!<\/strong><\/p>\n<p><strong><span class=\"dia_suggestion w0\">Dac\u0103<\/span><span class=\"dia_suggestion w1\">a\u021bi<\/span> fost martorii unui eveniment <span class=\"dia_suggestion w6\">sau<\/span><span class=\"dia_suggestion w7\">ai<\/span> unei <span class=\"dia_suggestion w9\">situa\u021bii<\/span><span class=\"dia_suggestion w10\">neobi\u0219nuite<\/span><span class=\"dia_suggestion w11\">care<\/span> ar <span class=\"dia_suggestion w13\">putea<\/span> deveni subiect de <span class=\"dia_suggestion w17\">\u0219tire<\/span>, <span class=\"dia_suggestion w18\">contacta\u021bi<\/span>-ne <span class=\"dia_suggestion w20\">la<\/span><span><a href=\"https:\/\/www.opiniatimisoarei.ro\/cdn-cgi\/l\/email-protection\" class=\"__cf_email__\" data-cfemail=\"324057565351465b57725d425b5c5b53465b5f5b415d5340575b1c405d\">[email\u00a0protected]<\/a>,<\/span>\u00a0 pe <a href=\"https:\/\/www.facebook.com\/OpiniaTM\">FB<\/a><span>sau pe contul nostru de<\/span><a href=\"https:\/\/www.instagram.com\/opiniatimisoarei.ro\/\" target=\"_blank\" rel=\"noopener\">Instagram<\/a>!<\/strong><\/p>\n<p><strong><span>CITE\u0218TE \u0218I<\/span>: <a href=\"https:\/\/www.opiniatimisoarei.ro\/afli-primul-tot-ceea-ce-se-intampla-cu-adevarat-important-in-timisoara-si-in-regiune-cu-aplicatia-de-stiri-opinia-timisoarei-3-tipuri-de-alerte-te-tin-mereu-conectat-la-evenimente-descarca-gratuit-a\/31\/10\/2022\">Afli primul tot ceea ce se intampla cu adevarat important in Timisoara si in regiune cu Aplicatia de stiri Opinia Timisoarei. 3 tipuri de alerte te tin mereu conectat la evenimente. Descarca gratuit Aplicatia OT aici!<\/a><\/strong><\/p>\n<\/div>\n<p>[analyse_source url=&#8221;https:\/\/www.opiniatimisoarei.ro\/tragedie-baiat-de-16-ani-cautat-de-pompieri-si-scafandri-pe-bega-in-timis-gasit-mort\/20\/07\/2026&#8243;]<\/p>\n","protected":false},"excerpt":{"rendered":"<p>[analyse_image type=&#8221;featured&#8221; src=&#8221;https:\/\/www.opiniatimisoarei.ro\/wp-content\/uploads\/2026\/07\/cautari-inecat-noaptea-scafandri-728&#215;336.jpghttps:\/\/www.opiniatimisoarei.ro\/wp-content\/uploads\/2026\/07\/cautari-inecat-noaptea-scafandri.jpg&#8221;] TIMI\u0218OARA. Pompierii de la F\u0103get \u0219i scafandrii au pornit \u00een c\u0103utarea unui b\u0103iat de 16 ani care a intrat \u00een r\u00e2ul Bega, la Chiz\u0103t\u0103u, dar nu a mai ie\u0219it la mal, luni seara. CITE\u0218TE \u0218I:Atunci s-a scris una dintre cele mai negre pagini din istoria Timi\u0219oarei. Teribil\u0103 execu\u021bie public\u0103 \u201d\u00cen cursul serii, [&hellip;]<\/p>\n","protected":false},"author":1,"featured_media":0,"comment_status":"open","ping_status":"","sticky":false,"template":"","format":"standard","meta":{"footnotes":""},"categories":[89],"tags":[226,190],"class_list":["post-2058980","post","type-post","status-publish","format-standard","hentry","category-romania","tag-crawlmanager","tag-opiniatimisoarei-ro"],"_links":{"self":[{"href":"https:\/\/analyse.optim.biz\/index.php?rest_route=\/wp\/v2\/posts\/2058980","targetHints":{"allow":["GET"]}}],"collection":[{"href":"https:\/\/analyse.optim.biz\/index.php?rest_route=\/wp\/v2\/posts"}],"about":[{"href":"https:\/\/analyse.optim.biz\/index.php?rest_route=\/wp\/v2\/types\/post"}],"author":[{"embeddable":true,"href":"https:\/\/analyse.optim.biz\/index.php?rest_route=\/wp\/v2\/users\/1"}],"replies":[{"embeddable":true,"href":"https:\/\/analyse.optim.biz\/index.php?rest_route=%2Fwp%2Fv2%2Fcomments&post=2058980"}],"version-history":[{"count":0,"href":"https:\/\/analyse.optim.biz\/index.php?rest_route=\/wp\/v2\/posts\/2058980\/revisions"}],"wp:attachment":[{"href":"https:\/\/analyse.optim.biz\/index.php?rest_route=%2Fwp%2Fv2%2Fmedia&parent=2058980"}],"wp:term":[{"taxonomy":"category","embeddable":true,"href":"https:\/\/analyse.optim.biz\/index.php?rest_route=%2Fwp%2Fv2%2Fcategories&post=2058980"},{"taxonomy":"post_tag","embeddable":true,"href":"https:\/\/analyse.optim.biz\/index.php?rest_route=%2Fwp%2Fv2%2Ftags&post=2058980"}],"curies":[{"name":"wp","href":"https:\/\/api.w.org\/{rel}","templated":true}]}}