{"id":2058976,"date":"2026-07-20T06:52:14","date_gmt":"2026-07-20T03:52:14","guid":{"rendered":"https:\/\/analyse.optim.biz\/?p=2058976"},"modified":"2026-07-20T06:52:14","modified_gmt":"2026-07-20T03:52:14","slug":"accident-pe-cea-mai-aglomerata-sosea-din-timis-oameni-raniti","status":"publish","type":"post","link":"https:\/\/analyse.optim.biz\/?p=2058976","title":{"rendered":"Accident pe cea mai aglomerat\u0103 \u0219osea din Timi\u0219. Oameni r\u0103ni\u021bi"},"content":{"rendered":"<p>[analyse_image type=&#8221;featured&#8221; src=&#8221;https:\/\/www.opiniatimisoarei.ro\/wp-content\/uploads\/2026\/07\/accident-cosava-728&#215;336.jpghttps:\/\/www.opiniatimisoarei.ro\/wp-content\/uploads\/2026\/07\/accident-cosava.jpg&#8221;]<\/p>\n<div class=\"the_content\">\n<p><strong><span class=\"dia_suggestion w10\">TIMI\u0218OARA<\/span><\/strong>. Accident pe <span class=\"dia_suggestion w13\">\u0219oseaua<\/span> Lugoj \u2013 Deva. O <span class=\"dia_suggestion w17\">ma\u0219i<span class=\"dia_suggestion w24\">n<\/span>\u0103<\/span><span class=\"dia_suggestion w18\">\u0219i<\/span> un camion s-au izbit <span class=\"dia_suggestion w60\">\u00een<\/span> localitatea <span class=\"dia_suggestion w26\">Co\u0219ava<\/span>.<\/p>\n<p>Doi oameni au fost <span class=\"dia_suggestion w9\">r\u0103ni\u021bi<\/span>.<\/p>\n<p><strong><span>CITESTE SI<\/span>: <a href=\"https:\/\/www.opiniatimisoarei.ro\/imagini-de-infarct-pe-o-trecere-de-pietoni-din-timisoara-copil-pe-trotineta-la-un-pas-sa-fie-izbit-de-o-masina-video\/20\/07\/2026\">Imagini de infarct pe o trecere de pietoni din Timi\u0219oara. Copil pe trotinet\u0103, la un pas s\u0103 fie izbit de o ma\u0219in\u0103. VIDEO<\/a><\/strong><\/p>\n<p><span class=\"dia_suggestion w32\">La<\/span> locul accidentului, pe DN68A, au <span class=\"dia_suggestion w39\">intervenit<\/span> de <span class=\"dia_suggestion w41\">urgen\u021b\u0103<\/span> pompierii <span class=\"dia_suggestion w18\">\u0219i<\/span> echipajele medicale.<\/p>\n<p><span class=\"dia_suggestion w46\">R\u0103ni\u021bii<\/span> au fost <span class=\"dia_suggestion w49\">prelua\u021bi<\/span> de <span class=\"dia_suggestion w51\">ambulan\u021be<\/span><span class=\"dia_suggestion w18\">\u0219i<\/span><span class=\"dia_suggestion w53\">transporta\u021bi<\/span><span class=\"dia_suggestion w54\">la<\/span> spital.<\/p>\n<p><span class=\"dia_suggestion w56\">Poli\u021bi\u0219tii<\/span><span class=\"dia_suggestion w57\">\u00eencearc\u0103<\/span><span class=\"dia_suggestion w58\">s\u0103<\/span><span class=\"dia_suggestion w59\">stabileasc\u0103<\/span><span class=\"dia_suggestion w24\">\u00een<\/span> ce <span class=\"dia_suggestion w62\">condi\u021bii<\/span> s-a petrecut accidentul.<\/p>\n<p>\u201e<strong>Din primele verific\u0103ri efectuate la fa\u021ba locului, s-a stabilit faptul c\u0103 un b\u0103rbat, \u00een v\u00e2rst\u0103 de 51 de ani, a condus un autoturism pe DN 68A, dinspre localitatea Co\u0219ava \u00eenspre municipiul Deva, iar la un moment dat ar fi pierdut controlul asupra direc\u021biei de deplasare \u0219i a intrat \u00een coliziune cu un tir condus de un b\u0103rbat de 40 de ani.<\/strong><\/p>\n<p><strong>\u00cen urma accidentului rutier au rezultat dou\u0103 victime, respectiv conduc\u0103torul autoturismului \u0219i pasagerul acestuia un t\u00e2n\u0103r de 19 ani. Ace\u0219tia au fost transporta\u021bi la spital \u00een vederea acord\u0103rii \u00eengrijirilor medicale de specialitate.<\/strong><\/p>\n<p><strong>Ambii conduc\u0103tori auto au fost testa\u021bi cu aparatul etilotest, rezultatele fiind negative.<\/strong><\/p>\n<p><strong>\u00cen cauz\u0103, poli\u021bi\u0219tii au \u00eentocmit un dosar penal sub aspectul s\u0103v\u00e2r\u0219irii infrac\u021biunii de v\u0103t\u0103mare corporal\u0103 din culp\u0103<\/strong>\u201e, transmit reprezentantii IPJ Timis.<\/p>\n<p>***<\/p>\n<p><strong><span class=\"dia_suggestion w0\">Mai<\/span>\u00a0<span class=\"dia_suggestion w1\">multe<\/span>\u00a0<span class=\"dia_suggestion w2\">g\u0103si\u021bi<\/span>\u00a0pe\u00a0<span class=\"dia_suggestion w4\">pagina noastr<span class=\"dia_suggestion w0\">\u0103<\/span><\/span>\u00a0de\u00a0<a href=\"https:\/\/www.facebook.com\/OpiniaTM\/?ref=page_internal\" target=\"_blank\" rel=\"noopener\">Facebook opiniatimisoarei.ro<\/a>!<\/strong><\/p>\n<p><strong><span class=\"dia_suggestion w0\">Dac\u0103<\/span>\u00a0<span class=\"dia_suggestion w1\">a\u021bi<\/span>\u00a0fost martorii unui eveniment\u00a0<span class=\"dia_suggestion w6\">sau<\/span>\u00a0<span class=\"dia_suggestion w7\">ai<\/span>\u00a0unei\u00a0<span class=\"dia_suggestion w9\">situa\u021bii<\/span>\u00a0<span class=\"dia_suggestion w10\">neobi\u0219nuite<\/span>\u00a0<span class=\"dia_suggestion w11\">care<\/span>\u00a0ar\u00a0<span class=\"dia_suggestion w13\">putea<\/span>\u00a0deveni subiect de\u00a0<span class=\"dia_suggestion w17\">\u0219tire<\/span>,\u00a0<span class=\"dia_suggestion w18\">contacta\u021bi<\/span>-ne\u00a0<span class=\"dia_suggestion w20\">la<\/span>\u00a0<a href=\"https:\/\/www.opiniatimisoarei.ro\/cdn-cgi\/l\/email-protection\" class=\"__cf_email__\" data-cfemail=\"087a6d6c696b7c616d486778616661697c6165617b67697a6d61267a67\">[email\u00a0protected]<\/a>,\u00a0 pe\u00a0<a href=\"https:\/\/www.facebook.com\/OpiniaTM\">FB<\/a>\u00a0sau pe contul nostru de\u00a0<a href=\"https:\/\/www.instagram.com\/opiniatimisoarei.ro\/\" target=\"_blank\" rel=\"noopener\">Instagram<\/a>!<\/strong><\/p>\n<p><strong><span>CITE\u0218TE \u0218I:<\/span>\u00a0<a href=\"https:\/\/www.opiniatimisoarei.ro\/afli-primul-tot-ceea-ce-se-intampla-cu-adevarat-important-in-timisoara-si-in-regiune-cu-aplicatia-de-stiri-opinia-timisoarei-3-tipuri-de-alerte-te-tin-mereu-conectat-la-evenimente-descarca-gratuit-a\/31\/10\/2022\">Afli primul tot ceea ce se intampla cu adevarat important in Timisoara si in regiune cu Aplicatia de stiri Opinia Timisoarei. 3 tipuri de alerte te tin mereu conectat la evenimente. Descarca gratuit Aplicatia OT aici!<\/a><\/strong><\/p>\n<\/div>\n<p>[analyse_source url=&#8221;https:\/\/www.opiniatimisoarei.ro\/accident-pe-cea-mai-aglomerata-sosea-din-timis-oameni-raniti\/20\/07\/2026&#8243;]<\/p>\n","protected":false},"excerpt":{"rendered":"<p>[analyse_image type=&#8221;featured&#8221; src=&#8221;https:\/\/www.opiniatimisoarei.ro\/wp-content\/uploads\/2026\/07\/accident-cosava-728&#215;336.jpghttps:\/\/www.opiniatimisoarei.ro\/wp-content\/uploads\/2026\/07\/accident-cosava.jpg&#8221;] TIMI\u0218OARA. Accident pe \u0219oseaua Lugoj \u2013 Deva. O ma\u0219in\u0103\u0219i un camion s-au izbit \u00een localitatea Co\u0219ava. Doi oameni au fost r\u0103ni\u021bi. CITESTE SI: Imagini de infarct pe o trecere de pietoni din Timi\u0219oara. Copil pe trotinet\u0103, la un pas s\u0103 fie izbit de o ma\u0219in\u0103. VIDEO La locul accidentului, pe DN68A, au [&hellip;]<\/p>\n","protected":false},"author":1,"featured_media":0,"comment_status":"open","ping_status":"","sticky":false,"template":"","format":"standard","meta":{"footnotes":""},"categories":[89],"tags":[226,190],"class_list":["post-2058976","post","type-post","status-publish","format-standard","hentry","category-romania","tag-crawlmanager","tag-opiniatimisoarei-ro"],"_links":{"self":[{"href":"https:\/\/analyse.optim.biz\/index.php?rest_route=\/wp\/v2\/posts\/2058976","targetHints":{"allow":["GET"]}}],"collection":[{"href":"https:\/\/analyse.optim.biz\/index.php?rest_route=\/wp\/v2\/posts"}],"about":[{"href":"https:\/\/analyse.optim.biz\/index.php?rest_route=\/wp\/v2\/types\/post"}],"author":[{"embeddable":true,"href":"https:\/\/analyse.optim.biz\/index.php?rest_route=\/wp\/v2\/users\/1"}],"replies":[{"embeddable":true,"href":"https:\/\/analyse.optim.biz\/index.php?rest_route=%2Fwp%2Fv2%2Fcomments&post=2058976"}],"version-history":[{"count":0,"href":"https:\/\/analyse.optim.biz\/index.php?rest_route=\/wp\/v2\/posts\/2058976\/revisions"}],"wp:attachment":[{"href":"https:\/\/analyse.optim.biz\/index.php?rest_route=%2Fwp%2Fv2%2Fmedia&parent=2058976"}],"wp:term":[{"taxonomy":"category","embeddable":true,"href":"https:\/\/analyse.optim.biz\/index.php?rest_route=%2Fwp%2Fv2%2Fcategories&post=2058976"},{"taxonomy":"post_tag","embeddable":true,"href":"https:\/\/analyse.optim.biz\/index.php?rest_route=%2Fwp%2Fv2%2Ftags&post=2058976"}],"curies":[{"name":"wp","href":"https:\/\/api.w.org\/{rel}","templated":true}]}}