{"id":2058973,"date":"2026-07-21T18:28:10","date_gmt":"2026-07-21T15:28:10","guid":{"rendered":"https:\/\/analyse.optim.biz\/?p=2058973"},"modified":"2026-07-21T18:28:10","modified_gmt":"2026-07-21T15:28:10","slug":"senatorul-sorin-sipos-acuza-conducerea-aeroportului-timisoara-dupa-anuntul-privind-inchiderea-pistei","status":"publish","type":"post","link":"https:\/\/analyse.optim.biz\/?p=2058973","title":{"rendered":"Senatorul Sorin \u0218ipo\u0219 acuz\u0103 conducerea Aeroportului Timi\u0219oara dup\u0103 anun\u021bul privind \u00eenchiderea pistei"},"content":{"rendered":"<p>[analyse_image type=&#8221;featured&#8221; src=&#8221;https:\/\/orasul-timisoara.ro\/wp-content\/uploads\/2026\/07\/aeroport-international-timisoara.jpg&#8221;]<\/p>\n<article id=\"post-39837\" class=\"td-post-template-7 post-39837 post type-post status-publish format-standard has-post-thumbnail category-featured category-politic category-stiri-timisoara tag-aeroportul-international-timisoara tag-aeroportul-timisoara-2 tag-aeroportul-traian-vuia tag-arad tag-horatiu-cosma tag-lucian-taropa tag-ministerul-transporturilor tag-radu-miruta tag-romatsa tag-sibiu tag-sorin-sipos-2 tag-usr-timis-2 tag-zboruri td-container-wrap\">\n<div class=\"td-full-screen-header-image-wrap\">\n<div class=\"td-container td-post-header\">\n<div class=\"td-crumb-container\">\n<div class=\"entry-crumbs\"><span><a title=\"Vede\u021bi toate articolele \u00een Politic\" class=\"entry-crumb\" href=\"https:\/\/orasul-timisoara.ro\/local-category\/politic\/\">Politic<\/a><\/span><span class=\"td-bred-no-url-last\">Senatorul Sorin \u0218ipo\u0219 acuz\u0103 conducerea Aeroportului Timi\u0219oara dup\u0103 anun\u021bul privind \u00eenchiderea pistei<\/span><\/div>\n<\/div>\n<div class=\"td-post-header-holder\">\n<div class=\"td-parallax-header\">\n<header class=\"td-post-title\">\n<ul class=\"td-category\">\n<li class=\"entry-category\"><a href=\"https:\/\/orasul-timisoara.ro\/local-category\/politic\/\">Politic<\/a><\/li>\n<li class=\"entry-category\"><a href=\"https:\/\/orasul-timisoara.ro\/local-category\/stiri-timisoara\/\">\u0218tiri Locale<\/a><\/li>\n<\/ul>\n<h1 class=\"entry-title\">Senatorul Sorin \u0218ipo\u0219 acuz\u0103 conducerea Aeroportului Timi\u0219oara dup\u0103 anun\u021bul privind \u00eenchiderea pistei<\/h1>\n<div class=\"td-module-meta-info\">\n<div class=\"td-post-author-name\">\n<div class=\"td-author-by\">De c\u0103tre<\/div>\n<p><a href=\"https:\/\/orasul-timisoara.ro\/author\/timisoara\/\">redactia<\/a><\/p>\n<div class=\"td-author-line\"> &#8211; <\/div>\n<\/div>\n<p><span class=\"td-post-date\"><time class=\"entry-date updated td-module-date\" datetime=\"2026-07-21T21:28:10+03:00\">21\/07\/2026<\/time><\/span><\/div>\n<\/header>\n<\/div>\n<\/div>\n<\/div>\n<div id=\"td-full-screen-header-image\" class=\"td-image-gradient-style7\"><img decoding=\"async\" class=\"td-backstretch\" src=\"https:\/\/orasul-timisoara.ro\/wp-content\/uploads\/2026\/07\/aeroport-international-timisoara.jpg\"><\/div>\n<\/div>\n<div class=\"td-container\">\n<div class=\"td-pb-row\">\n<div class=\"td-pb-span8 td-main-content\" role=\"main\">\n<div class=\"td-ss-main-content\">\n<div class=\"td-post-sharing-top\">\n<div class=\"td-post-sharing-classic\"><iframe title=\"topFacebookLike\" frameborder src=\"https:\/\/www.facebook.com\/plugins\/like.php?href=https:\/\/orasul-timisoara.ro\/local-39837\/&amp;layout=button_count&amp;show_faces=false&amp;width=105&amp;action=like&amp;colorscheme=light&amp;height=21\"><\/iframe><\/div>\n<div id=\"td_social_sharing_article_top\" class=\"td-post-sharing td-ps-bg td-ps-notext td-post-sharing-style1 \">\n<div class=\"td-post-sharing-visible\"><a class=\"td-social-sharing-button td-social-sharing-button-js td-social-network td-social-facebook\" href=\"https:\/\/www.facebook.com\/sharer.php?u=https%3A%2F%2Forasul-timisoara.ro%2Flocal-39837%2F\" title=\"Facebook\"><\/p>\n<div class=\"td-social-but-text\">Facebook<\/div>\n<p><\/a><a class=\"td-social-sharing-button td-social-sharing-button-js td-social-network td-social-twitter\" href=\"https:\/\/twitter.com\/intent\/tweet?text=Senatorul+Sorin+%C8%98ipo%C8%99+acuz%C4%83+conducerea+Aeroportului+Timi%C8%99oara+dup%C4%83+anun%C8%9Bul+privind+%C3%AEnchiderea+pistei&amp;url=https%3A%2F%2Forasul-timisoara.ro%2Flocal-39837%2F&amp;via=orasultm\" title=\"Twitter\"><\/p>\n<div class=\"td-social-but-text\">Twitter<\/div>\n<p><\/a><a class=\"td-social-sharing-button td-social-sharing-button-js td-social-network td-social-whatsapp\" href=\"https:\/\/api.whatsapp.com\/send?text=Senatorul+Sorin+%C8%98ipo%C8%99+acuz%C4%83+conducerea+Aeroportului+Timi%C8%99oara+dup%C4%83+anun%C8%9Bul+privind+%C3%AEnchiderea+pistei%20%0A%0A%20https:\/\/orasul-timisoara.ro\/local-39837\/\" title=\"WhatsApp\"><\/p>\n<div class=\"td-social-but-text\">WhatsApp<\/div>\n<p><\/a><a class=\"td-social-sharing-button td-social-sharing-button-js td-social-network td-social-linkedin\" href=\"https:\/\/www.linkedin.com\/shareArticle?mini=true&amp;url=https:\/\/orasul-timisoara.ro\/local-39837\/&amp;title=Senatorul+Sorin+%C8%98ipo%C8%99+acuz%C4%83+conducerea+Aeroportului+Timi%C8%99oara+dup%C4%83+anun%C8%9Bul+privind+%C3%AEnchiderea+pistei\" title=\"Linkedin\"><\/p>\n<div class=\"td-social-but-text\">Linkedin<\/div>\n<p><\/a><a class=\"td-social-sharing-button td-social-sharing-button-js td-social-network td-social-reddit\" href=\"https:\/\/reddit.com\/submit?url=https:\/\/orasul-timisoara.ro\/local-39837\/&amp;title=Senatorul+Sorin+%C8%98ipo%C8%99+acuz%C4%83+conducerea+Aeroportului+Timi%C8%99oara+dup%C4%83+anun%C8%9Bul+privind+%C3%AEnchiderea+pistei\" title=\"ReddIt\"><\/p>\n<div class=\"td-social-but-text\">ReddIt<\/div>\n<p><\/a><a class=\"td-social-sharing-button td-social-sharing-button-js td-social-network td-social-mail\" href=\"mailto:?subject=Senatorul%20Sorin%20%C8%98ipo%C8%99%20acuz%C4%83%20conducerea%20Aeroportului%20Timi%C8%99oara%20dup%C4%83%20anun%C8%9Bul%20privind%20%C3%AEnchiderea%20pistei&amp;body=https:\/\/orasul-timisoara.ro\/local-39837\/\" title=\"Email\"><\/p>\n<div class=\"td-social-but-text\">Email<\/div>\n<p><\/a><a class=\"td-social-sharing-button td-social-sharing-button-js td-social-network td-social-print\" href=\"https:\/\/orasul-timisoara.ro\/local-39837\/\" title=\"Imprimare\"><\/p>\n<div class=\"td-social-but-text\">Imprimare<\/div>\n<p><\/a><\/div>\n<\/div>\n<\/div>\n<div class=\"td-post-content tagdiv-type\">\n<p class=\"wp-block-paragraph\">Senatorul USR de Timi\u0219, Sorin \u0218ipo\u0219, lanseaz\u0103 acuza\u021bii la adresa conducerii Aeroportului Interna\u021bional \u201eTraian Vuia\u201d din Timi\u0219oara, sus\u021bin\u00e2nd c\u0103 <a href=\"https:\/\/orasul-timisoara.ro\/local-39705\/\">lucr\u0103rile de urgen\u021b\u0103 programate<\/a> \u00een aceast\u0103 toamn\u0103 puteau fi preg\u0103tite din timp, evit\u00e2nd astfel perturbarea traficului aerian.<\/p>\n<p class=\"wp-block-paragraph\">Potrivit parlamentarului, reprezentan\u021bii Ministerului Transporturilor \u00eencearc\u0103 \u00een prezent s\u0103 g\u0103seasc\u0103 solu\u021bii pentru redistribuirea curselor aeriene c\u0103tre aeroporturile din Arad \u0219i Sibiu pe perioada \u00een care pista de la Timi\u0219oara va fi \u00eenchis\u0103, \u00eentre 2 \u0219i 22 noiembrie.<\/p>\n<h2 class=\"wp-block-heading\">Critici privind modul \u00een care au fost gestionate lucr\u0103rile<\/h2>\n<p class=\"wp-block-paragraph\">Sorin \u0218ipo\u0219 afirm\u0103 c\u0103 \u00eenchiderea temporar\u0103 a pistei a fost anun\u021bat\u0103 prea t\u00e2rziu \u0219i sus\u021bine c\u0103 operatorii aerieni \u0219i pasagerii au fost pu\u0219i \u00een fa\u021ba unei situa\u021bii neprev\u0103zute.<\/p>\n<p class=\"wp-block-paragraph\">Senatorul USR \u00eel acuz\u0103 pe directorul Aeroportului Interna\u021bional \u201eTraian Vuia\u201d, Lucian Taropa, c\u0103 nu ar fi luat m\u0103surile necesare la timp, de\u0219i, potrivit afirma\u021biilor sale, existau avertismente din partea ROMATSA privind necesitatea interven\u021biilor asupra pistei.<\/p>\n<h2 class=\"wp-block-heading\">Zborurile ar urma s\u0103 fie relocate<\/h2>\n<p class=\"wp-block-paragraph\">Conform declara\u021biilor lui Sorin \u0218ipo\u0219, reprezentan\u021bii Ministerului Transporturilor poart\u0103 discu\u021bii pentru ca o parte dintre zborurile programate pe Aeroportul Timi\u0219oara s\u0103 fie operate temporar de pe aeroporturile din Arad \u0219i Sibiu.<\/p>\n<p class=\"wp-block-paragraph\">Parlamentarul sus\u021bine c\u0103 aceast\u0103 solu\u021bie urm\u0103re\u0219te limitarea impactului asupra pasagerilor \u0219i evitarea anul\u0103rii unui num\u0103r c\u00e2t mai mare de curse \u00een perioada lucr\u0103rilor.<\/p>\n<h2 class=\"wp-block-heading\">Acuza\u021bii privind lipsa de comunicare<\/h2>\n<p class=\"wp-block-paragraph\">\u00cen declara\u021bia sa, senatorul USR afirm\u0103 c\u0103 operatorii aerieni ar fi aflat despre \u00eenchiderea pistei din informa\u021biile ap\u0103rute \u00een spa\u021biul public \u0219i nu printr-o comunicare oficial\u0103 din partea conducerii aeroportului.<\/p>\n<p class=\"wp-block-paragraph\">Acesta consider\u0103 c\u0103 o notificare din timp ar fi permis companiilor aeriene s\u0103 \u00ee\u0219i reorganizeze programul \u0219i s\u0103 \u00ee\u0219i informeze pasagerii \u00een condi\u021bii mai bune.<\/p>\n<h2 class=\"wp-block-heading\">USR sus\u021bine c\u0103 Ministerul Transporturilor caut\u0103 solu\u021bii<\/h2>\n<p class=\"wp-block-paragraph\">Sorin \u0218ipo\u0219 afirm\u0103 c\u0103 ministrul interimar al Transporturilor, Radu Miru\u021b\u0103, \u0219i secretarul de stat Hora\u021biu Cosma au intervenit pentru identificarea unor solu\u021bii care s\u0103 reduc\u0103 efectele \u00eenchiderii temporare a pistei asupra c\u0103l\u0103torilor.<\/p>\n<p class=\"wp-block-paragraph\">Potrivit senatorului, o parte dintre curse au fost deja redirec\u021bionate c\u0103tre Aeroportul Arad, iar discu\u021biile continu\u0103 pentru g\u0103sirea unor variante care s\u0103 permit\u0103 desf\u0103\u0219urarea c\u00e2t mai multor zboruri programate.<\/p>\n<h2 class=\"wp-block-heading\">Pozi\u021bie politic\u0103 exprimat\u0103 de senatorul USR<\/h2>\n<p class=\"wp-block-paragraph\">\u00cen finalul declara\u021biei sale, Sorin \u0218ipo\u0219 a criticat modul \u00een care, \u00een opinia sa, au fost administrate institu\u021biile publice aflate sub conducerea PSD \u0219i a sus\u021binut c\u0103 reprezentan\u021bii USR \u00eencearc\u0103 s\u0103 limiteze efectele acestei situa\u021bii asupra pasagerilor \u0219i operatorilor aerieni.<\/p>\n<p class=\"wp-block-paragraph\">P\u00e2n\u0103 \u00een acest moment, conducerea Aeroportului Interna\u021bional \u201eTraian Vuia\u201d Timi\u0219oara nu a prezentat un punct de vedere ca reac\u021bie la declara\u021biile senatorului.<\/p>\n<\/div>\n<footer>\n<div class=\"td-post-source-tags\">\n<ul class=\"td-tags td-post-small-box clearfix\">\n<li><span>ETICHETE<\/span><\/li>\n<li><a href=\"https:\/\/orasul-timisoara.ro\/local-tag\/aeroportul-international-timisoara\/\">aeroportul international timisoara<\/a><\/li>\n<li><a href=\"https:\/\/orasul-timisoara.ro\/local-tag\/aeroportul-timisoara-2\/\">Aeroportul Timi\u0219oara<\/a><\/li>\n<li><a href=\"https:\/\/orasul-timisoara.ro\/local-tag\/aeroportul-traian-vuia\/\">Aeroportul Traian Vuia<\/a><\/li>\n<li><a href=\"https:\/\/orasul-timisoara.ro\/local-tag\/arad\/\">arad<\/a><\/li>\n<li><a href=\"https:\/\/orasul-timisoara.ro\/local-tag\/horatiu-cosma\/\">Hora\u021biu Cosma<\/a><\/li>\n<li><a href=\"https:\/\/orasul-timisoara.ro\/local-tag\/lucian-taropa\/\">Lucian Taropa<\/a><\/li>\n<li><a href=\"https:\/\/orasul-timisoara.ro\/local-tag\/ministerul-transporturilor\/\">ministerul transporturilor<\/a><\/li>\n<li><a href=\"https:\/\/orasul-timisoara.ro\/local-tag\/radu-miruta\/\">Radu Miru\u021b\u0103<\/a><\/li>\n<li><a href=\"https:\/\/orasul-timisoara.ro\/local-tag\/romatsa\/\">ROMATSA<\/a><\/li>\n<li><a href=\"https:\/\/orasul-timisoara.ro\/local-tag\/sibiu\/\">sibiu<\/a><\/li>\n<li><a href=\"https:\/\/orasul-timisoara.ro\/local-tag\/sorin-sipos-2\/\">Sorin \u0218ipo\u0219<\/a><\/li>\n<li><a href=\"https:\/\/orasul-timisoara.ro\/local-tag\/usr-timis-2\/\">USR Timi\u0219<\/a><\/li>\n<li><a href=\"https:\/\/orasul-timisoara.ro\/local-tag\/zboruri\/\">zboruri<\/a><\/li>\n<\/ul>\n<\/div>\n<div class=\"td-post-sharing-bottom\">\n<div class=\"td-post-sharing-classic\"><iframe title=\"bottomFacebookLike\" frameborder src=\"https:\/\/www.facebook.com\/plugins\/like.php?href=https:\/\/orasul-timisoara.ro\/local-39837\/&amp;layout=button_count&amp;show_faces=false&amp;width=105&amp;action=like&amp;colorscheme=light&amp;height=21\"><\/iframe><\/div>\n<div id=\"td_social_sharing_article_bottom\" class=\"td-post-sharing td-ps-bg td-ps-notext td-post-sharing-style1 \">\n<div class=\"td-post-sharing-visible\"><a class=\"td-social-sharing-button td-social-sharing-button-js td-social-network td-social-facebook\" href=\"https:\/\/www.facebook.com\/sharer.php?u=https%3A%2F%2Forasul-timisoara.ro%2Flocal-39837%2F\" title=\"Facebook\"><\/p>\n<div class=\"td-social-but-text\">Facebook<\/div>\n<p><\/a><a class=\"td-social-sharing-button td-social-sharing-button-js td-social-network td-social-twitter\" href=\"https:\/\/twitter.com\/intent\/tweet?text=Senatorul+Sorin+%C8%98ipo%C8%99+acuz%C4%83+conducerea+Aeroportului+Timi%C8%99oara+dup%C4%83+anun%C8%9Bul+privind+%C3%AEnchiderea+pistei&amp;url=https%3A%2F%2Forasul-timisoara.ro%2Flocal-39837%2F&amp;via=orasultm\" title=\"Twitter\"><\/p>\n<div class=\"td-social-but-text\">Twitter<\/div>\n<p><\/a><a class=\"td-social-sharing-button td-social-sharing-button-js td-social-network td-social-whatsapp\" href=\"https:\/\/api.whatsapp.com\/send?text=Senatorul+Sorin+%C8%98ipo%C8%99+acuz%C4%83+conducerea+Aeroportului+Timi%C8%99oara+dup%C4%83+anun%C8%9Bul+privind+%C3%AEnchiderea+pistei%20%0A%0A%20https:\/\/orasul-timisoara.ro\/local-39837\/\" title=\"WhatsApp\"><\/p>\n<div class=\"td-social-but-text\">WhatsApp<\/div>\n<p><\/a><a class=\"td-social-sharing-button td-social-sharing-button-js td-social-network td-social-linkedin\" href=\"https:\/\/www.linkedin.com\/shareArticle?mini=true&amp;url=https:\/\/orasul-timisoara.ro\/local-39837\/&amp;title=Senatorul+Sorin+%C8%98ipo%C8%99+acuz%C4%83+conducerea+Aeroportului+Timi%C8%99oara+dup%C4%83+anun%C8%9Bul+privind+%C3%AEnchiderea+pistei\" title=\"Linkedin\"><\/p>\n<div class=\"td-social-but-text\">Linkedin<\/div>\n<p><\/a><a class=\"td-social-sharing-button td-social-sharing-button-js td-social-network td-social-reddit\" href=\"https:\/\/reddit.com\/submit?url=https:\/\/orasul-timisoara.ro\/local-39837\/&amp;title=Senatorul+Sorin+%C8%98ipo%C8%99+acuz%C4%83+conducerea+Aeroportului+Timi%C8%99oara+dup%C4%83+anun%C8%9Bul+privind+%C3%AEnchiderea+pistei\" title=\"ReddIt\"><\/p>\n<div class=\"td-social-but-text\">ReddIt<\/div>\n<p><\/a><a class=\"td-social-sharing-button td-social-sharing-button-js td-social-network td-social-mail\" href=\"mailto:?subject=Senatorul%20Sorin%20%C8%98ipo%C8%99%20acuz%C4%83%20conducerea%20Aeroportului%20Timi%C8%99oara%20dup%C4%83%20anun%C8%9Bul%20privind%20%C3%AEnchiderea%20pistei&amp;body=https:\/\/orasul-timisoara.ro\/local-39837\/\" title=\"Email\"><\/p>\n<div class=\"td-social-but-text\">Email<\/div>\n<p><\/a><a class=\"td-social-sharing-button td-social-sharing-button-js td-social-network td-social-print\" href=\"https:\/\/orasul-timisoara.ro\/local-39837\/\" title=\"Imprimare\"><\/p>\n<div class=\"td-social-but-text\">Imprimare<\/div>\n<p><\/a><\/div>\n<\/div>\n<\/div>\n<div class=\"td-block-row td-post-next-prev\">\n<div class=\"td-block-span6 td-post-prev-post\">\n<div class=\"td-post-next-prev-content\"><span>Articolul precedent<\/span><a href=\"https:\/\/orasul-timisoara.ro\/local-39832\/\">Horia Colib\u0103\u0219anu renun\u021b\u0103 la ascensiunea pe Gasherbrum II din cauza riscului de avalan\u0219\u0103<\/a><\/div>\n<\/div>\n<div class=\"td-block-span6 td-post-next-post\">\n<div class=\"td-post-next-prev-content\"><span>Articolul urm\u0103tor<\/span><a href=\"https:\/\/orasul-timisoara.ro\/local-39842\/\">Alfred Simonis: Prim\u0103ria Timi\u0219oara \u00eent\u00e2rzie r\u0103spunsul pentru parcarea de l\u00e2ng\u0103 Spitalul Jude\u021bean<\/a><\/div>\n<\/div>\n<\/div>\n<div class=\"td-author-name vcard author\"><span class=\"fn\"><a href=\"https:\/\/orasul-timisoara.ro\/author\/timisoara\/\">redactia<\/a><\/span><\/div>\n<p><span class=\"td-page-meta\"><\/span><span class=\"td-page-meta\"><span class=\"td-page-meta\"><\/span><\/span><span class=\"td-page-meta\"><\/span><\/footer>\n<div class=\"td_block_wrap td_block_related_posts tdi_3 td_with_ajax_pagination td-pb-border-top td_block_template_8\" data-td-block-uid=\"tdi_3\">\n<h4 class=\"td-related-title td-block-title\"><a id=\"tdi_4\" class=\"td-related-left td-cur-simple-item\" data-td_filter_value data-td_block_id=\"tdi_3\" href=\"https:\/\/orasul-timisoara.ro\/local-39837\/\">ARTICOLE SIMILARE<\/a><a id=\"tdi_5\" class=\"td-related-right\" data-td_filter_value=\"td_related_more_from_author\" data-td_block_id=\"tdi_3\" href=\"https:\/\/orasul-timisoara.ro\/local-39837\/\">DE LA ACELA\u0218I AUTOR<\/a><\/h4>\n<div id=\"tdi_3\" class=\"td_block_inner\">\n<div class=\"td-related-row\">\n<div class=\"td-related-span4\">\n<div class=\"td_module_related_posts td-animation-stack td_mod_related_posts\">\n<div class=\"td-module-image\">\n<div class=\"td-module-thumb\"><a href=\"https:\/\/orasul-timisoara.ro\/local-39705\/\" rel=\"bookmark\" class=\"td-image-wrap \" title=\"Toate zborurile de pe Aeroportul Timi\u0219oara vor fi suspendate \u00eentre 2 \u0219i 22 noiembrie\"><img loading=\"lazy\" decoding=\"async\" class=\"entry-thumb\" src=\"https:\/\/orasul-timisoara.ro\/wp-content\/uploads\/2026\/07\/pista-aeroport-timisoara-436x300.jpg\" alt title=\"Toate zborurile de pe Aeroportul Timi\u0219oara vor fi suspendate \u00eentre 2 \u0219i 22 noiembrie\" width=\"218\" height=\"150\"><\/a><\/div>\n<\/div>\n<div class=\"item-details\">\n<h3 class=\"entry-title td-module-title\"><a href=\"https:\/\/orasul-timisoara.ro\/local-39705\/\" rel=\"bookmark\" title=\"Toate zborurile de pe Aeroportul Timi\u0219oara vor fi suspendate \u00eentre 2 \u0219i 22 noiembrie\">Toate zborurile de pe Aeroportul Timi\u0219oara vor fi suspendate \u00eentre 2 \u0219i 22 noiembrie<\/a><\/h3>\n<\/div>\n<\/div>\n<\/div>\n<div class=\"td-related-span4\">\n<div class=\"td_module_related_posts td-animation-stack td_mod_related_posts\">\n<div class=\"td-module-image\">\n<div class=\"td-module-thumb\"><a href=\"https:\/\/orasul-timisoara.ro\/local-39152\/\" rel=\"bookmark\" class=\"td-image-wrap \" title=\"Conflict \u00een parcarea Aeroportului Timi\u0219oara. \u0218ofer de transport alternativ, implicat \u00eentr-un conflict reclamat la aeroport\"><img loading=\"lazy\" decoding=\"async\" class=\"entry-thumb\" src=\"https:\/\/orasul-timisoara.ro\/wp-content\/uploads\/2026\/06\/politie-aeroport-436x300.jpg\" alt title=\"Conflict \u00een parcarea Aeroportului Timi\u0219oara. \u0218ofer de transport alternativ, implicat \u00eentr-un conflict reclamat la aeroport\" width=\"218\" height=\"150\"><\/a><\/div>\n<\/div>\n<div class=\"item-details\">\n<h3 class=\"entry-title td-module-title\"><a href=\"https:\/\/orasul-timisoara.ro\/local-39152\/\" rel=\"bookmark\" title=\"Conflict \u00een parcarea Aeroportului Timi\u0219oara. \u0218ofer de transport alternativ, implicat \u00eentr-un conflict reclamat la aeroport\">Conflict \u00een parcarea Aeroportului Timi\u0219oara. \u0218ofer de transport alternativ, implicat \u00eentr-un conflict reclamat la aeroport<\/a><\/h3>\n<\/div>\n<\/div>\n<\/div>\n<div class=\"td-related-span4\">\n<div class=\"td_module_related_posts td-animation-stack td_mod_related_posts\">\n<div class=\"td-module-image\">\n<div class=\"td-module-thumb\"><a href=\"https:\/\/orasul-timisoara.ro\/local-39146\/\" rel=\"bookmark\" class=\"td-image-wrap \" title=\"Lucr\u0103rile pe lotul Margina\u2013Holdea au trecut de 65%. C\u00e2nd se va circula pe A1 de la N\u0103dlac la Sibiu?\"><img loading=\"lazy\" decoding=\"async\" class=\"entry-thumb\" src=\"https:\/\/orasul-timisoara.ro\/wp-content\/uploads\/2026\/06\/Screenshot-2026-06-15-111446-436x300.jpg\" alt=\"margina holdea\" title=\"Lucr\u0103rile pe lotul Margina\u2013Holdea au trecut de 65%. C\u00e2nd se va circula pe A1 de la N\u0103dlac la Sibiu?\" width=\"218\" height=\"150\"><\/a><\/div>\n<\/div>\n<div class=\"item-details\">\n<h3 class=\"entry-title td-module-title\"><a href=\"https:\/\/orasul-timisoara.ro\/local-39146\/\" rel=\"bookmark\" title=\"Lucr\u0103rile pe lotul Margina\u2013Holdea au trecut de 65%. C\u00e2nd se va circula pe A1 de la N\u0103dlac la Sibiu?\">Lucr\u0103rile pe lotul Margina\u2013Holdea au trecut de 65%. C\u00e2nd se va circula pe A1 de la N\u0103dlac la Sibiu?<\/a><\/h3>\n<\/div>\n<\/div>\n<\/div>\n<\/div>\n<\/div>\n<\/div>\n<div class=\"comments\" id=\"comments\">\n<div id=\"respond\" class=\"comment-respond\">\n<h3 id=\"reply-title\" class=\"comment-reply-title\">L\u0102SA\u021aI UN MESAJ<\/h3>\n<div class=\"comment-form-input-wrap td-form-comment\">\n<div class=\"td-warning-comment\">V\u0103 rug\u0103m s\u0103 introduce\u021bi comentariul dvs.!<\/div>\n<\/div>\n<div class=\"comment-form-input-wrap td-form-author\">\n<div class=\"td-warning-author\">Introduce\u021bi aici numele dvs.<\/div>\n<\/div>\n<div class=\"comment-form-input-wrap td-form-email\">\n<div class=\"td-warning-email-error\">A\u021bi introdus o adres\u0103 de e-mail incorect\u0103!<\/div>\n<div class=\"td-warning-email\">V\u0103 rug\u0103m s\u0103 introduce\u021bi adresa dvs. de e-mail aici<\/div>\n<\/div>\n<\/div>\n<p class=\"akismet_comment_form_privacy_notice\">Acest site folose\u0219te Akismet pentru a reduce spamul. <a href=\"https:\/\/akismet.com\/privacy\/\" target=\"_blank\" rel=\"nofollow noopener\">Afl\u0103 cum sunt procesate datele comentariilor tale<\/a>.<\/p>\n<\/div>\n<\/div>\n<\/div>\n<div class=\"td-pb-span4 td-main-sidebar\" role=\"complementary\">\n<div class=\"td-ss-main-sidebar\">\n<aside id=\"block-4\" class=\"td_block_template_8 widget block-4 widget_block widget_media_image\">\n<figure class=\"wp-block-image size-full\"><img loading=\"lazy\" decoding=\"async\" width=\"336\" height=\"280\" src=\"https:\/\/orasul-timisoara.ro\/wp-content\/uploads\/2024\/11\/ReTIM-Abonamentul-Verde-Google-Ads-336x280px.gif\" alt class=\"wp-image-29257\"><\/figure>\n<\/aside>\n<div class=\"td_block_wrap td_block_social_counter td_block_widget tdi_6 td-social-style5 td-social-boxed td-pb-border-top td_block_template_8\">\n<div class=\"td-block-title-wrap\">\n<h4 class=\"td-block-title\"><span>Urm\u0103re\u0219te-ne pe Social Media<\/span><\/h4>\n<\/div>\n<div class=\"td-social-list\">\n<div class=\"td_social_type td-pb-margin-side td_social_facebook\">\n<div class=\"td-social-box\"><span class=\"td_social_info td_social_info_counter\">344,595<\/span><span class=\"td_social_info td_social_info_name\">Fani<\/span><span class=\"td_social_button\"><a href=\"https:\/\/www.facebook.com\/247timisoara\" target=\"_blank\" rel=\"nofollow\">\u00cemi place<\/a><\/span><\/div>\n<\/div>\n<div class=\"td_social_type td-pb-margin-side td_social_instagram\">\n<div class=\"td-social-box\"><span class=\"td_social_info td_social_info_counter\">4,416<\/span><span class=\"td_social_info td_social_info_name\">Cititori<\/span><span class=\"td_social_button\"><a href=\"https:\/\/instagram.com\/orasultimisoararo\/\" target=\"_blank\" rel=\"nofollow\">Conecta\u021bi-v\u0103<\/a><\/span><\/div>\n<\/div>\n<div class=\"td_social_type td-pb-margin-side td_social_rss\">\n<div class=\"td-social-box\"><span class=\"td_social_info td_social_info_counter\">12,506<\/span><span class=\"td_social_info td_social_info_name\">Cititori<\/span><span class=\"td_social_button\"><a href=\"https:\/\/orasul-timisoara.ro\/feed\/\" target=\"_blank\" rel=\"nofollow\">Conecta\u021bi-v\u0103<\/a><\/span><\/div>\n<\/div>\n<div class=\"td_social_type td-pb-margin-side td_social_tiktok\">\n<div class=\"td-social-box\"><span class=\"td_social_info td_social_info_counter\">1,500<\/span><span class=\"td_social_info td_social_info_name\">Cititori<\/span><span class=\"td_social_button\"><a href=\"https:\/\/www.tiktok.com\/@orasultimisoara\" target=\"_blank\" rel=\"nofollow\">Conecta\u021bi-v\u0103<\/a><\/span><\/div>\n<\/div>\n<div class=\"td_social_type td-pb-margin-side td_social_twitter\">\n<div class=\"td-social-box\"><span class=\"td_social_info td_social_info_counter\">1,595<\/span><span class=\"td_social_info td_social_info_name\">Cititori<\/span><span class=\"td_social_button\"><a href=\"https:\/\/twitter.com\/orasultm\" target=\"_blank\" rel=\"nofollow\">Conecta\u021bi-v\u0103<\/a><\/span><\/div>\n<\/div>\n<div class=\"td_social_type td-pb-margin-side td_social_youtube\">\n<div class=\"td-social-box\"><span class=\"td_social_info td_social_info_counter\">3,506<\/span><span class=\"td_social_info td_social_info_name\">Abona\u021bi<\/span><span class=\"td_social_button\"><a href=\"https:\/\/www.youtube.com\/channel\/UCQNsQvs2XCSIm1Z-AHRturw?sub_confirmation=1\" target=\"_blank\" rel=\"nofollow\">Abona\u021bi-v\u0103<\/a><\/span><\/div>\n<\/div>\n<\/div>\n<\/div>\n<aside id=\"text-7\" class=\"td_block_template_8 widget text-7 widget_text\">\n<h4 class=\"td-block-title\"><span>C\u0103ut\u0103ri populare pe OTM<\/span><\/h4>\n<div class=\"textwidget\"><a href=\"https:\/\/orasul-timisoara.ro\/?s=timisoara\"><span>Timisoara<\/span><\/a><a href=\"https:\/\/orasul-timisoara.ro\/?s=calin+dobra\"><span>Calin Dobra<\/span><\/a><a href=\"https:\/\/orasul-timisoara.ro\/?s=primaria+timisoara\"><span>Primaria Timisoara<\/span><\/a><a href=\"https:\/\/orasul-timisoara.ro\/?s=dominic+fritz\"><span>Dominic Fritz<\/span><\/a><a href=\"https:\/\/orasul-timisoara.ro\/?s=nicolae+robu\"><span>Nicolae Robu<\/span><\/a><a href=\"https:\/\/orasul-timisoara.ro\/?s=consiliul+local+timisoara\">Consiliul Local Timisoara<\/a><a href=\"https:\/\/orasul-timisoara.ro\/?s=consiliul+judetean+timis\"><span>Consiliul Judetean Timis<\/span><\/a><a href=\"https:\/\/orasul-timisoara.ro\/?s=cjt\"><span>CJT<\/span><\/a><a href=\"https:\/\/orasul-timisoara.ro\/?s=Alfred+Simonis\"><span>Alfred Simonis<\/span><\/a><a href=\"https:\/\/orasul-timisoara.ro\/?s=PNL\"><span>PNL<\/span><\/a><a href=\"https:\/\/orasul-timisoara.ro\/?s=coronavirus\"><span>coronavirus<\/span><\/a><a href=\"https:\/\/orasul-timisoara.ro\/?s=teatru+timisoara\">teatru Timisoara<\/a><a href=\"https:\/\/orasul-timisoara.ro\/?s=restaurante\"><span>restaurante Timisoara<\/span><\/a><a href=\"https:\/\/orasul-timisoara.ro\/?s=diskoteka\"><span>Diskoteka<\/span><\/a><a href=\"https:\/\/orasul-timisoara.ro\/?s=iulius+town\"><span>Iulius Town<\/span><\/a><a href=\"https:\/\/orasul-timisoara.ro\/?s=iulius+mall\"><span>Iulius Mall<\/span><\/a><a href=\"https:\/\/orasul-timisoara.ro\/?s=stpt\"><span>STPT<\/span><\/a><a href=\"https:\/\/orasul-timisoara.ro\/?s=alin+nica\"><span>Alin Nica<\/span><\/a><a href=\"https:\/\/orasul-timisoara.ro\/?s=psd\"><span>PSD<\/span><\/a><a href=\"https:\/\/orasul-timisoara.ro\/?s=aeroport\"><span>Aeroportul International Timisoara<\/span><\/a><a href=\"https:\/\/orasul-timisoara.ro\/?s=babes\"><span>Spitalul Victor Babes Timisoara<\/span><\/a><a href=\"https:\/\/orasul-timisoara.ro\/?s=poli\"><span>Poli Timi\u0219oara<\/span><\/a><a href=\"https:\/\/orasul-timisoara.ro\/?s=carantina\"><span>carantina<\/span><\/a><a href=\"https:\/\/orasul-timisoara.ro\/?s=aquatim\"><span>Aquatim<\/span><\/a><a href=\"https:\/\/orasul-timisoara.ro\/local-category\/stiri-timisoara\/\"><span>Stiri Timisoara<\/span><\/a><a href=\"https:\/\/orasul-timisoara.ro\/local-category\/investitii-in-timisoara\/\"><span>Investi\u021bii in Timi\u0219oara<\/span><\/a><a href=\"https:\/\/orasul-timisoara.ro\/local-9463\/\"><span>shaorma<\/span><\/a><a href=\"https:\/\/orasul-timisoara.ro\/?s=trafic\"><span>trafic rutier<\/span><\/a><a href=\"https:\/\/orasul-timisoara.ro\/?s=politia\"><span>politia locala timisoara<\/span><\/a><a href=\"https:\/\/orasul-timisoara.ro\/?s=roxana\"><span>Roxana Iliescu<\/span><\/a><a href=\"https:\/\/orasul-timisoara.ro\/?s=colterm\"><span>Colterm<\/span><\/a><a href=\"https:\/\/orasul-timisoara.ro\/?s=latcau\"><span>Ruben La\u021bc\u0103u<\/span><\/a><a href=\"https:\/\/orasul-timisoara.ro\/?s=timis\"><span>\u0218tiri din Timi\u0219<\/span><\/a><a href=\"https:\/\/orasul-timisoara.ro\/?s=spital\"><span>Spitale din Timi\u0219oara<\/span><\/a><a href=\"https:\/\/orasul-timisoara.ro\/?s=tabara\"><span>Cosmin Tab\u0103r\u0103<\/span><\/a><\/div>\n<\/aside>\n<aside id=\"rss-2\" class=\"td_block_template_8 widget rss-2 widget_rss\">\n<h4 class=\"td-block-title\"><span><a class=\"rsswidget rss-widget-feed\" href=\"https:\/\/fashionfridays.ro\/feed\"><img decoding=\"async\" class=\"rss-widget-icon\" width=\"14\" height=\"14\" src=\"https:\/\/orasul-timisoara.ro\/wp-includes\/images\/rss.png\" alt=\"RSS\" loading=\"lazy\"><\/a><a class=\"rsswidget rss-widget-title\" href=\"https:\/\/fashionfridays.ro\/\">Fashion Fridays<\/a><\/span><\/h4>\n<ul>\n<li><a class=\"rsswidget\" href=\"https:\/\/fashionfridays.ro\/romania-devine-a-29-a-piata-vogue-o-noua-era-pentru-industria-locala-de-moda\/\">Rom\u00e2nia devine a 29-a pia\u021b\u0103 Vogue: o nou\u0103 er\u0103 pentru industria local\u0103 de mod\u0103<\/a>\n<div class=\"rssSummary\">Revista Vogue \u00ee\u0219i extinde prezen\u021ba global\u0103 \u0219i va fi lansat\u0103 oficial \u00een Rom\u00e2nia \u00een prim\u0103vara anului 2027, marc\u00e2nd intrarea pe cea de-a 29-a pia\u021b\u0103 interna\u021bional\u0103. Proiectul este realizat \u00een parteneriat cu AEMME Publishing, o companie media recent \u00eenfiin\u021bat\u0103, care va publica edi\u021bia local\u0103 sub licen\u021b\u0103. Noua edi\u021bie, Vogue Rom\u00e2nia, \u00ee\u0219i propune s\u0103 combine autoritatea global\u0103 [\u2026]<\/div>\n<\/li>\n<\/ul>\n<\/aside>\n<aside id=\"rss-4\" class=\"td_block_template_8 widget rss-4 widget_rss\">\n<h4 class=\"td-block-title\"><span><a class=\"rsswidget rss-widget-feed\" href=\"https:\/\/emasini.ro\/feed\"><img decoding=\"async\" class=\"rss-widget-icon\" width=\"14\" height=\"14\" src=\"https:\/\/orasul-timisoara.ro\/wp-includes\/images\/rss.png\" alt=\"RSS\" loading=\"lazy\"><\/a><a class=\"rsswidget rss-widget-title\" href=\"https:\/\/emasini.ro\/\">eMasini<\/a><\/span><\/h4>\n<ul>\n<li><a class=\"rsswidget\" href=\"https:\/\/emasini.ro\/dacia-analizeaza-lansarea-lui-hipster-automobilul-urban-de-doar-3-metri-lungime\/\">Dacia analizeaz\u0103 lansarea lui Hipster, automobilul urban de doar 3 metri lungime (video)<\/a>\n<div class=\"rssSummary\">Dacia ar putea introduce pe pia\u021b\u0103 unul dintre cele mai neobi\u0219nuite modele din istoria sa recent\u0103. Conceptul Hipster, prezentat anul trecut ca o reinterpretare radical\u0103 a automobilului urban accesibil, se afl\u0103 \u00een prezent \u00eentr-o etap\u0103 de evaluare, iar decizia privind produc\u021bia de serie va fi luat\u0103 \u00een func\u021bie de reac\u021bia publicului \u0219i de evolu\u021bia reglement\u0103rilor [\u2026]<\/div>\n<\/li>\n<\/ul>\n<\/aside>\n<\/div>\n<\/div>\n<\/div>\n<\/div>\n<\/article>\n<div class=\"td-post-content tagdiv-type\">\n<p class=\"wp-block-paragraph\">Senatorul USR de Timi\u0219, Sorin \u0218ipo\u0219, lanseaz\u0103 acuza\u021bii la adresa conducerii Aeroportului Interna\u021bional \u201eTraian Vuia\u201d din Timi\u0219oara, sus\u021bin\u00e2nd c\u0103 <a href=\"https:\/\/orasul-timisoara.ro\/local-39705\/\">lucr\u0103rile de urgen\u021b\u0103 programate<\/a> \u00een aceast\u0103 toamn\u0103 puteau fi preg\u0103tite din timp, evit\u00e2nd astfel perturbarea traficului aerian.<\/p>\n<p class=\"wp-block-paragraph\">Potrivit parlamentarului, reprezentan\u021bii Ministerului Transporturilor \u00eencearc\u0103 \u00een prezent s\u0103 g\u0103seasc\u0103 solu\u021bii pentru redistribuirea curselor aeriene c\u0103tre aeroporturile din Arad \u0219i Sibiu pe perioada \u00een care pista de la Timi\u0219oara va fi \u00eenchis\u0103, \u00eentre 2 \u0219i 22 noiembrie.<\/p>\n<h2 class=\"wp-block-heading\">Critici privind modul \u00een care au fost gestionate lucr\u0103rile<\/h2>\n<p class=\"wp-block-paragraph\">Sorin \u0218ipo\u0219 afirm\u0103 c\u0103 \u00eenchiderea temporar\u0103 a pistei a fost anun\u021bat\u0103 prea t\u00e2rziu \u0219i sus\u021bine c\u0103 operatorii aerieni \u0219i pasagerii au fost pu\u0219i \u00een fa\u021ba unei situa\u021bii neprev\u0103zute.<\/p>\n<p class=\"wp-block-paragraph\">Senatorul USR \u00eel acuz\u0103 pe directorul Aeroportului Interna\u021bional \u201eTraian Vuia\u201d, Lucian Taropa, c\u0103 nu ar fi luat m\u0103surile necesare la timp, de\u0219i, potrivit afirma\u021biilor sale, existau avertismente din partea ROMATSA privind necesitatea interven\u021biilor asupra pistei.<\/p>\n<h2 class=\"wp-block-heading\">Zborurile ar urma s\u0103 fie relocate<\/h2>\n<p class=\"wp-block-paragraph\">Conform declara\u021biilor lui Sorin \u0218ipo\u0219, reprezentan\u021bii Ministerului Transporturilor poart\u0103 discu\u021bii pentru ca o parte dintre zborurile programate pe Aeroportul Timi\u0219oara s\u0103 fie operate temporar de pe aeroporturile din Arad \u0219i Sibiu.<\/p>\n<p class=\"wp-block-paragraph\">Parlamentarul sus\u021bine c\u0103 aceast\u0103 solu\u021bie urm\u0103re\u0219te limitarea impactului asupra pasagerilor \u0219i evitarea anul\u0103rii unui num\u0103r c\u00e2t mai mare de curse \u00een perioada lucr\u0103rilor.<\/p>\n<h2 class=\"wp-block-heading\">Acuza\u021bii privind lipsa de comunicare<\/h2>\n<p class=\"wp-block-paragraph\">\u00cen declara\u021bia sa, senatorul USR afirm\u0103 c\u0103 operatorii aerieni ar fi aflat despre \u00eenchiderea pistei din informa\u021biile ap\u0103rute \u00een spa\u021biul public \u0219i nu printr-o comunicare oficial\u0103 din partea conducerii aeroportului.<\/p>\n<p class=\"wp-block-paragraph\">Acesta consider\u0103 c\u0103 o notificare din timp ar fi permis companiilor aeriene s\u0103 \u00ee\u0219i reorganizeze programul \u0219i s\u0103 \u00ee\u0219i informeze pasagerii \u00een condi\u021bii mai bune.<\/p>\n<h2 class=\"wp-block-heading\">USR sus\u021bine c\u0103 Ministerul Transporturilor caut\u0103 solu\u021bii<\/h2>\n<p class=\"wp-block-paragraph\">Sorin \u0218ipo\u0219 afirm\u0103 c\u0103 ministrul interimar al Transporturilor, Radu Miru\u021b\u0103, \u0219i secretarul de stat Hora\u021biu Cosma au intervenit pentru identificarea unor solu\u021bii care s\u0103 reduc\u0103 efectele \u00eenchiderii temporare a pistei asupra c\u0103l\u0103torilor.<\/p>\n<p class=\"wp-block-paragraph\">Potrivit senatorului, o parte dintre curse au fost deja redirec\u021bionate c\u0103tre Aeroportul Arad, iar discu\u021biile continu\u0103 pentru g\u0103sirea unor variante care s\u0103 permit\u0103 desf\u0103\u0219urarea c\u00e2t mai multor zboruri programate.<\/p>\n<h2 class=\"wp-block-heading\">Pozi\u021bie politic\u0103 exprimat\u0103 de senatorul USR<\/h2>\n<p class=\"wp-block-paragraph\">\u00cen finalul declara\u021biei sale, Sorin \u0218ipo\u0219 a criticat modul \u00een care, \u00een opinia sa, au fost administrate institu\u021biile publice aflate sub conducerea PSD \u0219i a sus\u021binut c\u0103 reprezentan\u021bii USR \u00eencearc\u0103 s\u0103 limiteze efectele acestei situa\u021bii asupra pasagerilor \u0219i operatorilor aerieni.<\/p>\n<p class=\"wp-block-paragraph\">P\u00e2n\u0103 \u00een acest moment, conducerea Aeroportului Interna\u021bional \u201eTraian Vuia\u201d Timi\u0219oara nu a prezentat un punct de vedere ca reac\u021bie la declara\u021biile senatorului.<\/p>\n<\/div>\n<p>[analyse_source url=&#8221;https:\/\/orasul-timisoara.ro\/local-39837\/&#8221;]<\/p>\n","protected":false},"excerpt":{"rendered":"<p>[analyse_image type=&#8221;featured&#8221; src=&#8221;https:\/\/orasul-timisoara.ro\/wp-content\/uploads\/2026\/07\/aeroport-international-timisoara.jpg&#8221;] PoliticSenatorul Sorin \u0218ipo\u0219 acuz\u0103 conducerea Aeroportului Timi\u0219oara dup\u0103 anun\u021bul privind \u00eenchiderea pistei Politic \u0218tiri Locale Senatorul Sorin \u0218ipo\u0219 acuz\u0103 conducerea Aeroportului Timi\u0219oara dup\u0103 anun\u021bul privind \u00eenchiderea pistei De c\u0103tre redactia &#8211; 21\/07\/2026 Facebook Twitter WhatsApp Linkedin ReddIt Email Imprimare Senatorul USR de Timi\u0219, Sorin \u0218ipo\u0219, lanseaz\u0103 acuza\u021bii la adresa conducerii Aeroportului Interna\u021bional [&hellip;]<\/p>\n","protected":false},"author":1,"featured_media":0,"comment_status":"open","ping_status":"","sticky":false,"template":"","format":"standard","meta":{"footnotes":""},"categories":[89],"tags":[226,189],"class_list":["post-2058973","post","type-post","status-publish","format-standard","hentry","category-romania","tag-crawlmanager","tag-orasul-timisoara-ro"],"_links":{"self":[{"href":"https:\/\/analyse.optim.biz\/index.php?rest_route=\/wp\/v2\/posts\/2058973","targetHints":{"allow":["GET"]}}],"collection":[{"href":"https:\/\/analyse.optim.biz\/index.php?rest_route=\/wp\/v2\/posts"}],"about":[{"href":"https:\/\/analyse.optim.biz\/index.php?rest_route=\/wp\/v2\/types\/post"}],"author":[{"embeddable":true,"href":"https:\/\/analyse.optim.biz\/index.php?rest_route=\/wp\/v2\/users\/1"}],"replies":[{"embeddable":true,"href":"https:\/\/analyse.optim.biz\/index.php?rest_route=%2Fwp%2Fv2%2Fcomments&post=2058973"}],"version-history":[{"count":0,"href":"https:\/\/analyse.optim.biz\/index.php?rest_route=\/wp\/v2\/posts\/2058973\/revisions"}],"wp:attachment":[{"href":"https:\/\/analyse.optim.biz\/index.php?rest_route=%2Fwp%2Fv2%2Fmedia&parent=2058973"}],"wp:term":[{"taxonomy":"category","embeddable":true,"href":"https:\/\/analyse.optim.biz\/index.php?rest_route=%2Fwp%2Fv2%2Fcategories&post=2058973"},{"taxonomy":"post_tag","embeddable":true,"href":"https:\/\/analyse.optim.biz\/index.php?rest_route=%2Fwp%2Fv2%2Ftags&post=2058973"}],"curies":[{"name":"wp","href":"https:\/\/api.w.org\/{rel}","templated":true}]}}