{"id":2058972,"date":"2026-07-19T13:53:58","date_gmt":"2026-07-19T10:53:58","guid":{"rendered":"https:\/\/analyse.optim.biz\/?p=2058972"},"modified":"2026-07-19T13:53:58","modified_gmt":"2026-07-19T10:53:58","slug":"accident-mortal-pe-o-sosea-din-vestul-tarii-un-tanar-s-a-stins-dupa-ce-s-a-rasturnat-cu-masina","status":"publish","type":"post","link":"https:\/\/analyse.optim.biz\/?p=2058972","title":{"rendered":"Accident mortal pe o \u0219osea din vestul \u021b\u0103rii. Un t\u00e2n\u0103r s-a stins dup\u0103 ce s-a r\u0103sturnat cu ma\u0219ina"},"content":{"rendered":"<p>[analyse_image type=&#8221;featured&#8221; src=&#8221;https:\/\/www.opiniatimisoarei.ro\/wp-content\/uploads\/2026\/07\/accident-mortal-728&#215;336.pnghttps:\/\/www.opiniatimisoarei.ro\/wp-content\/uploads\/2026\/07\/accident-mortal.png&#8221;]<\/p>\n<div class=\"the_content\">\n<p>Tragedie pe \u0219osea duminic\u0103 dup\u0103-amiaz\u0103 \u00een vestul \u021b\u0103rii.<\/p>\n<p><strong><span>CITE\u0218TE \u0218I:<\/span><a href=\"https:\/\/www.opiniatimisoarei.ro\/masini-cautate-de-politia-din-germania-gasite-pe-platforma-unui-bulgar-in-timis-control-cu-surprize-pentru-politistii-de-frontiera\/19\/07\/2026\">Ma\u0219ini c\u0103utate de poli\u021bia din Germania, g\u0103site pe platforma unui bulgar \u00een Timi\u0219. Control cu surprize pentru poli\u021bi\u0219tii de frontier\u0103<\/a><\/strong><\/p>\n<p>Un t\u00e2n\u0103r de 33 de ani conducea un autoturism, iar \u00een apropierea localit\u0103\u021bii ar\u0103dene S\u00e2ntana a pierdut controlul volanului, ma\u0219ina a ie\u0219it de pe \u0219osea \u0219i s-a r\u0103sturnat. \u0218oferul a r\u0103mas blocat \u00een ma\u0219in\u0103.<\/p>\n<p>Martorii au sunat la 112, iar la fa\u021ba locului au ajuns echipaje ale pompierilor, ambulan\u021bei \u0219i poli\u021biei. T\u00e2n\u0103rul a fost scos din ma\u0219in\u0103 de echipajul de descarcerare \u0219i predat medicilor, dar din p\u0103cate nu s-a mai putut face nimic pentru el.<\/p>\n<p>\u201e<strong>\u00cen urma accidentului a rezultat o victim\u0103, \u0219oferul autoturismului, r\u0103mas\u0103 \u00eencarcerat\u0103 \u0219i aflat\u0103 \u00een stare de incon\u0219tien\u021b\u0103.<\/strong><\/p>\n<p><strong>Pompierii au ac\u021bionat pentru extragerea victimei, \u00eens\u0103, din nefericire, aceasta prezenta leziuni incompatibile cu via\u021ba. Este vorba despre un b\u0103rbat \u00een v\u00e2rst\u0103 de aproximativ 33 de ani.<\/strong><\/p>\n<p><strong>Pompierii militari ar\u0103deni au ac\u021bionat, de asemenea, pentru asigurarea m\u0103surilor de prevenire \u0219i stingere a incendiilor la locul evenimentului<\/strong>\u201e, au transmis reprezentan\u021bii ISU Arad.<\/p>\n<p>***<\/p>\n<p><strong><span class=\"dia_suggestion w0\">Mai<\/span>\u00a0<span class=\"dia_suggestion w1\">multe<\/span>\u00a0<span class=\"dia_suggestion w2\">g\u0103si\u021bi<\/span>\u00a0pe\u00a0<span class=\"dia_suggestion w4\">pagina noastr<span class=\"dia_suggestion w0\">\u0103<\/span><\/span>\u00a0de\u00a0<a href=\"https:\/\/www.facebook.com\/OpiniaTM\/?ref=page_internal\" target=\"_blank\" rel=\"noopener\">Facebook opiniatimisoarei.ro<\/a>!<\/strong><\/p>\n<p><strong><span class=\"dia_suggestion w0\">Dac\u0103<\/span>\u00a0<span class=\"dia_suggestion w1\">a\u021bi<\/span>\u00a0fost martorii unui eveniment\u00a0<span class=\"dia_suggestion w6\">sau<\/span>\u00a0<span class=\"dia_suggestion w7\">ai<\/span>\u00a0unei\u00a0<span class=\"dia_suggestion w9\">situa\u021bii<\/span>\u00a0<span class=\"dia_suggestion w10\">neobi\u0219nuite<\/span>\u00a0<span class=\"dia_suggestion w11\">care<\/span>\u00a0ar\u00a0<span class=\"dia_suggestion w13\">putea<\/span>\u00a0deveni subiect de\u00a0<span class=\"dia_suggestion w17\">\u0219tire<\/span>,\u00a0<span class=\"dia_suggestion w18\">contacta\u021bi<\/span>-ne\u00a0<span class=\"dia_suggestion w20\">la<\/span>\u00a0<a href=\"https:\/\/www.opiniatimisoarei.ro\/cdn-cgi\/l\/email-protection\" class=\"__cf_email__\" data-cfemail=\"c0b2a5a4a1a3b4a9a580afb0a9aea9a1b4a9ada9b3afa1b2a5a9eeb2af\">[email\u00a0protected]<\/a>,\u00a0 pe\u00a0<a href=\"https:\/\/www.facebook.com\/OpiniaTM\">FB<\/a>\u00a0sau pe contul nostru de\u00a0<a href=\"https:\/\/www.instagram.com\/opiniatimisoarei.ro\/\" target=\"_blank\" rel=\"noopener\">Instagram<\/a>!<\/strong><\/p>\n<p><strong><span>CITE\u0218TE \u0218I:<\/span>\u00a0<a href=\"https:\/\/www.opiniatimisoarei.ro\/afli-primul-tot-ceea-ce-se-intampla-cu-adevarat-important-in-timisoara-si-in-regiune-cu-aplicatia-de-stiri-opinia-timisoarei-3-tipuri-de-alerte-te-tin-mereu-conectat-la-evenimente-descarca-gratuit-a\/31\/10\/2022\">Afli primul tot ceea ce se intampla cu adevarat important in Timisoara si in regiune cu Aplicatia de stiri Opinia Timisoarei. 3 tipuri de alerte te tin mereu conectat la evenimente. Descarca gratuit Aplicatia OT aici!<\/a><\/strong><\/p>\n<\/div>\n<p>[analyse_source url=&#8221;https:\/\/www.opiniatimisoarei.ro\/accident-mortal-pe-o-sosea-din-vestul-tarii-un-tanar-s-a-stins-dupa-ce-s-a-rasturnat-cu-masina\/19\/07\/2026&#8243;]<\/p>\n","protected":false},"excerpt":{"rendered":"<p>[analyse_image type=&#8221;featured&#8221; src=&#8221;https:\/\/www.opiniatimisoarei.ro\/wp-content\/uploads\/2026\/07\/accident-mortal-728&#215;336.pnghttps:\/\/www.opiniatimisoarei.ro\/wp-content\/uploads\/2026\/07\/accident-mortal.png&#8221;] Tragedie pe \u0219osea duminic\u0103 dup\u0103-amiaz\u0103 \u00een vestul \u021b\u0103rii. CITE\u0218TE \u0218I:Ma\u0219ini c\u0103utate de poli\u021bia din Germania, g\u0103site pe platforma unui bulgar \u00een Timi\u0219. Control cu surprize pentru poli\u021bi\u0219tii de frontier\u0103 Un t\u00e2n\u0103r de 33 de ani conducea un autoturism, iar \u00een apropierea localit\u0103\u021bii ar\u0103dene S\u00e2ntana a pierdut controlul volanului, ma\u0219ina a ie\u0219it de [&hellip;]<\/p>\n","protected":false},"author":1,"featured_media":0,"comment_status":"open","ping_status":"","sticky":false,"template":"","format":"standard","meta":{"footnotes":""},"categories":[89],"tags":[226,190],"class_list":["post-2058972","post","type-post","status-publish","format-standard","hentry","category-romania","tag-crawlmanager","tag-opiniatimisoarei-ro"],"_links":{"self":[{"href":"https:\/\/analyse.optim.biz\/index.php?rest_route=\/wp\/v2\/posts\/2058972","targetHints":{"allow":["GET"]}}],"collection":[{"href":"https:\/\/analyse.optim.biz\/index.php?rest_route=\/wp\/v2\/posts"}],"about":[{"href":"https:\/\/analyse.optim.biz\/index.php?rest_route=\/wp\/v2\/types\/post"}],"author":[{"embeddable":true,"href":"https:\/\/analyse.optim.biz\/index.php?rest_route=\/wp\/v2\/users\/1"}],"replies":[{"embeddable":true,"href":"https:\/\/analyse.optim.biz\/index.php?rest_route=%2Fwp%2Fv2%2Fcomments&post=2058972"}],"version-history":[{"count":0,"href":"https:\/\/analyse.optim.biz\/index.php?rest_route=\/wp\/v2\/posts\/2058972\/revisions"}],"wp:attachment":[{"href":"https:\/\/analyse.optim.biz\/index.php?rest_route=%2Fwp%2Fv2%2Fmedia&parent=2058972"}],"wp:term":[{"taxonomy":"category","embeddable":true,"href":"https:\/\/analyse.optim.biz\/index.php?rest_route=%2Fwp%2Fv2%2Fcategories&post=2058972"},{"taxonomy":"post_tag","embeddable":true,"href":"https:\/\/analyse.optim.biz\/index.php?rest_route=%2Fwp%2Fv2%2Ftags&post=2058972"}],"curies":[{"name":"wp","href":"https:\/\/api.w.org\/{rel}","templated":true}]}}