{"id":2058969,"date":"2026-07-23T15:06:54","date_gmt":"2026-07-23T12:06:54","guid":{"rendered":"https:\/\/analyse.optim.biz\/?p=2058969"},"modified":"2026-07-23T15:06:54","modified_gmt":"2026-07-23T12:06:54","slug":"garaj-de-lux-cu-lamborghini-si-porsche-golit-de-procurorii-dna-timisoara-3-milioane-de-euro-evaziune-fiscala-cu-masini-aduse-din-germania","status":"publish","type":"post","link":"https:\/\/analyse.optim.biz\/?p=2058969","title":{"rendered":"Garaj de lux cu Lamborghini \u0219i Porsche, \u2018golit\u2019 de procurorii DNA Timi\u0219oara. 3 milioane de euro evaziune fiscal\u0103 cu ma\u0219ini aduse din Germania"},"content":{"rendered":"<p>[analyse_image type=&#8221;featured&#8221; src=&#8221;https:\/\/www.opiniatimisoarei.ro\/wp-content\/uploads\/2026\/07\/masini-de-lux-728&#215;336.jpghttps:\/\/www.opiniatimisoarei.ro\/wp-content\/uploads\/2026\/07\/masini-de-lux.jpg&#8221;]<\/p>\n<div class=\"the_content\">\n<p><strong>TIMI\u0218OARA<\/strong>. Dosar r\u0103sun\u0103tor al DNA Timi\u0219oara. Garaj de lux cu Lamborghini \u0219i Porsche \u2018golit\u2019 de procurorii DNA Timi\u0219oara se afl\u0103 \u00een centrul anchetei.<\/p>\n<p>Perchezi\u021b\u00eei ale procurorilor anticorup\u021bie \u00een Arad, joi. Ace\u0219tia \u00eei cerceteaz\u0103 pe proprietarii unei firme care se ocup\u0103 cu tranzac\u021bii de autoturisme second hand.<\/p>\n<p><strong><span>CITE\u0218TE \u0218I:<\/span><\/strong><a href=\"https:\/\/www.opiniatimisoarei.ro\/pericol-pe-contrasens-in-pasaj-la-timisoara-sofer-iresponsabil-la-un-pas-de-accident-video\/23\/07\/2026\"><strong>Pericol pe contrasens \u00een pasaj la Timi\u0219oara. \u0218ofer iresponsabil, la un pas de accident. VIDEO<\/strong><\/a><\/p>\n<p>So\u021b \u0219i so\u021bie, cei doi administratori ai companiei sunt acuza\u021bi de o evaziune fiscal\u0103 de 3 milioane de euro.<\/p>\n<p>\u00cen perioada 2020 \u2013 2026, ace\u0219tia nu au pl\u0103tit taxe \u0219i impozite c\u0103tre stat \u0219i, mai mult, o parte dintre banii astfel ob\u021binu\u021bi i-au reintrodus \u00een firm\u0103 sub form\u0103 de credit\u0103ri de c\u0103tre cei doi administratori.<\/p>\n<p>Potrivit unor surse apropiate anchetei, so\u021bii scoteau apoi banii din firm\u0103, \u00een numerar, \u0219i cump\u0103rau case \u0219i terenuri.<\/p>\n<p>\u00cen ultimii \u0219ase ani, firma a cump\u0103rat peste 3.000 de ma\u0219ini din Europa de Vest, \u00een special din Germania, pe care le-a rev\u00e2ndut \u00een Rom\u00e2nia. Patronii intocmeau documente de achizi\u021bie \u00een fals, men\u021bionau \u00een contracte nume \u0219i sume fictive, de regul\u0103 mai mari dec\u00e2t valoarea la care au fost, de fapt, cump\u0103rate autoturismele.<\/p>\n<p>Potrivit unor surse, ajungeau chiar s\u0103 \u201dumfle\u201d pre\u021burile cu 40 la sut\u0103 din valoarea real\u0103.<\/p>\n<h2><span><strong>Banii din evaziune, sp\u0103la\u021bi prin tranzac\u021bii cu terenuri \u0219i case noi<\/strong><\/span><\/h2>\n<p>Cu banii ob\u021binu\u021bi din evaziunea fiscal\u0103, suspec\u021bii au cump\u0103rat \u00een special case \u00een Arad \u0219i Timi\u0219oara, unele \u00een cartiere nou construite, pe care mai apoi le-au v\u00e2ndut. \u00cen acest fel au \u00eencercat s\u0103 \u201dspele\u201d banii.<\/p>\n<p>Anchetatorii au f\u0103cut 5 perchezi\u021bii joi \u0219i au ridicat \u0219i mai multe auoturisme de lux.<\/p>\n<p>Cei doi so\u021bi de\u021bin ma\u0219ini extrem de scumpe, de sute de mii de euro bucata, cum ar fi un Lamborghini Urus, un Porsche 911 Turbo S \u0219i un Porsche Taycan Turbo S, care vor fi puse de procurori sub sechestru.<\/p>\n<p>***<\/p>\n<p><strong><span class=\"dia_suggestion w0\">Mai<\/span><span class=\"dia_suggestion w1\">multe<\/span><span class=\"dia_suggestion w2\">g\u0103si\u021bi<\/span> pe <span class=\"dia_suggestion w4\">pagina noastr<span class=\"dia_suggestion w0\">\u0103<\/span><\/span>\u00a0de <a href=\"https:\/\/www.facebook.com\/OpiniaTM\/?ref=page_internal\" target=\"_blank\" rel=\"noopener\">Facebook opiniatimisoarei.ro<\/a>!<\/strong><\/p>\n<p><strong><span class=\"dia_suggestion w0\">Dac\u0103<\/span><span class=\"dia_suggestion w1\">a\u021bi<\/span> fost martorii unui eveniment <span class=\"dia_suggestion w6\">sau<\/span><span class=\"dia_suggestion w7\">ai<\/span> unei <span class=\"dia_suggestion w9\">situa\u021bii<\/span><span class=\"dia_suggestion w10\">neobi\u0219nuite<\/span><span class=\"dia_suggestion w11\">care<\/span> ar <span class=\"dia_suggestion w13\">putea<\/span> deveni subiect de <span class=\"dia_suggestion w17\">\u0219tire<\/span>, <span class=\"dia_suggestion w18\">contacta\u021bi<\/span>-ne <span class=\"dia_suggestion w20\">la<\/span><span><a href=\"https:\/\/www.opiniatimisoarei.ro\/cdn-cgi\/l\/email-protection\" class=\"__cf_email__\" data-cfemail=\"720017161311061b17321d021b1c1b13061b1f1b011d1300171b5c001d\">[email\u00a0protected]<\/a>,<\/span>\u00a0 pe <a href=\"https:\/\/www.facebook.com\/OpiniaTM\">FB<\/a><span>sau pe contul nostru de<\/span><a href=\"https:\/\/www.instagram.com\/opiniatimisoarei.ro\/\" target=\"_blank\" rel=\"noopener\">Instagram<\/a>!<\/strong><\/p>\n<p><strong><span>CITE\u0218TE \u0218I<\/span>: <a href=\"https:\/\/www.opiniatimisoarei.ro\/afli-primul-tot-ceea-ce-se-intampla-cu-adevarat-important-in-timisoara-si-in-regiune-cu-aplicatia-de-stiri-opinia-timisoarei-3-tipuri-de-alerte-te-tin-mereu-conectat-la-evenimente-descarca-gratuit-a\/31\/10\/2022\">Afli primul tot ceea ce se intampla cu adevarat important in Timisoara si in regiune cu Aplicatia de stiri Opinia Timisoarei. 3 tipuri de alerte te tin mereu conectat la evenimente. Descarca gratuit Aplicatia OT aici!<\/a><\/strong><\/p>\n<\/div>\n<p>[analyse_source url=&#8221;https:\/\/www.opiniatimisoarei.ro\/garaj-de-lux-cu-lamborghini-si-porsche-golit-de-procurorii-dna-timisoara-3-milioane-de-euro-evaziune-fiscala-cu-masini-aduse-din-germania\/23\/07\/2026&#8243;]<\/p>\n","protected":false},"excerpt":{"rendered":"<p>[analyse_image type=&#8221;featured&#8221; src=&#8221;https:\/\/www.opiniatimisoarei.ro\/wp-content\/uploads\/2026\/07\/masini-de-lux-728&#215;336.jpghttps:\/\/www.opiniatimisoarei.ro\/wp-content\/uploads\/2026\/07\/masini-de-lux.jpg&#8221;] TIMI\u0218OARA. Dosar r\u0103sun\u0103tor al DNA Timi\u0219oara. Garaj de lux cu Lamborghini \u0219i Porsche \u2018golit\u2019 de procurorii DNA Timi\u0219oara se afl\u0103 \u00een centrul anchetei. Perchezi\u021b\u00eei ale procurorilor anticorup\u021bie \u00een Arad, joi. Ace\u0219tia \u00eei cerceteaz\u0103 pe proprietarii unei firme care se ocup\u0103 cu tranzac\u021bii de autoturisme second hand. CITE\u0218TE \u0218I:Pericol pe contrasens \u00een pasaj [&hellip;]<\/p>\n","protected":false},"author":1,"featured_media":0,"comment_status":"open","ping_status":"","sticky":false,"template":"","format":"standard","meta":{"footnotes":""},"categories":[89],"tags":[226,190],"class_list":["post-2058969","post","type-post","status-publish","format-standard","hentry","category-romania","tag-crawlmanager","tag-opiniatimisoarei-ro"],"_links":{"self":[{"href":"https:\/\/analyse.optim.biz\/index.php?rest_route=\/wp\/v2\/posts\/2058969","targetHints":{"allow":["GET"]}}],"collection":[{"href":"https:\/\/analyse.optim.biz\/index.php?rest_route=\/wp\/v2\/posts"}],"about":[{"href":"https:\/\/analyse.optim.biz\/index.php?rest_route=\/wp\/v2\/types\/post"}],"author":[{"embeddable":true,"href":"https:\/\/analyse.optim.biz\/index.php?rest_route=\/wp\/v2\/users\/1"}],"replies":[{"embeddable":true,"href":"https:\/\/analyse.optim.biz\/index.php?rest_route=%2Fwp%2Fv2%2Fcomments&post=2058969"}],"version-history":[{"count":0,"href":"https:\/\/analyse.optim.biz\/index.php?rest_route=\/wp\/v2\/posts\/2058969\/revisions"}],"wp:attachment":[{"href":"https:\/\/analyse.optim.biz\/index.php?rest_route=%2Fwp%2Fv2%2Fmedia&parent=2058969"}],"wp:term":[{"taxonomy":"category","embeddable":true,"href":"https:\/\/analyse.optim.biz\/index.php?rest_route=%2Fwp%2Fv2%2Fcategories&post=2058969"},{"taxonomy":"post_tag","embeddable":true,"href":"https:\/\/analyse.optim.biz\/index.php?rest_route=%2Fwp%2Fv2%2Ftags&post=2058969"}],"curies":[{"name":"wp","href":"https:\/\/api.w.org\/{rel}","templated":true}]}}