{"id":2058941,"date":"2026-07-23T15:33:49","date_gmt":"2026-07-23T12:33:49","guid":{"rendered":"https:\/\/analyse.optim.biz\/?p=2058941"},"modified":"2026-07-23T15:33:49","modified_gmt":"2026-07-23T12:33:49","slug":"un-pusti-de-17-ani-la-betie-a-furat-o-masina-si-apoi-s-a-rasturnat-cu-ea-stiri-suceava","status":"publish","type":"post","link":"https:\/\/analyse.optim.biz\/?p=2058941","title":{"rendered":"Un pu\u0219ti de 17 ani, la be\u021bie, a furat o ma\u0219in\u0103 \u0219i apoi s-a r\u0103sturnat cu ea &#8211; Stiri Suceava"},"content":{"rendered":"<p>[analyse_image type=&#8221;featured&#8221; src=&#8221;https:\/\/www.informatiata.ro\/wp-content\/uploads\/2026\/07\/politieeee-1024&#215;575.jpg&#8221;]<\/p>\n<div class=\"td-post-content tagdiv-type\">\n<div class=\"td-post-featured-image\"><a href=\"https:\/\/www.informatiata.ro\/wp-content\/uploads\/2026\/07\/politieeee-scaled.jpg\" data-caption><img loading=\"lazy\" decoding=\"async\" width=\"696\" height=\"391\" class=\"entry-thumb td-modal-image\" src=\"https:\/\/www.informatiata.ro\/wp-content\/uploads\/2026\/07\/politieeee-696x391.jpg\" alt title=\"politieeee\"><img loading=\"lazy\" decoding=\"async\" width=\"696\" height=\"391\" class=\"entry-thumb td-modal-image\" src=\"https:\/\/www.informatiata.ro\/wp-content\/uploads\/2026\/07\/politieeee-696x391.jpg\" alt title=\"politieeee\"><\/a><\/div>\n<p>Un pu\u0219ti de 17 ani, la be\u021bie, a furat o ma\u0219in\u0103 \u0219i apoi s-a r\u0103sturnat cu ea. Minorul, care nu de\u021bine permis de conducere, a fost re\u021binut pentru 24 de ore.<\/p>\n<p>Accidentul s-a produs \u00een diminea\u021ba zilei de 30 iunie, \u00een jurul orei 05.30, pe strada Bogdan Vod\u0103 din Cajvana.<\/p>\n<div class=\"td-a-rec td-a-rec-id-content_inlineright  tdi_7 td_block_template_1\"><img loading=\"lazy\" decoding=\"async\" class=\"aligncenter size-full wp-image-65686\" src=\"https:\/\/www.informatiata.ro\/wp-content\/uploads\/2026\/07\/SAVCOM-20.gif\" alt width=\"299\" height=\"250\"><img loading=\"lazy\" decoding=\"async\" class=\"aligncenter size-full wp-image-65686\" src=\"https:\/\/www.informatiata.ro\/wp-content\/uploads\/2026\/07\/SAVCOM-20.gif\" alt width=\"299\" height=\"250\"><img loading=\"lazy\" decoding=\"async\" class=\"aligncenter size-full wp-image-65687\" src=\"https:\/\/www.informatiata.ro\/wp-content\/uploads\/2026\/07\/FACOS-17.gif\" alt width=\"300\" height=\"250\"><img loading=\"lazy\" decoding=\"async\" class=\"aligncenter size-full wp-image-65687\" src=\"https:\/\/www.informatiata.ro\/wp-content\/uploads\/2026\/07\/FACOS-17.gif\" alt width=\"300\" height=\"250\"><\/div>\n<p>Minorul conducea un autoturism pe direc\u021bia centru \u2013 ie\u0219irea din localitate, iar la un moment dat a lovit o movil\u0103 de p\u0103m\u00e2nt, \u00eentr-o zon\u0103 \u00een care se executau lucr\u0103ri de canalizare.<\/p>\n<p>\u00cen urma impactului violent, autoturismul s-a r\u0103sturnat \u0219i a fost proiectat \u00eentr-un utilaj parcat pe acostamentul drumului.<\/p>\n<p>\u0218oferul a fost r\u0103nit \u0219i transportat la spital. Poli\u021bi\u0219tii le-au testat cu etilotestul \u0219i a rezultate o valoare de 0,64 mg\/l alcool pur \u00een aerul expirat.<\/p>\n<p>Verific\u0103rile efectuate de poli\u021bi\u0219ti au ar\u0103tat c\u0103 adolescentul nu de\u021binea permis de conducere pentru nici o categorie de vehicule.<\/p>\n<p>Poli\u021bi\u0219tii au stabilit \u00een urma cercet\u0103rilor c\u0103 acesta ar fi consumat b\u0103uturi alcoolice la un restaurant din Cajvana, dup\u0103 care ar fi sustras autoturismul implicat \u00een accident.<\/p>\n<p>\u00cen dosar sunt efectuate cercet\u0103ri pentru v\u0103t\u0103mare corporal\u0103 din culp\u0103, conducerea unui vehicul f\u0103r\u0103 permis, conducerea sub influen\u021ba alcoolului \u0219i furt \u00een scop de folosin\u021b\u0103.<\/p>\n<p>\u00cen urma administr\u0103rii probatoriului \u0219i a consult\u0103rii procurorului de caz, poli\u021bi\u0219tii au dispus, la data de 22 iulie, re\u021binerea adolescentului pentru 24 de ore.<\/p>\n<p>Acesta a fost introdus \u00een Centrul de Re\u021binere \u0219i Arestare Preventiv\u0103 al IPJ Suceava.<\/p>\n<div class=\"td-a-rec td-a-rec-id-content_bottom  td-rec-hide-on-m tdi_8 td_block_template_1\"><img loading=\"lazy\" decoding=\"async\" class=\"aligncenter size-full wp-image-65603\" src=\"https:\/\/www.informatiata.ro\/wp-content\/uploads\/2026\/07\/SAVCOM-19.gif\" alt width=\"299\" height=\"250\"><img loading=\"lazy\" decoding=\"async\" class=\"aligncenter size-full wp-image-65603\" src=\"https:\/\/www.informatiata.ro\/wp-content\/uploads\/2026\/07\/SAVCOM-19.gif\" alt width=\"299\" height=\"250\"><img loading=\"lazy\" decoding=\"async\" class=\"aligncenter size-full wp-image-65604\" src=\"https:\/\/www.informatiata.ro\/wp-content\/uploads\/2026\/07\/FACOS-16.gif\" alt width=\"300\" height=\"250\"><img loading=\"lazy\" decoding=\"async\" class=\"aligncenter size-full wp-image-65604\" src=\"https:\/\/www.informatiata.ro\/wp-content\/uploads\/2026\/07\/FACOS-16.gif\" alt width=\"300\" height=\"250\"><\/div>\n<\/div>\n<p>[analyse_source url=&#8221;https:\/\/www.informatiata.ro\/pusti-beat-a-furat-masina-si-a-facut-accident\/&#8221;]<\/p>\n","protected":false},"excerpt":{"rendered":"<p>[analyse_image type=&#8221;featured&#8221; src=&#8221;https:\/\/www.informatiata.ro\/wp-content\/uploads\/2026\/07\/politieeee-1024&#215;575.jpg&#8221;] Un pu\u0219ti de 17 ani, la be\u021bie, a furat o ma\u0219in\u0103 \u0219i apoi s-a r\u0103sturnat cu ea. Minorul, care nu de\u021bine permis de conducere, a fost re\u021binut pentru 24 de ore. Accidentul s-a produs \u00een diminea\u021ba zilei de 30 iunie, \u00een jurul orei 05.30, pe strada Bogdan Vod\u0103 din Cajvana. Minorul conducea [&hellip;]<\/p>\n","protected":false},"author":1,"featured_media":0,"comment_status":"open","ping_status":"","sticky":false,"template":"","format":"standard","meta":{"footnotes":""},"categories":[89],"tags":[226,167],"class_list":["post-2058941","post","type-post","status-publish","format-standard","hentry","category-romania","tag-crawlmanager","tag-informatiata-ro"],"_links":{"self":[{"href":"https:\/\/analyse.optim.biz\/index.php?rest_route=\/wp\/v2\/posts\/2058941","targetHints":{"allow":["GET"]}}],"collection":[{"href":"https:\/\/analyse.optim.biz\/index.php?rest_route=\/wp\/v2\/posts"}],"about":[{"href":"https:\/\/analyse.optim.biz\/index.php?rest_route=\/wp\/v2\/types\/post"}],"author":[{"embeddable":true,"href":"https:\/\/analyse.optim.biz\/index.php?rest_route=\/wp\/v2\/users\/1"}],"replies":[{"embeddable":true,"href":"https:\/\/analyse.optim.biz\/index.php?rest_route=%2Fwp%2Fv2%2Fcomments&post=2058941"}],"version-history":[{"count":0,"href":"https:\/\/analyse.optim.biz\/index.php?rest_route=\/wp\/v2\/posts\/2058941\/revisions"}],"wp:attachment":[{"href":"https:\/\/analyse.optim.biz\/index.php?rest_route=%2Fwp%2Fv2%2Fmedia&parent=2058941"}],"wp:term":[{"taxonomy":"category","embeddable":true,"href":"https:\/\/analyse.optim.biz\/index.php?rest_route=%2Fwp%2Fv2%2Fcategories&post=2058941"},{"taxonomy":"post_tag","embeddable":true,"href":"https:\/\/analyse.optim.biz\/index.php?rest_route=%2Fwp%2Fv2%2Ftags&post=2058941"}],"curies":[{"name":"wp","href":"https:\/\/api.w.org\/{rel}","templated":true}]}}