{"id":2058785,"date":"2026-07-23T16:29:33","date_gmt":"2026-07-23T13:29:33","guid":{"rendered":"https:\/\/analyse.optim.biz\/?p=2058785"},"modified":"2026-07-23T16:29:33","modified_gmt":"2026-07-23T13:29:33","slug":"padurar-din-timis-calcat-de-mascati-dupa-ce-si-a-facut-parte-din-vanzarea-lemnului-la-suprapret","status":"publish","type":"post","link":"https:\/\/analyse.optim.biz\/?p=2058785","title":{"rendered":"P\u0103durar din Timi\u0219, \u2018c\u0103lcat\u2019 de masca\u021bi, dup\u0103 ce \u0219i-a f\u0103cut parte din v\u00e2nzarea lemnului la suprapre\u021b"},"content":{"rendered":"<p>[analyse_image type=&#8221;featured&#8221; src=&#8221;https:\/\/www.opiniatimisoarei.ro\/wp-content\/uploads\/2022\/08\/lemne-politisti-razie-728&#215;336.jpghttps:\/\/www.opiniatimisoarei.ro\/wp-content\/uploads\/2022\/08\/lemne-politisti-razie.jpg&#8221;]<\/p>\n<div class=\"the_content\">\n<p><strong>TIMI\u0218OARA<\/strong>. Cinci perchezi\u021bii au avut loc \u00een Timi\u0219, la un p\u0103durar care \u0219i-a f\u0103cut parte din v\u00e2nzarea lemnului la suprapre\u021b. Nu mai pu\u021bin de 176 de transporturi au fost vizate de angajatul silvic.<\/p>\n<p><strong><span>CITE\u0218TE \u0218I:<\/span><\/strong><a href=\"https:\/\/www.opiniatimisoarei.ro\/pericol-pe-contrasens-in-pasaj-la-timisoara-sofer-iresponsabil-la-un-pas-de-accident-video\/23\/07\/2026\"><strong>Pericol pe contrasens \u00een pasaj la Timi\u0219oara. \u0218ofer iresponsabil, la un pas de accident. VIDEO<\/strong><\/a><\/p>\n<p>Poli\u021bi\u0219tii Serviciului de Investigare a Criminalit\u0103\u021bii Economice Timi\u0219, sub supravegherea procurorului din cadrul Parchetului de pe l\u00e2ng\u0103 Judec\u0103toria Lugoj, fac investiga\u021bii \u00eentr-un dosar penal ce vizeaz\u0103 infrac\u021biuni de fals informatic, \u00een form\u0103 continuat\u0103, \u0219i folosirea func\u021biei pentru favorizarea unei persoane.<\/p>\n<p>\u201d<strong>Din cercet\u0103rile efectuate a reie\u0219it c\u0103, \u00een perioada ianuarie \u2013 decembrie 2025, un b\u0103rbat, de 54 de ani, \u00een calitate de angajat \u00een domeniul silvic \u0219i gestionar al materialului lemnos aflat \u00een patrimoniul Ocolului Silvic Timi\u0219oara, ar fi dispus, \u00een mod nelegal, de material lemnos din gestiunea sa, pe care l-ar fi \u00eenscris \u00een 176 de avize de \u00eenso\u021bire a materialului lemnos \u0219i l-ar fi valorificat prin v\u00e2nzarea c\u0103tre diferite persoane fizice, la un pre\u021b mai mare dec\u00e2t cel legal, \u00eensu\u0219indu-\u0219i diferen\u021ba de pre\u021b<\/strong>\u201d, a transmis IPJ Timi\u0219.<\/p>\n<p>Mai mult, b\u0103rbatul a introdus \u00een sistemul informatic date nereale, \u00eenscriind \u00een cele 176 de avize de \u00eenso\u021bire un mijloc de transport \u0219i datele de identificare ale unei persoane care nu ar fi de\u021binut permis de conducere, precum \u0219i clien\u021bi fictivi.<\/p>\n<p>\u00cen urma perchezi\u021biilor domiciliare, poli\u021bi\u0219tii au ridicat \u00eenscrisuri \u0219i alte mijloace de prob\u0103 relevante pentru solu\u021bionarea cauzei, precum \u0219i o arbalet\u0103, de\u021binut\u0103 ilegal.<\/p>\n<p>Totodat\u0103, s-a constatat c\u0103, b\u0103rbatul, de\u021bin\u0103tor legal de arme, nu ar fi depozitat muni\u021bia \u00een conformitate cu prevederile legale.<\/p>\n<p>***<\/p>\n<p><strong><span class=\"dia_suggestion w0\">Mai<\/span><span class=\"dia_suggestion w1\">multe<\/span><span class=\"dia_suggestion w2\">g\u0103si\u021bi<\/span> pe <span class=\"dia_suggestion w4\">pagina noastr<span class=\"dia_suggestion w0\">\u0103<\/span><\/span>\u00a0de <a href=\"https:\/\/www.facebook.com\/OpiniaTM\/?ref=page_internal\" target=\"_blank\" rel=\"noopener\">Facebook opiniatimisoarei.ro<\/a>!<\/strong><\/p>\n<p><strong><span class=\"dia_suggestion w0\">Dac\u0103<\/span><span class=\"dia_suggestion w1\">a\u021bi<\/span> fost martorii unui eveniment <span class=\"dia_suggestion w6\">sau<\/span><span class=\"dia_suggestion w7\">ai<\/span> unei <span class=\"dia_suggestion w9\">situa\u021bii<\/span><span class=\"dia_suggestion w10\">neobi\u0219nuite<\/span><span class=\"dia_suggestion w11\">care<\/span> ar <span class=\"dia_suggestion w13\">putea<\/span> deveni subiect de <span class=\"dia_suggestion w17\">\u0219tire<\/span>, <span class=\"dia_suggestion w18\">contacta\u021bi<\/span>-ne <span class=\"dia_suggestion w20\">la<\/span><span><a href=\"https:\/\/www.opiniatimisoarei.ro\/cdn-cgi\/l\/email-protection\" class=\"__cf_email__\" data-cfemail=\"6d1f08090c0e1904082d021d0403040c190400041e020c1f0804431f02\">[email\u00a0protected]<\/a>,<\/span>\u00a0 pe <a href=\"https:\/\/www.facebook.com\/OpiniaTM\">FB<\/a><span>sau pe contul nostru de<\/span><a href=\"https:\/\/www.instagram.com\/opiniatimisoarei.ro\/\" target=\"_blank\" rel=\"noopener\">Instagram<\/a>!<\/strong><\/p>\n<p><strong><span>CITE\u0218TE \u0218I<\/span>: <a href=\"https:\/\/www.opiniatimisoarei.ro\/afli-primul-tot-ceea-ce-se-intampla-cu-adevarat-important-in-timisoara-si-in-regiune-cu-aplicatia-de-stiri-opinia-timisoarei-3-tipuri-de-alerte-te-tin-mereu-conectat-la-evenimente-descarca-gratuit-a\/31\/10\/2022\">Afli primul tot ceea ce se intampla cu adevarat important in Timisoara si in regiune cu Aplicatia de stiri Opinia Timisoarei. 3 tipuri de alerte te tin mereu conectat la evenimente. Descarca gratuit Aplicatia OT aici!<\/a><\/strong><\/p>\n<\/div>\n<p>[analyse_source url=&#8221;https:\/\/www.opiniatimisoarei.ro\/padurar-din-timis-calcat-de-mascati-dupa-ce-si-au-facut-parte-din-vanzarea-lemnului-la-suprapret\/23\/07\/2026&#8243;]<\/p>\n","protected":false},"excerpt":{"rendered":"<p>[analyse_image type=&#8221;featured&#8221; src=&#8221;https:\/\/www.opiniatimisoarei.ro\/wp-content\/uploads\/2022\/08\/lemne-politisti-razie-728&#215;336.jpghttps:\/\/www.opiniatimisoarei.ro\/wp-content\/uploads\/2022\/08\/lemne-politisti-razie.jpg&#8221;] TIMI\u0218OARA. Cinci perchezi\u021bii au avut loc \u00een Timi\u0219, la un p\u0103durar care \u0219i-a f\u0103cut parte din v\u00e2nzarea lemnului la suprapre\u021b. Nu mai pu\u021bin de 176 de transporturi au fost vizate de angajatul silvic. CITE\u0218TE \u0218I:Pericol pe contrasens \u00een pasaj la Timi\u0219oara. \u0218ofer iresponsabil, la un pas de accident. VIDEO Poli\u021bi\u0219tii Serviciului de [&hellip;]<\/p>\n","protected":false},"author":1,"featured_media":0,"comment_status":"open","ping_status":"","sticky":false,"template":"","format":"standard","meta":{"footnotes":""},"categories":[89],"tags":[226,190],"class_list":["post-2058785","post","type-post","status-publish","format-standard","hentry","category-romania","tag-crawlmanager","tag-opiniatimisoarei-ro"],"_links":{"self":[{"href":"https:\/\/analyse.optim.biz\/index.php?rest_route=\/wp\/v2\/posts\/2058785","targetHints":{"allow":["GET"]}}],"collection":[{"href":"https:\/\/analyse.optim.biz\/index.php?rest_route=\/wp\/v2\/posts"}],"about":[{"href":"https:\/\/analyse.optim.biz\/index.php?rest_route=\/wp\/v2\/types\/post"}],"author":[{"embeddable":true,"href":"https:\/\/analyse.optim.biz\/index.php?rest_route=\/wp\/v2\/users\/1"}],"replies":[{"embeddable":true,"href":"https:\/\/analyse.optim.biz\/index.php?rest_route=%2Fwp%2Fv2%2Fcomments&post=2058785"}],"version-history":[{"count":0,"href":"https:\/\/analyse.optim.biz\/index.php?rest_route=\/wp\/v2\/posts\/2058785\/revisions"}],"wp:attachment":[{"href":"https:\/\/analyse.optim.biz\/index.php?rest_route=%2Fwp%2Fv2%2Fmedia&parent=2058785"}],"wp:term":[{"taxonomy":"category","embeddable":true,"href":"https:\/\/analyse.optim.biz\/index.php?rest_route=%2Fwp%2Fv2%2Fcategories&post=2058785"},{"taxonomy":"post_tag","embeddable":true,"href":"https:\/\/analyse.optim.biz\/index.php?rest_route=%2Fwp%2Fv2%2Ftags&post=2058785"}],"curies":[{"name":"wp","href":"https:\/\/api.w.org\/{rel}","templated":true}]}}