{"id":2058781,"date":"2026-07-23T00:00:00","date_gmt":"2026-07-22T21:00:00","guid":{"rendered":"https:\/\/analyse.optim.biz\/?p=2058781"},"modified":"2026-07-23T00:00:00","modified_gmt":"2026-07-22T21:00:00","slug":"eurodeputatul-maria-grapini-alaturi-de-confederatiile-sindicale","status":"publish","type":"post","link":"https:\/\/analyse.optim.biz\/?p=2058781","title":{"rendered":"Eurodeputatul Maria Grapini, al\u0103turi de Confedera\u021biile sindicale"},"content":{"rendered":"<p>[analyse_image type=&#8221;featured&#8221; src=&#8221;https:\/\/livetimisoara.ro\/wp-content\/uploads\/2024\/02\/Grapini_M.jpg&#8221;]<\/p>\n<div class=\"post-content entry-content\">\n<p class=\"wp-block-paragraph\"><strong>Eurodeputatul \u0219i pre\u0219edintele BPN al PUSL, Maria Grapini, sus\u021bine demersurile Confedera\u021biilor sindicale privind retragerea legii salariz\u0103rii.<\/strong><\/p>\n<blockquote class=\"wp-block-quote is-layout-flow wp-block-quote-is-layout-flow\">\n<p class=\"wp-block-paragraph\"><strong>\u201e<\/strong><strong>Este nevoie urgent\u0103 de votarea unui guvern care s\u0103 negocieze cu toate sindicatele \u0219i patronatele o lege a salariz\u0103rii echitabil\u0103, care s\u0103 nu creeze presiuni asupra categoriilor socio-profesionale din niciun domeniu!\u201d<\/strong>, a precizat Maria Grapini.<\/p>\n<\/blockquote>\n<p class=\"wp-block-paragraph\">Eurodeputatul umanist a avertizat asupra faptului c\u0103 Rom\u00e2nia nu poate sta \u00een acest blocaj, care afecteaz\u0103 grav mediul economic, iar pre\u0219edintele Rom\u00e2niei trebuie, a mai spus Maria Grapini, s\u0103 nominalizeze urgent un premier, \u00een func\u021bie de ce au votat cet\u0103\u021benii.<\/p>\n<p class=\"wp-block-paragraph\">De men\u021bionat faptul c\u0103 toate cele cinci confedera\u021bii sindicale, reprezentative la nivel national \u2013 Confedera\u021bia Na\u021bional\u0103 Sindical\u0103 \u201eCartel ALFA\u201d, Confedera\u021bia Na\u021bional\u0103 a Sindicatelor Libere din Rom\u00e2nia \u201eFr\u0103\u021bia\u201d, Confedera\u021bia Sindicatelor Democratice din Rom\u00e2nia, Confedera\u021bia Na\u021bional\u0103 Sindical\u0103 \u201eMeridian\u201d \u0219i Blocul Na\u021bional Sindical (BNS) \u00a0\u2013 solicit\u0103 tuturor partidelor politice parlamentare oprirea oric\u0103rui demers parlamentar \u00een ceea ce prive\u0219te proiectului Legii salariz\u0103rii \u00een sectorul public.<\/p>\n<p class=\"wp-block-paragraph\">Concret, confedera\u021biile sindicale anun\u021b\u0103 retragerea din orice consultare privind actualul proiect de lege vehiculat \u00een spa\u021biul public, apreciind c\u0103 acesta nu mai poate constitui baza unei reforme credibile \u0219i acceptate de toate p\u0103r\u021bile implicate, din cauza timpului extrem de scurt r\u0103mas la dispozi\u021bie.<\/p>\n<p class=\"wp-block-paragraph\">De asemenea, se solicit\u0103 ca, dup\u0103 \u00eenvestirea unui nou Guvern cu puteri constitu\u021bionale depline, s\u0103 fie reluat procesul de elaborare a noii Legi a salariz\u0103rii, \u00een cadrul unui mecanism de dialog social real \u0219i institu\u021bionalizat.\u00a0<\/p>\n<\/div>\n<p>[analyse_source url=&#8221;https:\/\/livetimisoara.ro\/2026\/07\/23\/eurodeputatul-maria-grapini-alaturi-de-confederatiile-sindicale\/&#8221;]<\/p>\n","protected":false},"excerpt":{"rendered":"<p>[analyse_image type=&#8221;featured&#8221; src=&#8221;https:\/\/livetimisoara.ro\/wp-content\/uploads\/2024\/02\/Grapini_M.jpg&#8221;] Eurodeputatul \u0219i pre\u0219edintele BPN al PUSL, Maria Grapini, sus\u021bine demersurile Confedera\u021biilor sindicale privind retragerea legii salariz\u0103rii. \u201eEste nevoie urgent\u0103 de votarea unui guvern care s\u0103 negocieze cu toate sindicatele \u0219i patronatele o lege a salariz\u0103rii echitabil\u0103, care s\u0103 nu creeze presiuni asupra categoriilor socio-profesionale din niciun domeniu!\u201d, a precizat Maria Grapini. Eurodeputatul [&hellip;]<\/p>\n","protected":false},"author":1,"featured_media":0,"comment_status":"open","ping_status":"","sticky":false,"template":"","format":"standard","meta":{"footnotes":""},"categories":[89],"tags":[226,194],"class_list":["post-2058781","post","type-post","status-publish","format-standard","hentry","category-romania","tag-crawlmanager","tag-livetimisoara-ro"],"_links":{"self":[{"href":"https:\/\/analyse.optim.biz\/index.php?rest_route=\/wp\/v2\/posts\/2058781","targetHints":{"allow":["GET"]}}],"collection":[{"href":"https:\/\/analyse.optim.biz\/index.php?rest_route=\/wp\/v2\/posts"}],"about":[{"href":"https:\/\/analyse.optim.biz\/index.php?rest_route=\/wp\/v2\/types\/post"}],"author":[{"embeddable":true,"href":"https:\/\/analyse.optim.biz\/index.php?rest_route=\/wp\/v2\/users\/1"}],"replies":[{"embeddable":true,"href":"https:\/\/analyse.optim.biz\/index.php?rest_route=%2Fwp%2Fv2%2Fcomments&post=2058781"}],"version-history":[{"count":0,"href":"https:\/\/analyse.optim.biz\/index.php?rest_route=\/wp\/v2\/posts\/2058781\/revisions"}],"wp:attachment":[{"href":"https:\/\/analyse.optim.biz\/index.php?rest_route=%2Fwp%2Fv2%2Fmedia&parent=2058781"}],"wp:term":[{"taxonomy":"category","embeddable":true,"href":"https:\/\/analyse.optim.biz\/index.php?rest_route=%2Fwp%2Fv2%2Fcategories&post=2058781"},{"taxonomy":"post_tag","embeddable":true,"href":"https:\/\/analyse.optim.biz\/index.php?rest_route=%2Fwp%2Fv2%2Ftags&post=2058781"}],"curies":[{"name":"wp","href":"https:\/\/api.w.org\/{rel}","templated":true}]}}