{"id":2058778,"date":"2026-07-23T16:07:40","date_gmt":"2026-07-23T13:07:40","guid":{"rendered":"https:\/\/analyse.optim.biz\/?p=2058778"},"modified":"2026-07-23T16:07:40","modified_gmt":"2026-07-23T13:07:40","slug":"vernisajul-expozitiei-judetul-timis-timisoara-traditie-inovatie-si-oportunitati-la-bruxelles","status":"publish","type":"post","link":"https:\/\/analyse.optim.biz\/?p=2058778","title":{"rendered":"Vernisajul expozi\u021biei \u2018Jude\u021bul Timi\u0219. Timi\u0219oara \u2013 tradi\u021bie, inova\u021bie \u0219i oportunit\u0103\u021bi\u2019, la Bruxelles"},"content":{"rendered":"<p>[analyse_image type=&#8221;featured&#8221; src=&#8221;https:\/\/www.opiniatimisoarei.ro\/wp-content\/uploads\/2026\/07\/visit-timis-colaj-728&#215;336.jpghttps:\/\/www.opiniatimisoarei.ro\/wp-content\/uploads\/2026\/07\/visit-timis-colaj.jpg&#8221;]<\/p>\n<div class=\"the_content\">\n<p class=\"normal\"><span lang=\"EN\"><strong>TIMI\u0218OARA<\/strong>. Luni, 20 iulie, la Bruxelles, a avut loc vernisajul expozi\u021biei <b>\u201eJude\u021bul Timi\u0219. Timi\u0219oara \u2013 tradi\u021bie, inova\u021bie \u0219i oportunit\u0103\u021bi\u201d<\/b>, eveniment organizat de Ambasada Rom\u00e2niei \u00een Regatul Belgiei, Consiliul Jude\u021bean Timi\u0219, Visit Timi\u0219 \u0219i Visit Timi\u0219oara.<\/span><\/p>\n<p class=\"normal\"><span lang=\"EN\">Conferin\u021ba a fost deschis\u0103 de Excelen\u021ba Sa, doamna ambasador <b>Andreea P\u0103st\u00e2rnac<\/b>, care a subliniat importan\u021ba acestui demers de promovare a jude\u021bului Timi\u0219 \u00een context european.<\/span><\/p>\n<p class=\"normal\"><span lang=\"EN\">Din partea Consiliului Jude\u021bean Timi\u0219 au fost prezente <b>Gabriela Popovici<\/b>, iar Visit Timi\u0219 a fost reprezentat de <b>Sorina Ciurlea<\/b>, director adjunct, \u0219i de <b>Andrei Manea<\/b>, director de comunicare. Din partea Visit Timi\u0219oara a participat <b>Maria Vulcan<\/b>, expert proiecte europene, iar din partea <b>USV \u201eRegele Mihai I al Rom\u00e2niei\u201d Timi\u0219oara<\/b> a fost prezent domnul prorector <b>Dorin Camen<\/b>.<\/span><\/p>\n<p class=\"normal\"><span lang=\"EN\">Un moment deosebit al evenimentului l-a constituit componenta gastronomic\u0103, prin care invita\u021bii au descoperit bucate alese \u0219i re\u021bete tradi\u021bionale din Banat, \u00eentr-un demers care sus\u021bine parcursul regiunii c\u0103tre ob\u021binerea titlului de <b>Regiune Gastronomic\u0103 European\u0103 2028<\/b>.<\/span><\/p>\n<p class=\"normal\"><span lang=\"EN\">La eveniment au fost prezen\u021bi \u0219i reprezentan\u021bii <b>HORETIM<\/b>, asocia\u021bie ini\u021biatoare a proiectului <b>Regiune Gastronomic\u0103 European\u0103<\/b> \u0219i <b>Produs \u00een Banat<\/b>, parteneri de \u00eencredere \u00een promovarea identit\u0103\u021bii \u0219i valorilor b\u0103n\u0103\u021bene.<\/span><\/p>\n<p class=\"normal\"><span lang=\"EN\">Mul\u021bumiri partenerilor <b>Timi\u0219oreana<\/b>, <b>HORETIM<\/b>, <b>Produs \u00een Banat<\/b>, <b>Petro Vaselo Winery<\/b> \u0219i <b>PERENA<\/b> pentru sprijinul acordat acestui demers de promovare a jude\u021bului Timi\u0219.<\/span><\/p>\n<div id=\"gallery-1\" class=\"gallery optm-gallery galleryid-883632\">\n<div class=\"optm-galcont\"><a href=\"https:\/\/www.opiniatimisoarei.ro\/wp-content\/uploads\/2026\/07\/visit-Timis-1.jpg\"><img decoding=\"async\" src=\"https:\/\/www.opiniatimisoarei.ro\/wp-content\/uploads\/2026\/07\/visit-Timis-1-300x139.jpg\"><\/a><a href=\"https:\/\/www.opiniatimisoarei.ro\/wp-content\/uploads\/2026\/07\/visit-Timis-2.jpg\"><img decoding=\"async\" src=\"https:\/\/www.opiniatimisoarei.ro\/wp-content\/uploads\/2026\/07\/visit-Timis-2-300x139.jpg\"><\/a><a href=\"https:\/\/www.opiniatimisoarei.ro\/wp-content\/uploads\/2026\/07\/visit-Timis-3.jpg\"><img decoding=\"async\" src=\"https:\/\/www.opiniatimisoarei.ro\/wp-content\/uploads\/2026\/07\/visit-Timis-3-300x139.jpg\"><\/a><a href=\"https:\/\/www.opiniatimisoarei.ro\/wp-content\/uploads\/2026\/07\/visit-Timis-4.jpg\"><img decoding=\"async\" src=\"https:\/\/www.opiniatimisoarei.ro\/wp-content\/uploads\/2026\/07\/visit-Timis-4-300x139.jpg\"><\/a><a href=\"https:\/\/www.opiniatimisoarei.ro\/wp-content\/uploads\/2026\/07\/visit-Timis-5.jpg\"><img decoding=\"async\" src=\"https:\/\/www.opiniatimisoarei.ro\/wp-content\/uploads\/2026\/07\/visit-Timis-5-300x139.jpg\"><\/a><a href=\"https:\/\/www.opiniatimisoarei.ro\/wp-content\/uploads\/2026\/07\/visit-Timis-6.jpg\"><img decoding=\"async\" src=\"https:\/\/www.opiniatimisoarei.ro\/wp-content\/uploads\/2026\/07\/visit-Timis-6-300x139.jpg\"><\/a><a href=\"https:\/\/www.opiniatimisoarei.ro\/wp-content\/uploads\/2026\/07\/visit-Timis-7.jpg\"><img decoding=\"async\" src=\"https:\/\/www.opiniatimisoarei.ro\/wp-content\/uploads\/2026\/07\/visit-Timis-7-300x139.jpg\"><\/a><a href=\"https:\/\/www.opiniatimisoarei.ro\/wp-content\/uploads\/2026\/07\/visit-Timis-8.jpg\"><img decoding=\"async\" src=\"https:\/\/www.opiniatimisoarei.ro\/wp-content\/uploads\/2026\/07\/visit-Timis-8-300x139.jpg\"><\/a><\/div>\n<\/div>\n<p>***<\/p>\n<p><strong><span class=\"dia_suggestion w0\">Mai<\/span><span class=\"dia_suggestion w1\">multe<\/span><span class=\"dia_suggestion w2\">g\u0103si\u021bi<\/span> pe <span class=\"dia_suggestion w4\">pagina noastr<span class=\"dia_suggestion w0\">\u0103<\/span><\/span>\u00a0de <a href=\"https:\/\/www.facebook.com\/OpiniaTM\/?ref=page_internal\" target=\"_blank\" rel=\"noopener\">Facebook opiniatimisoarei.ro<\/a>!<\/strong><\/p>\n<p><strong><span class=\"dia_suggestion w0\">Dac\u0103<\/span><span class=\"dia_suggestion w1\">a\u021bi<\/span> fost martorii unui eveniment <span class=\"dia_suggestion w6\">sau<\/span><span class=\"dia_suggestion w7\">ai<\/span> unei <span class=\"dia_suggestion w9\">situa\u021bii<\/span><span class=\"dia_suggestion w10\">neobi\u0219nuite<\/span><span class=\"dia_suggestion w11\">care<\/span> ar <span class=\"dia_suggestion w13\">putea<\/span> deveni subiect de <span class=\"dia_suggestion w17\">\u0219tire<\/span>, <span class=\"dia_suggestion w18\">contacta\u021bi<\/span>-ne <span class=\"dia_suggestion w20\">la<\/span><span><a href=\"https:\/\/www.opiniatimisoarei.ro\/cdn-cgi\/l\/email-protection\" class=\"__cf_email__\" data-cfemail=\"1f6d7a7b7e7c6b767a5f706f7671767e6b7672766c707e6d7a76316d70\">[email\u00a0protected]<\/a>,<\/span>\u00a0 pe <a href=\"https:\/\/www.facebook.com\/OpiniaTM\">FB<\/a><span>sau pe contul nostru de<\/span><a href=\"https:\/\/www.instagram.com\/opiniatimisoarei.ro\/\" target=\"_blank\" rel=\"noopener\">Instagram<\/a>!<\/strong><\/p>\n<p><strong><span>CITE\u0218TE \u0218I<\/span>: <a href=\"https:\/\/www.opiniatimisoarei.ro\/afli-primul-tot-ceea-ce-se-intampla-cu-adevarat-important-in-timisoara-si-in-regiune-cu-aplicatia-de-stiri-opinia-timisoarei-3-tipuri-de-alerte-te-tin-mereu-conectat-la-evenimente-descarca-gratuit-a\/31\/10\/2022\">Afli primul tot ceea ce se intampla cu adevarat important in Timisoara si in regiune cu Aplicatia de stiri Opinia Timisoarei. 3 tipuri de alerte te tin mereu conectat la evenimente. Descarca gratuit Aplicatia OT aici!<\/a><\/strong><\/p>\n<\/div>\n<p>[analyse_source url=&#8221;https:\/\/www.opiniatimisoarei.ro\/vernisajul-expozitiei-judetul-timis-timisoara-traditie-inovatie-si-oportunitati-la-bruxelles\/23\/07\/2026&#8243;]<\/p>\n","protected":false},"excerpt":{"rendered":"<p>[analyse_image type=&#8221;featured&#8221; src=&#8221;https:\/\/www.opiniatimisoarei.ro\/wp-content\/uploads\/2026\/07\/visit-timis-colaj-728&#215;336.jpghttps:\/\/www.opiniatimisoarei.ro\/wp-content\/uploads\/2026\/07\/visit-timis-colaj.jpg&#8221;] TIMI\u0218OARA. Luni, 20 iulie, la Bruxelles, a avut loc vernisajul expozi\u021biei \u201eJude\u021bul Timi\u0219. Timi\u0219oara \u2013 tradi\u021bie, inova\u021bie \u0219i oportunit\u0103\u021bi\u201d, eveniment organizat de Ambasada Rom\u00e2niei \u00een Regatul Belgiei, Consiliul Jude\u021bean Timi\u0219, Visit Timi\u0219 \u0219i Visit Timi\u0219oara. Conferin\u021ba a fost deschis\u0103 de Excelen\u021ba Sa, doamna ambasador Andreea P\u0103st\u00e2rnac, care a subliniat importan\u021ba acestui demers [&hellip;]<\/p>\n","protected":false},"author":1,"featured_media":0,"comment_status":"open","ping_status":"","sticky":false,"template":"","format":"standard","meta":{"footnotes":""},"categories":[89],"tags":[226,190],"class_list":["post-2058778","post","type-post","status-publish","format-standard","hentry","category-romania","tag-crawlmanager","tag-opiniatimisoarei-ro"],"_links":{"self":[{"href":"https:\/\/analyse.optim.biz\/index.php?rest_route=\/wp\/v2\/posts\/2058778","targetHints":{"allow":["GET"]}}],"collection":[{"href":"https:\/\/analyse.optim.biz\/index.php?rest_route=\/wp\/v2\/posts"}],"about":[{"href":"https:\/\/analyse.optim.biz\/index.php?rest_route=\/wp\/v2\/types\/post"}],"author":[{"embeddable":true,"href":"https:\/\/analyse.optim.biz\/index.php?rest_route=\/wp\/v2\/users\/1"}],"replies":[{"embeddable":true,"href":"https:\/\/analyse.optim.biz\/index.php?rest_route=%2Fwp%2Fv2%2Fcomments&post=2058778"}],"version-history":[{"count":0,"href":"https:\/\/analyse.optim.biz\/index.php?rest_route=\/wp\/v2\/posts\/2058778\/revisions"}],"wp:attachment":[{"href":"https:\/\/analyse.optim.biz\/index.php?rest_route=%2Fwp%2Fv2%2Fmedia&parent=2058778"}],"wp:term":[{"taxonomy":"category","embeddable":true,"href":"https:\/\/analyse.optim.biz\/index.php?rest_route=%2Fwp%2Fv2%2Fcategories&post=2058778"},{"taxonomy":"post_tag","embeddable":true,"href":"https:\/\/analyse.optim.biz\/index.php?rest_route=%2Fwp%2Fv2%2Ftags&post=2058778"}],"curies":[{"name":"wp","href":"https:\/\/api.w.org\/{rel}","templated":true}]}}