{"id":2058776,"date":"2026-07-21T05:18:30","date_gmt":"2026-07-21T02:18:30","guid":{"rendered":"https:\/\/analyse.optim.biz\/?p=2058776"},"modified":"2026-07-21T05:18:30","modified_gmt":"2026-07-21T02:18:30","slug":"operatiune-in-forta-au-fost-capturati-membrii-clanului-cirpaci-din-timisoara-care-au-tinut-un-roman-in-sclavie-si-l-au-fortat-sa-doneze-un-rinichi-au-fost-arestati-video","status":"publish","type":"post","link":"https:\/\/analyse.optim.biz\/?p=2058776","title":{"rendered":"Opera\u021biune \u00een for\u021b\u0103. Au fost captura\u021bi membrii clanului C\u00eerpaci din Timi\u0219oara care au \u021binut un rom\u00e2n \u00een sclavie \u0219i l-au for\u021bat s\u0103 \u2018doneze\u2019 un rinichi. Au fost aresta\u021bi VIDEO"},"content":{"rendered":"<p>[analyse_image type=&#8221;featured&#8221; src=&#8221;https:\/\/www.opiniatimisoarei.ro\/wp-content\/uploads\/2026\/07\/cirpaci-2-728&#215;336.jpghttps:\/\/www.opiniatimisoarei.ro\/wp-content\/uploads\/2026\/07\/cirpaci-2.jpg&#8221;]<\/p>\n<div class=\"the_content\">\n<p><strong>TIMI\u0218OARA<\/strong>. Ac\u021biune \u00een for\u021b\u0103, mar\u021bi diminea\u021b\u0103 a ofiterilor de la Serviciul de Investiga\u021bii Criminale \u0219i de la Biroul de Opera\u021biuni Speciale din IPJ Timis.<\/p>\n<p><strong><span>CITE\u0218TE \u0218I:<\/span><a href=\"https:\/\/www.opiniatimisoarei.ro\/se-cauta-constructorul-care-sa-finalizeze-sala-polivalenta-mica-de-la-timisoara-la-16-ani-de-la-inceperea-lucrarilor-licitatie-de-peste-8-milioane-de-euro\/20\/07\/2026\">Se caut\u0103 constructorul care s\u0103 finalizeze Sala Polivalent\u0103 Mic\u0103 de la Timi\u0219oara, la 16 ani de la \u00eenceperea lucr\u0103rilor. Licita\u021bie de peste 8 milioane de euro<\/a><\/strong><\/p>\n<p>Doi membri ai clanului C\u00eerpaci, c\u0103uta\u021bi de poli\u021bi\u0219tii din Rom\u00e2nia \u0219i Germania pentru sclavie \u0219i trafic de organe, au fost captura\u021bi de oamenii legii. Cei doi au fost ridica\u021bi \u00een urma unei opera\u021biuni desf\u0103\u0219urate la Caransebe\u0219.<\/p>\n<iframe loading=\"lazy\" title=\"Au fost captura\u021bi C\u00eerpacii din Timi\u0219oara care au for\u021bat  un rom\u00e2n s\u0103 'doneze' un rinichi\" width=\"326\" height=\"580\" src=\"https:\/\/www.youtube.com\/embed\/HPz6SsQcRV8?feature=oembed&amp;wmode=opaque&amp;rel=0\" frameborder allow=\"accelerometer; autoplay; clipboard-write; encrypted-media; gyroscope; picture-in-picture; web-share\" referrerpolicy=\"strict-origin-when-cross-origin\" allowfullscreen><\/iframe>\n<p>Gradu C\u00eerpaci, zis \u0219i \u2018Ministrul de Finan\u021be\u2019, \u0219i so\u021bia lui au fost acuza\u021bi de autorit\u0103\u021bile din Germania de s\u0103v\u00e2r\u0219irea mai multor infrac\u021biuni extrem de grave. Cei doi so\u021bi fac parte dintr-unul dintre cele mai cunoscute clanuri din Timi\u0219oara, ai c\u0103rui membri de\u021bin mai multe vile \u00een zona central\u0103 a ora\u0219ului.<\/p>\n<p>Pe c\u00e2nd se aflau la locuin\u021ba lor din M\u00fcnchen, Gradu C\u00eerpaci \u0219i so\u021bia lui l-au cazat pe un b\u0103rbat adus din Rom\u00e2nia \u00eentr-un apartament, i-au luat pa\u0219aportul \u0219i buletinul \u0219i l-au izolat de familia lui r\u0103mas\u0103 \u00een \u021bar\u0103. Apoi, l-au pus s\u0103 lucreze pentru ei \u0219i l-au constr\u00e2ns s\u0103 semneze mai multe contracte. Ulterior, l-au amenin\u021bat c\u0103 \u00eei vor ucide rudele din Rom\u00e2nia, dac\u0103 nu accept\u0103 s\u0103 \u00eei doneze un rinichi lui Gradu C\u00eerpaci, care suferea de o boal\u0103 renal\u0103.<\/p>\n<p>Donatorul urm\u0103 s\u0103 primeasc\u0103 15.000 de euro \u0219i un apartament \u00een Timi\u0219oara. Opera\u021bia a avut loc \u00eentr-un spital din Freiburg, Germania. Dup\u0103 transplant, b\u0103rbatul nu a mai primit nimic. Mai mult, ar fi r\u0103mas sclavul familiei C\u00eerpaci.<\/p>\n<p><span><strong><span class=\"dia_suggestion w0\">Dup\u0103<\/span> ce au fost <span class=\"dia_suggestion w4\">ridica\u021bi<\/span> de <span class=\"dia_suggestion w6\">poli\u021bi\u0219ti<\/span><span class=\"dia_suggestion w7\">din<\/span><span class=\"dia_suggestion w8\">Caransebe\u0219<\/span>, <span class=\"dia_suggestion w9\">mar\u021bi<\/span>, au <span class=\"dia_suggestion w11\">ajuns<\/span><span class=\"dia_suggestion w12\">\u00een<\/span><span class=\"dia_suggestion w13\">fa\u021ba<\/span>\u00a0<span class=\"dia_suggestion w14\">judec\u0103torilor<\/span> de <span class=\"dia_suggestion w16\">la<\/span><span class=\"dia_suggestion w17\">Curtea<\/span> de Apel <span class=\"dia_suggestion w20\">Timi\u0219oara pentru confirmarea mandatului european de arestare<\/span><\/strong><\/span><\/p>\n<iframe loading=\"lazy\" title=\"\u2018Minciuni! Nu-i adev\u0103rat\u2019. Membrii clanului C\u00eerpaci din Timi\u0219oara du\u0219i \u00een fa\u021ba judec\u0103torilor\" width=\"728\" height=\"410\" src=\"https:\/\/www.youtube.com\/embed\/zxrs4f40Nf4?feature=oembed&amp;wmode=opaque&amp;rel=0\" frameborder allow=\"accelerometer; autoplay; clipboard-write; encrypted-media; gyroscope; picture-in-picture; web-share\" referrerpolicy=\"strict-origin-when-cross-origin\" allowfullscreen><\/iframe>\n<p>VIDEO: Darius Rogojinaru<\/p>\n<p>V\u0103 reamintim, in luna martie a acestui an, <a href=\"https:\/\/www.opiniatimisoarei.ro\/cirpaci-calcati-de-mascati-la-timisoara-sub-amenintari-cu-moartea-au-fortat-un-barbat-sa-le-doneze-un-rinichi-perchezitii-diicot-video\/12\/03\/2026\"><strong>poli\u021bi\u0219tii din Germania, \u00eempreun\u0103 cu procurorii DIICOT Timi\u0219oara, au descins la vila familiei C\u00eerpaci,<\/strong><\/a> de unde au ridicat mai multe contracte de v\u00e2nzare-cump\u0103rare, asigur\u0103ri, acte medicale, calculatoare \u0219i telefoane.<\/p>\n<iframe loading=\"lazy\" title=\"C\u00eerpaci, c\u0103lca\u021bi de masca\u021bi la Timi\u0219oara. Perchezi\u021bii DIICOT\" width=\"728\" height=\"410\" src=\"https:\/\/www.youtube.com\/embed\/NhF45QoR-MY?feature=oembed&amp;wmode=opaque&amp;rel=0\" frameborder allow=\"accelerometer; autoplay; clipboard-write; encrypted-media; gyroscope; picture-in-picture; web-share\" referrerpolicy=\"strict-origin-when-cross-origin\" allowfullscreen><\/iframe>\n<iframe loading=\"lazy\" title=\"C\u00eerpaci, c\u0103lca\u021bi de masca\u021bi la Timi\u0219oara. Perchezi\u021bii DIICOT\" width=\"728\" height=\"410\" src=\"https:\/\/www.youtube.com\/embed\/XLYrkDVSKUU?feature=oembed&amp;wmode=opaque&amp;rel=0\" frameborder allow=\"accelerometer; autoplay; clipboard-write; encrypted-media; gyroscope; picture-in-picture; web-share\" referrerpolicy=\"strict-origin-when-cross-origin\" allowfullscreen><\/iframe>\n<p>Pe numele celor doi a fost emis un mandat european de arestare pentru trafic de persoane \u00een scopul prelev\u0103rii de organe, v\u0103t\u0103mare corporal\u0103, constr\u00e2ngere, amenin\u021bare \u0219i \u00een\u0219el\u0103ciune.<\/p>\n<p>***<\/p>\n<p><strong><span class=\"dia_suggestion w0\">Mai<\/span><span class=\"dia_suggestion w1\">multe<\/span><span class=\"dia_suggestion w2\">g\u0103si\u021bi<\/span> pe <span class=\"dia_suggestion w4\">pagina noastr<span class=\"dia_suggestion w0\">\u0103<\/span><\/span>\u00a0de <a href=\"https:\/\/www.facebook.com\/OpiniaTM\/?ref=page_internal\" target=\"_blank\" rel=\"noopener\">Facebook opiniatimisoarei.ro<\/a>!<\/strong><\/p>\n<p><strong><span class=\"dia_suggestion w0\">Dac\u0103<\/span><span class=\"dia_suggestion w1\">a\u021bi<\/span> fost martorii unui eveniment <span class=\"dia_suggestion w6\">sau<\/span><span class=\"dia_suggestion w7\">ai<\/span> unei <span class=\"dia_suggestion w9\">situa\u021bii<\/span><span class=\"dia_suggestion w10\">neobi\u0219nuite<\/span><span class=\"dia_suggestion w11\">care<\/span> ar <span class=\"dia_suggestion w13\">putea<\/span> deveni subiect de <span class=\"dia_suggestion w17\">\u0219tire<\/span>, <span class=\"dia_suggestion w18\">contacta\u021bi<\/span>-ne <span class=\"dia_suggestion w20\">la<\/span><span><a href=\"https:\/\/www.opiniatimisoarei.ro\/cdn-cgi\/l\/email-protection\" class=\"__cf_email__\" data-cfemail=\"dcaeb9b8bdbfa8b5b99cb3acb5b2b5bda8b5b1b5afb3bdaeb9b5f2aeb3\">[email\u00a0protected]<\/a>,<\/span>\u00a0 pe <a href=\"https:\/\/www.facebook.com\/OpiniaTM\">FB<\/a><span>sau pe contul nostru de<\/span><a href=\"https:\/\/www.instagram.com\/opiniatimisoarei.ro\/\" target=\"_blank\" rel=\"noopener\">Instagram<\/a>!<\/strong><\/p>\n<p><strong><span>CITE\u0218TE \u0218I<\/span>: <a href=\"https:\/\/www.opiniatimisoarei.ro\/afli-primul-tot-ceea-ce-se-intampla-cu-adevarat-important-in-timisoara-si-in-regiune-cu-aplicatia-de-stiri-opinia-timisoarei-3-tipuri-de-alerte-te-tin-mereu-conectat-la-evenimente-descarca-gratuit-a\/31\/10\/2022\">Afli primul tot ceea ce se intampla cu adevarat important in Timisoara si in regiune cu Aplicatia de stiri Opinia Timisoarei. 3 tipuri de alerte te tin mereu conectat la evenimente. Descarca gratuit Aplicatia OT aici!<\/a><\/strong><\/p>\n<\/div>\n<p>[analyse_source url=&#8221;https:\/\/www.opiniatimisoarei.ro\/operatiune-in-forta-au-fost-capturati-membrii-clanului-cirpaci-din-timisoara-care-au-tinut-un-roman-in-sclavie-si-l-au-fortat-sa-doneze-un-rinichi-au-fost-arestati-video\/21\/07\/2026&#8243;]<\/p>\n","protected":false},"excerpt":{"rendered":"<p>[analyse_image type=&#8221;featured&#8221; src=&#8221;https:\/\/www.opiniatimisoarei.ro\/wp-content\/uploads\/2026\/07\/cirpaci-2-728&#215;336.jpghttps:\/\/www.opiniatimisoarei.ro\/wp-content\/uploads\/2026\/07\/cirpaci-2.jpg&#8221;] TIMI\u0218OARA. Ac\u021biune \u00een for\u021b\u0103, mar\u021bi diminea\u021b\u0103 a ofiterilor de la Serviciul de Investiga\u021bii Criminale \u0219i de la Biroul de Opera\u021biuni Speciale din IPJ Timis. CITE\u0218TE \u0218I:Se caut\u0103 constructorul care s\u0103 finalizeze Sala Polivalent\u0103 Mic\u0103 de la Timi\u0219oara, la 16 ani de la \u00eenceperea lucr\u0103rilor. Licita\u021bie de peste 8 milioane de euro Doi [&hellip;]<\/p>\n","protected":false},"author":1,"featured_media":0,"comment_status":"open","ping_status":"","sticky":false,"template":"","format":"standard","meta":{"footnotes":""},"categories":[89],"tags":[226,190],"class_list":["post-2058776","post","type-post","status-publish","format-standard","hentry","category-romania","tag-crawlmanager","tag-opiniatimisoarei-ro"],"_links":{"self":[{"href":"https:\/\/analyse.optim.biz\/index.php?rest_route=\/wp\/v2\/posts\/2058776","targetHints":{"allow":["GET"]}}],"collection":[{"href":"https:\/\/analyse.optim.biz\/index.php?rest_route=\/wp\/v2\/posts"}],"about":[{"href":"https:\/\/analyse.optim.biz\/index.php?rest_route=\/wp\/v2\/types\/post"}],"author":[{"embeddable":true,"href":"https:\/\/analyse.optim.biz\/index.php?rest_route=\/wp\/v2\/users\/1"}],"replies":[{"embeddable":true,"href":"https:\/\/analyse.optim.biz\/index.php?rest_route=%2Fwp%2Fv2%2Fcomments&post=2058776"}],"version-history":[{"count":0,"href":"https:\/\/analyse.optim.biz\/index.php?rest_route=\/wp\/v2\/posts\/2058776\/revisions"}],"wp:attachment":[{"href":"https:\/\/analyse.optim.biz\/index.php?rest_route=%2Fwp%2Fv2%2Fmedia&parent=2058776"}],"wp:term":[{"taxonomy":"category","embeddable":true,"href":"https:\/\/analyse.optim.biz\/index.php?rest_route=%2Fwp%2Fv2%2Fcategories&post=2058776"},{"taxonomy":"post_tag","embeddable":true,"href":"https:\/\/analyse.optim.biz\/index.php?rest_route=%2Fwp%2Fv2%2Ftags&post=2058776"}],"curies":[{"name":"wp","href":"https:\/\/api.w.org\/{rel}","templated":true}]}}