{"id":2058772,"date":"2026-07-21T05:41:32","date_gmt":"2026-07-21T02:41:32","guid":{"rendered":"https:\/\/analyse.optim.biz\/?p=2058772"},"modified":"2026-07-21T05:41:32","modified_gmt":"2026-07-21T02:41:32","slug":"primaria-timisoara-o-noua-runda-de-achizitii-pe-piata-imobiliara-vrea-sa-cumpere-cladiri-de-aproape-13-milioane-euro","status":"publish","type":"post","link":"https:\/\/analyse.optim.biz\/?p=2058772","title":{"rendered":"Prim\u0103ria Timi\u0219oara, o nou\u0103 rund\u0103 de achizi\u021bii pe pia\u021ba imobiliar\u0103. Vrea s\u0103 cumpere cl\u0103diri de aproape 1,3 milioane euro"},"content":{"rendered":"<p>[analyse_image type=&#8221;featured&#8221; src=&#8221;https:\/\/www.opiniatimisoarei.ro\/wp-content\/uploads\/2024\/04\/parvan-trafic-masini-de-sus-728&#215;336.jpghttps:\/\/www.opiniatimisoarei.ro\/wp-content\/uploads\/2024\/04\/parvan-trafic-masini-de-sus.jpg&#8221;]<\/p>\n<div class=\"the_content\">\n<p><strong><span class=\"dia_suggestion w18\">TIMI\u0218OARA<\/span><\/strong>. <span class=\"dia_suggestion w19\">\u00cenc\u0103<\/span> de acum doi ani, Dominic Fritz <span class=\"dia_suggestion w26\">spunea<\/span><span class=\"dia_suggestion w27\">c\u0103<\/span><span class=\"dia_suggestion w28\">prim\u0103ria<\/span> trebuie <span class=\"dia_suggestion w11\">s\u0103<\/span> fie \u201eun <span class=\"dia_suggestion w33\">juc\u0103tor<\/span> activ pe <span class=\"dia_suggestion w8\">pia\u021ba<\/span>\u00a0<span class=\"dia_suggestion w9\">imobiliar\u0103<\/span>\u201e. De atunci, municipalitatea a <span class=\"dia_suggestion w42\">f\u0103cut<\/span><span class=\"dia_suggestion w43\"><span class=\"dia_suggestion w110\">deja<\/span><\/span> o serie de <span class=\"dia_suggestion w6\">achizi\u021bii<\/span>, <span class=\"dia_suggestion w48\">\u00eens\u0103<\/span> niciuna <span class=\"dia_suggestion w50\"><span class=\"dia_suggestion w124\">dintre<\/span><\/span><span class=\"dia_suggestion w51\">cl\u0103dirile<\/span><span class=\"dia_suggestion w52\">cump\u0103rate<\/span><span class=\"dia_suggestion w53\">\u00eenc\u0103<\/span> nu a <span class=\"dia_suggestion w56\">ajuns<\/span><span class=\"dia_suggestion w30\">s\u0103<\/span><span class=\"dia_suggestion w58\">ad\u0103posteasc\u0103<\/span> vreo <span class=\"dia_suggestion w60\">institu\u021bie<\/span>,\u00a0<span class=\"dia_suggestion w66\">dup\u0103<\/span> cum erau planurile <span class=\"dia_suggestion w70\">ini\u021biale<\/span>.<\/p>\n<p><strong><span>CITE\u0218TE \u0218I:<\/span><a href=\"https:\/\/www.opiniatimisoarei.ro\/cu-finantarea-de-2-milioane-de-euro-pierduta-si-lucrari-intarziate-cu-anii-primaria-timisoara-anunta-deschiderea-turnului-de-apa-din-iosefin-cand-e-programata-inaugurarea\/20\/07\/2026\">Cu finan\u021barea de 2 milioane de euro pierdut\u0103 \u0219i lucr\u0103ri \u00eent\u00e2rziate cu anii, Prim\u0103ria Timi\u0219oara anun\u021b\u0103 deschiderea Turnului de Ap\u0103 din Iosefin. C\u00e2nd e programat\u0103 inaugurarea<\/a><\/strong><\/p>\n<p>Acum, <span class=\"dia_suggestion w72\">administra\u021bia<\/span> Fritz vrea <span class=\"dia_suggestion w11\">s\u0103<\/span><span class=\"dia_suggestion w76\">investeasc\u0103<\/span><span class=\"dia_suggestion w77\">\u00een<\/span> alte 3 imobile, unul <span class=\"dia_suggestion w81\">care<\/span><span class=\"dia_suggestion w30\">s\u0103<\/span><span class=\"dia_suggestion w83\">fie<\/span><span class=\"dia_suggestion w84\">cantin\u0103<\/span><span class=\"dia_suggestion w85\">\u0219colar\u0103<\/span>, un altul hospice, iar <span class=\"dia_suggestion w90\">\u00een<\/span><span class=\"dia_suggestion w91\">al<\/span> treilea caz <span class=\"dia_suggestion w57\">s\u0103<\/span><span class=\"dia_suggestion w95\">devin\u0103<\/span><span class=\"dia_suggestion w96\"><span class=\"dia_suggestion w176\"><span class=\"dia_suggestion w266\">zona<\/span><\/span><\/span> de agrement pe <span class=\"dia_suggestion w100\"><span class=\"dia_suggestion w271\">malul<\/span><\/span> canalului Bega.<\/p>\n<p>Cele 3 obiective <span class=\"dia_suggestion w105\">\u00eensumeaz\u0103<\/span> aproape 1,3 milioane euro, <span class=\"dia_suggestion w109\">pre\u021buri<\/span><span class=\"dia_suggestion w43\"><span class=\"dia_suggestion w110\">deja<\/span><\/span> agreate cu proprietarii de <span class=\"dia_suggestion w115\">c\u0103tre<\/span><span class=\"dia_suggestion w116\">comisiile<\/span> de negociere ale <span class=\"dia_suggestion w120\">prim\u0103riei<\/span>.<\/p>\n<p><span class=\"dia_suggestion w121\">Cea<\/span><span class=\"dia_suggestion w122\"><span class=\"dia_suggestion w178\"><span class=\"dia_suggestion w245\">mai<\/span><\/span><\/span><span class=\"dia_suggestion w123\">scump\u0103<\/span><span class=\"dia_suggestion w50\"><span class=\"dia_suggestion w124\">dintre<\/span><\/span><span class=\"dia_suggestion w51\">cl\u0103dirile<\/span> vizate este pe bulevardul 16 Decembrie 1989 <span class=\"dia_suggestion w131\"><span class=\"dia_suggestion w150\"><span class=\"dia_suggestion w168\"><span class=\"dia_suggestion w172\"><span class=\"dia_suggestion w301\">la<\/span><\/span><\/span><\/span><\/span> nr. 30, <span class=\"dia_suggestion w77\">\u00een<\/span><span class=\"dia_suggestion w134\">vecin\u0103tatea<\/span> Colegiului <span class=\"dia_suggestion w136\">Na\u021bional<\/span><span class=\"dia_suggestion w137\">B\u0103n\u0103\u021bean<\/span>. Este <span class=\"dia_suggestion w139\">vorba<\/span> despre un imobil de <span class=\"dia_suggestion w144\">peste<\/span> 1.000 mp apartin<span class=\"dia_suggestion w190\">\u00e2<\/span>nd Ordinului <span class=\"dia_suggestion w148\">C\u0103lug\u0103ri\u021belor<\/span> de la Notre Dame. Ar <span class=\"dia_suggestion w154\">costa<\/span>\u00a0690.000 de euro <span class=\"dia_suggestion w157\">\u0219i<\/span> ar <span class=\"dia_suggestion w159\">urma<\/span>\u00a0<span class=\"dia_suggestion w11\">s\u0103<\/span><span class=\"dia_suggestion w83\">devin\u0103<\/span><span class=\"dia_suggestion w84\">cantin\u0103<\/span><span class=\"dia_suggestion w85\">\u0219colar\u0103<\/span>, <span class=\"dia_suggestion w30\">s\u0103<\/span><span class=\"dia_suggestion w165\">deserveasc\u0103<\/span> elevii de la CNB <span class=\"dia_suggestion w170\">\u0219i<\/span> de la celelalte licee <span class=\"dia_suggestion w175\">din<\/span><span class=\"dia_suggestion w96\"><span class=\"dia_suggestion w176\"><span class=\"dia_suggestion w266\">zon<span class=\"dia_suggestion w154\">\u0103<\/span><\/span><\/span><\/span>. Proiectul de <span class=\"dia_suggestion w2\">hot\u0103r\u00e2re poate fi consultat <a href=\"https:\/\/www.primariatm.ro\/proiecte-hcl\/cd5f1c06-69fc-4d8b-b5e5-6f0bfdc4da95\"><strong>AICI<\/strong><\/a>.<\/span><\/p>\n<p><span class=\"dia_suggestion w0\">Prim\u0103ria<\/span><span class=\"dia_suggestion w122\"><span class=\"dia_suggestion w178\"><span class=\"dia_suggestion w245\">mai<\/span><\/span><\/span> vrea <span class=\"dia_suggestion w180\">dou\u0103<\/span><span class=\"dia_suggestion w13\">cl\u0103diri<\/span><span class=\"dia_suggestion w157\">\u0219i<\/span> un teren de <span class=\"dia_suggestion w186\">l\u00e2ng\u0103<\/span><span class=\"dia_suggestion w187\">C\u0103minul<\/span> pentru Persoane <span class=\"dia_suggestion w190\">V\u00e2rstnice<\/span><span class=\"dia_suggestion w191\">Inocen\u021biu<\/span> Micu Klein, <span class=\"dia_suggestion w194\">propriet\u0103\u021bi<\/span> ale Arhiepiscopiei <span class=\"dia_suggestion w197\">Timi\u0219oarei<\/span>. <span class=\"dia_suggestion w198\">\u00cen<\/span> aceste imobile, municipalitatea ar vrea <span class=\"dia_suggestion w11\">s\u0103<\/span><span class=\"dia_suggestion w205\">extind\u0103<\/span> servicii sociale, un centru pentru persoane vulnerabile, respectiv o <span class=\"dia_suggestion w216\">sec\u021bie<\/span> de paliatie. <span class=\"dia_suggestion w219\">Pre\u021bul<\/span> este de 330.000 de euro. Proiectul de <span class=\"dia_suggestion w2\">hot\u0103r\u00e2re <\/span>poate fi consultat <a href=\"https:\/\/www.primariatm.ro\/proiecte-hcl\/2311e2b3-dc99-4522-9725-0e369cc35a94\"><strong>AICI<\/strong><\/a>.<\/p>\n<p>A treia <span class=\"dia_suggestion w226\">achizi\u021bie<\/span> are <span class=\"dia_suggestion w77\">\u00een<\/span> vizor <span class=\"dia_suggestion w13\">cl\u0103diri<\/span><span class=\"dia_suggestion w231\">r\u0103mase<\/span><span class=\"dia_suggestion w90\">\u00een<\/span><span class=\"dia_suggestion w233\">picioare<\/span> pe terenul de pe bulevardul <span class=\"dia_suggestion w239\">P\u00e2rvan<\/span> nr. 5, unde <span class=\"dia_suggestion w28\">prim\u0103ria<\/span> a <span class=\"dia_suggestion w42\">f\u0103cut<\/span><span class=\"dia_suggestion w122\"><span class=\"dia_suggestion w178\"><span class=\"dia_suggestion w245\">mai<\/span><\/span><\/span><span class=\"dia_suggestion w246\">multe<\/span><span class=\"dia_suggestion w247\">demol\u0103ri<\/span> de <span class=\"dia_suggestion w249\">construc\u021bii<\/span> ilegale. <span class=\"dia_suggestion w251\">Acestea<\/span> ar <span class=\"dia_suggestion w154\">costa<\/span>\u00a0255.000 de euro <span class=\"dia_suggestion w157\">\u0219i<\/span><span class=\"dia_suggestion w257\">apar\u021bin<\/span><span class=\"dia_suggestion w258\">societ\u0103\u021bii<\/span> Electrometal. Aici, <span class=\"dia_suggestion w72\">administra\u021bia<\/span> Fritz vrea <span class=\"dia_suggestion w11\">s\u0103<\/span><span class=\"dia_suggestion w205\">extind\u0103<\/span><span class=\"dia_suggestion w96\"><span class=\"dia_suggestion w176\"><span class=\"dia_suggestion w266\">zona<\/span><\/span><\/span> de agrement de pe <span class=\"dia_suggestion w100\"><span class=\"dia_suggestion w271\">malul<\/span><\/span><span class=\"dia_suggestion w272\">Beg\u0103i<\/span>. Proiectul de <span class=\"dia_suggestion w2\">hot\u0103r\u00e2re poate fi consultat <a href=\"https:\/\/www.primariatm.ro\/proiecte-hcl\/e45a9695-9959-4ea0-bb7a-d7da312fedf2\"><strong>AICI<\/strong><\/a>.<\/span><\/p>\n<p><span class=\"dia_suggestion w273\">Urmeaz\u0103<\/span><span class=\"dia_suggestion w27\">ca<\/span>\u00a0<span class=\"dia_suggestion w275\">tranzac\u021biile<\/span> imobiliare <span class=\"dia_suggestion w277\">pl\u0103nuite<\/span> de <span class=\"dia_suggestion w279\">prim\u0103rie<\/span><span class=\"dia_suggestion w11\">s\u0103<\/span> fie supuse votului Consiliului Local.<\/p>\n<p><span class=\"dia_suggestion w198\">\u00cen<\/span> ultimii doi ani, <span class=\"dia_suggestion w0\">Prim\u0103ria<\/span><span class=\"dia_suggestion w1\">Timi\u0219oara<\/span> a <span class=\"dia_suggestion w293\">achizi\u021bionat<\/span>, printre altele, un apartament pe <span class=\"dia_suggestion w299\">strada<\/span>\u00a0Odobescu, <span class=\"dia_suggestion w131\"><span class=\"dia_suggestion w150\"><span class=\"dia_suggestion w168\"><span class=\"dia_suggestion w172\"><span class=\"dia_suggestion w301\">la<\/span><\/span><\/span><\/span><\/span> vechea maternitate, <span class=\"dia_suggestion w157\">\u0219i<\/span> o <span class=\"dia_suggestion w306\">vila<\/span> pe <span class=\"dia_suggestion w308\">strada<\/span>\u00a0Treboniu Laurian. Ar <span class=\"dia_suggestion w159\">urma<\/span>, <span class=\"dia_suggestion w313\">c\u00e2ndva<\/span>, <span class=\"dia_suggestion w11\">s\u0103<\/span><span class=\"dia_suggestion w315\">aib\u0103<\/span><span class=\"dia_suggestion w316\">func\u021biuni<\/span> de <span class=\"dia_suggestion w318\">s\u0103n\u0103tate<\/span>, respectiv de <span class=\"dia_suggestion w321\">educa\u021bie<\/span>.<\/p>\n<p>***<\/p>\n<p><strong><span class=\"dia_suggestion w0\">Mai<\/span><span class=\"dia_suggestion w1\">multe<\/span><span class=\"dia_suggestion w2\">g\u0103si\u021bi<\/span> pe <span class=\"dia_suggestion w4\">pagina noastr<span class=\"dia_suggestion w0\">\u0103<\/span><\/span>\u00a0de <a href=\"https:\/\/www.facebook.com\/OpiniaTM\/?ref=page_internal\" target=\"_blank\" rel=\"noopener\">Facebook opiniatimisoarei.ro<\/a>!<\/strong><\/p>\n<p><strong><span class=\"dia_suggestion w0\">Dac\u0103<\/span><span class=\"dia_suggestion w1\">a\u021bi<\/span> fost martorii unui eveniment <span class=\"dia_suggestion w6\">sau<\/span><span class=\"dia_suggestion w7\">ai<\/span> unei <span class=\"dia_suggestion w9\">situa\u021bii<\/span><span class=\"dia_suggestion w10\">neobi\u0219nuite<\/span><span class=\"dia_suggestion w11\">care<\/span> ar <span class=\"dia_suggestion w13\">putea<\/span> deveni subiect de <span class=\"dia_suggestion w17\">\u0219tire<\/span>, <span class=\"dia_suggestion w18\">contacta\u021bi<\/span>-ne <span class=\"dia_suggestion w20\">la<\/span><span><a href=\"https:\/\/www.opiniatimisoarei.ro\/cdn-cgi\/l\/email-protection\" class=\"__cf_email__\" data-cfemail=\"740611101517001d11341b041d1a1d15001d191d071b1506111d5a061b\">[email\u00a0protected]<\/a>,<\/span>\u00a0 pe <a href=\"https:\/\/www.facebook.com\/OpiniaTM\">FB<\/a><span>sau pe contul nostru de<\/span><a href=\"https:\/\/www.instagram.com\/opiniatimisoarei.ro\/\" target=\"_blank\" rel=\"noopener\">Instagram<\/a>!<\/strong><\/p>\n<p><strong><span>CITE\u0218TE \u0218I<\/span>: <a href=\"https:\/\/www.opiniatimisoarei.ro\/afli-primul-tot-ceea-ce-se-intampla-cu-adevarat-important-in-timisoara-si-in-regiune-cu-aplicatia-de-stiri-opinia-timisoarei-3-tipuri-de-alerte-te-tin-mereu-conectat-la-evenimente-descarca-gratuit-a\/31\/10\/2022\">Afli primul tot ceea ce se intampla cu adevarat important in Timisoara si in regiune cu Aplicatia de stiri Opinia Timisoarei. 3 tipuri de alerte te tin mereu conectat la evenimente. Descarca gratuit Aplicatia OT aici!<\/a><\/strong><\/p>\n<\/div>\n<p>[analyse_source url=&#8221;https:\/\/www.opiniatimisoarei.ro\/primaria-timisoara-o-noua-runda-de-achizitii-pe-piata-imobiliara-vrea-sa-cumpere-cladiri-de-aproape-13-milioane-euro\/21\/07\/2026&#8243;]<\/p>\n","protected":false},"excerpt":{"rendered":"<p>[analyse_image type=&#8221;featured&#8221; src=&#8221;https:\/\/www.opiniatimisoarei.ro\/wp-content\/uploads\/2024\/04\/parvan-trafic-masini-de-sus-728&#215;336.jpghttps:\/\/www.opiniatimisoarei.ro\/wp-content\/uploads\/2024\/04\/parvan-trafic-masini-de-sus.jpg&#8221;] TIMI\u0218OARA. \u00cenc\u0103 de acum doi ani, Dominic Fritz spuneac\u0103prim\u0103ria trebuie s\u0103 fie \u201eun juc\u0103tor activ pe pia\u021ba\u00a0imobiliar\u0103\u201e. De atunci, municipalitatea a f\u0103cutdeja o serie de achizi\u021bii, \u00eens\u0103 niciuna dintrecl\u0103dirilecump\u0103rate\u00eenc\u0103 nu a ajunss\u0103ad\u0103posteasc\u0103 vreo institu\u021bie,\u00a0dup\u0103 cum erau planurile ini\u021biale. CITE\u0218TE \u0218I:Cu finan\u021barea de 2 milioane de euro pierdut\u0103 \u0219i lucr\u0103ri \u00eent\u00e2rziate cu anii, [&hellip;]<\/p>\n","protected":false},"author":1,"featured_media":0,"comment_status":"open","ping_status":"","sticky":false,"template":"","format":"standard","meta":{"footnotes":""},"categories":[89],"tags":[226,190],"class_list":["post-2058772","post","type-post","status-publish","format-standard","hentry","category-romania","tag-crawlmanager","tag-opiniatimisoarei-ro"],"_links":{"self":[{"href":"https:\/\/analyse.optim.biz\/index.php?rest_route=\/wp\/v2\/posts\/2058772","targetHints":{"allow":["GET"]}}],"collection":[{"href":"https:\/\/analyse.optim.biz\/index.php?rest_route=\/wp\/v2\/posts"}],"about":[{"href":"https:\/\/analyse.optim.biz\/index.php?rest_route=\/wp\/v2\/types\/post"}],"author":[{"embeddable":true,"href":"https:\/\/analyse.optim.biz\/index.php?rest_route=\/wp\/v2\/users\/1"}],"replies":[{"embeddable":true,"href":"https:\/\/analyse.optim.biz\/index.php?rest_route=%2Fwp%2Fv2%2Fcomments&post=2058772"}],"version-history":[{"count":0,"href":"https:\/\/analyse.optim.biz\/index.php?rest_route=\/wp\/v2\/posts\/2058772\/revisions"}],"wp:attachment":[{"href":"https:\/\/analyse.optim.biz\/index.php?rest_route=%2Fwp%2Fv2%2Fmedia&parent=2058772"}],"wp:term":[{"taxonomy":"category","embeddable":true,"href":"https:\/\/analyse.optim.biz\/index.php?rest_route=%2Fwp%2Fv2%2Fcategories&post=2058772"},{"taxonomy":"post_tag","embeddable":true,"href":"https:\/\/analyse.optim.biz\/index.php?rest_route=%2Fwp%2Fv2%2Ftags&post=2058772"}],"curies":[{"name":"wp","href":"https:\/\/api.w.org\/{rel}","templated":true}]}}