{"id":2058768,"date":"2026-07-22T10:49:52","date_gmt":"2026-07-22T07:49:52","guid":{"rendered":"https:\/\/analyse.optim.biz\/?p=2058768"},"modified":"2026-07-22T10:49:52","modified_gmt":"2026-07-22T07:49:52","slug":"sunt-16-pe-loc-la-medicina-la-timisoara-vezi-concurenta-la-toate-facultatile","status":"publish","type":"post","link":"https:\/\/analyse.optim.biz\/?p=2058768","title":{"rendered":"Sunt 1,6 pe loc la Medicin\u0103 la Timi\u0219oara. Vezi concuren\u021ba la toate facult\u0103\u021bile!"},"content":{"rendered":"<p>[analyse_image type=&#8221;featured&#8221; src=&#8221;https:\/\/www.opiniatimisoarei.ro\/wp-content\/uploads\/2024\/08\/UMF-Medicina-728&#215;336.jpghttps:\/\/www.opiniatimisoarei.ro\/wp-content\/uploads\/2024\/08\/UMF-Medicina.jpg&#8221;]<\/p>\n<div class=\"the_content\">\n<p><strong>TIMI\u0218OARA<\/strong>. Universitatea de Medicin\u0103 \u0219i Farmacie \u201eVictor Babe\u0219\u201d din Timi\u0219oara a \u00eencheiat \u00eenscrierile pentru sesiunea de admitere din iulie.<\/p>\n<p><strong><span>CITE\u0218TE \u0218I:<\/span><a href=\"https:\/\/www.opiniatimisoarei.ro\/astmul-de-furtuna-fenomenul-respirator-care-apare-din-ce-in-ce-mai-des-pe-fondul-schimbarilor-climatice-explicatiile-medicilor-din-timisoara\/21\/07\/2026\">Astmul de furtun\u0103. Fenomenul respirator care apare din ce \u00een ce mai des pe fondul schimb\u0103rilor climatice. Explica\u021biile medicilor din Timi\u0219oara<\/a><\/strong><\/p>\n<p>Medicina \u0219i Medicina Dentar\u0103 r\u0103m\u00e2n cele mai c\u0103utate programe, dar interesul este ridicat \u0219i pentru Asisten\u021b\u0103 Medical\u0103 General\u0103, Tehnic\u0103 Dentar\u0103, Balneofiziokinetoterapie \u0219i recuperare.<\/p>\n<p>Primele examene vor avea loc \u00een 23 \u0219i 26 iulie, iar candida\u021bii admi\u0219i vor trebui s\u0103 urm\u0103reasc\u0103 atent etapele succesive de confirmare a locurilor.<\/p>\n<p>\u201d<strong>La Facultatea de Medicin\u0103 sunt peste 760 de \u00eenscri\u0219i care candideaz\u0103 pentru 329 de locuri bugetate \u0219i 95 de locuri cu tax\u0103. Sunt 2 pe loc, dac\u0103 ne raport\u0103m la locurile bugetate. Dac\u0103 lu\u0103m \u00een calcul \u0219i locurile cu tax\u0103, e vorba de 1,6 pe loc.<\/strong><\/p>\n<p><strong>La Medicin\u0103 Dentar\u0103 sunt aproape 200 de \u00eenscri\u0219i pe 52 de locuri bugetate \u0219i 52 de locuri cu tax\u0103. Concuren\u021ba este de doi pe loc, dac\u0103 ne raport\u0103m la locurile bugetate \u0219i cele cu tax\u0103. Dac\u0103 lu\u0103m ca \u021bint\u0103 doar locurile bugetate, concuren\u021ba este de aproape 4 pe loc.<\/strong><\/p>\n<p><strong>La Farmacie avem peste 66 de candida\u021bi pe aproape 70, din care 33 de locuri la buget \u0219i 10 locuri cu tax\u0103<\/strong>\u201d, a declarat prof.univ.dr Andrei Motoc, prorector UMFVB.<\/p>\n<p>Toate datele legate de examenul la Medicin\u0103 2026 sunt <a href=\"https:\/\/www.umft.ro\/ro\/admitere-ciclul-licenta-2026\/\"><strong>AICI<\/strong><\/a>!<\/p>\n<p>***<\/p>\n<p><strong><span class=\"dia_suggestion w0\">Mai<\/span><span class=\"dia_suggestion w1\">multe<\/span><span class=\"dia_suggestion w2\">g\u0103si\u021bi<\/span> pe <span class=\"dia_suggestion w4\">pagina noastr<span class=\"dia_suggestion w0\">\u0103<\/span><\/span>\u00a0de <a href=\"https:\/\/www.facebook.com\/OpiniaTM\/?ref=page_internal\" target=\"_blank\" rel=\"noopener\">Facebook opiniatimisoarei.ro<\/a>!<\/strong><\/p>\n<p><strong><span class=\"dia_suggestion w0\">Dac\u0103<\/span><span class=\"dia_suggestion w1\">a\u021bi<\/span> fost martorii unui eveniment <span class=\"dia_suggestion w6\">sau<\/span><span class=\"dia_suggestion w7\">ai<\/span> unei <span class=\"dia_suggestion w9\">situa\u021bii<\/span><span class=\"dia_suggestion w10\">neobi\u0219nuite<\/span><span class=\"dia_suggestion w11\">care<\/span> ar <span class=\"dia_suggestion w13\">putea<\/span> deveni subiect de <span class=\"dia_suggestion w17\">\u0219tire<\/span>, <span class=\"dia_suggestion w18\">contacta\u021bi<\/span>-ne <span class=\"dia_suggestion w20\">la<\/span><span><a href=\"https:\/\/www.opiniatimisoarei.ro\/cdn-cgi\/l\/email-protection\" class=\"__cf_email__\" data-cfemail=\"0e7c6b6a6f6d7a676b4e617e6760676f7a6763677d616f7c6b67207c61\">[email\u00a0protected]<\/a>,<\/span>\u00a0 pe <a href=\"https:\/\/www.facebook.com\/OpiniaTM\">FB<\/a><span>sau pe contul nostru de<\/span><a href=\"https:\/\/www.instagram.com\/opiniatimisoarei.ro\/\" target=\"_blank\" rel=\"noopener\">Instagram<\/a>!<\/strong><\/p>\n<p><strong><span>CITE\u0218TE \u0218I<\/span>: <a href=\"https:\/\/www.opiniatimisoarei.ro\/afli-primul-tot-ceea-ce-se-intampla-cu-adevarat-important-in-timisoara-si-in-regiune-cu-aplicatia-de-stiri-opinia-timisoarei-3-tipuri-de-alerte-te-tin-mereu-conectat-la-evenimente-descarca-gratuit-a\/31\/10\/2022\">Afli primul tot ceea ce se intampla cu adevarat important in Timisoara si in regiune cu Aplicatia de stiri Opinia Timisoarei. 3 tipuri de alerte te tin mereu conectat la evenimente. Descarca gratuit Aplicatia OT aici!<\/a><\/strong><\/p>\n<\/div>\n<p>[analyse_source url=&#8221;https:\/\/www.opiniatimisoarei.ro\/sunt-16-pe-loc-la-medicina-la-timisoara-vezi-concurenta-la-toate-facultatile\/22\/07\/2026&#8243;]<\/p>\n","protected":false},"excerpt":{"rendered":"<p>[analyse_image type=&#8221;featured&#8221; src=&#8221;https:\/\/www.opiniatimisoarei.ro\/wp-content\/uploads\/2024\/08\/UMF-Medicina-728&#215;336.jpghttps:\/\/www.opiniatimisoarei.ro\/wp-content\/uploads\/2024\/08\/UMF-Medicina.jpg&#8221;] TIMI\u0218OARA. Universitatea de Medicin\u0103 \u0219i Farmacie \u201eVictor Babe\u0219\u201d din Timi\u0219oara a \u00eencheiat \u00eenscrierile pentru sesiunea de admitere din iulie. CITE\u0218TE \u0218I:Astmul de furtun\u0103. Fenomenul respirator care apare din ce \u00een ce mai des pe fondul schimb\u0103rilor climatice. Explica\u021biile medicilor din Timi\u0219oara Medicina \u0219i Medicina Dentar\u0103 r\u0103m\u00e2n cele mai c\u0103utate programe, dar interesul [&hellip;]<\/p>\n","protected":false},"author":1,"featured_media":0,"comment_status":"open","ping_status":"","sticky":false,"template":"","format":"standard","meta":{"footnotes":""},"categories":[89],"tags":[226,190],"class_list":["post-2058768","post","type-post","status-publish","format-standard","hentry","category-romania","tag-crawlmanager","tag-opiniatimisoarei-ro"],"_links":{"self":[{"href":"https:\/\/analyse.optim.biz\/index.php?rest_route=\/wp\/v2\/posts\/2058768","targetHints":{"allow":["GET"]}}],"collection":[{"href":"https:\/\/analyse.optim.biz\/index.php?rest_route=\/wp\/v2\/posts"}],"about":[{"href":"https:\/\/analyse.optim.biz\/index.php?rest_route=\/wp\/v2\/types\/post"}],"author":[{"embeddable":true,"href":"https:\/\/analyse.optim.biz\/index.php?rest_route=\/wp\/v2\/users\/1"}],"replies":[{"embeddable":true,"href":"https:\/\/analyse.optim.biz\/index.php?rest_route=%2Fwp%2Fv2%2Fcomments&post=2058768"}],"version-history":[{"count":0,"href":"https:\/\/analyse.optim.biz\/index.php?rest_route=\/wp\/v2\/posts\/2058768\/revisions"}],"wp:attachment":[{"href":"https:\/\/analyse.optim.biz\/index.php?rest_route=%2Fwp%2Fv2%2Fmedia&parent=2058768"}],"wp:term":[{"taxonomy":"category","embeddable":true,"href":"https:\/\/analyse.optim.biz\/index.php?rest_route=%2Fwp%2Fv2%2Fcategories&post=2058768"},{"taxonomy":"post_tag","embeddable":true,"href":"https:\/\/analyse.optim.biz\/index.php?rest_route=%2Fwp%2Fv2%2Ftags&post=2058768"}],"curies":[{"name":"wp","href":"https:\/\/api.w.org\/{rel}","templated":true}]}}