{"id":2058766,"date":"2026-07-20T08:22:29","date_gmt":"2026-07-20T05:22:29","guid":{"rendered":"https:\/\/analyse.optim.biz\/?p=2058766"},"modified":"2026-07-20T08:22:29","modified_gmt":"2026-07-20T05:22:29","slug":"incepe-proiectul-de-restaurare-a-vilei-international-fosta-resedinta-a-lui-ceausescu-la-timisoara-foto","status":"publish","type":"post","link":"https:\/\/analyse.optim.biz\/?p=2058766","title":{"rendered":"\u00cencepe proiectul de restaurare a Vilei Interna\u021bional, fosta re\u0219edin\u021b\u0103 a lui Ceau\u0219escu, la Timi\u0219oara. FOTO"},"content":{"rendered":"<p>[analyse_image type=&#8221;featured&#8221; src=&#8221;https:\/\/www.opiniatimisoarei.ro\/wp-content\/uploads\/2026\/07\/vila-international-randari-1-728&#215;336.jpghttps:\/\/www.opiniatimisoarei.ro\/wp-content\/uploads\/2026\/07\/vila-international-randari-1.jpg&#8221;]<\/p>\n<div class=\"the_content\">\n<p><strong>TIMI\u0218OARA<\/strong>. Dup\u0103 ce a reu\u0219it s\u0103 devin\u0103 proprietar, Consiliul Jude\u021bean Timi\u0219 a anun\u021bat c\u0103 va demara proiectul de restaurare a Vilei Interna\u021bional, fosta re\u0219edin\u021b\u0103 de la Timi\u0219oara a cuplului Nicolae \u0219i Elena Ceau\u0219escu.<\/p>\n<p><strong><span>CITE\u0218TE \u0218I:<\/span><a href=\"https:\/\/www.opiniatimisoarei.ro\/consiliul-judetean-a-deschis-portile-vilei-international-fosta-casa-a-lui-ceausescu-de-la-timisoara-a-reintrat-in-patrimoniul-judetului-timis-ce-urmeaza\/13\/03\/2026\">Consiliul Jude\u021bean a deschis por\u021bile Vilei Interna\u021bional, fosta cas\u0103 a lui Ceau\u0219escu de la Timi\u0219oara. A reintrat \u00een patrimoniul jude\u021bului Timi\u0219. Ce urmeaz\u0103?<\/a><\/strong><\/p>\n<p>\u201d<strong>Arhitec\u021bii au finalizat documenta\u021bia necesar\u0103, iar urm\u0103torul pas este ob\u021binerea avizului Direc\u021biei Jude\u021bene pentru Cultur\u0103 Timi\u0219. P\u00e2n\u0103 la sf\u00e2r\u0219itul acestui an ne propunem s\u0103 finaliz\u0103m proiectul tehnic, dup\u0103 care vom lansa licita\u021bia pentru execu\u021bia lucr\u0103rilor. Dac\u0103 procedurile nu vor fi \u00eent\u00e2rziate de contesta\u021bii, \u00een 2027 vom \u00eencepe reabilitarea cladirii<\/strong>\u201d, a transmis Alfred Simonis, pre\u0219edintele CJ Timi\u0219.<\/p>\n<p>Cl\u0103direa a fost abandonat\u0103 timp de peste 20 de ani, iar \u00een acest timp s-a degradat bucat\u0103 cu bucat\u0103.<\/p>\n<p>\u201d<strong>Vorbim despre unul dintre cele mai cunoscute imobile din Timi\u0219oara, fosta cas\u0103 de protocol a familiei Ceau\u0219escu. O cl\u0103dire care, timp de aproape dou\u0103 decenii, a fost abandonat\u0103 \u0219i l\u0103sat\u0103 s\u0103 se degradeze, asta \u0219i cu complicitatea unor institu\u021bii ale statului. <\/strong><\/p>\n<p><strong>\u00cen tot acest timp nu s-a f\u0103cut nicio investi\u021bie, iar pentru aceast\u0103 vil\u0103 \u0219i-au manifestat interesul inclusiv clanuri care de\u021bin propriet\u0103\u021bi \u00een zona central\u0103 a ora\u0219ului. Tocmai pentru a evita ca acest imobil valoros s\u0103 ajung\u0103 pe m\u00e2inile unor astfel de grup\u0103ri, Consiliul Jude\u021bean Timi\u0219 a decis exproprierea \u0219i readucerea lui \u00een patrimoniul jude\u021bului<\/strong>\u201d, a mai precizat Alfred Simonis.<\/p>\n<div id=\"gallery-1\" class=\"gallery optm-gallery galleryid-883413\">\n<div class=\"optm-galcont\"><a href=\"https:\/\/www.opiniatimisoarei.ro\/wp-content\/uploads\/2026\/07\/vila-international-randari-1.jpg\"><img decoding=\"async\" src=\"https:\/\/www.opiniatimisoarei.ro\/wp-content\/uploads\/2026\/07\/vila-international-randari-1-300x139.jpg\"><\/a><a href=\"https:\/\/www.opiniatimisoarei.ro\/wp-content\/uploads\/2026\/07\/vila-international-randari-2.jpg\"><img decoding=\"async\" src=\"https:\/\/www.opiniatimisoarei.ro\/wp-content\/uploads\/2026\/07\/vila-international-randari-2-300x139.jpg\"><\/a><a href=\"https:\/\/www.opiniatimisoarei.ro\/wp-content\/uploads\/2026\/07\/vila-international-randari-3.jpg\"><img decoding=\"async\" src=\"https:\/\/www.opiniatimisoarei.ro\/wp-content\/uploads\/2026\/07\/vila-international-randari-3-300x139.jpg\"><\/a><a href=\"https:\/\/www.opiniatimisoarei.ro\/wp-content\/uploads\/2026\/07\/vila-international-randari-4.jpg\"><img decoding=\"async\" src=\"https:\/\/www.opiniatimisoarei.ro\/wp-content\/uploads\/2026\/07\/vila-international-randari-4-300x139.jpg\"><\/a><a href=\"https:\/\/www.opiniatimisoarei.ro\/wp-content\/uploads\/2026\/07\/vila-international-randari-5.jpg\"><img decoding=\"async\" src=\"https:\/\/www.opiniatimisoarei.ro\/wp-content\/uploads\/2026\/07\/vila-international-randari-5-300x139.jpg\"><\/a><\/div>\n<\/div>\n<p>***<\/p>\n<p>Vila a fost construit\u0103 \u00een anul 1968, din dispozitia Comitetului Central al PCR, pentru a servi drept re\u0219edin\u021b\u0103 la Timi\u0219oara pentru Nicolae Ceau\u0219escu \u00een pu\u021binele d\u0103\u021bi \u00een care a vizitat ora\u0219ul. P\u00e2n\u0103 la Revolu\u021bia din 1989 era \u00een subordinea prim-secretarului PCR Timi\u0219. \u00cen 1991 a devenit hotel de protocol al Prefecturii Timi\u0219, iar apoi a ajuns \u00een administrarea Consiliului Jude\u021bean Timi\u0219.<\/p>\n<p>\u00cen 2003, CJ Timi\u0219 a \u00eencheiat un parteneriat public-privat cu o firm\u0103 a omului de afaceri Ovidiu Tender, care se angaja s\u0103 reabiliteze imobilul, dar asta nu s-a \u00eent\u00e2mplat. Cl\u0103direa a intrat \u00een inventarul societ\u0103\u021bii nou-\u00eenfiin\u021bate, InterCenter Service SRL, \u00een care CJT avea mai pu\u021bin de jum\u0103tate din ac\u021biuni.<\/p>\n<p>Consiliului Jude\u021bean Timi\u0219 a expropriat cu 500.000 de euro societatea Intercenter care detinea imobilul, firm\u0103 \u00een care CJ Timi\u0219 era \u0219i ac\u021bionar cu 45 la sut\u0103, a\u0219a c\u0103 aproape jum\u0103tate din ace\u0219ti bani vor fi recupera\u021bi.<\/p>\n<p>***<\/p>\n<p><strong><span class=\"dia_suggestion w0\">Mai<\/span><span class=\"dia_suggestion w1\">multe<\/span><span class=\"dia_suggestion w2\">g\u0103si\u021bi<\/span> pe <span class=\"dia_suggestion w4\">pagina noastr<span class=\"dia_suggestion w0\">\u0103<\/span><\/span>\u00a0de <a href=\"https:\/\/www.facebook.com\/OpiniaTM\/?ref=page_internal\" target=\"_blank\" rel=\"noopener\">Facebook opiniatimisoarei.ro<\/a>!<\/strong><\/p>\n<p><strong><span class=\"dia_suggestion w0\">Dac\u0103<\/span><span class=\"dia_suggestion w1\">a\u021bi<\/span> fost martorii unui eveniment <span class=\"dia_suggestion w6\">sau<\/span><span class=\"dia_suggestion w7\">ai<\/span> unei <span class=\"dia_suggestion w9\">situa\u021bii<\/span><span class=\"dia_suggestion w10\">neobi\u0219nuite<\/span><span class=\"dia_suggestion w11\">care<\/span> ar <span class=\"dia_suggestion w13\">putea<\/span> deveni subiect de <span class=\"dia_suggestion w17\">\u0219tire<\/span>, <span class=\"dia_suggestion w18\">contacta\u021bi<\/span>-ne <span class=\"dia_suggestion w20\">la<\/span><span><a href=\"https:\/\/www.opiniatimisoarei.ro\/cdn-cgi\/l\/email-protection\" class=\"__cf_email__\" data-cfemail=\"235146474240574a46634c534a4d4a42574a4e4a504c4251464a0d514c\">[email\u00a0protected]<\/a>,<\/span>\u00a0 pe <a href=\"https:\/\/www.facebook.com\/OpiniaTM\">FB<\/a><span>sau pe contul nostru de<\/span><a href=\"https:\/\/www.instagram.com\/opiniatimisoarei.ro\/\" target=\"_blank\" rel=\"noopener\">Instagram<\/a>!<\/strong><\/p>\n<p><strong><span>CITE\u0218TE \u0218I<\/span>: <a href=\"https:\/\/www.opiniatimisoarei.ro\/afli-primul-tot-ceea-ce-se-intampla-cu-adevarat-important-in-timisoara-si-in-regiune-cu-aplicatia-de-stiri-opinia-timisoarei-3-tipuri-de-alerte-te-tin-mereu-conectat-la-evenimente-descarca-gratuit-a\/31\/10\/2022\">Afli primul tot ceea ce se intampla cu adevarat important in Timisoara si in regiune cu Aplicatia de stiri Opinia Timisoarei. 3 tipuri de alerte te tin mereu conectat la evenimente. Descarca gratuit Aplicatia OT aici!<\/a><\/strong><\/p>\n<\/div>\n<p>[analyse_source url=&#8221;https:\/\/www.opiniatimisoarei.ro\/incepe-proiectul-de-restaurare-a-vilei-international-fosta-resedinta-a-lui-ceausescu-la-timisoara-foto\/20\/07\/2026&#8243;]<\/p>\n","protected":false},"excerpt":{"rendered":"<p>[analyse_image type=&#8221;featured&#8221; src=&#8221;https:\/\/www.opiniatimisoarei.ro\/wp-content\/uploads\/2026\/07\/vila-international-randari-1-728&#215;336.jpghttps:\/\/www.opiniatimisoarei.ro\/wp-content\/uploads\/2026\/07\/vila-international-randari-1.jpg&#8221;] TIMI\u0218OARA. Dup\u0103 ce a reu\u0219it s\u0103 devin\u0103 proprietar, Consiliul Jude\u021bean Timi\u0219 a anun\u021bat c\u0103 va demara proiectul de restaurare a Vilei Interna\u021bional, fosta re\u0219edin\u021b\u0103 de la Timi\u0219oara a cuplului Nicolae \u0219i Elena Ceau\u0219escu. CITE\u0218TE \u0218I:Consiliul Jude\u021bean a deschis por\u021bile Vilei Interna\u021bional, fosta cas\u0103 a lui Ceau\u0219escu de la Timi\u0219oara. A reintrat \u00een [&hellip;]<\/p>\n","protected":false},"author":1,"featured_media":0,"comment_status":"open","ping_status":"","sticky":false,"template":"","format":"standard","meta":{"footnotes":""},"categories":[89],"tags":[226,190],"class_list":["post-2058766","post","type-post","status-publish","format-standard","hentry","category-romania","tag-crawlmanager","tag-opiniatimisoarei-ro"],"_links":{"self":[{"href":"https:\/\/analyse.optim.biz\/index.php?rest_route=\/wp\/v2\/posts\/2058766","targetHints":{"allow":["GET"]}}],"collection":[{"href":"https:\/\/analyse.optim.biz\/index.php?rest_route=\/wp\/v2\/posts"}],"about":[{"href":"https:\/\/analyse.optim.biz\/index.php?rest_route=\/wp\/v2\/types\/post"}],"author":[{"embeddable":true,"href":"https:\/\/analyse.optim.biz\/index.php?rest_route=\/wp\/v2\/users\/1"}],"replies":[{"embeddable":true,"href":"https:\/\/analyse.optim.biz\/index.php?rest_route=%2Fwp%2Fv2%2Fcomments&post=2058766"}],"version-history":[{"count":0,"href":"https:\/\/analyse.optim.biz\/index.php?rest_route=\/wp\/v2\/posts\/2058766\/revisions"}],"wp:attachment":[{"href":"https:\/\/analyse.optim.biz\/index.php?rest_route=%2Fwp%2Fv2%2Fmedia&parent=2058766"}],"wp:term":[{"taxonomy":"category","embeddable":true,"href":"https:\/\/analyse.optim.biz\/index.php?rest_route=%2Fwp%2Fv2%2Fcategories&post=2058766"},{"taxonomy":"post_tag","embeddable":true,"href":"https:\/\/analyse.optim.biz\/index.php?rest_route=%2Fwp%2Fv2%2Ftags&post=2058766"}],"curies":[{"name":"wp","href":"https:\/\/api.w.org\/{rel}","templated":true}]}}