{"id":2058765,"date":"2026-07-23T13:02:22","date_gmt":"2026-07-23T10:02:22","guid":{"rendered":"https:\/\/analyse.optim.biz\/?p=2058765"},"modified":"2026-07-23T13:02:22","modified_gmt":"2026-07-23T10:02:22","slug":"atacul-sangeros-din-parc-la-timisoara-la-final-de-ancheta-tineri-raniti-cu-cutitul","status":"publish","type":"post","link":"https:\/\/analyse.optim.biz\/?p=2058765","title":{"rendered":"Atacul s\u00e2ngeros din parc la Timi\u0219oara, la final de anchet\u0103. Tineri r\u0103ni\u021bi cu cu\u021bitul"},"content":{"rendered":"<p>[analyse_image type=&#8221;featured&#8221; src=&#8221;https:\/\/www.opiniatimisoarei.ro\/wp-content\/uploads\/2026\/05\/atac-in-parc-728&#215;336.jpghttps:\/\/www.opiniatimisoarei.ro\/wp-content\/uploads\/2026\/05\/atac-in-parc.jpg&#8221;]<\/p>\n<div class=\"the_content\">\n<p><strong>TIMI\u0218OARA<\/strong>. Un b\u0103rbat care a atacat cu briceagul mai mul\u021bi tineri \u00een Parcul P\u0103durice din Timi\u0219oara a fost trimis \u00een judecat\u0103 de procurorii de la Parchetul de pe l\u00e2ng\u0103 Tribunalul Timi\u0219.<\/p>\n<p><span><strong>CITE\u0218TE \u0218I:<\/strong><\/span><a href=\"https:\/\/www.opiniatimisoarei.ro\/atac-in-parc-la-timisoara-sfarsit-in-sange-5-tineri-implicati\/23\/05\/2026\"><strong>Atac \u00een parc la Timi\u0219oara, sf\u00e2r\u0219it \u00een s\u00e2nge. 5 tineri implica\u021bi<\/strong><\/a><\/p>\n<p>El este acuzat de loviri sau alte violen\u021be \u0219i tentativ\u0103 de omor, iar din luna mai, de c\u00e2nd a avut loc atacul, acesta se afla \u00een arest preventiv.<\/p>\n<p>\u201d<strong>Inculpatul, \u00een data de 23.05.2026, \u00een jurul orei 05:30, \u00een timp ce se afla \u00een parcul P\u0103durice din zona Soarelui din mun. Timi\u0219oara, jud. Timi\u0219, a \u00eenjunghiat persoana v\u0103t\u0103mat\u0103 cu ajutorul unui briceag, de trei ori \u00een zona toracelui \u0219i o dat\u0103 \u00een zona genunchiului st\u00e2ng, cauz\u00e2ndu-i acesteia leziuni traumatice care au necesitat pentru vindecare un num\u0103r de 15 zile de \u00eengrijiri medicale \u0219i care i-au pus via\u021ba \u00een primejdie. <\/strong><\/p>\n<p><strong>\u00cen aceea\u0219i \u00eemprejurare, inculpatul a t\u0103iat cu ajutorul aceluia\u0219i briceag, o alt\u0103 persoan\u0103 v\u0103t\u0103mat\u0103, \u00een zona bra\u021bului st\u00e2ng, cauz\u00e2ndu-i leziuni traumatice care au necesitat pentru vindecare un num\u0103r de 8 zile de \u00eengrijiri medicale<\/strong>\u201d, a transmis Parchetul de pe l\u00e2ng\u0103 Tribunalul Timi\u0219.<\/p>\n<p>Rechizitoriul, \u00eenso\u0163it de dosarul cauzei, a fost trimis Tribunalului Timi\u0219. Barbatul risca ani buni de inchisoare.<\/p>\n<\/div>\n<p>[analyse_source url=&#8221;https:\/\/www.opiniatimisoarei.ro\/atacul-sangeros-din-parc-la-timisoara-la-final-de-ancheta-tineri-raniti-cu-cutitul\/23\/07\/2026&#8243;]<\/p>\n","protected":false},"excerpt":{"rendered":"<p>[analyse_image type=&#8221;featured&#8221; src=&#8221;https:\/\/www.opiniatimisoarei.ro\/wp-content\/uploads\/2026\/05\/atac-in-parc-728&#215;336.jpghttps:\/\/www.opiniatimisoarei.ro\/wp-content\/uploads\/2026\/05\/atac-in-parc.jpg&#8221;] TIMI\u0218OARA. Un b\u0103rbat care a atacat cu briceagul mai mul\u021bi tineri \u00een Parcul P\u0103durice din Timi\u0219oara a fost trimis \u00een judecat\u0103 de procurorii de la Parchetul de pe l\u00e2ng\u0103 Tribunalul Timi\u0219. CITE\u0218TE \u0218I:Atac \u00een parc la Timi\u0219oara, sf\u00e2r\u0219it \u00een s\u00e2nge. 5 tineri implica\u021bi El este acuzat de loviri sau alte violen\u021be \u0219i [&hellip;]<\/p>\n","protected":false},"author":1,"featured_media":0,"comment_status":"open","ping_status":"","sticky":false,"template":"","format":"standard","meta":{"footnotes":""},"categories":[89],"tags":[226,190],"class_list":["post-2058765","post","type-post","status-publish","format-standard","hentry","category-romania","tag-crawlmanager","tag-opiniatimisoarei-ro"],"_links":{"self":[{"href":"https:\/\/analyse.optim.biz\/index.php?rest_route=\/wp\/v2\/posts\/2058765","targetHints":{"allow":["GET"]}}],"collection":[{"href":"https:\/\/analyse.optim.biz\/index.php?rest_route=\/wp\/v2\/posts"}],"about":[{"href":"https:\/\/analyse.optim.biz\/index.php?rest_route=\/wp\/v2\/types\/post"}],"author":[{"embeddable":true,"href":"https:\/\/analyse.optim.biz\/index.php?rest_route=\/wp\/v2\/users\/1"}],"replies":[{"embeddable":true,"href":"https:\/\/analyse.optim.biz\/index.php?rest_route=%2Fwp%2Fv2%2Fcomments&post=2058765"}],"version-history":[{"count":0,"href":"https:\/\/analyse.optim.biz\/index.php?rest_route=\/wp\/v2\/posts\/2058765\/revisions"}],"wp:attachment":[{"href":"https:\/\/analyse.optim.biz\/index.php?rest_route=%2Fwp%2Fv2%2Fmedia&parent=2058765"}],"wp:term":[{"taxonomy":"category","embeddable":true,"href":"https:\/\/analyse.optim.biz\/index.php?rest_route=%2Fwp%2Fv2%2Fcategories&post=2058765"},{"taxonomy":"post_tag","embeddable":true,"href":"https:\/\/analyse.optim.biz\/index.php?rest_route=%2Fwp%2Fv2%2Ftags&post=2058765"}],"curies":[{"name":"wp","href":"https:\/\/api.w.org\/{rel}","templated":true}]}}