{"id":2058712,"date":"2026-07-22T16:42:00","date_gmt":"2026-07-22T13:42:00","guid":{"rendered":"https:\/\/analyse.optim.biz\/?p=2058712"},"modified":"2026-07-22T16:42:00","modified_gmt":"2026-07-22T13:42:00","slug":"criza-de-personal-la-sju-buzau-deficit-major-de-asistenti-si-personal-auxiliar","status":"publish","type":"post","link":"https:\/\/analyse.optim.biz\/?p=2058712","title":{"rendered":"Criz\u0103 de personal la SJU Buz\u0103u. Deficit major de asisten\u021bi \u0219i personal auxiliar"},"content":{"rendered":"<p>[analyse_image type=&#8221;featured&#8221; src=&#8221;https:\/\/www.campusbuzau.ro\/wp-content\/uploads\/2025\/07\/spitalul-judetean.jpghttps:\/\/www.campusbuzau.ro\/wp-content\/uploads\/2025\/07\/spitalul-judetean.jpg&#8221;]<\/p>\n<div class=\"entry-content\">\n<p><strong><em><mark class=\"has-inline-color has-maincolor-color\">Spitalul Jude\u021bean de Urgen\u021b\u0103 Buz\u0103u se confrunt\u0103 nu doar cu un deficit de medici, ci \u0219i cu o lips\u0103 de asistente medicale \u0219i personal auxiliar. Din cauza bloc\u0103rii angaj\u0103rilor la nivel na\u021bional, unitatea medical\u0103 se confrunt\u0103 cu un deficit acut de asisten\u021bi medicali, infirmiere, \u00eengrijitoare \u0219i brancardieri.<\/mark><\/em><\/strong><\/p>\n<p>Situa\u021bia alarmant\u0103 a fost adus\u0103 \u00een aten\u021bia public\u0103 de conducerea Sindicatului Sanitas Buz\u0103u, \u00een timpul grevei de avertisment care a avut loc luni diminea\u021b\u0103.<\/p>\n<p>Lipsa de personal afecteaz\u0103 din plin activitatea celui mai solicitat spital din jude\u021b. Potrivit conducerii Sindicatului Sanitas Buz\u0103u, unitatea ar mai avea nevoie de aproximativ 200 de angaja\u021bi, majoritatea asisten\u021bi medicali, infirmiere \u0219i \u00eengrijitoare. <\/p>\n<figure class=\"wp-block-image size-full is-resized\"><img loading=\"lazy\" decoding=\"async\" width=\"890\" height=\"552\" src=\"https:\/\/www.campusbuzau.ro\/wp-content\/uploads\/2025\/07\/intrare-sju-buzau.jpg\" alt class=\"wp-image-144437\"><\/figure>\n<p>\u00cen ultimul an, conducerea Spitalului Jude\u021bean de Urgen\u021b\u0103 Buz\u0103u a f\u0103cut demersuri repetate la Ministerul S\u0103n\u0103t\u0103\u021bii pentru deblocarea posturilor, \u00eens\u0103 procedurile sunt \u00een continuare blocate. \u00cen prezent, unitatea sanitar\u0103 poate face angaj\u0103ri doar prin memorandumuri aprobate de Guvern, \u00eens\u0103, p\u00e2n\u0103 acum, niciun astfel de memorandum nu a primit avizul Executivului.<\/p>\n<p>Lipsa de asistenti medicali \u0219i personal auxiliar se resimte acut \u00een mai toate sec\u021biile Spitalului Jude\u021bean de Urgen\u021b\u0103 Buz\u0103u.<\/p>\n<figure class=\"wp-block-embed is-type-video is-provider-youtube wp-block-embed-youtube wp-embed-aspect-16-9 wp-has-aspect-ratio\">\n<div class=\"wp-block-embed__wrapper\">\n<iframe loading=\"lazy\" title=\"CRIZ\u0102 DE PERSONAL LA SPITALUL JUDE\u0162EAN\" width=\"500\" height=\"281\" src=\"https:\/\/www.youtube.com\/embed\/y2zmhvG-jew?feature=oembed\" frameborder allow=\"accelerometer; autoplay; clipboard-write; encrypted-media; gyroscope; picture-in-picture; web-share\" referrerpolicy=\"strict-origin-when-cross-origin\" allowfullscreen><\/iframe>\n<\/div>\n<\/figure>\n<\/div>\n<p>[analyse_source url=&#8221;https:\/\/www.campusbuzau.ro\/criza-de-personal-la-sju-buzau-deficit-major-de-asistenti-si-personal-auxiliar\/&#8221;]<\/p>\n","protected":false},"excerpt":{"rendered":"<p>[analyse_image type=&#8221;featured&#8221; src=&#8221;https:\/\/www.campusbuzau.ro\/wp-content\/uploads\/2025\/07\/spitalul-judetean.jpghttps:\/\/www.campusbuzau.ro\/wp-content\/uploads\/2025\/07\/spitalul-judetean.jpg&#8221;] Spitalul Jude\u021bean de Urgen\u021b\u0103 Buz\u0103u se confrunt\u0103 nu doar cu un deficit de medici, ci \u0219i cu o lips\u0103 de asistente medicale \u0219i personal auxiliar. Din cauza bloc\u0103rii angaj\u0103rilor la nivel na\u021bional, unitatea medical\u0103 se confrunt\u0103 cu un deficit acut de asisten\u021bi medicali, infirmiere, \u00eengrijitoare \u0219i brancardieri. Situa\u021bia alarmant\u0103 a fost adus\u0103 [&hellip;]<\/p>\n","protected":false},"author":1,"featured_media":0,"comment_status":"open","ping_status":"","sticky":false,"template":"","format":"standard","meta":{"footnotes":""},"categories":[2],"tags":[118,226],"class_list":["post-2058712","post","type-post","status-publish","format-standard","hentry","category-politics","tag-campusbuzau-ro","tag-crawlmanager"],"_links":{"self":[{"href":"https:\/\/analyse.optim.biz\/index.php?rest_route=\/wp\/v2\/posts\/2058712","targetHints":{"allow":["GET"]}}],"collection":[{"href":"https:\/\/analyse.optim.biz\/index.php?rest_route=\/wp\/v2\/posts"}],"about":[{"href":"https:\/\/analyse.optim.biz\/index.php?rest_route=\/wp\/v2\/types\/post"}],"author":[{"embeddable":true,"href":"https:\/\/analyse.optim.biz\/index.php?rest_route=\/wp\/v2\/users\/1"}],"replies":[{"embeddable":true,"href":"https:\/\/analyse.optim.biz\/index.php?rest_route=%2Fwp%2Fv2%2Fcomments&post=2058712"}],"version-history":[{"count":0,"href":"https:\/\/analyse.optim.biz\/index.php?rest_route=\/wp\/v2\/posts\/2058712\/revisions"}],"wp:attachment":[{"href":"https:\/\/analyse.optim.biz\/index.php?rest_route=%2Fwp%2Fv2%2Fmedia&parent=2058712"}],"wp:term":[{"taxonomy":"category","embeddable":true,"href":"https:\/\/analyse.optim.biz\/index.php?rest_route=%2Fwp%2Fv2%2Fcategories&post=2058712"},{"taxonomy":"post_tag","embeddable":true,"href":"https:\/\/analyse.optim.biz\/index.php?rest_route=%2Fwp%2Fv2%2Ftags&post=2058712"}],"curies":[{"name":"wp","href":"https:\/\/api.w.org\/{rel}","templated":true}]}}