{"id":2058558,"date":"2026-07-23T00:00:00","date_gmt":"2026-07-22T21:00:00","guid":{"rendered":"https:\/\/analyse.optim.biz\/?p=2058558"},"modified":"2026-07-23T00:00:00","modified_gmt":"2026-07-22T21:00:00","slug":"vrancea-urca-pe-cea-mai-inalta-treapta-a-podiumului-la-cupa-romaniei-la-tir-sportiv","status":"publish","type":"post","link":"https:\/\/analyse.optim.biz\/?p=2058558","title":{"rendered":"Vrancea urc\u0103 pe cea mai \u00eenalt\u0103 treapt\u0103 a podiumului la Cupa Rom\u00e2niei la tir sportiv"},"content":{"rendered":"<p>[analyse_image type=&#8221;featured&#8221; src=&#8221;https:\/\/zdvi.cname.ro\/_\/vrancea-urca-pe-cea-mai-inalta-treapta-a-podiumului-la-cupa-romaniei-la-tir-sportiv\/mediaPool\/u09ndvN.jpg&#8221;]<\/p>\n<div class=\"main-content detaliu-articol\"><a class=\"titlu-cat-list\" href=\"https:\/\/ziaruldevrancea.ro\/special\/sport\">Sport<\/a><\/p>\n<h1>Vrancea urc\u0103 pe cea mai \u00eenalt\u0103 treapt\u0103 a podiumului la Cupa Rom\u00e2niei la tir sportiv<\/h1>\n<div class=\"date-articol clearfix\">\n<div class=\"distribuie-articol dropdown\">\n    Distribuie: \u00a0<br \/>\n    <em>|<\/em><\/div>\n<div class=\"autor-articol\"><a href=\"https:\/\/ziaruldevrancea.ro\/autor\/eduard-dascalu\/\"><img decoding=\"async\" class=\"img-circle\" src=\"https:\/\/zdvi.cname.ro\/50_50\/articleAuthor\/eduard-dascalu\/articleAuthor\/uMGQuqd.jpeg\" alt><\/a><\/p>\n<h5><a href=\"https:\/\/ziaruldevrancea.ro\/autor\/eduard-dascalu\/\">Eduard Dasc\u0103lu<\/a><\/h5>\n<div class=\"grup-spatiere\"><span class=\"cu-spatiere\">23 iul 2026<\/span><span class=\"cu-spatiere\">181 vizualiz\u0103ri<\/span><\/div>\n<\/div>\n<\/div>\n<div class=\"poza-mare\">\n<div class=\"poza-mare galerie-detaliu\">\n<div id=\"carousel-poza-mare\" class=\"carousel slide carusel-poza\" data-ride=\"carousel\" data-interval=\"0\">\n<div class=\"carousel-inner\" role=\"listbox\">\n<div class=\"item imagine-carusel active\"><a href class=\"openGallery\"><img decoding=\"async\" class=\"img-responsive\" src=\"https:\/\/zdvi.cname.ro\/850_530\/vrancea-urca-pe-cea-mai-inalta-treapta-a-podiumului-la-cupa-romaniei-la-tir-sportiv\/article\/mediaPool\/u09ndvN.jpg\" alt><\/a><\/div>\n<div class=\"item imagine-carusel \"><a href class=\"openGallery\"><img decoding=\"async\" class=\"img-responsive\" src=\"https:\/\/zdvi.cname.ro\/850_530\/vrancea-urca-pe-cea-mai-inalta-treapta-a-podiumului-la-cupa-romaniei-la-tir-sportiv\/article\/mediaPool\/u3MzMlU.jpg\" alt><\/a><\/div>\n<div class=\"item imagine-carusel \"><a href class=\"openGallery\"><img decoding=\"async\" class=\"img-responsive\" src=\"https:\/\/zdvi.cname.ro\/850_530\/vrancea-urca-pe-cea-mai-inalta-treapta-a-podiumului-la-cupa-romaniei-la-tir-sportiv\/article\/mediaPool\/uSEaGAj.jpg\" alt><\/a><\/div>\n<div class=\"item imagine-carusel \"><a href class=\"openGallery\"><img decoding=\"async\" class=\"img-responsive\" src=\"https:\/\/zdvi.cname.ro\/850_530\/vrancea-urca-pe-cea-mai-inalta-treapta-a-podiumului-la-cupa-romaniei-la-tir-sportiv\/article\/mediaPool\/up8QCPI.jpg\" alt><\/a><\/div>\n<\/div>\n<\/div>\n<div id=\"carousel-poze-mici\" class=\"carousel slide carusel-mici\" data-ride=\"carousel\" data-interval=\"0\">\n<div class=\"carousel-inner\" role=\"listbox\">\n<div class=\"item active\">\n<ul class=\"navigare-carusel-imagini\">\n<li data-target=\"#carousel-poza-mare\" data-slide-to=\"0\"><img decoding=\"async\" class=\"img-responsive\" src=\"https:\/\/zdvi.cname.ro\/_90\/vrancea-urca-pe-cea-mai-inalta-treapta-a-podiumului-la-cupa-romaniei-la-tir-sportiv\/article\/mediaPool\/u09ndvN.jpg\" alt><\/li>\n<li data-target=\"#carousel-poza-mare\" data-slide-to=\"1\"><img decoding=\"async\" class=\"img-responsive\" src=\"https:\/\/zdvi.cname.ro\/_90\/vrancea-urca-pe-cea-mai-inalta-treapta-a-podiumului-la-cupa-romaniei-la-tir-sportiv\/article\/mediaPool\/u3MzMlU.jpg\" alt><\/li>\n<li data-target=\"#carousel-poza-mare\" data-slide-to=\"2\"><img decoding=\"async\" class=\"img-responsive\" src=\"https:\/\/zdvi.cname.ro\/_90\/vrancea-urca-pe-cea-mai-inalta-treapta-a-podiumului-la-cupa-romaniei-la-tir-sportiv\/article\/mediaPool\/uSEaGAj.jpg\" alt><\/li>\n<li data-target=\"#carousel-poza-mare\" data-slide-to=\"3\"><img decoding=\"async\" class=\"img-responsive\" src=\"https:\/\/zdvi.cname.ro\/_90\/vrancea-urca-pe-cea-mai-inalta-treapta-a-podiumului-la-cupa-romaniei-la-tir-sportiv\/article\/mediaPool\/up8QCPI.jpg\" alt><\/li>\n<\/ul>\n<\/div>\n<\/div>\n<\/div>\n<\/div>\n<\/div>\n<p><strong>Trei medalii de aur pentru sportivele de la CSM Foc\u0219ani 2007 \u0219i CS Unirea.<\/strong><\/p>\n<p><strong>Tinerele sportive preg\u0103tite de profesorii Aurel Giurgea \u0219i Olimpiu Marin au c\u00e2\u0219tigat trei titluri la Cupa Rom\u00e2niei, competi\u021bie desf\u0103\u0219urat\u0103 la Bucure\u0219ti, confirm\u00e2nd valoarea \u0219colii vr\u00e2ncene de tir sportiv \u0219i prezen\u021ba \u00een lotul olimpic de junioare.<\/strong><\/p>\n<hr>\n<p><strong>Vrancea urc\u0103 pe cea mai \u00eenalt\u0103 treapt\u0103 a podiumului la Cupa Rom\u00e2niei la tir sportiv: trei medalii de aur pentru sportivele de la CSM Foc\u0219ani 2007 \u0219i CS Unirea<\/strong><\/p>\n<p>Tirul sportiv vr\u00e2ncean continu\u0103 s\u0103 confirme la nivel na\u021bional. Sportivele legitimate la <strong>CS Unirea \u2013 CSM Foc\u0219ani 2007<\/strong> au ob\u021binut trei medalii de aur la <strong>Cupa Rom\u00e2niei la probele de pu\u0219c\u0103 \u0219i pistol, aer comprimat \u0219i glon\u021b<\/strong>, competi\u021bie desf\u0103\u0219urat\u0103 \u00een perioada <strong>14\u201316 iulie 2026<\/strong>, la Poligonul de tir sportiv <strong>\u201eIosif S\u00eerbu\u201d din Bucure\u0219ti<\/strong>.<\/p>\n<p>Rezultatele au fost f\u0103cute publice joi, 23 iulie 2026, prin intermediul unei post\u0103ri publicate pe pagina oficial\u0103 de Facebook a <strong>CSM Foc\u0219ani 2007<\/strong>, \u00eenso\u021bit\u0103 de imagini de la festivit\u0103\u021bile de premiere.<\/p>\n<p>La proba de <strong>pu\u0219c\u0103 aer comprimat<\/strong>, sportivele vr\u00e2ncene au urcat pe cea mai \u00eenalt\u0103 treapt\u0103 a podiumului la toate cele trei categorii de v\u00e2rst\u0103:<\/p>\n<ul>\n<li><strong>Juniori I<\/strong> \u2013 <strong>Ticu Theodora<\/strong>, locul I;<\/li>\n<li><strong>Juniori II<\/strong> \u2013 <strong>Vr\u0103jitoru Teodora<\/strong>, locul I;<\/li>\n<li><strong>Juniori III<\/strong> \u2013 <strong>Ioannou Anastasia<\/strong> (CSM Foc\u0219ani 2007 \u2013 UNEFS Bucure\u0219ti), locul I.<\/li>\n<\/ul>\n<p>Potrivit profesorului <strong>Aurel Giurgea<\/strong>, unul dintre antrenorii echipei, cele trei sportive sunt componente ale <strong>lotului olimpic de junioare<\/strong>, fapt care confirm\u0103 nivelul lor competitiv \u0219i perspectivele de dezvoltare \u00een tirul sportiv rom\u00e2nesc.<\/p>\n<p><strong><em>\u201eAceste sportive merit\u0103 cu prisosin\u021b\u0103 toat\u0103 aprecierea \u0219i sus\u021binerea \u00een a continua pe drumul \u00eenaltei performan\u021be<\/em><\/strong>\u201d, a transmis <strong>antrenorul <\/strong>dup\u0103 \u00eencheierea competi\u021biei.<\/p>\n<p>Performan\u021bele ob\u021binute la Bucure\u0219ti reprezint\u0103 un nou rezultat important pentru sec\u021bia de tir sportiv a <strong>CSM Foc\u0219ani 2007<\/strong>, \u00eentr-o disciplin\u0103 \u00een care preg\u0103tirea presupune precizie, concentrare \u0219i continuitate \u00een antrenamente.<\/p>\n<p>Preg\u0103tirea sportivelor este asigurat\u0103 de profesorii <strong>Aurel Giurgea<\/strong> \u0219i <strong>Olimpiu Marin<\/strong>, cei doi antrenori coordon\u00e2nd activitatea lotului care a reprezentat Vrancea la Cupa Rom\u00e2niei.<\/p>\n<p>Cele trei medalii de aur ob\u021binute la competi\u021bia na\u021bional\u0103 reconfirm\u0103 prezen\u021ba sportivelor vr\u00e2ncene printre cele mai valoroase junioare din Rom\u00e2nia \u0219i eviden\u021biaz\u0103 continuitatea rezultatelor ob\u021binute de \u0219coala de tir sportiv din Foc\u0219ani.<\/p>\n<p><strong>Eduard Dasc\u0103lu<\/strong><\/p>\n<hr>\n<div class=\"bloc-widget widget-rosu\">\n<p>\u00cen lipsa unui acord scris din partea Ziarului de Vrancea, pute\u0163i prelua maxim 500 de caractere din acest articol dac\u0103 preciza\u0163i sursa \u015fi insera\u0163i vizibil link-ul articolului:\u00a0<span>#insertcurrentlinkhere<\/span><\/p>\n<\/div>\n<div class=\"extra-articol listing-anunturi\">\n<h6>Anun\u021buri <span class=\"text-primary\">ZdV<\/span> Premium<\/h6>\n<div class=\"row\">\n<div class=\"col-lg-4 col-md-6 bloc-egal\"><a class=\"card-anunt\" href=\"https:\/\/ziaruldevrancea.ro\/anunturi\/imobiliare\/vanzari-case\/vand-casa-si-teren-in-panciu-anunt-72818\"><strong class=\"titlu\">V\u00e2nz\u0103ri case<\/strong><span class=\"text-anunt\">V\u00e2nd cas\u0103 cu 2 camere, buc\u0103t\u0103rie, baie,&#8230;<\/span><span class=\"data-anunt\">23.07.2026  <\/span><\/a><\/div>\n<div class=\"col-lg-4 col-md-6 bloc-egal\"><a class=\"card-anunt\" href=\"https:\/\/ziaruldevrancea.ro\/anunturi\/angajari\/cereri-angajari\/doresc-angajare-anunt-72815\"><strong class=\"titlu\">Cereri<\/strong><span class=\"text-anunt\">Doresc s\u0103 am grij\u0103 de un copil de&#8230;<\/span><span class=\"data-anunt\">21.07.2026  <\/span><\/a><\/div>\n<div class=\"col-lg-4 col-md-6 bloc-egal\"><a class=\"card-anunt\" href=\"https:\/\/ziaruldevrancea.ro\/anunturi\/inchirieri\/locuinte-oferte\/primesc-in-gazda-anunt-72816\"><strong class=\"titlu\">Locuin\u021be oferte<\/strong><span class=\"text-anunt\">\u00a0Primesc \u00een gazd\u0103 la cas\u0103.<\/p>\n<p>Tel&#8230;.<\/span><span class=\"data-anunt\">21.07.2026  <\/span><\/a><\/div>\n<\/div>\n<\/div>\n<div class=\"extra-articol alte-articole\">\n<div class=\"row\">\n<div class=\"col-lg-6 bloc-egal\">\n<div class=\"card articol-listing\">\n<h6>\u00cen categoria <a href=\"https:\/\/ziaruldevrancea.ro\/special\/sport\">Sport<\/a><\/h6>\n<div class=\"grup-articol-listing\">\n<div class=\"cont-pils\"><a href=\"https:\/\/ziaruldevrancea.ro\/special\/sport\/vrancea-are-reprezentant-la-campionatele-mondiale-u20-atletul-andrei-bejanaru-convocat-in-lotul-romaniei-pentru-competitia-din-sua\"><img decoding=\"async\" src=\"https:\/\/zdvi.cname.ro\/180_135\/special\/sport\/vrancea-are-reprezentant-la-campionatele-mondiale-u20-atletul-andrei-bejanaru-convocat-in-lotul-romaniei-pentru-competitia-din-sua\/mediaPool\/ugWnxMN.jpeg\" class=\"img-responsive img-180\" alt><\/a><\/div>\n<h2><a class=\"link-titlu\" href=\"https:\/\/ziaruldevrancea.ro\/special\/sport\/vrancea-are-reprezentant-la-campionatele-mondiale-u20-atletul-andrei-bejanaru-convocat-in-lotul-romaniei-pentru-competitia-din-sua\">Vrancea are reprezentant la Campionatele Mondiale U20: atletul Andrei Bej\u0103naru, convocat \u00een lotul Rom\u00e2niei pentru competi\u021bia din SUA<\/a><\/h2>\n<div class=\"date-post\"><a href=\"https:\/\/ziaruldevrancea.ro\/autor\/eduard-dascalu\">Eduard Dasc\u0103lu<\/a>, 20 iul 2026  <\/div>\n<\/div>\n<div class=\"grup-articol-listing\">\n<div class=\"cont-pils\"><a href=\"https:\/\/ziaruldevrancea.ro\/special\/sport\/video-vrancea-trimite-patru-reprezentanti-la-campionatul-mondial-de-kickboxing-wako-pentru-tineret\"><img decoding=\"async\" src=\"https:\/\/zdvi.cname.ro\/180_135\/special\/sport\/video-vrancea-trimite-patru-reprezentanti-la-campionatul-mondial-de-kickboxing-wako-pentru-tineret\/mediaPool\/uNddiye.jpg\" class=\"img-responsive img-180\" alt><\/a><\/div>\n<h2><a class=\"link-titlu\" href=\"https:\/\/ziaruldevrancea.ro\/special\/sport\/video-vrancea-trimite-patru-reprezentanti-la-campionatul-mondial-de-kickboxing-wako-pentru-tineret\">VIDEO | Vrancea trimite patru reprezentan\u021bi la Campionatul Mondial de Kickboxing WAKO pentru Tineret<\/a><\/h2>\n<div class=\"date-post\"><a href=\"https:\/\/ziaruldevrancea.ro\/autor\/eduard-dascalu\">Eduard Dasc\u0103lu<\/a>, 20 iul 2026  <\/div>\n<\/div>\n<div class=\"grup-articol-listing\">\n<div class=\"cont-pils\"><a href=\"https:\/\/ziaruldevrancea.ro\/special\/sport\/vrancea-din-nou-pe-harta-tenisului-european-junior-vrancea-trophy-u16-s-a-incheiat-cu-victorii-romanesti-pe-linie-la-focsani\"><img decoding=\"async\" src=\"https:\/\/zdvi.cname.ro\/180_135\/special\/sport\/vrancea-din-nou-pe-harta-tenisului-european-junior-vrancea-trophy-u16-s-a-incheiat-cu-victorii-romanesti-pe-linie-la-focsani\/mediaPool\/ulG0P8Z.JPG\" class=\"img-responsive img-180\" alt><\/a><\/div>\n<h2><a class=\"link-titlu\" href=\"https:\/\/ziaruldevrancea.ro\/special\/sport\/vrancea-din-nou-pe-harta-tenisului-european-junior-vrancea-trophy-u16-s-a-incheiat-cu-victorii-romanesti-pe-linie-la-focsani\">Vrancea, din nou pe harta tenisului european! Junior Vrancea Trophy U16 s-a \u00eencheiat cu victorii rom\u00e2ne\u0219ti pe linie la Foc\u0219ani<\/a><\/h2>\n<div class=\"date-post\"><a href=\"https:\/\/ziaruldevrancea.ro\/autor\/eduard-dascalu\">Eduard Dasc\u0103lu<\/a>, 19 iul 2026  <\/div>\n<\/div>\n<\/div>\n<\/div>\n<div class=\"col-lg-6 bloc-egal\">\n<div class=\"card articol-listing\">\n<h6>De acela\u0219i <a href=\"https:\/\/ziaruldevrancea.ro\/autor\/eduard-dascalu\/\">autor<\/a><\/h6>\n<div class=\"grup-articol-listing\">\n<div class=\"cont-pils\"><a href=\"https:\/\/ziaruldevrancea.ro\/promo\/auto\/foto-vrancea-la-un-drum-de-experienta-suzuki-ride-test-hayabusa-si-intreaga-gama-suzuki-pot-fi-testate-la-evyan-moto-hub-suceava\"><img decoding=\"async\" src=\"https:\/\/zdvi.cname.ro\/180_135\/promo\/auto\/foto-vrancea-la-un-drum-de-experienta-suzuki-ride-test-hayabusa-si-intreaga-gama-suzuki-pot-fi-testate-la-evyan-moto-hub-suceava\/mediaPool\/udqWYNR.jpg\" class=\"img-responsive img-180\" alt><\/a><\/div>\n<h2><a class=\"link-titlu\" href=\"https:\/\/ziaruldevrancea.ro\/promo\/auto\/foto-vrancea-la-un-drum-de-experienta-suzuki-ride-test-hayabusa-si-intreaga-gama-suzuki-pot-fi-testate-la-evyan-moto-hub-suceava\">Foto | Vrancea, la un drum de experien\u021ba Suzuki Ride Test: Hayabusa \u0219i \u00eentreaga gam\u0103 Suzuki pot fi testate la EVYAN Moto Hub Suceava<\/a><\/h2>\n<div class=\"date-post\"><a href=\"https:\/\/ziaruldevrancea.ro\/autor\/eduard-dascalu\">Eduard Dasc\u0103lu<\/a>, 22 iul 2026  <\/div>\n<\/div>\n<div class=\"grup-articol-listing\">\n<div class=\"cont-pils\"><a href=\"https:\/\/ziaruldevrancea.ro\/promo\/advertorial\/vrancea-poate-castiga-vara-aceasta-10-premii-a-cate-1.000-de-euro-pentru-clientii-bsg-amanet--exchange-care-schimba-valuta\"><img decoding=\"async\" src=\"https:\/\/zdvi.cname.ro\/180_135\/promo\/advertorial\/vrancea-poate-castiga-vara-aceasta-10-premii-a-cate-1.000-de-euro-pentru-clientii-bsg-amanet--exchange-care-schimba-valuta\/mediaPool\/usJSdJ8.jpeg\" class=\"img-responsive img-180\" alt><\/a><\/div>\n<h2><a class=\"link-titlu\" href=\"https:\/\/ziaruldevrancea.ro\/promo\/advertorial\/vrancea-poate-castiga-vara-aceasta-10-premii-a-cate-1.000-de-euro-pentru-clientii-bsg-amanet--exchange-care-schimba-valuta\">Vrancea poate c\u00e2\u0219tiga vara aceasta: 10 premii a c\u00e2te 1.000 de euro pentru clien\u021bii BSG Amanet &amp; Exchange care schimb\u0103 valut\u0103<\/a><\/h2>\n<div class=\"date-post\"><a href=\"https:\/\/ziaruldevrancea.ro\/autor\/eduard-dascalu\">Eduard Dasc\u0103lu<\/a>, 22 iul 2026  <\/div>\n<\/div>\n<div class=\"grup-articol-listing\">\n<div class=\"cont-pils\"><a href=\"https:\/\/ziaruldevrancea.ro\/special\/sport\/jurnalista-focsaneanca-diana-cristina-sotinca-a-realizat-un-interviu-exclusiv-cu-nadia-comaneci-la-50-de-ani-de-la-primul-10-perfect\"><img decoding=\"async\" src=\"https:\/\/zdvi.cname.ro\/180_135\/special\/sport\/jurnalista-focsaneanca-diana-cristina-sotinca-a-realizat-un-interviu-exclusiv-cu-nadia-comaneci-la-50-de-ani-de-la-primul-10-perfect\/mediaPool\/u5B7s1N.jpeg\" class=\"img-responsive img-180\" alt><\/a><\/div>\n<h2><a class=\"link-titlu\" href=\"https:\/\/ziaruldevrancea.ro\/special\/sport\/jurnalista-focsaneanca-diana-cristina-sotinca-a-realizat-un-interviu-exclusiv-cu-nadia-comaneci-la-50-de-ani-de-la-primul-10-perfect\">Jurnalista foc\u0219\u0103neanc\u0103 Diana Cristina \u0218ontica a realizat un interviu exclusiv cu Nadia Com\u0103neci, la 50 de ani de la primul \u201e10 perfect\u201d<\/a><\/h2>\n<div class=\"date-post\"><a href=\"https:\/\/ziaruldevrancea.ro\/autor\/eduard-dascalu\">Eduard Dasc\u0103lu<\/a>, 19 iul 2026  <\/div>\n<\/div>\n<\/div>\n<\/div>\n<\/div>\n<\/div>\n<div class=\"extra-articol listing-anunturi\">\n<h6>Anun\u021buri <span class=\"text-primary\">ZdV<\/span> Premium<\/h6>\n<div class=\"row\">\n<div class=\"col-lg-4 col-md-6 bloc-egal\"><a class=\"card-anunt\" href=\"https:\/\/ziaruldevrancea.ro\/anunturi\/inchirieri\/locuinte-oferte\/primesc-in-gazda-anunt-72817\"><strong class=\"titlu\">Locuin\u021be oferte<\/strong><span class=\"text-anunt\">Primesc \u00een gazd\u0103 la bloc o elev\u0103. <\/p>\n<p>Tel&#8230;.<\/span><span class=\"data-anunt\">21.07.2026  <\/span><\/a><\/div>\n<div class=\"col-lg-4 col-md-6 bloc-egal\"><a class=\"card-anunt\" href=\"https:\/\/ziaruldevrancea.ro\/anunturi\/altele\/matrimoniale\/Imi-caut-sufletul-pereche-anunt-72811\"><strong class=\"titlu\">Matrimoniale<\/strong><span class=\"text-anunt\">Domn serios caut doamn\u0103 serioas\u0103, v\u00e2rsta&#8230;<\/span><span class=\"data-anunt\">20.07.2026  <\/span><\/a><\/div>\n<div class=\"col-lg-4 col-md-6 bloc-egal\"><a class=\"card-anunt\" href=\"https:\/\/ziaruldevrancea.ro\/anunturi\/altele\/matrimoniale\/Imi-caut-sufletul-pereche-anunt-72809\"><strong class=\"titlu\">Matrimoniale<\/strong><span class=\"text-anunt\">Domn de la \u021bar\u0103, 55 de ani, cu locuin\u021b\u0103, teren&#8230;<\/span><span class=\"data-anunt\">16.07.2026  <\/span><\/a><\/div>\n<\/div>\n<\/div>\n<div class=\"bloc-widget widget-albastru\">\n    Ziarul de Vrancea \u00a0nu este responsabil juridic pentru con\u0163inutul textelor din comentariile de mai jos. Responsabilitatea pentru mesajele dumneavoastra v\u0103 revine \u00een exclusivitate.\n<\/div>\n<div class=\"comentarii-articol\" id=\"comentarii\">\n<h3>Comentarii: <span class=\"text-primary\">0<\/span><\/h3>\n<p><a href=\"https:\/\/ziaruldevrancea.ro\/special\/sport\/vrancea-urca-pe-cea-mai-inalta-treapta-a-podiumului-la-cupa-romaniei-la-tir-sportiv\" class=\"btn btn-success btn-adauga-com\" data-toggle=\"modal\" data-parent=\"0\" data-target=\"#commentModal\">Adaug\u0103 comentariu<\/a><\/p>\n<div class=\"loadMask comments-mask\"><img decoding=\"async\" src=\"https:\/\/zdvs.cname.ro\/images\/loader_40.gif\"><\/div>\n<div class=\"comenteaza-jos\">Trebuie s\u0103 fii <a href=\"https:\/\/ziaruldevrancea.ro\/account\">autentificat<\/a> pentru a putea <a href=\"https:\/\/ziaruldevrancea.ro\/special\/sport\/vrancea-urca-pe-cea-mai-inalta-treapta-a-podiumului-la-cupa-romaniei-la-tir-sportiv\" class data-toggle=\"modal\" data-parent=\"0\" data-target=\"#commentModal\">posta un comentariu<\/a>.<\/div>\n<\/div>\n<div class=\"modal fade\" id=\"commentModal\" role=\"dialog\" aria-labelledby=\"commentModalLabel\">\n<div class=\"modal-dialog modal-lg\" role=\"document\">\n<div class=\"modal-content\">\n<div class=\"modal-header\">\n<h3 class=\"modal-title\" id=\"commentModalLabel\">Comenteaz\u0103<\/h3>\n<\/div>\n<div class=\"modal-body\">\n<div class=\"tabel tabel-full\">\n<div class=\"celula\">\n              Trebuie s\u0103 fii <a href=\"https:\/\/ziaruldevrancea.ro\/account\">autentificat<\/a> pentru a putea posta un comentariu.\n            <\/div>\n<\/div>\n<\/div>\n<div class=\"modal-footer\">\n<div id=\"commentPending\" class=\"formPending pull-left\"><img decoding=\"async\" src=\"https:\/\/zdvs.cname.ro\/images\/loader_40.gif\"> In curs de procesare&#8230;<\/div>\n<p><a href=\"https:\/\/ziaruldevrancea.ro\/special\/sport\/vrancea-urca-pe-cea-mai-inalta-treapta-a-podiumului-la-cupa-romaniei-la-tir-sportiv\" class=\"btn btn-default\" data-dismiss=\"modal\">Anuleaz\u0103<\/a><\/div>\n<\/div>\n<\/div>\n<\/div>\n<div class=\"modal fade\" id=\"commentReportModal\" role=\"dialog\" aria-labelledby=\"commentReportModalLabel\">\n<div class=\"modal-dialog modal-lg\" role=\"document\">\n<div class=\"modal-content\">\n<div class=\"modal-header\">\n<h3 class=\"modal-title\" id=\"commentReportModalLabel\">Raporteaza comentariu<\/h3>\n<\/div>\n<div class=\"modal-body\">\n<div class=\"tabel tabel-full\">\n<div class=\"celula\">\n              Trebuie s\u0103 fii <a href=\"https:\/\/ziaruldevrancea.ro\/account\">autentificat<\/a> pentru a putea raporta un comentariu.\n            <\/div>\n<\/div>\n<\/div>\n<div class=\"modal-footer\">\n<div id=\"commentReportPending\" class=\"formPending pull-left\"><img decoding=\"async\" src=\"https:\/\/zdvs.cname.ro\/images\/loader_40.gif\"> In curs de procesare&#8230;<\/div>\n<p><a href=\"https:\/\/ziaruldevrancea.ro\/special\/sport\/vrancea-urca-pe-cea-mai-inalta-treapta-a-podiumului-la-cupa-romaniei-la-tir-sportiv\" class=\"btn btn-default\" data-dismiss=\"modal\">Anuleaz\u0103<\/a><\/div>\n<\/div>\n<\/div>\n<\/div>\n<div class=\"modal fade\" id=\"commentLikeModal\" role=\"dialog\" aria-labelledby=\"commentLikeModalLabel\">\n<div class=\"modal-dialog modal-lg\" role=\"document\">\n<div class=\"modal-content\">\n<div class=\"modal-header\">\n<h3 class=\"modal-title\" id=\"commentReportModalLabel\">Apreciaza comentariu<\/h3>\n<\/div>\n<div class=\"modal-body\">\n<div class=\"tabel tabel-full\">\n<div class=\"celula\">\n            Trebuie s\u0103 fii <a href=\"https:\/\/ziaruldevrancea.ro\/account\">autentificat<\/a> pentru a putea aprecia un comentariu.\n          <\/div>\n<\/div>\n<\/div>\n<div class=\"modal-footer\"><a href=\"https:\/\/ziaruldevrancea.ro\/special\/sport\/vrancea-urca-pe-cea-mai-inalta-treapta-a-podiumului-la-cupa-romaniei-la-tir-sportiv\" class=\"btn btn-default\" data-dismiss=\"modal\">Anuleaz\u0103<\/a><\/div>\n<\/div>\n<\/div>\n<\/div>\n<div class=\"bloc-widget widget-rosu\"><span><small>Ziarul de Vrancea doreste ca acest site sa fie un spatiu al discutiilor civilizate, al comentariilor de bun simt. Din acest motiv, cei care posteaza comentarii la articole trebuie sa respecte urmatoarele reguli:<br \/>\n1. Sa se refere doar la articolul la care posteaza comentarii.<br \/>\n2. Sa foloseasca un limbaj civilizat, fara injurii, calomnii, comentarii antisemite, xenofobe sau rasiste.<br \/>\n3. Sunt interzise atacurile la adresa autorilor, daca acestea nu au legatura cu textul.<br \/>\n4. Username-ul sa nu fie nume de personalitati ale vietii publice sau parodieri ale acestora.<br \/>\nAutorul unui articol poate fi criticat pentru eventuale greseli, incoerenta, lipsa de documentare etc.<br \/>\nNerespectarea regulilor mentionate mai sus va duce la stergerea comentariilor, fara avertisment si fara explicatii.<br \/>\nAbaterile repetate vor avea drept consecinta interdictia accesului la aceasta facilitate a site-ului.<\/small><\/span><\/div>\n<\/div>\n<p>[analyse_source url=&#8221;https:\/\/ziaruldevrancea.ro\/special\/sport\/vrancea-urca-pe-cea-mai-inalta-treapta-a-podiumului-la-cupa-romaniei-la-tir-sportiv&#8221;]<\/p>\n","protected":false},"excerpt":{"rendered":"<p>[analyse_image type=&#8221;featured&#8221; src=&#8221;https:\/\/zdvi.cname.ro\/_\/vrancea-urca-pe-cea-mai-inalta-treapta-a-podiumului-la-cupa-romaniei-la-tir-sportiv\/mediaPool\/u09ndvN.jpg&#8221;] Sport Vrancea urc\u0103 pe cea mai \u00eenalt\u0103 treapt\u0103 a podiumului la Cupa Rom\u00e2niei la tir sportiv Distribuie: \u00a0 | Eduard Dasc\u0103lu 23 iul 2026181 vizualiz\u0103ri Trei medalii de aur pentru sportivele de la CSM Foc\u0219ani 2007 \u0219i CS Unirea. Tinerele sportive preg\u0103tite de profesorii Aurel Giurgea \u0219i Olimpiu Marin au c\u00e2\u0219tigat trei [&hellip;]<\/p>\n","protected":false},"author":1,"featured_media":0,"comment_status":"open","ping_status":"","sticky":false,"template":"","format":"standard","meta":{"footnotes":""},"categories":[89],"tags":[226,208],"class_list":["post-2058558","post","type-post","status-publish","format-standard","hentry","category-romania","tag-crawlmanager","tag-ziaruldevrancea-ro"],"_links":{"self":[{"href":"https:\/\/analyse.optim.biz\/index.php?rest_route=\/wp\/v2\/posts\/2058558","targetHints":{"allow":["GET"]}}],"collection":[{"href":"https:\/\/analyse.optim.biz\/index.php?rest_route=\/wp\/v2\/posts"}],"about":[{"href":"https:\/\/analyse.optim.biz\/index.php?rest_route=\/wp\/v2\/types\/post"}],"author":[{"embeddable":true,"href":"https:\/\/analyse.optim.biz\/index.php?rest_route=\/wp\/v2\/users\/1"}],"replies":[{"embeddable":true,"href":"https:\/\/analyse.optim.biz\/index.php?rest_route=%2Fwp%2Fv2%2Fcomments&post=2058558"}],"version-history":[{"count":0,"href":"https:\/\/analyse.optim.biz\/index.php?rest_route=\/wp\/v2\/posts\/2058558\/revisions"}],"wp:attachment":[{"href":"https:\/\/analyse.optim.biz\/index.php?rest_route=%2Fwp%2Fv2%2Fmedia&parent=2058558"}],"wp:term":[{"taxonomy":"category","embeddable":true,"href":"https:\/\/analyse.optim.biz\/index.php?rest_route=%2Fwp%2Fv2%2Fcategories&post=2058558"},{"taxonomy":"post_tag","embeddable":true,"href":"https:\/\/analyse.optim.biz\/index.php?rest_route=%2Fwp%2Fv2%2Ftags&post=2058558"}],"curies":[{"name":"wp","href":"https:\/\/api.w.org\/{rel}","templated":true}]}}