{"id":2058474,"date":"2026-07-23T09:50:08","date_gmt":"2026-07-23T06:50:08","guid":{"rendered":"https:\/\/analyse.optim.biz\/?p=2058474"},"modified":"2026-07-23T09:50:08","modified_gmt":"2026-07-23T06:50:08","slug":"disperare-in-franta-pana-la-6-ani-de-inchisoare-pentru-dezinformare-si-ingerinte-electorale-noul-proiect-de-lege-al-guvernului","status":"publish","type":"post","link":"https:\/\/analyse.optim.biz\/?p=2058474","title":{"rendered":"Disperare \u00een Fran\u021ba: P\u00e2n\u0103 la 6 ani de \u00eenchisoare pentru \u201edezinformare\u201d \u0219i \u201eingerin\u021be electorale\u201d \u2013 noul proiect de lege al guvernului"},"content":{"rendered":"<p>[analyse_image type=&#8221;featured&#8221; src=&#8221;https:\/\/ortodoxinfo.ro\/wp-content\/uploads\/2026\/07\/franta-pana-la-6-ani-de-inchisoare-pentru-dezinformare-si-ingerinte-electorale-noul-proiect-de-lege.jpeghttps:\/\/ortodoxinfo.ro\/wp-content\/uploads\/2026\/07\/franta-pana-la-6-ani-de-inchisoare-pentru-dezinformare-si-ingerinte-electorale-noul-proiect-de-lege.jpeg&#8221;]<\/p>\n<article id=\"post-251298\" class=\"post-251298 post type-post status-publish format-standard has-post-thumbnail category-neo-marxism\">\n<header class=\"single-header\">\n<aside class=\"breadcrumb-wrap breadcrumb-yoast s-breadcrumb\">\n<div class=\"breadcrumb-inner\"><span><span><a href=\"https:\/\/ortodoxinfo.ro\/\">Prima pagin\u0103<\/a><\/span> \u00bb <span><a href=\"https:\/\/ortodoxinfo.ro\/blog\/\">Blog<\/a><\/span> \u00bb <span class=\"breadcrumb_last\" aria-current=\"page\">Disperare \u00een Fran\u021ba: P\u00e2n\u0103 la 6 ani de \u00eenchisoare pentru \u201edezinformare\u201d \u0219i \u201eingerin\u021be electorale\u201d \u2013 noul proiect de lege al guvernului<\/span><\/span><\/div>\n<\/aside>\n<h1 class=\"s-title fw-headline\">Disperare \u00een Fran\u021ba: P\u00e2n\u0103 la 6 ani de \u00eenchisoare pentru \u201edezinformare\u201d \u0219i \u201eingerin\u021be electorale\u201d \u2013 noul proiect de lege al guvernului<\/h1>\n<div class=\"single-meta meta-s-default yes-0\">\n<div class=\"smeta-in\"><a class=\"meta-el meta-avatar\" href=\"https:\/\/ortodoxinfo.ro\/author\/redactor\/\"><img loading=\"lazy\" decoding=\"async\" alt=\"OrtodoxINFO\" src=\"https:\/\/secure.gravatar.com\/avatar\/21010332354a182ce4de6016685c5586f21c51866d0ec5bc8ef383240b3c3e02?s=120&amp;r=g\" class=\"avatar avatar-120 photo\" height=\"120\" width=\"120\"><\/a><\/p>\n<div class=\"smeta-sec\">\n<div class=\"p-meta\">\n<div class=\"meta-inner is-meta\"><span class=\"meta-el meta-date\"><time datetime=\"2026-07-23T12:50:08+03:00\">23 iulie 2026<\/time><\/span><span class=\"meta-el meta-category meta-bold\"><a class=\"meta-separate category-17748\" href=\"https:\/\/ortodoxinfo.ro\/category\/anti-sistem\/globalizare\/neo-marxism\/\">Neo-marxism<\/a><\/span><span class=\"meta-el meta-view\">3.7k vizualiz\u0103ri\t\t<\/span><span class=\"meta-el meta-comment mobile-last-meta tablet-last-meta\"><a href=\"https:\/\/ortodoxinfo.ro\/2026\/07\/23\/disperare-in-franta-pana-la-6-ani-de-inchisoare-pentru-dezinformare-si-ingerinte-electorale-noul-proiect-de-lege-al-guvernului\/#respond\">Comentarii<\/a><\/span><\/div>\n<\/div>\n<\/div>\n<\/div>\n<div class=\"smeta-extra\">\n<div class=\"t-shared-sec tooltips-n has-read-meta is-color\">\n<div class=\"t-shared-header is-meta\"><span class=\"share-label\">Share<\/span><\/div>\n<\/div>\n<div class=\"single-right-meta single-time-read is-meta\"><span class=\"meta-el meta-read\">3 Min Read<\/span><\/div>\n<\/div>\n<\/div>\n<\/header>\n<div class=\"grid-container\">\n<div class=\"s-ct\">\n<div class=\"s-feat-outer\">\n<div class=\"s-feat\">\n<div class=\"featured-lightbox-trigger\" data-source=\"https:\/\/ortodoxinfo.ro\/wp-content\/uploads\/2026\/07\/franta-pana-la-6-ani-de-inchisoare-pentru-dezinformare-si-ingerinte-electorale-noul-proiect-de-lege.jpeg\" data-caption data-attribution><img fetchpriority=\"high\" decoding=\"async\" width=\"860\" height=\"452\" src=\"https:\/\/ortodoxinfo.ro\/wp-content\/uploads\/2026\/07\/franta-pana-la-6-ani-de-inchisoare-pentru-dezinformare-si-ingerinte-electorale-noul-proiect-de-lege-860x452.jpeg\" class=\"attachment-foxiz_crop_o1 size-foxiz_crop_o1 wp-post-image\" alt loading=\"eager\"><\/div>\n<\/div>\n<\/div>\n<div class=\"s-ct-wrap has-lsl\">\n<div class=\"s-ct-inner\">\n<div class=\"l-shared-sec-outer show-mobile\">\n<div class=\"l-shared-sec\">\n<div class=\"l-shared-header meta-text\"><span class=\"share-label\">SHARE<\/span><\/div>\n<\/div>\n<\/div>\n<div class=\"e-ct-outer\">\n<div class=\"entry-top\">\n<div id=\"custom_html-3\" class=\"widget_text widget entry-widget clearfix widget_custom_html\">\n<div class=\"textwidget custom-html-widget\">\n<div><small><br \/>\n    OrtodoxINFO este supus unui sabotaj sistematic din partea reprezentan\u021bilor Google Rom\u00e2nia, at\u00e2t la afi\u0219\u0103ri c\u00e2t \u0219i \u00een rezultatele de c\u0103utare.<br \/>\n        Astfel c\u0103 veniturile din publicitate au sc\u0103zut de p\u00e2n\u0103 la <strong>10 ori<\/strong>. Situa\u021bia este similar\u0103 \u0219i pe Facebook.<\/p>\n<p>        V\u0103 invit\u0103m s\u0103 accesa\u021bi direct site-ul \u0219i s\u0103 v\u0103 abona\u021bi la notific\u0103ri.<\/p>\n<p>    Dac\u0103 dori\u021bi s\u0103 ne sus\u021bine\u021bi \u00een aceast\u0103 perioad\u0103 dificil\u0103, orice <a href=\"https:\/\/ortodoxinfo.ro\/donatii\/\">dona\u021bie<\/a> este binevenit\u0103.<br \/>\n    Dumnezeu s\u0103 v\u0103 r\u0103spl\u0103teasc\u0103!<br \/>\n<\/small><\/div>\n<\/div>\n<\/div>\n<\/div>\n<div class=\"entry-content rbct clearfix is-highlight-shares\">\n<p data-path-to-node=\"0\"><strong>Sub pretextul protej\u0103rii alegerilor preziden\u021biale de atacurile informa\u021bionale externe, Guvernul francez propune un pachet legislativ controversat care ridic\u0103 serioase semne de \u00eentrebare privind libertatea de exprimare. Proiectul prezentat de ministrul de Interne, Laurent Nu\u00f1ez, introduce sanc\u021biuni drastice \u2014 de la amenzi de 45.000 de euro \u0219i 3 ani de \u00eenchisoare pentru difuzarea de informa\u021bii false, p\u00e2n\u0103 la 6 ani de deten\u021bie dac\u0103 faptele sunt considerate \u00een beneficiul unor entit\u0103\u021bi str\u0103ine. \u00cen plus, crearea unei comisii \u00eens\u0103rcinate s\u0103 identifice \u0219i s\u0103 eticheteze ingerin\u021bele st\u00e2rne\u0219te temeri aprinse legate de apari\u021bia unui mecanism de cenzur\u0103 de stat, evoc\u00e2nd un control orwellian asupra discursului public \u0219i un precedent periculos pentru opozi\u021bia politic\u0103 \u0219i vocile critice, scrie <a href=\"https:\/\/edition.cnn.com\/2022\/11\/11\/politics\/ukraine-mark-milley-negotiations-biden-administration-debate\" target=\"_blank\" rel=\"noopener\">CNews<\/a>.<\/strong><\/p>\n<p data-path-to-node=\"2\">Ministrul de interne francez\u00a0Laurent Nu\u00f1ez a prezentat miercuri un nou proiect de lege pentru a combate ingerin\u021bele str\u0103ine \u00een perioadele electorale. Pedepsele vor putea ajunge p\u00e2n\u0103 la trei ani de \u00eenchisoare \u0219i o amend\u0103 de 45.000 de euro.<\/p>\n<p data-path-to-node=\"6\">Cu nou\u0103 luni \u00eenainte de alegerile preziden\u021biale, executivul str\u00e2nge \u0219urubul. Prin vocea ministrului de Interne, Laurent Nu\u00f1ez, guvernul a dezv\u0103luit miercuri un proiect de lege care vizeaz\u0103 consolidarea arsenalului judiciar \u00eempotriva r\u0103sp\u00e2ndirii de informa\u021bii false \u0219i a oric\u0103rei forme de ingerin\u021b\u0103 str\u0103in\u0103 \u00een perioadele electorale.<\/p>\n<p data-path-to-node=\"7\">Prezentat \u00een \u0218edin\u021ba de Guvern, textul prevede o \u00een\u0103sprire a sanc\u021biunilor \u00eempotriva autorilor unor astfel de ac\u021biuni. Potrivit ministrului de Interne, Laurent Nu\u00f1ez, persoanele g\u0103site vinovate de difuzarea de informa\u021bii false \u00eentr-un cadru electoral vor risca de acum \u00eenainte p\u00e2n\u0103 la trei ani de \u00eenchisoare \u0219i o amend\u0103 de 45.000 de euro.<\/p>\n<p data-path-to-node=\"8\"><b data-index-in-node=\"0\" data-path-to-node=\"8\">Crearea unei comisii independente<\/b><\/p>\n<p data-path-to-node=\"9\">Pedepsele vor fi \u0219i mai severe atunci c\u00e2nd aceste fapte vor fi fost comise \u00een beneficiul unor actori str\u0103ini. Ele vor putea ajunge p\u00e2n\u0103 la \u0219ase ani de \u00eenchisoare dac\u0103 autorii au ac\u021bionat pentru a servi \u201einteresele unei puteri sau ale unei organiza\u021bii str\u0103ine\u201d, a declarat demnitarul.<\/p>\n<p data-path-to-node=\"10\">\u00cen cele din urm\u0103, proiectul de lege \u00ee\u0219i propune crearea unei comisii independente. \u201eAceasta va fi prezidat\u0103 de un membru al Consiliului de Stat \u0219i va avea rolul de a informa publicul \u0219i candida\u021bii cu privire la existen\u021ba unei ingerin\u021be str\u0103ine\u201d, precizeaz\u0103 ministrul.<\/p>\n<p data-path-to-node=\"13\">Anun\u021bat \u00een aprilie de Emmanuel Macron, acest proiect de lege vine s\u0103 lini\u0219teasc\u0103 \u00eentreaga clas\u0103 politic\u0103, \u00eengrijorat\u0103 de c\u00e2teva luni de amploarea ingerin\u021belor str\u0103ine asupra viitorului scrutin na\u021bional. Pe 11 iulie, \u00eensu\u0219i prim-ministrul S\u00e9bastien Lecornu avertiza cu privire la posibile \u201eamenin\u021b\u0103ri grave la adresa alegerilor preziden\u021biale\u201d.<\/p>\n<\/div>\n<\/div>\n<\/div>\n<div class=\"e-shared-sec entry-sec\">\n<div class=\"e-shared-header h4\"><span>Distribuie<\/span><\/div>\n<div class=\"rbbsl tooltips-n effect-fadeout is-bg\"><a class=\"share-action share-trigger icon-facebook\" aria-label=\"Share on Facebook\" href=\"https:\/\/www.facebook.com\/sharer.php?u=https%3A%2F%2Fortodoxinfo.ro%2F2026%2F07%2F23%2Fdisperare-in-franta-pana-la-6-ani-de-inchisoare-pentru-dezinformare-si-ingerinte-electorale-noul-proiect-de-lege-al-guvernului%2F\" data-title=\"Facebook\" rel=\"nofollow\"><span>Facebook<\/span><\/a><a class=\"share-action share-trigger icon-twitter\" aria-label=\"Share on X\" href=\"https:\/\/twitter.com\/intent\/tweet?text=Disperare+%C3%AEn+Fran%C8%9Ba%3A+P%C3%A2n%C4%83+la+6+ani+de+%C3%AEnchisoare+pentru+%E2%80%9Edezinformare%E2%80%9D+%C8%99i+%E2%80%9Eingerin%C8%9Be+electorale%E2%80%9D+%E2%80%93+noul+proiect+de+lege+al+guvernului&amp;url=https%3A%2F%2Fortodoxinfo.ro%2F2026%2F07%2F23%2Fdisperare-in-franta-pana-la-6-ani-de-inchisoare-pentru-dezinformare-si-ingerinte-electorale-noul-proiect-de-lege-al-guvernului%2F&amp;via=ortodoxinforo\" data-title=\"X\" rel=\"nofollow\"><span>X<\/span><\/a><a class=\"share-action icon-whatsapp is-web\" aria-label=\"Share on Whatsapp\" href=\"https:\/\/web.whatsapp.com\/send?text=Disperare+%C3%AEn+Fran%C8%9Ba%3A+P%C3%A2n%C4%83+la+6+ani+de+%C3%AEnchisoare+pentru+%E2%80%9Edezinformare%E2%80%9D+%C8%99i+%E2%80%9Eingerin%C8%9Be+electorale%E2%80%9D+%E2%80%93+noul+proiect+de+lege+al+guvernului%20%E2%98%9E%20https%3A%2F%2Fortodoxinfo.ro%2F2026%2F07%2F23%2Fdisperare-in-franta-pana-la-6-ani-de-inchisoare-pentru-dezinformare-si-ingerinte-electorale-noul-proiect-de-lege-al-guvernului%2F\" target=\"_blank\" data-title=\"WhatsApp\" rel=\"nofollow\"><span>Whatsapp<\/span><\/a><a class=\"share-action icon-whatsapp is-mobile\" aria-label=\"Share on Whatsapp\" href=\"\/\/send?text=Disperare+%C3%AEn+Fran%C8%9Ba%3A+P%C3%A2n%C4%83+la+6+ani+de+%C3%AEnchisoare+pentru+%E2%80%9Edezinformare%E2%80%9D+%C8%99i+%E2%80%9Eingerin%C8%9Be+electorale%E2%80%9D+%E2%80%93+noul+proiect+de+lege+al+guvernului%20%E2%98%9E%20https%3A%2F%2Fortodoxinfo.ro%2F2026%2F07%2F23%2Fdisperare-in-franta-pana-la-6-ani-de-inchisoare-pentru-dezinformare-si-ingerinte-electorale-noul-proiect-de-lege-al-guvernului%2F\" target=\"_blank\" data-title=\"WhatsApp\" rel=\"nofollow\"><span>Whatsapp<\/span><\/a><a class=\"share-action share-trigger icon-telegram\" aria-label=\"Share on Telegram\" href=\"https:\/\/t.me\/share\/?url=https%3A%2F%2Fortodoxinfo.ro%2F2026%2F07%2F23%2Fdisperare-in-franta-pana-la-6-ani-de-inchisoare-pentru-dezinformare-si-ingerinte-electorale-noul-proiect-de-lege-al-guvernului%2F&amp;text=Disperare+%C3%AEn+Fran%C8%9Ba%3A+P%C3%A2n%C4%83+la+6+ani+de+%C3%AEnchisoare+pentru+%E2%80%9Edezinformare%E2%80%9D+%C8%99i+%E2%80%9Eingerin%C8%9Be+electorale%E2%80%9D+%E2%80%93+noul+proiect+de+lege+al+guvernului\" data-title=\"Telegram\" rel=\"nofollow\"><span>Telegram<\/span><\/a><a class=\"share-action icon-copy copy-trigger\" aria-label=\"Copy Link\" href=\"https:\/\/ortodoxinfo.ro\/2026\/07\/23\/disperare-in-franta-pana-la-6-ani-de-inchisoare-pentru-dezinformare-si-ingerinte-electorale-noul-proiect-de-lege-al-guvernului\/\" data-copied=\"Copied!\" data-link=\"https:\/\/ortodoxinfo.ro\/2026\/07\/23\/disperare-in-franta-pana-la-6-ani-de-inchisoare-pentru-dezinformare-si-ingerinte-electorale-noul-proiect-de-lege-al-guvernului\/\" rel=\"nofollow\" data-copy=\"Copy Link\"><span>Copy Link<\/span><\/a><a class=\"share-action icon-print\" aria-label=\"Print\" rel=\"nofollow\" data-title=\"Print\"><span>Print<\/span><\/a><\/div>\n<\/div>\n<\/div>\n<div id=\"tabs\" class=\"dntplgn_form_wrapper\"><span><\/p>\n<h2>\u0218tirile sunt sub cenzur\u0103! Sprijini\u021bi OrtodoxINFO!<\/h2>\n<p>Guvernul nu dore\u0219te aflarea adev\u0103rului despre lovitura de stat \u0219i \u00eengenuncherea Rom\u00e2niei. \u00cencerc\u0103m s\u0103 men\u021binem viu acest site \u0219i s\u0103 v\u0103 punem la dispozi\u021bie informa\u021bii care s\u0103 fac\u0103 lumin\u0103 \u00een cea mai mare provocare pe care o tr\u0103im. Jurnalismul independent al portalului OrtodoxINFO func\u021bioneaz\u0103 strict cu ajutorul cititorilor.<br \/>\nNe pute\u021bi sprijini printr-o <b><a href=\"https:\/\/ortodoxinfo.ro\/donatii\/\">dona\u021bie bancar\u0103<\/a> sau prin PayPal, complet\u00e2nd formularul de mai jos.<\/b><\/span><\/p>\n<ul>\n<li><a href=\"https:\/\/ortodoxinfo.ro\/2026\/07\/23\/disperare-in-franta-pana-la-6-ani-de-inchisoare-pentru-dezinformare-si-ingerinte-electorale-noul-proiect-de-lege-al-guvernului\/#tabs-1\">Dona\u021bie lunar\u0103<\/a><\/li>\n<li><a href=\"https:\/\/ortodoxinfo.ro\/2026\/07\/23\/disperare-in-franta-pana-la-6-ani-de-inchisoare-pentru-dezinformare-si-ingerinte-electorale-noul-proiect-de-lege-al-guvernului\/#tabs-2\">Doar acum<\/a><\/li>\n<\/ul>\n<div id=\"tabs-1\"><img loading=\"lazy\" decoding=\"async\" alt border=\"0\" src=\"https:\/\/www.paypalobjects.com\/en_US\/i\/scr\/pixel.gif\" width=\"1\" height=\"1\"><\/div>\n<div id=\"tabs-2\">\n<p>\t\t     \u20ac<\/p>\n<p>\t\t    <img loading=\"lazy\" decoding=\"async\" alt border=\"0\" src=\"https:\/\/www.paypalobjects.com\/en_US\/i\/scr\/pixel.gif\" width=\"1\" height=\"1\"><\/div>\n<p>Mul\u021bumim celor care ne-au ajutat p\u00e2n\u0103 acum!\n\t<\/p><\/div>\n<div class=\"comment-box-wrap entry-sec\">\n<div class=\"comment-box-header\"><span class=\"h3\">Las\u0103 un comentariu<\/span><\/div>\n<div class=\"comment-holder no-comment\">\n<div id=\"comments\" class=\"comments-area\">\n<div id=\"respond\" class=\"comment-respond\">\n<h3 id=\"reply-title\" class=\"comment-reply-title\">Las\u0103 un r\u0103spuns <small><a rel=\"nofollow\" id=\"cancel-comment-reply-link\" href=\"https:\/\/ortodoxinfo.ro\/2026\/07\/23\/disperare-in-franta-pana-la-6-ani-de-inchisoare-pentru-dezinformare-si-ingerinte-electorale-noul-proiect-de-lege-al-guvernului\/#respond\">Anuleaz\u0103 r\u0103spunsul<\/a><\/small><\/h3>\n<p class=\"comment-notes\"><span id=\"email-notes\">Adresa ta de email nu va fi publicat\u0103.<\/span><span class=\"required-field-message\">C\u00e2mpurile obligatorii sunt marcate cu <span class=\"required\">*<\/span><\/span><\/p>\n<\/div>\n<\/div>\n<\/div>\n<\/div>\n<\/div>\n<div class=\"sidebar-wrap single-sidebar\">\n<div class=\"sidebar-inner clearfix\">\n<div id=\"widget-post-2\" class=\"widget rb-section w-sidebar clearfix widget-post\">\n<div class=\"block-h widget-heading heading-layout-1\">\n<div class=\"heading-inner\">\n<h4 class=\"heading-title\"><span>Articole recente<\/span><\/h4>\n<\/div>\n<\/div>\n<div class=\"widget-p-listing\">\n<div class=\"p-wrap p-small p-list-small-2\" data-pid=\"251249\">\n<div class=\"feat-holder\">\n<div class=\"p-featured ratio-v1\"><a class=\"p-flink\" href=\"https:\/\/ortodoxinfo.ro\/2026\/07\/23\/grecia-a-blocat-al-21-lea-pachet-de-sanctiuni-impotriva-rusiei-bruxelles-ul-incearca-un-ultim-compromis-privind-transportul-gazului-rusesc\/\" title=\"Grecia a blocat al 21-lea pachet de sanc\u021biuni \u00eempotriva Rusiei. Bruxelles-ul \u00eencearc\u0103 un ultim compromis privind transportul gazului rusesc\"><img decoding=\"async\" width=\"150\" height=\"150\" src=\"https:\/\/ortodoxinfo.ro\/wp-content\/uploads\/2026\/07\/gaz-rusia-150x150.jpg\" class=\"featured-img wp-post-image\" alt loading=\"lazy\"><\/a><\/div>\n<\/div>\n<div class=\"p-content\">\n<h5 class=\"entry-title\"><a class=\"p-url\" href=\"https:\/\/ortodoxinfo.ro\/2026\/07\/23\/grecia-a-blocat-al-21-lea-pachet-de-sanctiuni-impotriva-rusiei-bruxelles-ul-incearca-un-ultim-compromis-privind-transportul-gazului-rusesc\/\" rel=\"bookmark\">Grecia a blocat al 21-lea pachet de sanc\u021biuni \u00eempotriva Rusiei. Bruxelles-ul \u00eencearc\u0103 un ultim compromis privind transportul gazului rusesc<\/a><\/h5>\n<div class=\"p-meta\">\n<div class=\"meta-inner is-meta\"><span class=\"meta-el meta-date\"><time datetime=\"2026-07-23T13:13:25+03:00\">23 iulie 2026<\/time><\/span><span class=\"meta-el meta-category meta-bold\"><a class=\"meta-separate category-15871\" href=\"https:\/\/ortodoxinfo.ro\/category\/anti-sistem\/al-iii-lea-razboi-mondial\/ucraina\/\">Ucraina<\/a><\/span><span class=\"meta-el meta-view\">5.6k vizualiz\u0103ri\t\t<\/span><\/div>\n<\/div>\n<\/div>\n<\/div>\n<div class=\"p-wrap p-small p-list-small-2\" data-pid=\"251326\">\n<div class=\"feat-holder\">\n<div class=\"p-featured ratio-v1\"><a class=\"p-flink\" href=\"https:\/\/ortodoxinfo.ro\/2026\/07\/23\/daca-suveranistii-ar-fi-fost-extremisti-atunci-cei-care-au-anulat-alegerile-din-2024-erau-demult-linsati-in-piata-publica\/\" title=\"Dac\u0103 suverani\u0219tii ar fi fost extremi\u0219ti, atunci cei care au anulat alegerile din 2024 erau demult lin\u0219a\u021bi \u00een pia\u021ba public\u0103\"><img decoding=\"async\" width=\"150\" height=\"150\" src=\"https:\/\/ortodoxinfo.ro\/wp-content\/uploads\/2026\/07\/8016667-mediafax-foto-alexandru-dobre-150x150.jpg\" class=\"featured-img wp-post-image\" alt loading=\"lazy\"><\/a><\/div>\n<\/div>\n<div class=\"p-content\">\n<h5 class=\"entry-title\"><a class=\"p-url\" href=\"https:\/\/ortodoxinfo.ro\/2026\/07\/23\/daca-suveranistii-ar-fi-fost-extremisti-atunci-cei-care-au-anulat-alegerile-din-2024-erau-demult-linsati-in-piata-publica\/\" rel=\"bookmark\">Dac\u0103 suverani\u0219tii ar fi fost extremi\u0219ti, atunci cei care au anulat alegerile din 2024 erau demult lin\u0219a\u021bi \u00een pia\u021ba public\u0103<\/a><\/h5>\n<div class=\"p-meta\">\n<div class=\"meta-inner is-meta\"><span class=\"meta-el meta-date\"><time datetime=\"2026-07-23T13:08:47+03:00\">23 iulie 2026<\/time><\/span><span class=\"meta-el meta-category meta-bold\"><a class=\"meta-separate category-19866\" href=\"https:\/\/ortodoxinfo.ro\/category\/lupta-pentru-romania\/\">Lupt\u0103 pentru Rom\u00e2nia<\/a><\/span><span class=\"meta-el meta-view\">4.9k vizualiz\u0103ri\t\t<\/span><\/div>\n<\/div>\n<\/div>\n<\/div>\n<div class=\"p-wrap p-small p-list-small-2\" data-pid=\"251164\">\n<div class=\"feat-holder\">\n<div class=\"p-featured ratio-v1\"><a class=\"p-flink\" href=\"https:\/\/ortodoxinfo.ro\/2026\/07\/23\/stransura-mare-la-cotroceni-de-trepanati-expirati-si-ideologi-mercenari-ca-sa-l-vopseasca-pe-nimicu-in-patriot-hai-ca-au-ramas-sa-va-mai-creada-doar-scursurile-societatii\/\" title=\"Str\u00e2nsur\u0103 mare la Cotroceni de trepana\u021bi expira\u021bi \u0219i ideologi mercenari ca s\u0103-l vopseasc\u0103 pe Nimicu \u00een patriot! Hai c\u0103 au r\u0103mas s\u0103 v\u0103 mai cread\u0103 doar scursurile societ\u0103\u021bii!\"><img decoding=\"async\" width=\"150\" height=\"150\" src=\"https:\/\/ortodoxinfo.ro\/wp-content\/uploads\/2026\/07\/Screenshot_20260723_005941_Facebook-150x150.jpg\" class=\"featured-img wp-post-image\" alt loading=\"lazy\"><\/a><\/div>\n<\/div>\n<div class=\"p-content\">\n<h5 class=\"entry-title\"><a class=\"p-url\" href=\"https:\/\/ortodoxinfo.ro\/2026\/07\/23\/stransura-mare-la-cotroceni-de-trepanati-expirati-si-ideologi-mercenari-ca-sa-l-vopseasca-pe-nimicu-in-patriot-hai-ca-au-ramas-sa-va-mai-creada-doar-scursurile-societatii\/\" rel=\"bookmark\">Str\u00e2nsur\u0103 mare la Cotroceni de trepana\u021bi expira\u021bi \u0219i ideologi mercenari ca s\u0103-l vopseasc\u0103 pe Nimicu \u00een patriot! Hai c\u0103 au r\u0103mas s\u0103 v\u0103 mai cread\u0103 doar scursurile societ\u0103\u021bii!<\/a><\/h5>\n<div class=\"p-meta\">\n<div class=\"meta-inner is-meta\"><span class=\"meta-el meta-date\"><time datetime=\"2026-07-23T16:35:39+03:00\">23 iulie 2026<\/time><\/span><span class=\"meta-el meta-category meta-bold\"><a class=\"meta-separate category-19885\" href=\"https:\/\/ortodoxinfo.ro\/category\/anti-sistem\/anti-romanism\/asasinii-tarii\/\">Asasinii \u021b\u0103rii<\/a><\/span><span class=\"meta-el meta-view\">8.3k vizualiz\u0103ri\t\t<\/span><\/div>\n<\/div>\n<\/div>\n<\/div>\n<div class=\"p-wrap p-small p-list-small-2\" data-pid=\"251088\">\n<div class=\"feat-holder\">\n<div class=\"p-featured ratio-v1\"><a class=\"p-flink\" href=\"https:\/\/ortodoxinfo.ro\/2026\/07\/22\/luati-aminte-ce-vedeti-zilele-acestea-la-televiziunile-de-stiri-cum-se-dau-gadele-ciumatu-porumbelea-de-ceasul-mortii-ca-s-a-dus-economia-in-cap-cu-pro-europenii-lor-cu-tot\/\" title=\"Lua\u021bi aminte ce vede\u021bi zilele acestea la televiziunile de \u0219tiri. Cum se dau G\u00e2dele, Ciumatu, Porumbeleaua de ceasul mor\u021bii c\u0103 s-a dus economia \u00een cap cu pro-europenii lor cu tot!\"><img decoding=\"async\" width=\"150\" height=\"150\" src=\"https:\/\/ortodoxinfo.ro\/wp-content\/uploads\/2026\/07\/image-8-150x150.jpg\" class=\"featured-img wp-post-image\" alt loading=\"lazy\"><\/a><\/div>\n<\/div>\n<div class=\"p-content\">\n<h5 class=\"entry-title\"><a class=\"p-url\" href=\"https:\/\/ortodoxinfo.ro\/2026\/07\/22\/luati-aminte-ce-vedeti-zilele-acestea-la-televiziunile-de-stiri-cum-se-dau-gadele-ciumatu-porumbelea-de-ceasul-mortii-ca-s-a-dus-economia-in-cap-cu-pro-europenii-lor-cu-tot\/\" rel=\"bookmark\">Lua\u021bi aminte ce vede\u021bi zilele acestea la televiziunile de \u0219tiri. Cum se dau G\u00e2dele, Ciumatu, Porumbeleaua de ceasul mor\u021bii c\u0103 s-a dus economia \u00een cap cu pro-europenii lor cu tot!<\/a><\/h5>\n<div class=\"p-meta\">\n<div class=\"meta-inner is-meta\"><span class=\"meta-el meta-date\"><time datetime=\"2026-07-23T13:54:50+03:00\">23 iulie 2026<\/time><\/span><span class=\"meta-el meta-category meta-bold\"><a class=\"meta-separate category-19885\" href=\"https:\/\/ortodoxinfo.ro\/category\/anti-sistem\/anti-romanism\/asasinii-tarii\/\">Asasinii \u021b\u0103rii<\/a><\/span><span class=\"meta-el meta-view\">13.6k vizualiz\u0103ri\t\t<\/span><\/div>\n<\/div>\n<\/div>\n<\/div>\n<\/div>\n<\/div>\n<div id=\"custom_html-2\" class=\"widget_text widget rb-section w-sidebar clearfix widget_custom_html\">\n<div class=\"block-h widget-heading heading-layout-1\">\n<div class=\"heading-inner\">\n<h4 class=\"heading-title\"><span>DONA\u021aII \u00een cont bancar<\/span><\/h4>\n<\/div>\n<\/div>\n<div class=\"textwidget custom-html-widget\">\n<table class=\"donatii\">\n<tbody>\n<tr>\n<th colspan=\"2\"><strong><span>Asicia\u021bia SMI-B<\/span><\/strong><\/th>\n<\/tr>\n<tr>\n<th>Cont LEI<\/th>\n<td>RO67CECEB00030RON2081955<\/td>\n<\/tr>\n<tr>\n<th>Cont EURO<\/th>\n<td>RO33CECEB000C1EUR2081978<\/td>\n<\/tr>\n<tr>\n<th>Cod SWIFT<\/th>\n<td>CECEROBU<\/td>\n<\/tr>\n<tr>\n<th colspan=\"2\"><strong>CEC BANK SA<\/strong><\/th>\n<\/tr>\n<\/tbody>\n<\/table>\n<\/div>\n<\/div>\n<\/div>\n<\/div>\n<\/div>\n<\/article>\n<div class=\"entry-content rbct clearfix is-highlight-shares\">\n<p data-path-to-node=\"0\"><strong>Sub pretextul protej\u0103rii alegerilor preziden\u021biale de atacurile informa\u021bionale externe, Guvernul francez propune un pachet legislativ controversat care ridic\u0103 serioase semne de \u00eentrebare privind libertatea de exprimare. Proiectul prezentat de ministrul de Interne, Laurent Nu\u00f1ez, introduce sanc\u021biuni drastice \u2014 de la amenzi de 45.000 de euro \u0219i 3 ani de \u00eenchisoare pentru difuzarea de informa\u021bii false, p\u00e2n\u0103 la 6 ani de deten\u021bie dac\u0103 faptele sunt considerate \u00een beneficiul unor entit\u0103\u021bi str\u0103ine. \u00cen plus, crearea unei comisii \u00eens\u0103rcinate s\u0103 identifice \u0219i s\u0103 eticheteze ingerin\u021bele st\u00e2rne\u0219te temeri aprinse legate de apari\u021bia unui mecanism de cenzur\u0103 de stat, evoc\u00e2nd un control orwellian asupra discursului public \u0219i un precedent periculos pentru opozi\u021bia politic\u0103 \u0219i vocile critice, scrie <a href=\"https:\/\/edition.cnn.com\/2022\/11\/11\/politics\/ukraine-mark-milley-negotiations-biden-administration-debate\" target=\"_blank\" rel=\"noopener\">CNews<\/a>.<\/strong><\/p>\n<p data-path-to-node=\"2\">Ministrul de interne francez\u00a0Laurent Nu\u00f1ez a prezentat miercuri un nou proiect de lege pentru a combate ingerin\u021bele str\u0103ine \u00een perioadele electorale. Pedepsele vor putea ajunge p\u00e2n\u0103 la trei ani de \u00eenchisoare \u0219i o amend\u0103 de 45.000 de euro.<\/p>\n<p data-path-to-node=\"6\">Cu nou\u0103 luni \u00eenainte de alegerile preziden\u021biale, executivul str\u00e2nge \u0219urubul. Prin vocea ministrului de Interne, Laurent Nu\u00f1ez, guvernul a dezv\u0103luit miercuri un proiect de lege care vizeaz\u0103 consolidarea arsenalului judiciar \u00eempotriva r\u0103sp\u00e2ndirii de informa\u021bii false \u0219i a oric\u0103rei forme de ingerin\u021b\u0103 str\u0103in\u0103 \u00een perioadele electorale.<\/p>\n<p data-path-to-node=\"7\">Prezentat \u00een \u0218edin\u021ba de Guvern, textul prevede o \u00een\u0103sprire a sanc\u021biunilor \u00eempotriva autorilor unor astfel de ac\u021biuni. Potrivit ministrului de Interne, Laurent Nu\u00f1ez, persoanele g\u0103site vinovate de difuzarea de informa\u021bii false \u00eentr-un cadru electoral vor risca de acum \u00eenainte p\u00e2n\u0103 la trei ani de \u00eenchisoare \u0219i o amend\u0103 de 45.000 de euro.<\/p>\n<p data-path-to-node=\"8\"><b data-index-in-node=\"0\" data-path-to-node=\"8\">Crearea unei comisii independente<\/b><\/p>\n<p data-path-to-node=\"9\">Pedepsele vor fi \u0219i mai severe atunci c\u00e2nd aceste fapte vor fi fost comise \u00een beneficiul unor actori str\u0103ini. Ele vor putea ajunge p\u00e2n\u0103 la \u0219ase ani de \u00eenchisoare dac\u0103 autorii au ac\u021bionat pentru a servi \u201einteresele unei puteri sau ale unei organiza\u021bii str\u0103ine\u201d, a declarat demnitarul.<\/p>\n<p data-path-to-node=\"10\">\u00cen cele din urm\u0103, proiectul de lege \u00ee\u0219i propune crearea unei comisii independente. \u201eAceasta va fi prezidat\u0103 de un membru al Consiliului de Stat \u0219i va avea rolul de a informa publicul \u0219i candida\u021bii cu privire la existen\u021ba unei ingerin\u021be str\u0103ine\u201d, precizeaz\u0103 ministrul.<\/p>\n<p data-path-to-node=\"13\">Anun\u021bat \u00een aprilie de Emmanuel Macron, acest proiect de lege vine s\u0103 lini\u0219teasc\u0103 \u00eentreaga clas\u0103 politic\u0103, \u00eengrijorat\u0103 de c\u00e2teva luni de amploarea ingerin\u021belor str\u0103ine asupra viitorului scrutin na\u021bional. Pe 11 iulie, \u00eensu\u0219i prim-ministrul S\u00e9bastien Lecornu avertiza cu privire la posibile \u201eamenin\u021b\u0103ri grave la adresa alegerilor preziden\u021biale\u201d.<\/p>\n<\/div>\n<p>[analyse_source url=&#8221;https:\/\/ortodoxinfo.ro\/2026\/07\/23\/disperare-in-franta-pana-la-6-ani-de-inchisoare-pentru-dezinformare-si-ingerinte-electorale-noul-proiect-de-lege-al-guvernului\/&#8221;]<\/p>\n","protected":false},"excerpt":{"rendered":"<p>[analyse_image type=&#8221;featured&#8221; src=&#8221;https:\/\/ortodoxinfo.ro\/wp-content\/uploads\/2026\/07\/franta-pana-la-6-ani-de-inchisoare-pentru-dezinformare-si-ingerinte-electorale-noul-proiect-de-lege.jpeghttps:\/\/ortodoxinfo.ro\/wp-content\/uploads\/2026\/07\/franta-pana-la-6-ani-de-inchisoare-pentru-dezinformare-si-ingerinte-electorale-noul-proiect-de-lege.jpeg&#8221;] Prima pagin\u0103 \u00bb Blog \u00bb Disperare \u00een Fran\u021ba: P\u00e2n\u0103 la 6 ani de \u00eenchisoare pentru \u201edezinformare\u201d \u0219i \u201eingerin\u021be electorale\u201d \u2013 noul proiect de lege al guvernului Disperare \u00een Fran\u021ba: P\u00e2n\u0103 la 6 ani de \u00eenchisoare pentru \u201edezinformare\u201d \u0219i \u201eingerin\u021be electorale\u201d \u2013 noul proiect de lege al guvernului 23 iulie 2026Neo-marxism3.7k vizualiz\u0103ri Comentarii [&hellip;]<\/p>\n","protected":false},"author":1,"featured_media":0,"comment_status":"open","ping_status":"","sticky":false,"template":"","format":"standard","meta":{"footnotes":""},"categories":[89],"tags":[226,94],"class_list":["post-2058474","post","type-post","status-publish","format-standard","hentry","category-romania","tag-crawlmanager","tag-ortodoxinfo-ro"],"_links":{"self":[{"href":"https:\/\/analyse.optim.biz\/index.php?rest_route=\/wp\/v2\/posts\/2058474","targetHints":{"allow":["GET"]}}],"collection":[{"href":"https:\/\/analyse.optim.biz\/index.php?rest_route=\/wp\/v2\/posts"}],"about":[{"href":"https:\/\/analyse.optim.biz\/index.php?rest_route=\/wp\/v2\/types\/post"}],"author":[{"embeddable":true,"href":"https:\/\/analyse.optim.biz\/index.php?rest_route=\/wp\/v2\/users\/1"}],"replies":[{"embeddable":true,"href":"https:\/\/analyse.optim.biz\/index.php?rest_route=%2Fwp%2Fv2%2Fcomments&post=2058474"}],"version-history":[{"count":0,"href":"https:\/\/analyse.optim.biz\/index.php?rest_route=\/wp\/v2\/posts\/2058474\/revisions"}],"wp:attachment":[{"href":"https:\/\/analyse.optim.biz\/index.php?rest_route=%2Fwp%2Fv2%2Fmedia&parent=2058474"}],"wp:term":[{"taxonomy":"category","embeddable":true,"href":"https:\/\/analyse.optim.biz\/index.php?rest_route=%2Fwp%2Fv2%2Fcategories&post=2058474"},{"taxonomy":"post_tag","embeddable":true,"href":"https:\/\/analyse.optim.biz\/index.php?rest_route=%2Fwp%2Fv2%2Ftags&post=2058474"}],"curies":[{"name":"wp","href":"https:\/\/api.w.org\/{rel}","templated":true}]}}