{"id":2058472,"date":"2026-07-22T22:02:04","date_gmt":"2026-07-22T19:02:04","guid":{"rendered":"https:\/\/analyse.optim.biz\/?p=2058472"},"modified":"2026-07-22T22:02:04","modified_gmt":"2026-07-22T19:02:04","slug":"stransura-mare-la-cotroceni-de-trepanati-expirati-si-ideologi-mercenari-ca-sa-l-vopseasca-pe-nimicu-in-patriot-hai-ca-au-ramas-sa-va-mai-creada-doar-scursurile-societatii","status":"publish","type":"post","link":"https:\/\/analyse.optim.biz\/?p=2058472","title":{"rendered":"Str\u00e2nsur\u0103 mare la Cotroceni de trepana\u021bi expira\u021bi \u0219i ideologi mercenari ca s\u0103-l vopseasc\u0103 pe Nimicu \u00een patriot! Hai c\u0103 au r\u0103mas s\u0103 v\u0103 mai cread\u0103 doar scursurile societ\u0103\u021bii!"},"content":{"rendered":"<p>[analyse_image type=&#8221;featured&#8221; src=&#8221;https:\/\/ortodoxinfo.ro\/wp-content\/uploads\/2026\/07\/Screenshot_20260723_005941_Facebook.jpghttps:\/\/ortodoxinfo.ro\/wp-content\/uploads\/2026\/07\/Screenshot_20260723_005941_Facebook.jpg&#8221;]<\/p>\n<article id=\"post-251164\" class=\"post-251164 post type-post status-publish format-standard has-post-thumbnail category-asasinii-tarii\">\n<header class=\"single-header\">\n<aside class=\"breadcrumb-wrap breadcrumb-yoast s-breadcrumb\">\n<div class=\"breadcrumb-inner\"><span><span><a href=\"https:\/\/ortodoxinfo.ro\/\">Prima pagin\u0103<\/a><\/span> \u00bb <span><a href=\"https:\/\/ortodoxinfo.ro\/blog\/\">Blog<\/a><\/span> \u00bb <span class=\"breadcrumb_last\" aria-current=\"page\">Str\u00e2nsur\u0103 mare la Cotroceni de trepana\u021bi expira\u021bi \u0219i ideologi mercenari ca s\u0103-l vopseasc\u0103 pe Nimicu \u00een patriot! Hai c\u0103 au r\u0103mas s\u0103 v\u0103 mai cread\u0103 doar scursurile societ\u0103\u021bii!<\/span><\/span><\/div>\n<\/aside>\n<h1 class=\"s-title fw-headline\">Str\u00e2nsur\u0103 mare la Cotroceni de trepana\u021bi expira\u021bi \u0219i ideologi mercenari ca s\u0103-l vopseasc\u0103 pe Nimicu \u00een patriot! Hai c\u0103 au r\u0103mas s\u0103 v\u0103 mai cread\u0103 doar scursurile societ\u0103\u021bii!<\/h1>\n<div class=\"single-meta meta-s-default yes-0\">\n<div class=\"smeta-in\"><a class=\"meta-el meta-avatar\" href=\"https:\/\/ortodoxinfo.ro\/author\/redactor\/\"><img loading=\"lazy\" decoding=\"async\" alt=\"OrtodoxINFO\" src=\"https:\/\/secure.gravatar.com\/avatar\/21010332354a182ce4de6016685c5586f21c51866d0ec5bc8ef383240b3c3e02?s=120&amp;r=g\" class=\"avatar avatar-120 photo\" height=\"120\" width=\"120\"><\/a><\/p>\n<div class=\"smeta-sec\">\n<div class=\"p-meta\">\n<div class=\"meta-inner is-meta\"><span class=\"meta-el meta-date\"><time datetime=\"2026-07-23T16:35:39+03:00\">23 iulie 2026<\/time><\/span><span class=\"meta-el meta-category meta-bold\"><a class=\"meta-separate category-19885\" href=\"https:\/\/ortodoxinfo.ro\/category\/anti-sistem\/anti-romanism\/asasinii-tarii\/\">Asasinii \u021b\u0103rii<\/a><\/span><span class=\"meta-el meta-view\">8.3k vizualiz\u0103ri\t\t<\/span><span class=\"meta-el meta-comment mobile-last-meta tablet-last-meta\"><a href=\"https:\/\/ortodoxinfo.ro\/2026\/07\/23\/stransura-mare-la-cotroceni-de-trepanati-expirati-si-ideologi-mercenari-ca-sa-l-vopseasca-pe-nimicu-in-patriot-hai-ca-au-ramas-sa-va-mai-creada-doar-scursurile-societatii\/#comments\">1 comentariu<\/a><\/span><\/div>\n<\/div>\n<\/div>\n<\/div>\n<div class=\"smeta-extra\">\n<div class=\"t-shared-sec tooltips-n has-read-meta is-color\">\n<div class=\"t-shared-header is-meta\"><span class=\"share-label\">Share<\/span><\/div>\n<\/div>\n<div class=\"single-right-meta single-time-read is-meta\"><span class=\"meta-el meta-read\">4 Min Read<\/span><\/div>\n<\/div>\n<\/div>\n<\/header>\n<div class=\"grid-container\">\n<div class=\"s-ct\">\n<div class=\"s-feat-outer\">\n<div class=\"s-feat\">\n<div class=\"featured-lightbox-trigger\" data-source=\"https:\/\/ortodoxinfo.ro\/wp-content\/uploads\/2026\/07\/Screenshot_20260723_005941_Facebook.jpg\" data-caption data-attribution><img fetchpriority=\"high\" decoding=\"async\" width=\"860\" height=\"856\" src=\"https:\/\/ortodoxinfo.ro\/wp-content\/uploads\/2026\/07\/Screenshot_20260723_005941_Facebook-860x856.jpg\" class=\"attachment-foxiz_crop_o1 size-foxiz_crop_o1 wp-post-image\" alt loading=\"eager\"><\/div>\n<\/div>\n<\/div>\n<div class=\"s-ct-wrap has-lsl\">\n<div class=\"s-ct-inner\">\n<div class=\"l-shared-sec-outer show-mobile\">\n<div class=\"l-shared-sec\">\n<div class=\"l-shared-header meta-text\"><span class=\"share-label\">SHARE<\/span><\/div>\n<\/div>\n<\/div>\n<div class=\"e-ct-outer\">\n<div class=\"entry-top\">\n<div id=\"custom_html-3\" class=\"widget_text widget entry-widget clearfix widget_custom_html\">\n<div class=\"textwidget custom-html-widget\">\n<div><small><br \/>\n    OrtodoxINFO este supus unui sabotaj sistematic din partea reprezentan\u021bilor Google Rom\u00e2nia, at\u00e2t la afi\u0219\u0103ri c\u00e2t \u0219i \u00een rezultatele de c\u0103utare.<br \/>\n        Astfel c\u0103 veniturile din publicitate au sc\u0103zut de p\u00e2n\u0103 la <strong>10 ori<\/strong>. Situa\u021bia este similar\u0103 \u0219i pe Facebook.<\/p>\n<p>        V\u0103 invit\u0103m s\u0103 accesa\u021bi direct site-ul \u0219i s\u0103 v\u0103 abona\u021bi la notific\u0103ri.<\/p>\n<p>    Dac\u0103 dori\u021bi s\u0103 ne sus\u021bine\u021bi \u00een aceast\u0103 perioad\u0103 dificil\u0103, orice <a href=\"https:\/\/ortodoxinfo.ro\/donatii\/\">dona\u021bie<\/a> este binevenit\u0103.<br \/>\n    Dumnezeu s\u0103 v\u0103 r\u0103spl\u0103teasc\u0103!<br \/>\n<\/small><\/div>\n<\/div>\n<\/div>\n<\/div>\n<div class=\"entry-content rbct clearfix is-highlight-shares\">\n<div class=\"ruby-table-contents rbtoc table-left table-fw-single-col\">\n<div class=\"toc-header\"><span class=\"h3\">Sumar<\/span><\/div>\n<div class=\"toc-content h5\"><a href=\"https:\/\/ortodoxinfo.ro\/2026\/07\/23\/stransura-mare-la-cotroceni-de-trepanati-expirati-si-ideologi-mercenari-ca-sa-l-vopseasca-pe-nimicu-in-patriot-hai-ca-au-ramas-sa-va-mai-creada-doar-scursurile-societatii\/#un-patriotism-castrat-controlat-de-la-bruxelles\" class=\"table-link no-link anchor-link\" data-index=\"rb-heading-index-0\">Un patriotism castrat, controlat de la Bruxelles<\/a><a href=\"https:\/\/ortodoxinfo.ro\/2026\/07\/23\/stransura-mare-la-cotroceni-de-trepanati-expirati-si-ideologi-mercenari-ca-sa-l-vopseasca-pe-nimicu-in-patriot-hai-ca-au-ramas-sa-va-mai-creada-doar-scursurile-societatii\/#nicusor-dan-obisnuit-sa-prosteasca-romanii\" class=\"table-link no-link anchor-link\" data-index=\"rb-heading-index-1\">Nicu\u0219or Dan, obi\u0219nuit s\u0103 prosteasc\u0103 rom\u00e2nii<\/a><a href=\"https:\/\/ortodoxinfo.ro\/2026\/07\/23\/stransura-mare-la-cotroceni-de-trepanati-expirati-si-ideologi-mercenari-ca-sa-l-vopseasca-pe-nimicu-in-patriot-hai-ca-au-ramas-sa-va-mai-creada-doar-scursurile-societatii\/#sfarsitul-lui-harpalete-romanii-sau-trezit\" class=\"table-link no-link anchor-link\" data-index=\"rb-heading-index-2\">Sf\u00e2r\u0219itul lui Harpalete: Rom\u00e2nii s-au trezit!<\/a><\/div>\n<\/div>\n<p>Degeneratul Nicu\u0219or Dan a adunat ieri la Palatul Cotroceni o ga\u0219c\u0103 de \u201eexper\u021bi independen\u021bi\u201d sub titulatura de Grupul de Reflec\u021bie Strategic\u0103 \u201eRom\u00e2nia \u00een UE\u201d ca s\u0103 lanseze un raport pompos cu titlul <em>\u201eIdentitate na\u021bional\u0103, identitate european\u0103 \u0219i provocarea populismului\u201d<\/em>. Scopul? S\u0103-l vopseasc\u0103 urgent pe Nimicu \u00eentr-un \u201epatriot\u201d \u0219i s\u0103 fure din av\u00e2ntul suveranist care cre\u0219te puternic \u00een Rom\u00e2nia.<\/p>\n<h3 id=\"un-patriotism-castrat-controlat-de-la-bruxelles\" class=\"rb-heading-index-0\">Un patriotism castrat, controlat de la Bruxelles<\/h3>\n<p>Raportul spune c\u0103 identitatea na\u021bional\u0103 \u0219i cea european\u0103 \u201enu se exclud\u201d, c\u0103 patriotismul e compatibil cu UE \u0219i c\u0103 avem nevoie de un <strong>\u201epatriotism democratic\u201d<\/strong>. Adic\u0103 un patriotism castrat, controlat de la Bruxelles, bun doar s\u0103 aplaude directivele europene \u0219i s\u0103 tac\u0103 c\u00e2nd vine vorba de suveranitatea Rom\u00e2niei. Ce manipulare ordinar\u0103!<\/p>\n<p>Uniunea European\u0103, sub bagheta Ursulei von der Leyen, a transformat de ani buni patriotismul \u00een inamic public num\u0103rul unu. Orice mi\u0219care care pune Rom\u00e2nia pe primul loc este catalogat\u0103 automat <strong>\u201epopulism\u201d<\/strong>, <strong>\u201eextrem\u0103 dreapt\u0103\u201d<\/strong> sau <strong>\u201eamenin\u021bare la adresa valorilor europene\u201d<\/strong>. De ce? Pentru c\u0103 planul lor final e clar: <strong>federalizarea total\u0103<\/strong>, transformarea statelor na\u021bionale \u00een simple provincii administrative f\u0103r\u0103 suveranitate, f\u0103r\u0103 grani\u021be reale, f\u0103r\u0103 armate na\u021bionale \u0219i f\u0103r\u0103 patriotism adev\u0103rat.<\/p>\n<h3 id=\"nicusor-dan-obisnuit-sa-prosteasca-romanii\" class=\"rb-heading-index-1\">Nicu\u0219or Dan, obi\u0219nuit s\u0103 prosteasc\u0103 rom\u00e2nii<\/h3>\n<p>\u0218i atunci vine Nicu\u0219or Dan, obi\u0219nuit s\u0103-i prosteasc\u0103 pe rom\u00e2ni de ani de zile, \u0219i ne spune cu non\u0219alan\u021b\u0103 c\u0103 \u201epatriotismul \u0219i apartenen\u021ba la UE se \u00eent\u0103resc reciproc\u201d. Harpalete Dan, rom\u00e2nii nu mai sunt pro\u0219ti ca \u00een 2019 sau 2025. Au v\u0103zut cum func\u021bioneaz\u0103 ma\u0219in\u0103ria de la Bruxelles: Green Deal care distruge agricultura, Pactul pe migra\u021bie care ne for\u021beaz\u0103 s\u0103 primim cine \u0219tie ce criminali \u0219i violatori, cenzura sub pretextul \u201ecombaterii dezinform\u0103rii\u201d \u0219i presiuni constante asupra statelor care \u00eendr\u0103znesc s\u0103-\u0219i apere interesele na\u021bionale.<\/p>\n<p>Acest \u201epatriotism democratic\u201d inventat la Cotroceni nu e altceva dec\u00e2t o \u00eencercare disperat\u0103 de a crea un <strong>suveranism de plastic<\/strong> \u2013 un partid fals patriotic, obedient fa\u021b\u0103 de Bruxelles, care s\u0103 ia voturi de la AUR \u0219i de la mi\u0219carea na\u021bional\u0103 autentic\u0103.<\/p>\n<p>De altfel, Nicu\u0219or Dan a declarat \u00eenc\u0103 de la \u00eenceputul mandatului c\u0103 se va ocupa <strong>personal<\/strong> ca AUR s\u0103 nu ajung\u0103 la guvernare. Mesajul e clar: suveranismul adev\u0103rat trebuie izolat. Permis e doar suveranismul controlat de la Cotroceni \u0219i de la Bruxelles.<\/p>\n<h3 id=\"sfarsitul-lui-harpalete-romanii-sau-trezit\" class=\"rb-heading-index-2\">Sf\u00e2r\u0219itul lui Harpalete: Rom\u00e2nii s-au trezit!<\/h3>\n<p>Raportul vorbe\u0219te frumos despre \u201evalori comune\u201d \u2013 democra\u021bie, libertate, stat de drept. Unde erau aceste valori c\u00e2nd s-au impus Rom\u00e2niei politici economice dezastruoase, c\u00e2nd s-a \u00eencercat \u00eengenuncherea fermierilor rom\u00e2ni \u00een favoarea marilor corpora\u021bii, c\u00e2nd s-au anulat alegerile sau c\u00e2nd se preg\u0103te\u0219te federalizarea care \u00eenseamn\u0103 sf\u00e2r\u0219itul statului na\u021bional?<\/p>\n<p>Rom\u00e2nii s-au trezit. Valul suveranist nu mai poate fi oprit cu rapoarte cosmetizate \u0219i cu adun\u0103turi de ideologi expira\u021bi. Patriotismul nu se negociaz\u0103 la Cotroceni \u0219i nu se supune ordinelor de la Bruxelles. Patriotismul \u00eenseamn\u0103 s\u0103 pui <strong>Rom\u00e2nia pe primul loc<\/strong>, nu s\u0103-i serve\u0219ti interesele altora sub stindardul \u201evalorilor europene\u201d.<\/p>\n<p>Nicu\u0219or Dan \u0219i trupa lui pot s\u0103 organizeze c\u00e2te reuniuni strategice vor. Pot s\u0103 inventeze c\u00e2t vor \u201epatriotisme democratice\u201d. Rom\u00e2nii au v\u0103zut deja prea multe minciuni ale unor incapabili \u0219i prea multe tr\u0103d\u0103ri. Timpul minciunilor s-a terminat.<\/p>\n<div class=\"inline-single-ad ad_single_3_index alignfull\">\n<div class=\"ad-wrap ad-script-wrap\">\n<div class=\"ad-script non-adsense edge-padding\">\n<div>\n\u203c\ufe0f\u203c\ufe0f NU recunoa\u0219tem ca pre\u0219edinte al Rom\u00e2niei pe marioneta retard\u0103 Nicu\u0219or Dan! Rom\u00e2ni, boicota\u021bi aceast\u0103 f\u0103c\u0103tur\u0103, care ne face \u021bara de r\u00e2s! NU rom\u00e2nii l-au votat pe Nicusoro\u0219 &#8211; cu unele excep\u021bii de persoane infantile, manipulabile \u0219i chiar idioate &#8211; ci l-au ajutat Maia Soro\u0219, Emanuel Macrou \u0219i tr\u0103d\u0103torii de la B.E.C. \u0219i CCR!<br \/>\n La \u00eenchisoare cu cei care au fraudat alegerile!\n<\/div>\n<\/div>\n<\/div>\n<\/div>\n<p><strong>Tr\u0103iasc\u0103 Rom\u00e2nia suveran\u0103!<\/strong><br \/>\nRestul e doar teatru ieftin la Cotroceni.<\/p>\n<\/div>\n<\/div>\n<\/div>\n<div class=\"e-shared-sec entry-sec\">\n<div class=\"e-shared-header h4\"><span>Distribuie<\/span><\/div>\n<div class=\"rbbsl tooltips-n effect-fadeout is-bg\"><a class=\"share-action share-trigger icon-facebook\" aria-label=\"Share on Facebook\" href=\"https:\/\/www.facebook.com\/sharer.php?u=https%3A%2F%2Fortodoxinfo.ro%2F2026%2F07%2F23%2Fstransura-mare-la-cotroceni-de-trepanati-expirati-si-ideologi-mercenari-ca-sa-l-vopseasca-pe-nimicu-in-patriot-hai-ca-au-ramas-sa-va-mai-creada-doar-scursurile-societatii%2F\" data-title=\"Facebook\" rel=\"nofollow\"><span>Facebook<\/span><\/a><a class=\"share-action share-trigger icon-twitter\" aria-label=\"Share on X\" href=\"https:\/\/twitter.com\/intent\/tweet?text=Str%C3%A2nsur%C4%83+mare+la+Cotroceni+de+trepana%C8%9Bi+expira%C8%9Bi+%C8%99i+ideologi+mercenari+ca+s%C4%83-l+vopseasc%C4%83+pe+Nimicu+%C3%AEn+patriot%21+Hai+c%C4%83+au+r%C4%83mas+s%C4%83+v%C4%83+mai+cread%C4%83+doar+scursurile+societ%C4%83%C8%9Bii%21&amp;url=https%3A%2F%2Fortodoxinfo.ro%2F2026%2F07%2F23%2Fstransura-mare-la-cotroceni-de-trepanati-expirati-si-ideologi-mercenari-ca-sa-l-vopseasca-pe-nimicu-in-patriot-hai-ca-au-ramas-sa-va-mai-creada-doar-scursurile-societatii%2F&amp;via=ortodoxinforo\" data-title=\"X\" rel=\"nofollow\"><span>X<\/span><\/a><a class=\"share-action icon-whatsapp is-web\" aria-label=\"Share on Whatsapp\" href=\"https:\/\/web.whatsapp.com\/send?text=Str%C3%A2nsur%C4%83+mare+la+Cotroceni+de+trepana%C8%9Bi+expira%C8%9Bi+%C8%99i+ideologi+mercenari+ca+s%C4%83-l+vopseasc%C4%83+pe+Nimicu+%C3%AEn+patriot%21+Hai+c%C4%83+au+r%C4%83mas+s%C4%83+v%C4%83+mai+cread%C4%83+doar+scursurile+societ%C4%83%C8%9Bii%21%20%E2%98%9E%20https%3A%2F%2Fortodoxinfo.ro%2F2026%2F07%2F23%2Fstransura-mare-la-cotroceni-de-trepanati-expirati-si-ideologi-mercenari-ca-sa-l-vopseasca-pe-nimicu-in-patriot-hai-ca-au-ramas-sa-va-mai-creada-doar-scursurile-societatii%2F\" target=\"_blank\" data-title=\"WhatsApp\" rel=\"nofollow\"><span>Whatsapp<\/span><\/a><a class=\"share-action icon-whatsapp is-mobile\" aria-label=\"Share on Whatsapp\" href=\"\/\/send?text=Str%C3%A2nsur%C4%83+mare+la+Cotroceni+de+trepana%C8%9Bi+expira%C8%9Bi+%C8%99i+ideologi+mercenari+ca+s%C4%83-l+vopseasc%C4%83+pe+Nimicu+%C3%AEn+patriot%21+Hai+c%C4%83+au+r%C4%83mas+s%C4%83+v%C4%83+mai+cread%C4%83+doar+scursurile+societ%C4%83%C8%9Bii%21%20%E2%98%9E%20https%3A%2F%2Fortodoxinfo.ro%2F2026%2F07%2F23%2Fstransura-mare-la-cotroceni-de-trepanati-expirati-si-ideologi-mercenari-ca-sa-l-vopseasca-pe-nimicu-in-patriot-hai-ca-au-ramas-sa-va-mai-creada-doar-scursurile-societatii%2F\" target=\"_blank\" data-title=\"WhatsApp\" rel=\"nofollow\"><span>Whatsapp<\/span><\/a><a class=\"share-action share-trigger icon-telegram\" aria-label=\"Share on Telegram\" href=\"https:\/\/t.me\/share\/?url=https%3A%2F%2Fortodoxinfo.ro%2F2026%2F07%2F23%2Fstransura-mare-la-cotroceni-de-trepanati-expirati-si-ideologi-mercenari-ca-sa-l-vopseasca-pe-nimicu-in-patriot-hai-ca-au-ramas-sa-va-mai-creada-doar-scursurile-societatii%2F&amp;text=Str%C3%A2nsur%C4%83+mare+la+Cotroceni+de+trepana%C8%9Bi+expira%C8%9Bi+%C8%99i+ideologi+mercenari+ca+s%C4%83-l+vopseasc%C4%83+pe+Nimicu+%C3%AEn+patriot%21+Hai+c%C4%83+au+r%C4%83mas+s%C4%83+v%C4%83+mai+cread%C4%83+doar+scursurile+societ%C4%83%C8%9Bii%21\" data-title=\"Telegram\" rel=\"nofollow\"><span>Telegram<\/span><\/a><a class=\"share-action icon-copy copy-trigger\" aria-label=\"Copy Link\" href=\"https:\/\/ortodoxinfo.ro\/2026\/07\/23\/stransura-mare-la-cotroceni-de-trepanati-expirati-si-ideologi-mercenari-ca-sa-l-vopseasca-pe-nimicu-in-patriot-hai-ca-au-ramas-sa-va-mai-creada-doar-scursurile-societatii\/\" data-copied=\"Copied!\" data-link=\"https:\/\/ortodoxinfo.ro\/2026\/07\/23\/stransura-mare-la-cotroceni-de-trepanati-expirati-si-ideologi-mercenari-ca-sa-l-vopseasca-pe-nimicu-in-patriot-hai-ca-au-ramas-sa-va-mai-creada-doar-scursurile-societatii\/\" rel=\"nofollow\" data-copy=\"Copy Link\"><span>Copy Link<\/span><\/a><a class=\"share-action icon-print\" aria-label=\"Print\" rel=\"nofollow\" data-title=\"Print\"><span>Print<\/span><\/a><\/div>\n<\/div>\n<\/div>\n<div id=\"tabs\" class=\"dntplgn_form_wrapper\"><span><\/p>\n<h2>\u0218tirile sunt sub cenzur\u0103! Sprijini\u021bi OrtodoxINFO!<\/h2>\n<p>Guvernul nu dore\u0219te aflarea adev\u0103rului despre lovitura de stat \u0219i \u00eengenuncherea Rom\u00e2niei. \u00cencerc\u0103m s\u0103 men\u021binem viu acest site \u0219i s\u0103 v\u0103 punem la dispozi\u021bie informa\u021bii care s\u0103 fac\u0103 lumin\u0103 \u00een cea mai mare provocare pe care o tr\u0103im. Jurnalismul independent al portalului OrtodoxINFO func\u021bioneaz\u0103 strict cu ajutorul cititorilor.<br \/>\nNe pute\u021bi sprijini printr-o <b><a href=\"https:\/\/ortodoxinfo.ro\/donatii\/\">dona\u021bie bancar\u0103<\/a> sau prin PayPal, complet\u00e2nd formularul de mai jos.<\/b><\/span><\/p>\n<ul>\n<li><a href=\"https:\/\/ortodoxinfo.ro\/2026\/07\/23\/stransura-mare-la-cotroceni-de-trepanati-expirati-si-ideologi-mercenari-ca-sa-l-vopseasca-pe-nimicu-in-patriot-hai-ca-au-ramas-sa-va-mai-creada-doar-scursurile-societatii\/#tabs-1\">Dona\u021bie lunar\u0103<\/a><\/li>\n<li><a href=\"https:\/\/ortodoxinfo.ro\/2026\/07\/23\/stransura-mare-la-cotroceni-de-trepanati-expirati-si-ideologi-mercenari-ca-sa-l-vopseasca-pe-nimicu-in-patriot-hai-ca-au-ramas-sa-va-mai-creada-doar-scursurile-societatii\/#tabs-2\">Doar acum<\/a><\/li>\n<\/ul>\n<div id=\"tabs-1\"><img loading=\"lazy\" decoding=\"async\" alt border=\"0\" src=\"https:\/\/www.paypalobjects.com\/en_US\/i\/scr\/pixel.gif\" width=\"1\" height=\"1\"><\/div>\n<div id=\"tabs-2\">\n<p>\t\t     \u20ac<\/p>\n<p>\t\t    <img loading=\"lazy\" decoding=\"async\" alt border=\"0\" src=\"https:\/\/www.paypalobjects.com\/en_US\/i\/scr\/pixel.gif\" width=\"1\" height=\"1\"><\/div>\n<p>Mul\u021bumim celor care ne-au ajutat p\u00e2n\u0103 acum!\n\t<\/p><\/div>\n<div class=\"comment-box-wrap entry-sec\">\n<div class=\"comment-box-header\"><span class=\"h3\">1 comentariu<\/span><\/div>\n<div class=\"comment-holder\">\n<div id=\"comments\" class=\"comments-area\">\n<div class=\"rb-section\">\n<ul class=\"comment-list entry\">\n<li id=\"comment-250607\" class=\"comment even thread-even depth-1\">\n<article id=\"div-comment-250607\" class=\"comment-body\">\n<footer class=\"comment-meta\">\n<div class=\"comment-author vcard\"><img loading=\"lazy\" decoding=\"async\" alt src=\"https:\/\/secure.gravatar.com\/avatar\/132fd989bad4ee2d55aa9692aa73d0475d12ca598eaa976fcddf813d6586cb5e?s=100&amp;r=g\" class=\"avatar avatar-100 photo\" height=\"100\" width=\"100\"><b class=\"fn\">Magda<\/b><span class=\"says\">spune:<\/span><\/div>\n<div class=\"comment-metadata\"><a href=\"https:\/\/ortodoxinfo.ro\/2026\/07\/23\/stransura-mare-la-cotroceni-de-trepanati-expirati-si-ideologi-mercenari-ca-sa-l-vopseasca-pe-nimicu-in-patriot-hai-ca-au-ramas-sa-va-mai-creada-doar-scursurile-societatii\/#comment-250607\"><time datetime=\"2026-07-23T08:33:34+03:00\">23 iulie 2026 la 8:33<\/time><\/a><\/div>\n<\/footer>\n<div class=\"comment-content\">\n<p>V\u0103 da\u021bi seama acum cine sunt ace\u0219ti indivizi. Sunt sclave\u021bii Rothschilzilor. Acum trebuie s\u0103 \u00een\u021belege\u021bi \u0219i situatia. Cine sunt ace\u0219ti indivizi \u0219i cam c\u00e2t de puternici sunt. S-au luptat cu ei \u0219i Napoleon \u0219i  \u021barul Nicolae al lI \u2013 lea \u0219i Fiuhrerul \u0219i Mi\u0219carea Legionara \u0219i Ceau\u0219escu, dar to\u021bi au fost nimici\u021bi . Rothschilzii sunt de 300 de ani cea mai puternic\u0103 familie din Europa \u0219i acum \u0219i din lume, care l-a \u00eenvins pe Napoleon la Waterloo, sunt \u00eenving\u0103tori \u00een cele dou\u0103 r\u0103zboaie mondiale, de\u021bin sistemul financiar bancar, de\u021bin tot aurul din lume, controleaz\u0103 toate statele \u0219i toate guvernele, chiar \u0219i Rusia, chiar \u0219i SUA chiar \u0219i China. De altfel, ei au bol\u0219evizat \u0219i China \u0219i Rusia. Cine se mai poate bate cu ei ?? Nimeni. Mai ales c\u0103 to\u021bi cei curajo\u0219i au fost omor\u00e2\u021bi, toat\u0103 elita europeana, poporul rus exterminat \u00een dictatura bol\u0219evica. Deci \u00eentreb, cine ?? Nimeni ! Dar mai exist\u0103 cineva ! Este Sf\u00e2ntul lui Israel, puternicul lui Iacov ! Domnul, marele  Eu sunt !! Acesta este singurul care a r\u0103mas \u0219i se mai poate bate cu Rothschilzii. El singur ii mai poate zdrobi. Noi, nu !!! Trebuie s\u0103 o recunoa\u0219tem deschis !! Suntem exact \u00een situa\u021bia evreilor, c\u00e2nd i-a  dus \u00een Canaan \u0219i au trimis iscoade, s\u0103 vad\u0103 cum arat\u0103 \u021bara \u0219i canaanitii, cu care evreii trebuiau s\u0103 se bat\u0103. \u0218i au ramas \u00eengrozit\u021bi !! Canaan\u021bii erau uria\u0219i feroce ! Giganti, pentru c\u0103 neamul lor se amestecase cu nefilimii, iar canaanitii erau un popor feroce \u0219i de statur\u0103 uria\u0219\u0103. Cam a\u0219a suntem \u0219i noi acum, pe l\u00e2ng\u0103 Rothschilzi. Rothschilzii ne m\u0103n\u00e2nc\u0103 la micul dejun, ca pe g\u0103ini. Dar, Dumnezeul lui Iacov este cu noi !! \u0218i Dumnezeu ii va distruge ! Doar el \u00eei mai poate distruge \u0219i noi trebuie s\u0103 \u0219tim asta. Rothschilzii \u0219i  evreii askenazi sunt edomitii, adic\u0103 se trag din fratele lui Iacov, Esau \u0219i cele 2 neveste ale lui din Canaan. Da, sunt un popor feroce, exact ca \u0219i str\u0103mo\u0219ii lor, canaanitii. Iar noi suntem ca Iacov, care era un om blajin, bun \u0219i \u00eel iubea pe Dumnezeu. \u00cen Obadia, este profe\u021bit c\u0103 Edomul, adic\u0103 evreii askenazi, care se trag din Esau \u0219i din canaaniti, va fi nimicit total. \u0218i spune Domnul c\u0103 ii va nimici, pentru c\u0103 i-a ajutat pe asirieni \u0219i pe babilonieni s\u0103 distrug\u0103 pe Israel. \u0218i pedeapsa \u00eenainte de nimicire va fi persecutie din genera\u021bie \u00een genera\u021bie. \u0218i vede\u021bi ce au p\u0103\u021bit kripto evreii de-a lungul vremii, persecu\u021bii, pogromuri \u0219i genocid. Dar pedeapsa final\u0103 va fi distrugerea lor total\u0103, pentru c\u0103 uneltesc \u0219i acum s\u0103 distrug\u0103 pe Israel, adic\u0103 pe noi europenii cre\u0219tini, care suntem urma\u0219ii triburilor biblice, venite din Asiria \u0219i din Babilon, \u00een Europa, pe anglo-americani, care \u0219i ei sunt urma\u0219ii lui Efraim \u0219i Manase, adic\u0103 ai fiilor lui Iosif \u0219i pentru c\u0103 au creat sinagoga lui satan, adic\u0103 Talmudul, masoneria \u0219i vor s\u0103 instaureze noua ordine mondial\u0103, s\u0103 distrug\u0103 cre\u0219tinismul, se \u00eenchin\u0103 lui satan \u0219i vor s\u0103 pun\u0103 semnul fiarei pe crea\u021bia lui Dumnezeu, pe oameni.<\/p>\n<\/div>\n<div class=\"reply\"><a rel=\"nofollow\" class=\"comment-reply-link\" href=\"https:\/\/ortodoxinfo.ro\/2026\/07\/23\/stransura-mare-la-cotroceni-de-trepanati-expirati-si-ideologi-mercenari-ca-sa-l-vopseasca-pe-nimicu-in-patriot-hai-ca-au-ramas-sa-va-mai-creada-doar-scursurile-societatii\/#comment-250607\" data-commentid=\"250607\" data-postid=\"251164\" data-belowelement=\"div-comment-250607\" data-respondelement=\"respond\" data-replyto=\"R\u0103spunde-i lui Magda\" aria-label=\"R\u0103spunde-i lui Magda\">R\u0103spunde<\/a><\/div>\n<\/article>\n<\/li>\n<\/ul>\n<\/div>\n<div id=\"respond\" class=\"comment-respond\">\n<h3 id=\"reply-title\" class=\"comment-reply-title\">Las\u0103 un r\u0103spuns <small><a rel=\"nofollow\" id=\"cancel-comment-reply-link\" href=\"https:\/\/ortodoxinfo.ro\/2026\/07\/23\/stransura-mare-la-cotroceni-de-trepanati-expirati-si-ideologi-mercenari-ca-sa-l-vopseasca-pe-nimicu-in-patriot-hai-ca-au-ramas-sa-va-mai-creada-doar-scursurile-societatii\/#respond\">Anuleaz\u0103 r\u0103spunsul<\/a><\/small><\/h3>\n<p class=\"comment-notes\"><span id=\"email-notes\">Adresa ta de email nu va fi publicat\u0103.<\/span><span class=\"required-field-message\">C\u00e2mpurile obligatorii sunt marcate cu <span class=\"required\">*<\/span><\/span><\/p>\n<\/div>\n<\/div>\n<\/div>\n<\/div>\n<\/div>\n<div class=\"sidebar-wrap single-sidebar\">\n<div class=\"sidebar-inner clearfix\">\n<div id=\"widget-post-2\" class=\"widget rb-section w-sidebar clearfix widget-post\">\n<div class=\"block-h widget-heading heading-layout-1\">\n<div class=\"heading-inner\">\n<h4 class=\"heading-title\"><span>Articole recente<\/span><\/h4>\n<\/div>\n<\/div>\n<div class=\"widget-p-listing\">\n<div class=\"p-wrap p-small p-list-small-2\" data-pid=\"251249\">\n<div class=\"feat-holder\">\n<div class=\"p-featured ratio-v1\"><a class=\"p-flink\" href=\"https:\/\/ortodoxinfo.ro\/2026\/07\/23\/grecia-a-blocat-al-21-lea-pachet-de-sanctiuni-impotriva-rusiei-bruxelles-ul-incearca-un-ultim-compromis-privind-transportul-gazului-rusesc\/\" title=\"Grecia a blocat al 21-lea pachet de sanc\u021biuni \u00eempotriva Rusiei. Bruxelles-ul \u00eencearc\u0103 un ultim compromis privind transportul gazului rusesc\"><img decoding=\"async\" width=\"150\" height=\"150\" src=\"https:\/\/ortodoxinfo.ro\/wp-content\/uploads\/2026\/07\/gaz-rusia-150x150.jpg\" class=\"featured-img wp-post-image\" alt loading=\"lazy\"><\/a><\/div>\n<\/div>\n<div class=\"p-content\">\n<h5 class=\"entry-title\"><a class=\"p-url\" href=\"https:\/\/ortodoxinfo.ro\/2026\/07\/23\/grecia-a-blocat-al-21-lea-pachet-de-sanctiuni-impotriva-rusiei-bruxelles-ul-incearca-un-ultim-compromis-privind-transportul-gazului-rusesc\/\" rel=\"bookmark\">Grecia a blocat al 21-lea pachet de sanc\u021biuni \u00eempotriva Rusiei. Bruxelles-ul \u00eencearc\u0103 un ultim compromis privind transportul gazului rusesc<\/a><\/h5>\n<div class=\"p-meta\">\n<div class=\"meta-inner is-meta\"><span class=\"meta-el meta-date\"><time datetime=\"2026-07-23T13:13:25+03:00\">23 iulie 2026<\/time><\/span><span class=\"meta-el meta-category meta-bold\"><a class=\"meta-separate category-15871\" href=\"https:\/\/ortodoxinfo.ro\/category\/anti-sistem\/al-iii-lea-razboi-mondial\/ucraina\/\">Ucraina<\/a><\/span><span class=\"meta-el meta-view\">5.6k vizualiz\u0103ri\t\t<\/span><\/div>\n<\/div>\n<\/div>\n<\/div>\n<div class=\"p-wrap p-small p-list-small-2\" data-pid=\"251326\">\n<div class=\"feat-holder\">\n<div class=\"p-featured ratio-v1\"><a class=\"p-flink\" href=\"https:\/\/ortodoxinfo.ro\/2026\/07\/23\/daca-suveranistii-ar-fi-fost-extremisti-atunci-cei-care-au-anulat-alegerile-din-2024-erau-demult-linsati-in-piata-publica\/\" title=\"Dac\u0103 suverani\u0219tii ar fi fost extremi\u0219ti, atunci cei care au anulat alegerile din 2024 erau demult lin\u0219a\u021bi \u00een pia\u021ba public\u0103\"><img decoding=\"async\" width=\"150\" height=\"150\" src=\"https:\/\/ortodoxinfo.ro\/wp-content\/uploads\/2026\/07\/8016667-mediafax-foto-alexandru-dobre-150x150.jpg\" class=\"featured-img wp-post-image\" alt loading=\"lazy\"><\/a><\/div>\n<\/div>\n<div class=\"p-content\">\n<h5 class=\"entry-title\"><a class=\"p-url\" href=\"https:\/\/ortodoxinfo.ro\/2026\/07\/23\/daca-suveranistii-ar-fi-fost-extremisti-atunci-cei-care-au-anulat-alegerile-din-2024-erau-demult-linsati-in-piata-publica\/\" rel=\"bookmark\">Dac\u0103 suverani\u0219tii ar fi fost extremi\u0219ti, atunci cei care au anulat alegerile din 2024 erau demult lin\u0219a\u021bi \u00een pia\u021ba public\u0103<\/a><\/h5>\n<div class=\"p-meta\">\n<div class=\"meta-inner is-meta\"><span class=\"meta-el meta-date\"><time datetime=\"2026-07-23T13:08:47+03:00\">23 iulie 2026<\/time><\/span><span class=\"meta-el meta-category meta-bold\"><a class=\"meta-separate category-19866\" href=\"https:\/\/ortodoxinfo.ro\/category\/lupta-pentru-romania\/\">Lupt\u0103 pentru Rom\u00e2nia<\/a><\/span><span class=\"meta-el meta-view\">4.9k vizualiz\u0103ri\t\t<\/span><\/div>\n<\/div>\n<\/div>\n<\/div>\n<div class=\"p-wrap p-small p-list-small-2\" data-pid=\"251298\">\n<div class=\"feat-holder\">\n<div class=\"p-featured ratio-v1\"><a class=\"p-flink\" href=\"https:\/\/ortodoxinfo.ro\/2026\/07\/23\/disperare-in-franta-pana-la-6-ani-de-inchisoare-pentru-dezinformare-si-ingerinte-electorale-noul-proiect-de-lege-al-guvernului\/\" title=\"Disperare \u00een Fran\u021ba: P\u00e2n\u0103 la 6 ani de \u00eenchisoare pentru \u201edezinformare\u201d \u0219i \u201eingerin\u021be electorale\u201d \u2013 noul proiect de lege al guvernului\"><img decoding=\"async\" width=\"150\" height=\"150\" src=\"https:\/\/ortodoxinfo.ro\/wp-content\/uploads\/2026\/07\/franta-pana-la-6-ani-de-inchisoare-pentru-dezinformare-si-ingerinte-electorale-noul-proiect-de-lege-150x150.jpeg\" class=\"featured-img wp-post-image\" alt loading=\"lazy\"><\/a><\/div>\n<\/div>\n<div class=\"p-content\">\n<h5 class=\"entry-title\"><a class=\"p-url\" href=\"https:\/\/ortodoxinfo.ro\/2026\/07\/23\/disperare-in-franta-pana-la-6-ani-de-inchisoare-pentru-dezinformare-si-ingerinte-electorale-noul-proiect-de-lege-al-guvernului\/\" rel=\"bookmark\">Disperare \u00een Fran\u021ba: P\u00e2n\u0103 la 6 ani de \u00eenchisoare pentru \u201edezinformare\u201d \u0219i \u201eingerin\u021be electorale\u201d \u2013 noul proiect de lege al guvernului<\/a><\/h5>\n<div class=\"p-meta\">\n<div class=\"meta-inner is-meta\"><span class=\"meta-el meta-date\"><time datetime=\"2026-07-23T12:50:08+03:00\">23 iulie 2026<\/time><\/span><span class=\"meta-el meta-category meta-bold\"><a class=\"meta-separate category-17748\" href=\"https:\/\/ortodoxinfo.ro\/category\/anti-sistem\/globalizare\/neo-marxism\/\">Neo-marxism<\/a><\/span><span class=\"meta-el meta-view\">3.7k vizualiz\u0103ri\t\t<\/span><\/div>\n<\/div>\n<\/div>\n<\/div>\n<div class=\"p-wrap p-small p-list-small-2\" data-pid=\"251088\">\n<div class=\"feat-holder\">\n<div class=\"p-featured ratio-v1\"><a class=\"p-flink\" href=\"https:\/\/ortodoxinfo.ro\/2026\/07\/22\/luati-aminte-ce-vedeti-zilele-acestea-la-televiziunile-de-stiri-cum-se-dau-gadele-ciumatu-porumbelea-de-ceasul-mortii-ca-s-a-dus-economia-in-cap-cu-pro-europenii-lor-cu-tot\/\" title=\"Lua\u021bi aminte ce vede\u021bi zilele acestea la televiziunile de \u0219tiri. Cum se dau G\u00e2dele, Ciumatu, Porumbeleaua de ceasul mor\u021bii c\u0103 s-a dus economia \u00een cap cu pro-europenii lor cu tot!\"><img decoding=\"async\" width=\"150\" height=\"150\" src=\"https:\/\/ortodoxinfo.ro\/wp-content\/uploads\/2026\/07\/image-8-150x150.jpg\" class=\"featured-img wp-post-image\" alt loading=\"lazy\"><\/a><\/div>\n<\/div>\n<div class=\"p-content\">\n<h5 class=\"entry-title\"><a class=\"p-url\" href=\"https:\/\/ortodoxinfo.ro\/2026\/07\/22\/luati-aminte-ce-vedeti-zilele-acestea-la-televiziunile-de-stiri-cum-se-dau-gadele-ciumatu-porumbelea-de-ceasul-mortii-ca-s-a-dus-economia-in-cap-cu-pro-europenii-lor-cu-tot\/\" rel=\"bookmark\">Lua\u021bi aminte ce vede\u021bi zilele acestea la televiziunile de \u0219tiri. Cum se dau G\u00e2dele, Ciumatu, Porumbeleaua de ceasul mor\u021bii c\u0103 s-a dus economia \u00een cap cu pro-europenii lor cu tot!<\/a><\/h5>\n<div class=\"p-meta\">\n<div class=\"meta-inner is-meta\"><span class=\"meta-el meta-date\"><time datetime=\"2026-07-23T13:54:50+03:00\">23 iulie 2026<\/time><\/span><span class=\"meta-el meta-category meta-bold\"><a class=\"meta-separate category-19885\" href=\"https:\/\/ortodoxinfo.ro\/category\/anti-sistem\/anti-romanism\/asasinii-tarii\/\">Asasinii \u021b\u0103rii<\/a><\/span><span class=\"meta-el meta-view\">13.6k vizualiz\u0103ri\t\t<\/span><\/div>\n<\/div>\n<\/div>\n<\/div>\n<\/div>\n<\/div>\n<div id=\"custom_html-2\" class=\"widget_text widget rb-section w-sidebar clearfix widget_custom_html\">\n<div class=\"block-h widget-heading heading-layout-1\">\n<div class=\"heading-inner\">\n<h4 class=\"heading-title\"><span>DONA\u021aII \u00een cont bancar<\/span><\/h4>\n<\/div>\n<\/div>\n<div class=\"textwidget custom-html-widget\">\n<table class=\"donatii\">\n<tbody>\n<tr>\n<th colspan=\"2\"><strong><span>Asicia\u021bia SMI-B<\/span><\/strong><\/th>\n<\/tr>\n<tr>\n<th>Cont LEI<\/th>\n<td>RO67CECEB00030RON2081955<\/td>\n<\/tr>\n<tr>\n<th>Cont EURO<\/th>\n<td>RO33CECEB000C1EUR2081978<\/td>\n<\/tr>\n<tr>\n<th>Cod SWIFT<\/th>\n<td>CECEROBU<\/td>\n<\/tr>\n<tr>\n<th colspan=\"2\"><strong>CEC BANK SA<\/strong><\/th>\n<\/tr>\n<\/tbody>\n<\/table>\n<\/div>\n<\/div>\n<\/div>\n<\/div>\n<\/div>\n<\/article>\n<div class=\"entry-content rbct clearfix is-highlight-shares\">\n<div class=\"ruby-table-contents rbtoc table-left table-fw-single-col\">\n<div class=\"toc-header\"><span class=\"h3\">Sumar<\/span><\/div>\n<div class=\"toc-content h5\"><a href=\"https:\/\/ortodoxinfo.ro\/2026\/07\/23\/stransura-mare-la-cotroceni-de-trepanati-expirati-si-ideologi-mercenari-ca-sa-l-vopseasca-pe-nimicu-in-patriot-hai-ca-au-ramas-sa-va-mai-creada-doar-scursurile-societatii\/#un-patriotism-castrat-controlat-de-la-bruxelles\" class=\"table-link no-link anchor-link\" data-index=\"rb-heading-index-0\">Un patriotism castrat, controlat de la Bruxelles<\/a><a href=\"https:\/\/ortodoxinfo.ro\/2026\/07\/23\/stransura-mare-la-cotroceni-de-trepanati-expirati-si-ideologi-mercenari-ca-sa-l-vopseasca-pe-nimicu-in-patriot-hai-ca-au-ramas-sa-va-mai-creada-doar-scursurile-societatii\/#nicusor-dan-obisnuit-sa-prosteasca-romanii\" class=\"table-link no-link anchor-link\" data-index=\"rb-heading-index-1\">Nicu\u0219or Dan, obi\u0219nuit s\u0103 prosteasc\u0103 rom\u00e2nii<\/a><a href=\"https:\/\/ortodoxinfo.ro\/2026\/07\/23\/stransura-mare-la-cotroceni-de-trepanati-expirati-si-ideologi-mercenari-ca-sa-l-vopseasca-pe-nimicu-in-patriot-hai-ca-au-ramas-sa-va-mai-creada-doar-scursurile-societatii\/#sfarsitul-lui-harpalete-romanii-sau-trezit\" class=\"table-link no-link anchor-link\" data-index=\"rb-heading-index-2\">Sf\u00e2r\u0219itul lui Harpalete: Rom\u00e2nii s-au trezit!<\/a><\/div>\n<\/div>\n<p>Degeneratul Nicu\u0219or Dan a adunat ieri la Palatul Cotroceni o ga\u0219c\u0103 de \u201eexper\u021bi independen\u021bi\u201d sub titulatura de Grupul de Reflec\u021bie Strategic\u0103 \u201eRom\u00e2nia \u00een UE\u201d ca s\u0103 lanseze un raport pompos cu titlul <em>\u201eIdentitate na\u021bional\u0103, identitate european\u0103 \u0219i provocarea populismului\u201d<\/em>. Scopul? S\u0103-l vopseasc\u0103 urgent pe Nimicu \u00eentr-un \u201epatriot\u201d \u0219i s\u0103 fure din av\u00e2ntul suveranist care cre\u0219te puternic \u00een Rom\u00e2nia.<\/p>\n<h3 id=\"un-patriotism-castrat-controlat-de-la-bruxelles\" class=\"rb-heading-index-0\">Un patriotism castrat, controlat de la Bruxelles<\/h3>\n<p>Raportul spune c\u0103 identitatea na\u021bional\u0103 \u0219i cea european\u0103 \u201enu se exclud\u201d, c\u0103 patriotismul e compatibil cu UE \u0219i c\u0103 avem nevoie de un <strong>\u201epatriotism democratic\u201d<\/strong>. Adic\u0103 un patriotism castrat, controlat de la Bruxelles, bun doar s\u0103 aplaude directivele europene \u0219i s\u0103 tac\u0103 c\u00e2nd vine vorba de suveranitatea Rom\u00e2niei. Ce manipulare ordinar\u0103!<\/p>\n<p>Uniunea European\u0103, sub bagheta Ursulei von der Leyen, a transformat de ani buni patriotismul \u00een inamic public num\u0103rul unu. Orice mi\u0219care care pune Rom\u00e2nia pe primul loc este catalogat\u0103 automat <strong>\u201epopulism\u201d<\/strong>, <strong>\u201eextrem\u0103 dreapt\u0103\u201d<\/strong> sau <strong>\u201eamenin\u021bare la adresa valorilor europene\u201d<\/strong>. De ce? Pentru c\u0103 planul lor final e clar: <strong>federalizarea total\u0103<\/strong>, transformarea statelor na\u021bionale \u00een simple provincii administrative f\u0103r\u0103 suveranitate, f\u0103r\u0103 grani\u021be reale, f\u0103r\u0103 armate na\u021bionale \u0219i f\u0103r\u0103 patriotism adev\u0103rat.<\/p>\n<h3 id=\"nicusor-dan-obisnuit-sa-prosteasca-romanii\" class=\"rb-heading-index-1\">Nicu\u0219or Dan, obi\u0219nuit s\u0103 prosteasc\u0103 rom\u00e2nii<\/h3>\n<p>\u0218i atunci vine Nicu\u0219or Dan, obi\u0219nuit s\u0103-i prosteasc\u0103 pe rom\u00e2ni de ani de zile, \u0219i ne spune cu non\u0219alan\u021b\u0103 c\u0103 \u201epatriotismul \u0219i apartenen\u021ba la UE se \u00eent\u0103resc reciproc\u201d. Harpalete Dan, rom\u00e2nii nu mai sunt pro\u0219ti ca \u00een 2019 sau 2025. Au v\u0103zut cum func\u021bioneaz\u0103 ma\u0219in\u0103ria de la Bruxelles: Green Deal care distruge agricultura, Pactul pe migra\u021bie care ne for\u021beaz\u0103 s\u0103 primim cine \u0219tie ce criminali \u0219i violatori, cenzura sub pretextul \u201ecombaterii dezinform\u0103rii\u201d \u0219i presiuni constante asupra statelor care \u00eendr\u0103znesc s\u0103-\u0219i apere interesele na\u021bionale.<\/p>\n<p>Acest \u201epatriotism democratic\u201d inventat la Cotroceni nu e altceva dec\u00e2t o \u00eencercare disperat\u0103 de a crea un <strong>suveranism de plastic<\/strong> \u2013 un partid fals patriotic, obedient fa\u021b\u0103 de Bruxelles, care s\u0103 ia voturi de la AUR \u0219i de la mi\u0219carea na\u021bional\u0103 autentic\u0103.<\/p>\n<p>De altfel, Nicu\u0219or Dan a declarat \u00eenc\u0103 de la \u00eenceputul mandatului c\u0103 se va ocupa <strong>personal<\/strong> ca AUR s\u0103 nu ajung\u0103 la guvernare. Mesajul e clar: suveranismul adev\u0103rat trebuie izolat. Permis e doar suveranismul controlat de la Cotroceni \u0219i de la Bruxelles.<\/p>\n<h3 id=\"sfarsitul-lui-harpalete-romanii-sau-trezit\" class=\"rb-heading-index-2\">Sf\u00e2r\u0219itul lui Harpalete: Rom\u00e2nii s-au trezit!<\/h3>\n<p>Raportul vorbe\u0219te frumos despre \u201evalori comune\u201d \u2013 democra\u021bie, libertate, stat de drept. Unde erau aceste valori c\u00e2nd s-au impus Rom\u00e2niei politici economice dezastruoase, c\u00e2nd s-a \u00eencercat \u00eengenuncherea fermierilor rom\u00e2ni \u00een favoarea marilor corpora\u021bii, c\u00e2nd s-au anulat alegerile sau c\u00e2nd se preg\u0103te\u0219te federalizarea care \u00eenseamn\u0103 sf\u00e2r\u0219itul statului na\u021bional?<\/p>\n<p>Rom\u00e2nii s-au trezit. Valul suveranist nu mai poate fi oprit cu rapoarte cosmetizate \u0219i cu adun\u0103turi de ideologi expira\u021bi. Patriotismul nu se negociaz\u0103 la Cotroceni \u0219i nu se supune ordinelor de la Bruxelles. Patriotismul \u00eenseamn\u0103 s\u0103 pui <strong>Rom\u00e2nia pe primul loc<\/strong>, nu s\u0103-i serve\u0219ti interesele altora sub stindardul \u201evalorilor europene\u201d.<\/p>\n<p>Nicu\u0219or Dan \u0219i trupa lui pot s\u0103 organizeze c\u00e2te reuniuni strategice vor. Pot s\u0103 inventeze c\u00e2t vor \u201epatriotisme democratice\u201d. Rom\u00e2nii au v\u0103zut deja prea multe minciuni ale unor incapabili \u0219i prea multe tr\u0103d\u0103ri. Timpul minciunilor s-a terminat.<\/p>\n<div class=\"inline-single-ad ad_single_3_index alignfull\">\n<div class=\"ad-wrap ad-script-wrap\">\n<div class=\"ad-script non-adsense edge-padding\">\n<div>\n\u203c\ufe0f\u203c\ufe0f NU recunoa\u0219tem ca pre\u0219edinte al Rom\u00e2niei pe marioneta retard\u0103 Nicu\u0219or Dan! Rom\u00e2ni, boicota\u021bi aceast\u0103 f\u0103c\u0103tur\u0103, care ne face \u021bara de r\u00e2s! NU rom\u00e2nii l-au votat pe Nicusoro\u0219 &#8211; cu unele excep\u021bii de persoane infantile, manipulabile \u0219i chiar idioate &#8211; ci l-au ajutat Maia Soro\u0219, Emanuel Macrou \u0219i tr\u0103d\u0103torii de la B.E.C. \u0219i CCR!<br \/>\n La \u00eenchisoare cu cei care au fraudat alegerile!\n<\/div>\n<\/div>\n<\/div>\n<\/div>\n<p><strong>Tr\u0103iasc\u0103 Rom\u00e2nia suveran\u0103!<\/strong><br \/>\nRestul e doar teatru ieftin la Cotroceni.<\/p>\n<\/div>\n<p>[analyse_source url=&#8221;https:\/\/ortodoxinfo.ro\/2026\/07\/23\/stransura-mare-la-cotroceni-de-trepanati-expirati-si-ideologi-mercenari-ca-sa-l-vopseasca-pe-nimicu-in-patriot-hai-ca-au-ramas-sa-va-mai-creada-doar-scursurile-societatii\/&#8221;]<\/p>\n","protected":false},"excerpt":{"rendered":"<p>[analyse_image type=&#8221;featured&#8221; src=&#8221;https:\/\/ortodoxinfo.ro\/wp-content\/uploads\/2026\/07\/Screenshot_20260723_005941_Facebook.jpghttps:\/\/ortodoxinfo.ro\/wp-content\/uploads\/2026\/07\/Screenshot_20260723_005941_Facebook.jpg&#8221;] Prima pagin\u0103 \u00bb Blog \u00bb Str\u00e2nsur\u0103 mare la Cotroceni de trepana\u021bi expira\u021bi \u0219i ideologi mercenari ca s\u0103-l vopseasc\u0103 pe Nimicu \u00een patriot! Hai c\u0103 au r\u0103mas s\u0103 v\u0103 mai cread\u0103 doar scursurile societ\u0103\u021bii! Str\u00e2nsur\u0103 mare la Cotroceni de trepana\u021bi expira\u021bi \u0219i ideologi mercenari ca s\u0103-l vopseasc\u0103 pe Nimicu \u00een patriot! Hai c\u0103 [&hellip;]<\/p>\n","protected":false},"author":1,"featured_media":0,"comment_status":"open","ping_status":"","sticky":false,"template":"","format":"standard","meta":{"footnotes":""},"categories":[89],"tags":[226,94],"class_list":["post-2058472","post","type-post","status-publish","format-standard","hentry","category-romania","tag-crawlmanager","tag-ortodoxinfo-ro"],"_links":{"self":[{"href":"https:\/\/analyse.optim.biz\/index.php?rest_route=\/wp\/v2\/posts\/2058472","targetHints":{"allow":["GET"]}}],"collection":[{"href":"https:\/\/analyse.optim.biz\/index.php?rest_route=\/wp\/v2\/posts"}],"about":[{"href":"https:\/\/analyse.optim.biz\/index.php?rest_route=\/wp\/v2\/types\/post"}],"author":[{"embeddable":true,"href":"https:\/\/analyse.optim.biz\/index.php?rest_route=\/wp\/v2\/users\/1"}],"replies":[{"embeddable":true,"href":"https:\/\/analyse.optim.biz\/index.php?rest_route=%2Fwp%2Fv2%2Fcomments&post=2058472"}],"version-history":[{"count":0,"href":"https:\/\/analyse.optim.biz\/index.php?rest_route=\/wp\/v2\/posts\/2058472\/revisions"}],"wp:attachment":[{"href":"https:\/\/analyse.optim.biz\/index.php?rest_route=%2Fwp%2Fv2%2Fmedia&parent=2058472"}],"wp:term":[{"taxonomy":"category","embeddable":true,"href":"https:\/\/analyse.optim.biz\/index.php?rest_route=%2Fwp%2Fv2%2Fcategories&post=2058472"},{"taxonomy":"post_tag","embeddable":true,"href":"https:\/\/analyse.optim.biz\/index.php?rest_route=%2Fwp%2Fv2%2Ftags&post=2058472"}],"curies":[{"name":"wp","href":"https:\/\/api.w.org\/{rel}","templated":true}]}}