{"id":2058470,"date":"2026-07-23T10:08:03","date_gmt":"2026-07-23T07:08:03","guid":{"rendered":"https:\/\/analyse.optim.biz\/?p=2058470"},"modified":"2026-07-23T10:08:03","modified_gmt":"2026-07-23T07:08:03","slug":"daca-suveranistii-ar-fi-fost-extremisti-atunci-cei-care-au-anulat-alegerile-din-2024-erau-demult-linsati-in-piata-publica","status":"publish","type":"post","link":"https:\/\/analyse.optim.biz\/?p=2058470","title":{"rendered":"Dac\u0103 suverani\u0219tii ar fi fost extremi\u0219ti, atunci cei care au anulat alegerile din 2024 erau demult lin\u0219a\u021bi \u00een pia\u021ba public\u0103"},"content":{"rendered":"<p>[analyse_image type=&#8221;featured&#8221; src=&#8221;https:\/\/ortodoxinfo.ro\/wp-content\/uploads\/2026\/07\/8016667-mediafax-foto-alexandru-dobre-scaled.jpghttps:\/\/ortodoxinfo.ro\/wp-content\/uploads\/2026\/07\/8016667-mediafax-foto-alexandru-dobre-scaled.jpg&#8221;]<\/p>\n<article id=\"post-251326\" class=\"post-251326 post type-post status-publish format-standard has-post-thumbnail category-lupta-pentru-romania\">\n<header class=\"single-header\">\n<aside class=\"breadcrumb-wrap breadcrumb-yoast s-breadcrumb\">\n<div class=\"breadcrumb-inner\"><span><span><a href=\"https:\/\/ortodoxinfo.ro\/\">Prima pagin\u0103<\/a><\/span> \u00bb <span><a href=\"https:\/\/ortodoxinfo.ro\/blog\/\">Blog<\/a><\/span> \u00bb <span class=\"breadcrumb_last\" aria-current=\"page\">Dac\u0103 suverani\u0219tii ar fi fost extremi\u0219ti, atunci cei care au anulat alegerile din 2024 erau demult lin\u0219a\u021bi \u00een pia\u021ba public\u0103<\/span><\/span><\/div>\n<\/aside>\n<h1 class=\"s-title fw-headline\">Dac\u0103 suverani\u0219tii ar fi fost extremi\u0219ti, atunci cei care au anulat alegerile din 2024 erau demult lin\u0219a\u021bi \u00een pia\u021ba public\u0103<\/h1>\n<div class=\"single-meta meta-s-default yes-0\">\n<div class=\"smeta-in\"><a class=\"meta-el meta-avatar\" href=\"https:\/\/ortodoxinfo.ro\/author\/redactor\/\"><img loading=\"lazy\" decoding=\"async\" alt=\"OrtodoxINFO\" src=\"https:\/\/secure.gravatar.com\/avatar\/21010332354a182ce4de6016685c5586f21c51866d0ec5bc8ef383240b3c3e02?s=120&amp;r=g\" class=\"avatar avatar-120 photo\" height=\"120\" width=\"120\"><\/a><\/p>\n<div class=\"smeta-sec\">\n<div class=\"p-meta\">\n<div class=\"meta-inner is-meta\"><span class=\"meta-el meta-date\"><time datetime=\"2026-07-23T13:08:47+03:00\">23 iulie 2026<\/time><\/span><span class=\"meta-el meta-category meta-bold\"><a class=\"meta-separate category-19866\" href=\"https:\/\/ortodoxinfo.ro\/category\/lupta-pentru-romania\/\">Lupt\u0103 pentru Rom\u00e2nia<\/a><\/span><span class=\"meta-el meta-view\">4.8k vizualiz\u0103ri\t\t<\/span><span class=\"meta-el meta-comment mobile-last-meta tablet-last-meta\"><a href=\"https:\/\/ortodoxinfo.ro\/2026\/07\/23\/daca-suveranistii-ar-fi-fost-extremisti-atunci-cei-care-au-anulat-alegerile-din-2024-erau-demult-linsati-in-piata-publica\/#comments\">1 comentariu<\/a><\/span><\/div>\n<\/div>\n<\/div>\n<\/div>\n<div class=\"smeta-extra\">\n<div class=\"t-shared-sec tooltips-n has-read-meta is-color\">\n<div class=\"t-shared-header is-meta\"><span class=\"share-label\">Share<\/span><\/div>\n<\/div>\n<div class=\"single-right-meta single-time-read is-meta\"><span class=\"meta-el meta-read\">5 Min Read<\/span><\/div>\n<\/div>\n<\/div>\n<\/header>\n<div class=\"grid-container\">\n<div class=\"s-ct\">\n<div class=\"s-feat-outer\">\n<div class=\"s-feat\">\n<div class=\"featured-lightbox-trigger\" data-source=\"https:\/\/ortodoxinfo.ro\/wp-content\/uploads\/2026\/07\/8016667-mediafax-foto-alexandru-dobre-scaled.jpg\" data-caption=\"Cateva mii de persoane participa la un protest impotriva anularii alegerilor prezidentiale, in fata sediului Curtii Constitutionale a Romaniei, in Bucuresti, vineri, 10 ianuarie 2025. ALEXANDRU DOBRE\/ MEDIAFAX FOTO.\" data-attribution><img fetchpriority=\"high\" decoding=\"async\" width=\"860\" height=\"573\" src=\"https:\/\/ortodoxinfo.ro\/wp-content\/uploads\/2026\/07\/8016667-mediafax-foto-alexandru-dobre-860x573.jpg\" class=\"attachment-foxiz_crop_o1 size-foxiz_crop_o1 wp-post-image\" alt loading=\"eager\"><\/div>\n<\/div>\n<div class=\"feat-caption meta-text\"><span class=\"caption-text meta-bold\">Cateva mii de persoane participa la un protest impotriva anularii alegerilor prezidentiale, in fata sediului Curtii Constitutionale a Romaniei, in Bucuresti, vineri, 10 ianuarie 2025. ALEXANDRU DOBRE\/ MEDIAFAX FOTO.<\/span><\/div>\n<\/div>\n<div class=\"s-ct-wrap has-lsl\">\n<div class=\"s-ct-inner\">\n<div class=\"l-shared-sec-outer show-mobile\">\n<div class=\"l-shared-sec\">\n<div class=\"l-shared-header meta-text\"><span class=\"share-label\">SHARE<\/span><\/div>\n<\/div>\n<\/div>\n<div class=\"e-ct-outer\">\n<div class=\"entry-top\">\n<div id=\"custom_html-3\" class=\"widget_text widget entry-widget clearfix widget_custom_html\">\n<div class=\"textwidget custom-html-widget\">\n<div><small><br \/>\n    OrtodoxINFO este supus unui sabotaj sistematic din partea reprezentan\u021bilor Google Rom\u00e2nia, at\u00e2t la afi\u0219\u0103ri c\u00e2t \u0219i \u00een rezultatele de c\u0103utare.<br \/>\n        Astfel c\u0103 veniturile din publicitate au sc\u0103zut de p\u00e2n\u0103 la <strong>10 ori<\/strong>. Situa\u021bia este similar\u0103 \u0219i pe Facebook.<\/p>\n<p>        V\u0103 invit\u0103m s\u0103 accesa\u021bi direct site-ul \u0219i s\u0103 v\u0103 abona\u021bi la notific\u0103ri.<\/p>\n<p>    Dac\u0103 dori\u021bi s\u0103 ne sus\u021bine\u021bi \u00een aceast\u0103 perioad\u0103 dificil\u0103, orice <a href=\"https:\/\/ortodoxinfo.ro\/donatii\/\">dona\u021bie<\/a> este binevenit\u0103.<br \/>\n    Dumnezeu s\u0103 v\u0103 r\u0103spl\u0103teasc\u0103!<br \/>\n<\/small><\/div>\n<\/div>\n<\/div>\n<\/div>\n<div class=\"entry-content rbct clearfix is-highlight-shares\">\n<p>Mi\u0219carea suveranist\u0103 din Rom\u00e2nia a fost supus\u0103, \u00een ultimii ani, unei campanii de denigrare f\u0103r\u0103 precedent. Pe toate ecranele televiziunilor \u0219i \u00een oficinele de propagand\u0103 neomarxist\u0103 \u0219i antirom\u00e2neasc\u0103 se repet\u0103 obsesiv eticheta de \u201eextremism\u201d. Realitatea este \u00eens\u0103 diametral opus\u0103. Dac\u0103 suverani\u0219tii ar fi fost cu adev\u0103rat extremi\u0219ti, cei care au anulat alegerile preziden\u021biale ar fi pl\u0103tit de mult pre\u021bul cel mai scump. Nu s-a \u00eent\u00e2mplat nimic din toate acestea. De ce? Pentru c\u0103 suverani\u0219tii sunt oameni pa\u0219nici, echilibra\u021bi \u0219i profund ancorati \u00een valorile cre\u0219tine \u0219i patriotice.<\/p>\n<p>Membrii mi\u0219c\u0103rii suveraniste, votan\u021bii AUR \u0219i cei care l-au sus\u021binut pe C\u0103lin Georgescu reprezint\u0103 o Rom\u00e2nie autentic\u0103. Sunt oameni credincio\u0219i, cu fric\u0103 de Dumnezeu, care \u00ee\u0219i cresc copiii \u00een respectul fa\u021b\u0103 de lege, de tradi\u021bie \u0219i de semeni. Sunt gospodari one\u0219ti, patrio\u021bi sinceri, care doresc stabilitate, prosperitate \u0219i o \u021bar\u0103 \u00een care tinerii s\u0103 nu mai fie nevoi\u021bi s\u0103 plece peste hotare pentru o via\u021b\u0103 decent\u0103. Ei vor o Rom\u00e2nie \u00een care fiecare cet\u0103\u021bean s\u0103 se poat\u0103 realiza conform competen\u021belor, preg\u0103tirii \u0219i muncii depuse, nu pe criterii de pile, apartenen\u021b\u0103 politic\u0103 sau obedien\u021b\u0103 fa\u021b\u0103 de agende str\u0103ine.<\/p>\n<p>Aceast\u0103 mi\u0219care nu a fost inventat\u0103 \u00een laboratoare de la Bruxelles sau Washington. Ea s-a n\u0103scut din popor, din s\u00e2nul familiilor rom\u00e2ne\u0219ti normale, din frustrarea acumulat\u0103 fa\u021b\u0103 de o clas\u0103 politic\u0103 ce a tratat \u021bara ca pe o colonie de exploatat. Suverani\u0219tii nu ur\u0103sc, nu vor violen\u021b\u0103 \u0219i nu promoveaz\u0103 haosul. Dimpotriv\u0103, ei sunt cea mai echilibrat\u0103 component\u0103 a societ\u0103\u021bii rom\u00e2ne\u0219ti \u2013 tocmai pentru c\u0103 pun deasupra tuturor interesul na\u021bional \u0219i valorile perene.<\/p>\n<p>Contrastul cu portretul pe care i-l fac trompetele de serviciu este strident. De diminea\u021ba p\u00e2n\u0103 seara, pe toate \u201elatrinele TV\u201d, se beh\u0103ie acelea\u0219i lozinci: extremi\u0219ti, pericol la adresa democra\u021biei, amenin\u021bare la securitate. Aceia\u0219i care au t\u0103cut sau au aplaudat c\u00e2nd s-au comis abuzuri grave dup\u0103 anularea alegerilor. De atunci, lista nedrept\u0103\u021bilor s-a lungit \u00eengrijor\u0103tor: presiuni asupra justi\u021biei, manipul\u0103ri mediatice grosolane, tentative de marginalizare a oric\u0103rei voci care contest\u0103 linia oficial\u0103. Toate acestea demonstreaz\u0103 cine sunt adev\u0103ra\u021bii extremi\u0219ti \u2013 cei care vor desfiin\u021barea mi\u0219c\u0103rii suveraniste, denigratorii ei sistematici, antirom\u00e2nii care v\u0103d \u00een orice afirmare a identit\u0103\u021bii na\u021bionale un pericol.<\/p>\n<p>Un exemplu elocvent a fost comportamentul suverani\u0219tilor dup\u0103 denigrarea \u0219i manipularea la care a fost supus George Simion \u00een contextul alegerilor preziden\u021biale. Orice mi\u0219care cu adev\u0103rat extremist\u0103 ar fi cobor\u00e2t \u00een strad\u0103, ar fi produs violen\u021be, jafuri, v\u0103rs\u0103ri de s\u00e2nge. Suverani\u0219tii nu au f\u0103cut-o. Au r\u0103mas pa\u0219nici, au protestat civilizat, au apelat la argumente \u0219i la lege. Pentru c\u0103 sunt oameni cu fric\u0103 de Dumnezeu, care \u0219tiu c\u0103 dreptatea adev\u0103rat\u0103 nu se ob\u021bine prin violen\u021b\u0103 oarb\u0103. Aceast\u0103 re\u021binere nu este sl\u0103biciune, ci dovad\u0103 de maturitate \u0219i echilibru.<\/p>\n<p>C\u0103lin Georgescu a atras aten\u021bia tocmai prin lucr\u0103rile \u0219i discursul s\u0103u care pun accent pe suveranitate, pe valorile tradi\u021bionale rom\u00e2ne\u0219ti, pe economia na\u021bional\u0103 \u0219i pe refuzul de a accepta umilirea continu\u0103 a Rom\u00e2niei. Interesul fa\u021b\u0103 de ideile sale nu vine din fanatism, ci din setea de normalitate a unui popor obosit de experimente globaliste care au adus doar declin demografic, dependen\u021b\u0103 economic\u0103 \u0219i degradare moral\u0103.<\/p>\n<p>Mi\u0219carea suveranist\u0103 nu este extremist\u0103. Este de extrem\u0103 necesitate pentru salvarea Rom\u00e2niei. Ea reprezint\u0103 singura \u0219ans\u0103 real\u0103 de a opri dezmembrarea statului na\u021bional, de a readuce demnitatea poporului rom\u00e2n \u0219i de a construi o \u021bar\u0103 \u00een care copiii no\u0219tri s\u0103 vrea s\u0103 r\u0103m\u00e2n\u0103 \u0219i s\u0103 se implice. Cei care o atac\u0103 cu furie o fac tocmai pentru c\u0103 \u0219tiu c\u0103 reprezint\u0103 o amenin\u021bare la adresa sistemului lor bazat pe supunere \u0219i resemnare.<\/p>\n<p>Suverani\u0219tii au dovedit c\u0103 sunt partea cea mai responsabil\u0103 \u0219i mai echilibrat\u0103 a societ\u0103\u021bii. Au r\u0103bdare, au credin\u021b\u0103 \u0219i au speran\u021b\u0103. Dar r\u0103bdarea nu este infinit\u0103. Este timpul ca cei care au furat voin\u021ba poporului s\u0103 \u00een\u021beleag\u0103 c\u0103 nu prin denigrare \u0219i represiune se rezolv\u0103 problemele Rom\u00e2niei, ci prin respectarea suveranit\u0103\u021bii na\u021bionale \u0219i a voin\u021bei cet\u0103\u021benilor. Rom\u00e2nia suveran\u0103 nu este un pericol \u2013 este singura solu\u021bie.<\/p>\n<\/div>\n<\/div>\n<\/div>\n<div class=\"e-shared-sec entry-sec\">\n<div class=\"e-shared-header h4\"><span>Distribuie<\/span><\/div>\n<div class=\"rbbsl tooltips-n effect-fadeout is-bg\"><a class=\"share-action share-trigger icon-facebook\" aria-label=\"Share on Facebook\" href=\"https:\/\/www.facebook.com\/sharer.php?u=https%3A%2F%2Fortodoxinfo.ro%2F2026%2F07%2F23%2Fdaca-suveranistii-ar-fi-fost-extremisti-atunci-cei-care-au-anulat-alegerile-din-2024-erau-demult-linsati-in-piata-publica%2F\" data-title=\"Facebook\" rel=\"nofollow\"><span>Facebook<\/span><\/a><a class=\"share-action share-trigger icon-twitter\" aria-label=\"Share on X\" href=\"https:\/\/twitter.com\/intent\/tweet?text=Dac%C4%83+suverani%C8%99tii+ar+fi+fost+extremi%C8%99ti%2C+atunci+cei+care+au+anulat+alegerile+din+2024+erau+demult+lin%C8%99a%C8%9Bi+%C3%AEn+pia%C8%9Ba+public%C4%83&amp;url=https%3A%2F%2Fortodoxinfo.ro%2F2026%2F07%2F23%2Fdaca-suveranistii-ar-fi-fost-extremisti-atunci-cei-care-au-anulat-alegerile-din-2024-erau-demult-linsati-in-piata-publica%2F&amp;via=ortodoxinforo\" data-title=\"X\" rel=\"nofollow\"><span>X<\/span><\/a><a class=\"share-action icon-whatsapp is-web\" aria-label=\"Share on Whatsapp\" href=\"https:\/\/web.whatsapp.com\/send?text=Dac%C4%83+suverani%C8%99tii+ar+fi+fost+extremi%C8%99ti%2C+atunci+cei+care+au+anulat+alegerile+din+2024+erau+demult+lin%C8%99a%C8%9Bi+%C3%AEn+pia%C8%9Ba+public%C4%83%20%E2%98%9E%20https%3A%2F%2Fortodoxinfo.ro%2F2026%2F07%2F23%2Fdaca-suveranistii-ar-fi-fost-extremisti-atunci-cei-care-au-anulat-alegerile-din-2024-erau-demult-linsati-in-piata-publica%2F\" target=\"_blank\" data-title=\"WhatsApp\" rel=\"nofollow\"><span>Whatsapp<\/span><\/a><a class=\"share-action icon-whatsapp is-mobile\" aria-label=\"Share on Whatsapp\" href=\"\/\/send?text=Dac%C4%83+suverani%C8%99tii+ar+fi+fost+extremi%C8%99ti%2C+atunci+cei+care+au+anulat+alegerile+din+2024+erau+demult+lin%C8%99a%C8%9Bi+%C3%AEn+pia%C8%9Ba+public%C4%83%20%E2%98%9E%20https%3A%2F%2Fortodoxinfo.ro%2F2026%2F07%2F23%2Fdaca-suveranistii-ar-fi-fost-extremisti-atunci-cei-care-au-anulat-alegerile-din-2024-erau-demult-linsati-in-piata-publica%2F\" target=\"_blank\" data-title=\"WhatsApp\" rel=\"nofollow\"><span>Whatsapp<\/span><\/a><a class=\"share-action share-trigger icon-telegram\" aria-label=\"Share on Telegram\" href=\"https:\/\/t.me\/share\/?url=https%3A%2F%2Fortodoxinfo.ro%2F2026%2F07%2F23%2Fdaca-suveranistii-ar-fi-fost-extremisti-atunci-cei-care-au-anulat-alegerile-din-2024-erau-demult-linsati-in-piata-publica%2F&amp;text=Dac%C4%83+suverani%C8%99tii+ar+fi+fost+extremi%C8%99ti%2C+atunci+cei+care+au+anulat+alegerile+din+2024+erau+demult+lin%C8%99a%C8%9Bi+%C3%AEn+pia%C8%9Ba+public%C4%83\" data-title=\"Telegram\" rel=\"nofollow\"><span>Telegram<\/span><\/a><a class=\"share-action icon-copy copy-trigger\" aria-label=\"Copy Link\" href=\"https:\/\/ortodoxinfo.ro\/2026\/07\/23\/daca-suveranistii-ar-fi-fost-extremisti-atunci-cei-care-au-anulat-alegerile-din-2024-erau-demult-linsati-in-piata-publica\/\" data-copied=\"Copied!\" data-link=\"https:\/\/ortodoxinfo.ro\/2026\/07\/23\/daca-suveranistii-ar-fi-fost-extremisti-atunci-cei-care-au-anulat-alegerile-din-2024-erau-demult-linsati-in-piata-publica\/\" rel=\"nofollow\" data-copy=\"Copy Link\"><span>Copy Link<\/span><\/a><a class=\"share-action icon-print\" aria-label=\"Print\" rel=\"nofollow\" data-title=\"Print\"><span>Print<\/span><\/a><\/div>\n<\/div>\n<\/div>\n<div id=\"tabs\" class=\"dntplgn_form_wrapper\"><span><\/p>\n<h2>\u0218tirile sunt sub cenzur\u0103! Sprijini\u021bi OrtodoxINFO!<\/h2>\n<p>Guvernul nu dore\u0219te aflarea adev\u0103rului despre lovitura de stat \u0219i \u00eengenuncherea Rom\u00e2niei. \u00cencerc\u0103m s\u0103 men\u021binem viu acest site \u0219i s\u0103 v\u0103 punem la dispozi\u021bie informa\u021bii care s\u0103 fac\u0103 lumin\u0103 \u00een cea mai mare provocare pe care o tr\u0103im. Jurnalismul independent al portalului OrtodoxINFO func\u021bioneaz\u0103 strict cu ajutorul cititorilor.<br \/>\nNe pute\u021bi sprijini printr-o <b><a href=\"https:\/\/ortodoxinfo.ro\/donatii\/\">dona\u021bie bancar\u0103<\/a> sau prin PayPal, complet\u00e2nd formularul de mai jos.<\/b><\/span><\/p>\n<ul>\n<li><a href=\"https:\/\/ortodoxinfo.ro\/2026\/07\/23\/daca-suveranistii-ar-fi-fost-extremisti-atunci-cei-care-au-anulat-alegerile-din-2024-erau-demult-linsati-in-piata-publica\/#tabs-1\">Dona\u021bie lunar\u0103<\/a><\/li>\n<li><a href=\"https:\/\/ortodoxinfo.ro\/2026\/07\/23\/daca-suveranistii-ar-fi-fost-extremisti-atunci-cei-care-au-anulat-alegerile-din-2024-erau-demult-linsati-in-piata-publica\/#tabs-2\">Doar acum<\/a><\/li>\n<\/ul>\n<div id=\"tabs-1\"><img loading=\"lazy\" decoding=\"async\" alt border=\"0\" src=\"https:\/\/www.paypalobjects.com\/en_US\/i\/scr\/pixel.gif\" width=\"1\" height=\"1\"><\/div>\n<div id=\"tabs-2\">\n<p>\t\t     \u20ac<\/p>\n<p>\t\t    <img loading=\"lazy\" decoding=\"async\" alt border=\"0\" src=\"https:\/\/www.paypalobjects.com\/en_US\/i\/scr\/pixel.gif\" width=\"1\" height=\"1\"><\/div>\n<p>Mul\u021bumim celor care ne-au ajutat p\u00e2n\u0103 acum!\n\t<\/p><\/div>\n<div class=\"comment-box-wrap entry-sec\">\n<div class=\"comment-box-header\"><span class=\"h3\">1 comentariu<\/span><\/div>\n<div class=\"comment-holder\">\n<div id=\"comments\" class=\"comments-area\">\n<div class=\"rb-section\">\n<ul class=\"comment-list entry\">\n<li id=\"comment-250608\" class=\"comment even thread-even depth-1\">\n<article id=\"div-comment-250608\" class=\"comment-body\">\n<footer class=\"comment-meta\">\n<div class=\"comment-author vcard\"><img loading=\"lazy\" decoding=\"async\" alt src=\"https:\/\/secure.gravatar.com\/avatar\/132fd989bad4ee2d55aa9692aa73d0475d12ca598eaa976fcddf813d6586cb5e?s=100&amp;r=g\" class=\"avatar avatar-100 photo\" height=\"100\" width=\"100\"><b class=\"fn\">Magda<\/b><span class=\"says\">spune:<\/span><\/div>\n<div class=\"comment-metadata\"><a href=\"https:\/\/ortodoxinfo.ro\/2026\/07\/23\/daca-suveranistii-ar-fi-fost-extremisti-atunci-cei-care-au-anulat-alegerile-din-2024-erau-demult-linsati-in-piata-publica\/#comment-250608\"><time datetime=\"2026-07-23T13:52:20+03:00\">23 iulie 2026 la 13:52<\/time><\/a><\/div>\n<\/footer>\n<div class=\"comment-content\">\n<p>Total de acord, dar rom\u00e2nii trebuie s\u0103 \u0219tie c\u0103, atunci c\u00e2nd tr\u0103iesc \u00een tiranie, au obliga\u021bia de a instaura legea \u0219i dreptatea divin\u0103, chiar \u0219i cu sabia. C\u00e2nd te supui unui parlament ilegitim, unui stat terorist, unor politicieni masoni, anticre\u0219tini, care au asasinat pe fratele t\u0103u cre\u0219tin pentru putere, atunci \u00eencetezi s\u0103 mai fi cre\u0219tin \u0219i devii complice cu criminalii, cu asasinii fratelui t\u0103u cre\u0219tin. Toleran\u021ba \u0219i bun\u0103tatea au o limit\u0103, clar\u0103 stabilit\u0103 de Dumnezeu, familia, neamul, p\u0103m\u00e2ntul,   libertatea, biserica. C\u00e2nd toate aceste valori sfinte  primite de la Dumnezeu t\u0103u sunt atacate, distruse, p\u00e2ng\u0103rite de vrajma\u0219ii t\u0103i, chiar de acela\u0219i neam, ai obliga\u021bia de a le ap\u0103ra \u0219i de a instaura dreptatea, justi\u021bia divin\u0103, chiar \u0219i prin sabie. Dumnezeu este Domnul O\u0219tirilor, cel care este biruitor, care a biruit lumea, a instaurat na\u021biunile, le-a dat p\u0103m\u00e2ntul, legea, biserica, prin noul leg\u0103m\u00e2nt \u0219i toate aceste valori primite, trebuie ap\u0103rate cu pre\u021bul vie\u021bii, de c\u0103tre cre\u0219tini.<\/p>\n<\/div>\n<div class=\"reply\"><a rel=\"nofollow\" class=\"comment-reply-link\" href=\"https:\/\/ortodoxinfo.ro\/2026\/07\/23\/daca-suveranistii-ar-fi-fost-extremisti-atunci-cei-care-au-anulat-alegerile-din-2024-erau-demult-linsati-in-piata-publica\/#comment-250608\" data-commentid=\"250608\" data-postid=\"251326\" data-belowelement=\"div-comment-250608\" data-respondelement=\"respond\" data-replyto=\"R\u0103spunde-i lui Magda\" aria-label=\"R\u0103spunde-i lui Magda\">R\u0103spunde<\/a><\/div>\n<\/article>\n<\/li>\n<\/ul>\n<\/div>\n<div id=\"respond\" class=\"comment-respond\">\n<h3 id=\"reply-title\" class=\"comment-reply-title\">Las\u0103 un r\u0103spuns <small><a rel=\"nofollow\" id=\"cancel-comment-reply-link\" href=\"https:\/\/ortodoxinfo.ro\/2026\/07\/23\/daca-suveranistii-ar-fi-fost-extremisti-atunci-cei-care-au-anulat-alegerile-din-2024-erau-demult-linsati-in-piata-publica\/#respond\">Anuleaz\u0103 r\u0103spunsul<\/a><\/small><\/h3>\n<p class=\"comment-notes\"><span id=\"email-notes\">Adresa ta de email nu va fi publicat\u0103.<\/span><span class=\"required-field-message\">C\u00e2mpurile obligatorii sunt marcate cu <span class=\"required\">*<\/span><\/span><\/p>\n<\/div>\n<\/div>\n<\/div>\n<\/div>\n<\/div>\n<div class=\"sidebar-wrap single-sidebar\">\n<div class=\"sidebar-inner clearfix\">\n<div id=\"widget-post-2\" class=\"widget rb-section w-sidebar clearfix widget-post\">\n<div class=\"block-h widget-heading heading-layout-1\">\n<div class=\"heading-inner\">\n<h4 class=\"heading-title\"><span>Articole recente<\/span><\/h4>\n<\/div>\n<\/div>\n<div class=\"widget-p-listing\">\n<div class=\"p-wrap p-small p-list-small-2\" data-pid=\"251249\">\n<div class=\"feat-holder\">\n<div class=\"p-featured ratio-v1\"><a class=\"p-flink\" href=\"https:\/\/ortodoxinfo.ro\/2026\/07\/23\/grecia-a-blocat-al-21-lea-pachet-de-sanctiuni-impotriva-rusiei-bruxelles-ul-incearca-un-ultim-compromis-privind-transportul-gazului-rusesc\/\" title=\"Grecia a blocat al 21-lea pachet de sanc\u021biuni \u00eempotriva Rusiei. Bruxelles-ul \u00eencearc\u0103 un ultim compromis privind transportul gazului rusesc\"><img decoding=\"async\" width=\"150\" height=\"150\" src=\"https:\/\/ortodoxinfo.ro\/wp-content\/uploads\/2026\/07\/gaz-rusia-150x150.jpg\" class=\"featured-img wp-post-image\" alt loading=\"lazy\"><\/a><\/div>\n<\/div>\n<div class=\"p-content\">\n<h5 class=\"entry-title\"><a class=\"p-url\" href=\"https:\/\/ortodoxinfo.ro\/2026\/07\/23\/grecia-a-blocat-al-21-lea-pachet-de-sanctiuni-impotriva-rusiei-bruxelles-ul-incearca-un-ultim-compromis-privind-transportul-gazului-rusesc\/\" rel=\"bookmark\">Grecia a blocat al 21-lea pachet de sanc\u021biuni \u00eempotriva Rusiei. Bruxelles-ul \u00eencearc\u0103 un ultim compromis privind transportul gazului rusesc<\/a><\/h5>\n<div class=\"p-meta\">\n<div class=\"meta-inner is-meta\"><span class=\"meta-el meta-date\"><time datetime=\"2026-07-23T13:13:25+03:00\">23 iulie 2026<\/time><\/span><span class=\"meta-el meta-category meta-bold\"><a class=\"meta-separate category-15871\" href=\"https:\/\/ortodoxinfo.ro\/category\/anti-sistem\/al-iii-lea-razboi-mondial\/ucraina\/\">Ucraina<\/a><\/span><span class=\"meta-el meta-view\">5.6k vizualiz\u0103ri\t\t<\/span><\/div>\n<\/div>\n<\/div>\n<\/div>\n<div class=\"p-wrap p-small p-list-small-2\" data-pid=\"251298\">\n<div class=\"feat-holder\">\n<div class=\"p-featured ratio-v1\"><a class=\"p-flink\" href=\"https:\/\/ortodoxinfo.ro\/2026\/07\/23\/disperare-in-franta-pana-la-6-ani-de-inchisoare-pentru-dezinformare-si-ingerinte-electorale-noul-proiect-de-lege-al-guvernului\/\" title=\"Disperare \u00een Fran\u021ba: P\u00e2n\u0103 la 6 ani de \u00eenchisoare pentru \u201edezinformare\u201d \u0219i \u201eingerin\u021be electorale\u201d \u2013 noul proiect de lege al guvernului\"><img decoding=\"async\" width=\"150\" height=\"150\" src=\"https:\/\/ortodoxinfo.ro\/wp-content\/uploads\/2026\/07\/franta-pana-la-6-ani-de-inchisoare-pentru-dezinformare-si-ingerinte-electorale-noul-proiect-de-lege-150x150.jpeg\" class=\"featured-img wp-post-image\" alt loading=\"lazy\"><\/a><\/div>\n<\/div>\n<div class=\"p-content\">\n<h5 class=\"entry-title\"><a class=\"p-url\" href=\"https:\/\/ortodoxinfo.ro\/2026\/07\/23\/disperare-in-franta-pana-la-6-ani-de-inchisoare-pentru-dezinformare-si-ingerinte-electorale-noul-proiect-de-lege-al-guvernului\/\" rel=\"bookmark\">Disperare \u00een Fran\u021ba: P\u00e2n\u0103 la 6 ani de \u00eenchisoare pentru \u201edezinformare\u201d \u0219i \u201eingerin\u021be electorale\u201d \u2013 noul proiect de lege al guvernului<\/a><\/h5>\n<div class=\"p-meta\">\n<div class=\"meta-inner is-meta\"><span class=\"meta-el meta-date\"><time datetime=\"2026-07-23T12:50:08+03:00\">23 iulie 2026<\/time><\/span><span class=\"meta-el meta-category meta-bold\"><a class=\"meta-separate category-17748\" href=\"https:\/\/ortodoxinfo.ro\/category\/anti-sistem\/globalizare\/neo-marxism\/\">Neo-marxism<\/a><\/span><span class=\"meta-el meta-view\">3.7k vizualiz\u0103ri\t\t<\/span><\/div>\n<\/div>\n<\/div>\n<\/div>\n<div class=\"p-wrap p-small p-list-small-2\" data-pid=\"251164\">\n<div class=\"feat-holder\">\n<div class=\"p-featured ratio-v1\"><a class=\"p-flink\" href=\"https:\/\/ortodoxinfo.ro\/2026\/07\/23\/stransura-mare-la-cotroceni-de-trepanati-expirati-si-ideologi-mercenari-ca-sa-l-vopseasca-pe-nimicu-in-patriot-hai-ca-au-ramas-sa-va-mai-creada-doar-scursurile-societatii\/\" title=\"Str\u00e2nsur\u0103 mare la Cotroceni de trepana\u021bi expira\u021bi \u0219i ideologi mercenari ca s\u0103-l vopseasc\u0103 pe Nimicu \u00een patriot! Hai c\u0103 au r\u0103mas s\u0103 v\u0103 mai cread\u0103 doar scursurile societ\u0103\u021bii!\"><img decoding=\"async\" width=\"150\" height=\"150\" src=\"https:\/\/ortodoxinfo.ro\/wp-content\/uploads\/2026\/07\/Screenshot_20260723_005941_Facebook-150x150.jpg\" class=\"featured-img wp-post-image\" alt loading=\"lazy\"><\/a><\/div>\n<\/div>\n<div class=\"p-content\">\n<h5 class=\"entry-title\"><a class=\"p-url\" href=\"https:\/\/ortodoxinfo.ro\/2026\/07\/23\/stransura-mare-la-cotroceni-de-trepanati-expirati-si-ideologi-mercenari-ca-sa-l-vopseasca-pe-nimicu-in-patriot-hai-ca-au-ramas-sa-va-mai-creada-doar-scursurile-societatii\/\" rel=\"bookmark\">Str\u00e2nsur\u0103 mare la Cotroceni de trepana\u021bi expira\u021bi \u0219i ideologi mercenari ca s\u0103-l vopseasc\u0103 pe Nimicu \u00een patriot! Hai c\u0103 au r\u0103mas s\u0103 v\u0103 mai cread\u0103 doar scursurile societ\u0103\u021bii!<\/a><\/h5>\n<div class=\"p-meta\">\n<div class=\"meta-inner is-meta\"><span class=\"meta-el meta-date\"><time datetime=\"2026-07-23T16:35:39+03:00\">23 iulie 2026<\/time><\/span><span class=\"meta-el meta-category meta-bold\"><a class=\"meta-separate category-19885\" href=\"https:\/\/ortodoxinfo.ro\/category\/anti-sistem\/anti-romanism\/asasinii-tarii\/\">Asasinii \u021b\u0103rii<\/a><\/span><span class=\"meta-el meta-view\">8.3k vizualiz\u0103ri\t\t<\/span><\/div>\n<\/div>\n<\/div>\n<\/div>\n<div class=\"p-wrap p-small p-list-small-2\" data-pid=\"251088\">\n<div class=\"feat-holder\">\n<div class=\"p-featured ratio-v1\"><a class=\"p-flink\" href=\"https:\/\/ortodoxinfo.ro\/2026\/07\/22\/luati-aminte-ce-vedeti-zilele-acestea-la-televiziunile-de-stiri-cum-se-dau-gadele-ciumatu-porumbelea-de-ceasul-mortii-ca-s-a-dus-economia-in-cap-cu-pro-europenii-lor-cu-tot\/\" title=\"Lua\u021bi aminte ce vede\u021bi zilele acestea la televiziunile de \u0219tiri. Cum se dau G\u00e2dele, Ciumatu, Porumbeleaua de ceasul mor\u021bii c\u0103 s-a dus economia \u00een cap cu pro-europenii lor cu tot!\"><img decoding=\"async\" width=\"150\" height=\"150\" src=\"https:\/\/ortodoxinfo.ro\/wp-content\/uploads\/2026\/07\/image-8-150x150.jpg\" class=\"featured-img wp-post-image\" alt loading=\"lazy\"><\/a><\/div>\n<\/div>\n<div class=\"p-content\">\n<h5 class=\"entry-title\"><a class=\"p-url\" href=\"https:\/\/ortodoxinfo.ro\/2026\/07\/22\/luati-aminte-ce-vedeti-zilele-acestea-la-televiziunile-de-stiri-cum-se-dau-gadele-ciumatu-porumbelea-de-ceasul-mortii-ca-s-a-dus-economia-in-cap-cu-pro-europenii-lor-cu-tot\/\" rel=\"bookmark\">Lua\u021bi aminte ce vede\u021bi zilele acestea la televiziunile de \u0219tiri. Cum se dau G\u00e2dele, Ciumatu, Porumbeleaua de ceasul mor\u021bii c\u0103 s-a dus economia \u00een cap cu pro-europenii lor cu tot!<\/a><\/h5>\n<div class=\"p-meta\">\n<div class=\"meta-inner is-meta\"><span class=\"meta-el meta-date\"><time datetime=\"2026-07-23T13:54:50+03:00\">23 iulie 2026<\/time><\/span><span class=\"meta-el meta-category meta-bold\"><a class=\"meta-separate category-19885\" href=\"https:\/\/ortodoxinfo.ro\/category\/anti-sistem\/anti-romanism\/asasinii-tarii\/\">Asasinii \u021b\u0103rii<\/a><\/span><span class=\"meta-el meta-view\">13.6k vizualiz\u0103ri\t\t<\/span><\/div>\n<\/div>\n<\/div>\n<\/div>\n<\/div>\n<\/div>\n<div id=\"custom_html-2\" class=\"widget_text widget rb-section w-sidebar clearfix widget_custom_html\">\n<div class=\"block-h widget-heading heading-layout-1\">\n<div class=\"heading-inner\">\n<h4 class=\"heading-title\"><span>DONA\u021aII \u00een cont bancar<\/span><\/h4>\n<\/div>\n<\/div>\n<div class=\"textwidget custom-html-widget\">\n<table class=\"donatii\">\n<tbody>\n<tr>\n<th colspan=\"2\"><strong><span>Asicia\u021bia SMI-B<\/span><\/strong><\/th>\n<\/tr>\n<tr>\n<th>Cont LEI<\/th>\n<td>RO67CECEB00030RON2081955<\/td>\n<\/tr>\n<tr>\n<th>Cont EURO<\/th>\n<td>RO33CECEB000C1EUR2081978<\/td>\n<\/tr>\n<tr>\n<th>Cod SWIFT<\/th>\n<td>CECEROBU<\/td>\n<\/tr>\n<tr>\n<th colspan=\"2\"><strong>CEC BANK SA<\/strong><\/th>\n<\/tr>\n<\/tbody>\n<\/table>\n<\/div>\n<\/div>\n<\/div>\n<\/div>\n<\/div>\n<\/article>\n<div class=\"entry-content rbct clearfix is-highlight-shares\">\n<p>Mi\u0219carea suveranist\u0103 din Rom\u00e2nia a fost supus\u0103, \u00een ultimii ani, unei campanii de denigrare f\u0103r\u0103 precedent. Pe toate ecranele televiziunilor \u0219i \u00een oficinele de propagand\u0103 neomarxist\u0103 \u0219i antirom\u00e2neasc\u0103 se repet\u0103 obsesiv eticheta de \u201eextremism\u201d. Realitatea este \u00eens\u0103 diametral opus\u0103. Dac\u0103 suverani\u0219tii ar fi fost cu adev\u0103rat extremi\u0219ti, cei care au anulat alegerile preziden\u021biale ar fi pl\u0103tit de mult pre\u021bul cel mai scump. Nu s-a \u00eent\u00e2mplat nimic din toate acestea. De ce? Pentru c\u0103 suverani\u0219tii sunt oameni pa\u0219nici, echilibra\u021bi \u0219i profund ancorati \u00een valorile cre\u0219tine \u0219i patriotice.<\/p>\n<p>Membrii mi\u0219c\u0103rii suveraniste, votan\u021bii AUR \u0219i cei care l-au sus\u021binut pe C\u0103lin Georgescu reprezint\u0103 o Rom\u00e2nie autentic\u0103. Sunt oameni credincio\u0219i, cu fric\u0103 de Dumnezeu, care \u00ee\u0219i cresc copiii \u00een respectul fa\u021b\u0103 de lege, de tradi\u021bie \u0219i de semeni. Sunt gospodari one\u0219ti, patrio\u021bi sinceri, care doresc stabilitate, prosperitate \u0219i o \u021bar\u0103 \u00een care tinerii s\u0103 nu mai fie nevoi\u021bi s\u0103 plece peste hotare pentru o via\u021b\u0103 decent\u0103. Ei vor o Rom\u00e2nie \u00een care fiecare cet\u0103\u021bean s\u0103 se poat\u0103 realiza conform competen\u021belor, preg\u0103tirii \u0219i muncii depuse, nu pe criterii de pile, apartenen\u021b\u0103 politic\u0103 sau obedien\u021b\u0103 fa\u021b\u0103 de agende str\u0103ine.<\/p>\n<p>Aceast\u0103 mi\u0219care nu a fost inventat\u0103 \u00een laboratoare de la Bruxelles sau Washington. Ea s-a n\u0103scut din popor, din s\u00e2nul familiilor rom\u00e2ne\u0219ti normale, din frustrarea acumulat\u0103 fa\u021b\u0103 de o clas\u0103 politic\u0103 ce a tratat \u021bara ca pe o colonie de exploatat. Suverani\u0219tii nu ur\u0103sc, nu vor violen\u021b\u0103 \u0219i nu promoveaz\u0103 haosul. Dimpotriv\u0103, ei sunt cea mai echilibrat\u0103 component\u0103 a societ\u0103\u021bii rom\u00e2ne\u0219ti \u2013 tocmai pentru c\u0103 pun deasupra tuturor interesul na\u021bional \u0219i valorile perene.<\/p>\n<p>Contrastul cu portretul pe care i-l fac trompetele de serviciu este strident. De diminea\u021ba p\u00e2n\u0103 seara, pe toate \u201elatrinele TV\u201d, se beh\u0103ie acelea\u0219i lozinci: extremi\u0219ti, pericol la adresa democra\u021biei, amenin\u021bare la securitate. Aceia\u0219i care au t\u0103cut sau au aplaudat c\u00e2nd s-au comis abuzuri grave dup\u0103 anularea alegerilor. De atunci, lista nedrept\u0103\u021bilor s-a lungit \u00eengrijor\u0103tor: presiuni asupra justi\u021biei, manipul\u0103ri mediatice grosolane, tentative de marginalizare a oric\u0103rei voci care contest\u0103 linia oficial\u0103. Toate acestea demonstreaz\u0103 cine sunt adev\u0103ra\u021bii extremi\u0219ti \u2013 cei care vor desfiin\u021barea mi\u0219c\u0103rii suveraniste, denigratorii ei sistematici, antirom\u00e2nii care v\u0103d \u00een orice afirmare a identit\u0103\u021bii na\u021bionale un pericol.<\/p>\n<p>Un exemplu elocvent a fost comportamentul suverani\u0219tilor dup\u0103 denigrarea \u0219i manipularea la care a fost supus George Simion \u00een contextul alegerilor preziden\u021biale. Orice mi\u0219care cu adev\u0103rat extremist\u0103 ar fi cobor\u00e2t \u00een strad\u0103, ar fi produs violen\u021be, jafuri, v\u0103rs\u0103ri de s\u00e2nge. Suverani\u0219tii nu au f\u0103cut-o. Au r\u0103mas pa\u0219nici, au protestat civilizat, au apelat la argumente \u0219i la lege. Pentru c\u0103 sunt oameni cu fric\u0103 de Dumnezeu, care \u0219tiu c\u0103 dreptatea adev\u0103rat\u0103 nu se ob\u021bine prin violen\u021b\u0103 oarb\u0103. Aceast\u0103 re\u021binere nu este sl\u0103biciune, ci dovad\u0103 de maturitate \u0219i echilibru.<\/p>\n<p>C\u0103lin Georgescu a atras aten\u021bia tocmai prin lucr\u0103rile \u0219i discursul s\u0103u care pun accent pe suveranitate, pe valorile tradi\u021bionale rom\u00e2ne\u0219ti, pe economia na\u021bional\u0103 \u0219i pe refuzul de a accepta umilirea continu\u0103 a Rom\u00e2niei. Interesul fa\u021b\u0103 de ideile sale nu vine din fanatism, ci din setea de normalitate a unui popor obosit de experimente globaliste care au adus doar declin demografic, dependen\u021b\u0103 economic\u0103 \u0219i degradare moral\u0103.<\/p>\n<p>Mi\u0219carea suveranist\u0103 nu este extremist\u0103. Este de extrem\u0103 necesitate pentru salvarea Rom\u00e2niei. Ea reprezint\u0103 singura \u0219ans\u0103 real\u0103 de a opri dezmembrarea statului na\u021bional, de a readuce demnitatea poporului rom\u00e2n \u0219i de a construi o \u021bar\u0103 \u00een care copiii no\u0219tri s\u0103 vrea s\u0103 r\u0103m\u00e2n\u0103 \u0219i s\u0103 se implice. Cei care o atac\u0103 cu furie o fac tocmai pentru c\u0103 \u0219tiu c\u0103 reprezint\u0103 o amenin\u021bare la adresa sistemului lor bazat pe supunere \u0219i resemnare.<\/p>\n<p>Suverani\u0219tii au dovedit c\u0103 sunt partea cea mai responsabil\u0103 \u0219i mai echilibrat\u0103 a societ\u0103\u021bii. Au r\u0103bdare, au credin\u021b\u0103 \u0219i au speran\u021b\u0103. Dar r\u0103bdarea nu este infinit\u0103. Este timpul ca cei care au furat voin\u021ba poporului s\u0103 \u00een\u021beleag\u0103 c\u0103 nu prin denigrare \u0219i represiune se rezolv\u0103 problemele Rom\u00e2niei, ci prin respectarea suveranit\u0103\u021bii na\u021bionale \u0219i a voin\u021bei cet\u0103\u021benilor. Rom\u00e2nia suveran\u0103 nu este un pericol \u2013 este singura solu\u021bie.<\/p>\n<\/div>\n<p>[analyse_source url=&#8221;https:\/\/ortodoxinfo.ro\/2026\/07\/23\/daca-suveranistii-ar-fi-fost-extremisti-atunci-cei-care-au-anulat-alegerile-din-2024-erau-demult-linsati-in-piata-publica\/&#8221;]<\/p>\n","protected":false},"excerpt":{"rendered":"<p>[analyse_image type=&#8221;featured&#8221; src=&#8221;https:\/\/ortodoxinfo.ro\/wp-content\/uploads\/2026\/07\/8016667-mediafax-foto-alexandru-dobre-scaled.jpghttps:\/\/ortodoxinfo.ro\/wp-content\/uploads\/2026\/07\/8016667-mediafax-foto-alexandru-dobre-scaled.jpg&#8221;] Prima pagin\u0103 \u00bb Blog \u00bb Dac\u0103 suverani\u0219tii ar fi fost extremi\u0219ti, atunci cei care au anulat alegerile din 2024 erau demult lin\u0219a\u021bi \u00een pia\u021ba public\u0103 Dac\u0103 suverani\u0219tii ar fi fost extremi\u0219ti, atunci cei care au anulat alegerile din 2024 erau demult lin\u0219a\u021bi \u00een pia\u021ba public\u0103 23 iulie 2026Lupt\u0103 pentru Rom\u00e2nia4.8k vizualiz\u0103ri 1 [&hellip;]<\/p>\n","protected":false},"author":1,"featured_media":0,"comment_status":"open","ping_status":"","sticky":false,"template":"","format":"standard","meta":{"footnotes":""},"categories":[89],"tags":[226,94],"class_list":["post-2058470","post","type-post","status-publish","format-standard","hentry","category-romania","tag-crawlmanager","tag-ortodoxinfo-ro"],"_links":{"self":[{"href":"https:\/\/analyse.optim.biz\/index.php?rest_route=\/wp\/v2\/posts\/2058470","targetHints":{"allow":["GET"]}}],"collection":[{"href":"https:\/\/analyse.optim.biz\/index.php?rest_route=\/wp\/v2\/posts"}],"about":[{"href":"https:\/\/analyse.optim.biz\/index.php?rest_route=\/wp\/v2\/types\/post"}],"author":[{"embeddable":true,"href":"https:\/\/analyse.optim.biz\/index.php?rest_route=\/wp\/v2\/users\/1"}],"replies":[{"embeddable":true,"href":"https:\/\/analyse.optim.biz\/index.php?rest_route=%2Fwp%2Fv2%2Fcomments&post=2058470"}],"version-history":[{"count":0,"href":"https:\/\/analyse.optim.biz\/index.php?rest_route=\/wp\/v2\/posts\/2058470\/revisions"}],"wp:attachment":[{"href":"https:\/\/analyse.optim.biz\/index.php?rest_route=%2Fwp%2Fv2%2Fmedia&parent=2058470"}],"wp:term":[{"taxonomy":"category","embeddable":true,"href":"https:\/\/analyse.optim.biz\/index.php?rest_route=%2Fwp%2Fv2%2Fcategories&post=2058470"},{"taxonomy":"post_tag","embeddable":true,"href":"https:\/\/analyse.optim.biz\/index.php?rest_route=%2Fwp%2Fv2%2Ftags&post=2058470"}],"curies":[{"name":"wp","href":"https:\/\/api.w.org\/{rel}","templated":true}]}}