{"id":2058429,"date":"2026-07-23T11:54:15","date_gmt":"2026-07-23T08:54:15","guid":{"rendered":"https:\/\/analyse.optim.biz\/?p=2058429"},"modified":"2026-07-23T11:54:15","modified_gmt":"2026-07-23T08:54:15","slug":"alexandru-stoica-revine-in-conducerea-cj-buzau-fostul-secretar-de-stat-a-fost-numit-administrator-public-al-judetului","status":"publish","type":"post","link":"https:\/\/analyse.optim.biz\/?p=2058429","title":{"rendered":"Alexandru Stoica revine \u00een conducerea CJ Buz\u0103u. Fostul secretar de stat a fost numit administrator public al jude\u021bului"},"content":{"rendered":"<p>[analyse_image type=&#8221;featured&#8221; src=&#8221;https:\/\/www.observatorulbuzoian.ro\/wp-content\/uploads\/2026\/07\/Alexandru-STOICA-1.jpg&#8221;]<\/p>\n<div class=\"td-post-content tagdiv-type\">\n<p>Alexandru Stoica, fostul secretar de stat \u00een Ministerul Dezvolt\u0103rii va reveni pe \u00a0func\u021bia de administrator public al jude\u021bului.<\/p>\n<p>Anun\u021bul a fost f\u0103cut chiar de pre\u0219edintele Consiliului Jude\u021bean Buz\u0103u, Marcel Ciolacu, \u00een debutul declara\u021biilor sus\u021binute dup\u0103 \u0219edin\u021ba ordinar\u0103 lunii ulie, atunci c\u00e2nd a prezentat principalele proiecte aprobate \u0219i direc\u021biile de dezvoltare pe care administra\u021bia jude\u021bean\u0103 inten\u021bioneaz\u0103 s\u0103 le urmeze \u00een perioada urm\u0103toare.<\/p>\n<p>Marcel Ciolacu a anun\u021bat oficial revenirea lui Alexandru Stoica \u00een administra\u021bia jude\u021bean\u0103.<\/p>\n<p>\u201eCred c\u0103 acesta este rostul Consiliului Jude\u021bean \u0219i, \u00eempreun\u0103 cu domnii vicepre\u0219edin\u021bi, mai nou \u0219i cu domnul administrator public Alex Stoica, care s-a al\u0103turat echipei, vom c\u0103uta cele mai bune solu\u021bii pentru a ie\u0219i \u00een \u00eent\u00e2mpinarea agen\u021bilor economici\u201d, a spus Ciolacu.<\/p>\n<p>\u00cen acest context, \u0219eful administra\u021biei jude\u021bene a vorbit despre proiectele privind dezvoltarea a dou\u0103 noi parcuri industriale, unul la R\u00e2mnicu S\u0103rat \u0219i unul la Coste\u0219ti<\/p>\n<p>Alexandru Stoica a mai ocupat func\u021bia de administratpor public \u0219i \u00een mandatul pfostului pre\u0219edinte al CJ Petre Emanoil Neagu de unde a plecat pe func\u021bia de secretar de stat \u00een Ministerul Dezvolt\u0103rii..<\/p>\n<p>Din declara\u021biile pre\u0219edintelui CJ reiese c\u0103 Alexandru Stoica va avea un rol activ \u00een dezvoltarea economic\u0103 a jude\u021bului \u0219i \u00een rela\u021bia cu investitorii interesa\u021bi s\u0103 dezvolte afaceri \u00een Buz\u0103u.\u00a0Numirea noului administrator public vine \u00eentr-un moment \u00een care Consiliul Jude\u021bean preg\u0103te\u0219te unele dintre cele mai importante proiecte economice din ultimii ani.<\/p>\n<p>Marcel Ciolacu a explicat c\u0103 administra\u021bia jude\u021bean\u0103 lucreaz\u0103 deja la dezvoltarea a dou\u0103 parcuri industriale, amplasate strategic \u00een apropierea Autostr\u0103zii A7 \u0219i a c\u0103ii ferate, pentru a crea condi\u021bii atractive investitorilor.<\/p>\n<p><a href=\"https:\/\/www.observatorulbuzoian.ro\/wp-content\/uploads\/2026\/07\/Marcel-Ciolacu.jpg\"><img loading=\"lazy\" decoding=\"async\" src=\"https:\/\/www.observatorulbuzoian.ro\/wp-content\/uploads\/2026\/07\/Marcel-Ciolacu.jpg\" class=\"aligncenter size-full wp-image-124487\" alt width=\"1000\" height=\"667\"><img loading=\"lazy\" decoding=\"async\" class=\"aligncenter size-full wp-image-124487\" src=\"https:\/\/www.observatorulbuzoian.ro\/wp-content\/uploads\/2026\/07\/Marcel-Ciolacu.jpg\" alt width=\"1000\" height=\"667\"><\/a>Potrivit acestuia, obiectivul este ca Buz\u0103ul s\u0103 fie preg\u0103tit \u00eenainte ca marile investi\u021bii private s\u0103 \u00eenceap\u0103 s\u0103 caute terenuri \u0219i infrastructur\u0103 \u00een regiune.<\/p>\n<p>\u201eAm \u00eenceput demersurile \u00eempreun\u0103 cu Prim\u0103ria R\u00e2mnicu S\u0103rat pentru un viitor parc industrial. Am \u00eenceput demersurile \u0219i cu Prim\u0103ria Coste\u0219ti, de asemenea pentru un parc industrial. Ambele vor fi pozi\u021bionate l\u00e2ng\u0103 calea ferat\u0103 \u0219i l\u00e2ng\u0103 Autostrada A7. Cumva s\u0103 anticip\u0103m viitoarele investi\u021bii \u0219i s\u0103 fim preg\u0103ti\u021bi pentru a primi poten\u021biali investitori, at\u00e2t din afara jude\u021bului, c\u00e2t \u0219i din afara \u021b\u0103rii,\u201d a precizat Marcel Ciolacu.<\/p>\n<p>Marcel Ciolacu spune c\u0103 administra\u021bia jude\u021bean\u0103 nu mai dore\u0219te s\u0103 a\u0219tepte apari\u021bia investitorilor, ci inten\u021bioneaz\u0103 s\u0103 preg\u0103teasc\u0103 din timp infrastructura necesar\u0103.<\/p>\n<p>Potrivit acestuia, sunt deja \u00een desf\u0103\u0219urare discu\u021bii cu o companie interna\u021bional\u0103 de consultan\u021b\u0103 care realizeaz\u0103 studiile necesare pentru dezvoltarea parcurilor industriale \u0219i pentru identificarea domeniilor economice cu cel mai mare poten\u021bial.<\/p>\n<p>\u201eCred c\u0103 \u0219i s\u0103pt\u0103m\u00e2na viitoare o s\u0103 vin\u0103 o companie important\u0103 pentru a vedea unde vor fi pozi\u021bionate investi\u021biile. Am vrea s\u0103 anticip\u0103m companiile care doresc s\u0103 \u00ee\u0219i desf\u0103\u0219oare activitatea \u00een aceste parcuri industriale \u0219i s\u0103 le construim dup\u0103 chipul \u0219i asem\u0103narea companiilor respective\u201d, a concluzionat Ciolacu.<\/p>\n<\/div>\n<p>[analyse_source url=&#8221;https:\/\/www.observatorulbuzoian.ro\/alexandru-stoica-revine-in-conducerea-cj-buzau-fostul-secretar-de-stat-a-fost-numit-administrator-public-al-judetului\/&#8221;]<\/p>\n","protected":false},"excerpt":{"rendered":"<p>[analyse_image type=&#8221;featured&#8221; src=&#8221;https:\/\/www.observatorulbuzoian.ro\/wp-content\/uploads\/2026\/07\/Alexandru-STOICA-1.jpg&#8221;] Alexandru Stoica, fostul secretar de stat \u00een Ministerul Dezvolt\u0103rii va reveni pe \u00a0func\u021bia de administrator public al jude\u021bului. Anun\u021bul a fost f\u0103cut chiar de pre\u0219edintele Consiliului Jude\u021bean Buz\u0103u, Marcel Ciolacu, \u00een debutul declara\u021biilor sus\u021binute dup\u0103 \u0219edin\u021ba ordinar\u0103 lunii ulie, atunci c\u00e2nd a prezentat principalele proiecte aprobate \u0219i direc\u021biile de dezvoltare pe care [&hellip;]<\/p>\n","protected":false},"author":1,"featured_media":0,"comment_status":"open","ping_status":"","sticky":false,"template":"","format":"standard","meta":{"footnotes":""},"categories":[2],"tags":[226,82],"class_list":["post-2058429","post","type-post","status-publish","format-standard","hentry","category-politics","tag-crawlmanager","tag-observatorulbuzoian-ro"],"_links":{"self":[{"href":"https:\/\/analyse.optim.biz\/index.php?rest_route=\/wp\/v2\/posts\/2058429","targetHints":{"allow":["GET"]}}],"collection":[{"href":"https:\/\/analyse.optim.biz\/index.php?rest_route=\/wp\/v2\/posts"}],"about":[{"href":"https:\/\/analyse.optim.biz\/index.php?rest_route=\/wp\/v2\/types\/post"}],"author":[{"embeddable":true,"href":"https:\/\/analyse.optim.biz\/index.php?rest_route=\/wp\/v2\/users\/1"}],"replies":[{"embeddable":true,"href":"https:\/\/analyse.optim.biz\/index.php?rest_route=%2Fwp%2Fv2%2Fcomments&post=2058429"}],"version-history":[{"count":0,"href":"https:\/\/analyse.optim.biz\/index.php?rest_route=\/wp\/v2\/posts\/2058429\/revisions"}],"wp:attachment":[{"href":"https:\/\/analyse.optim.biz\/index.php?rest_route=%2Fwp%2Fv2%2Fmedia&parent=2058429"}],"wp:term":[{"taxonomy":"category","embeddable":true,"href":"https:\/\/analyse.optim.biz\/index.php?rest_route=%2Fwp%2Fv2%2Fcategories&post=2058429"},{"taxonomy":"post_tag","embeddable":true,"href":"https:\/\/analyse.optim.biz\/index.php?rest_route=%2Fwp%2Fv2%2Ftags&post=2058429"}],"curies":[{"name":"wp","href":"https:\/\/api.w.org\/{rel}","templated":true}]}}