{"id":2058093,"date":"2026-07-20T14:56:56","date_gmt":"2026-07-20T11:56:56","guid":{"rendered":"https:\/\/analyse.optim.biz\/?p=2058093"},"modified":"2026-07-20T14:56:56","modified_gmt":"2026-07-20T11:56:56","slug":"eleva-din-tulcea-campioana-la-memoria-holocaustului","status":"publish","type":"post","link":"https:\/\/analyse.optim.biz\/?p=2058093","title":{"rendered":"Elev\u0103 din Tulcea, campioan\u0103 la \u201eMemoria Holocaustului\u201d"},"content":{"rendered":"<p>[analyse_image type=&#8221;featured&#8221; src=&#8221;https:\/\/infotulcea.ro\/wp-content\/uploads\/2021\/11\/bulina.png&#8221;]<\/p>\n<div id=\"content\" class=\"site-content container\">\n<div id=\"main-content-row\" class=\"tie-row main-content-row\">\n<div class=\"main-content tie-col-md-8 tie-col-xs-12\" role=\"main\">\n<article id=\"the-post\" class=\"container-wrapper post-content tie-standard\">\n<header class=\"entry-header-outer\">\n<nav id=\"breadcrumb\"><a href=\"https:\/\/infotulcea.ro\/\"> Home<\/a><em class=\"delimiter\">\/<\/em><a href=\"https:\/\/infotulcea.ro\/categorie\/educatie\/\">Educa\u0163ie<\/a><em class=\"delimiter\">\/<\/em><span class=\"current\">Elev\u0103 din Tulcea, campioan\u0103 la \u201eMemoria Holocaustului\u201d<\/span><\/nav>\n<div class=\"entry-header\"><span class=\"post-cat-wrap\"><a class=\"post-cat tie-cat-48\" href=\"https:\/\/infotulcea.ro\/categorie\/educatie\/\">Educa\u0163ie<\/a><\/span><\/p>\n<h1 class=\"post-title entry-title\">\n\t\t\tElev\u0103 din Tulcea, campioan\u0103 la \u201eMemoria Holocaustului\u201d\t\t<\/h1>\n<div class=\"single-post-meta post-meta clearfix\"><span class=\"author-meta single-author no-avatars\"><span class=\"meta-item meta-author-wrapper meta-author-9\"><span class=\"meta-author\"><a href=\"https:\/\/infotulcea.ro\/author\/redactia-2\/\" class=\"author-name tie-icon\" title=\"Redactia\">Redactia<\/a><\/span><\/span><\/span><span class=\"date meta-item tie-icon\">20 iulie 2026<\/span><\/p>\n<div class=\"tie-alignright\"><span class=\"meta-comment tie-icon meta-item fa-before\">0<\/span><span class=\"meta-views meta-item \"> 243 <\/span><span class=\"meta-reading-time meta-item\"> 1 minute read<\/span><\/div>\n<\/div>\n<\/div>\n<\/header>\n<div class=\"entry-content entry clearfix\">\n<p><strong>Eleva Vasile Emilia Gabriela din Tulcea a ob\u021binut Locul I la Concursul Na\u021bional \u201eMemoria Holocaustului\u201d<\/strong><br \/><strong>Concursul Na\u021bional \u201eMemoria Holocaustului\u201d este o competi\u021bie de prestigiu care reune\u0219te anual cei mai buni elevi din \u00eentreaga \u021bar\u0103, testa\u021bi pe teme complexe privind istoria, Holocaustul \u0219i drepturile omului.<\/strong><br \/>\nReprezentanta jude\u021bului Tulcea, Vasile Emilia Gabriela, elev\u0103 \u00een clasa a XI-a la Liceul Teoretic \u201eGrigore Moisil\u201d Tulcea, a ob\u021binut locul I la Concursul Na\u021bional \u201eMemoria Holocaustului\u201d, desf\u0103\u0219urat la Br\u0103ila \u00een perioada 14\u201317 iulie 2026, ocup\u00e2nd prima pozi\u021bie pe podium cu un punctaj remarcabil de 97 de puncte.<br \/>\nComunitatea local\u0103, institu\u021bia de \u00eenv\u0103\u021b\u0103m\u00e2nt \u0219i \u00eentregul jude\u021b Tulcea \u00ee\u0219i exprim\u0103 m\u00e2ndria pentru acest succes deosebit \u0219i le ureaz\u0103 at\u00e2t elevei, c\u00e2t \u0219i domnului profesor coordonator, Sizoi Ivan, mult succes \u00een proiectele viitoare!<br \/>\nColaborarea dintre un elev dedicat \u0219i un cadru didactic pasionat confirm\u0103, \u00eenc\u0103 o dat\u0103, valoarea \u00eenv\u0103\u021b\u0103m\u00e2ntului tulcean \u0219i capacitatea acestuia de a genera excelen\u021b\u0103 la cel mai \u00eenalt nivel.<br \/>\nPrin acest rezultat, Vasile Emilia demonstreaz\u0103 o maturitate profund\u0103, o preg\u0103tire riguroas\u0103 \u0219i un ata\u0219ament deosebit fa\u021b\u0103 de valorile adev\u0103rului istoric, devenind un model de inspira\u021bie pentru genera\u021bia sa.<\/p>\n<\/div>\n<div id=\"post-extra-info\">\n<div class=\"theiaStickySidebar\">\n<div class=\"single-post-meta post-meta clearfix\"><span class=\"author-meta single-author no-avatars\"><span class=\"meta-item meta-author-wrapper meta-author-9\"><span class=\"meta-author\"><a href=\"https:\/\/infotulcea.ro\/author\/redactia-2\/\" class=\"author-name tie-icon\" title=\"Redactia\">Redactia<\/a><\/span><\/span><\/span><span class=\"date meta-item tie-icon\">20 iulie 2026<\/span><\/p>\n<div class=\"tie-alignright\"><span class=\"meta-comment tie-icon meta-item fa-before\">0<\/span><span class=\"meta-views meta-item \"> 243 <\/span><span class=\"meta-reading-time meta-item\"> 1 minute read<\/span><\/div>\n<\/div>\n<\/div>\n<\/div>\n<div id=\"share-buttons-bottom\" class=\"share-buttons share-buttons-bottom\">\n<div class=\"share-links  icons-only\">\n<div class=\"share-title\"><span> Share<\/span><\/div>\n<p><a href=\"https:\/\/www.facebook.com\/sharer.php?u=https:\/\/infotulcea.ro\/eleva-din-tulcea-campioana-la-memoria-holocaustului\/\" rel=\"external noopener nofollow\" title=\"Facebook\" target=\"_blank\" class=\"facebook-share-btn \" data-raw=\"https:\/\/www.facebook.com\/sharer.php?u={post_link}\"><span class=\"screen-reader-text\">Facebook<\/span><\/a><a href=\"https:\/\/twitter.com\/intent\/tweet?text=Elev%C4%83%20din%20Tulcea%2C%20campioan%C4%83%20la%20%E2%80%9EMemoria%20Holocaustului%E2%80%9D&amp;url=https:\/\/infotulcea.ro\/eleva-din-tulcea-campioana-la-memoria-holocaustului\/\" rel=\"external noopener nofollow\" title=\"X\" target=\"_blank\" class=\"twitter-share-btn \" data-raw=\"https:\/\/twitter.com\/intent\/tweet?text={post_title}&amp;url={post_link}\"><span class=\"screen-reader-text\">X<\/span><\/a><a href=\"https:\/\/api.whatsapp.com\/send?text=Elev%C4%83%20din%20Tulcea%2C%20campioan%C4%83%20la%20%E2%80%9EMemoria%20Holocaustului%E2%80%9D%20https:\/\/infotulcea.ro\/eleva-din-tulcea-campioana-la-memoria-holocaustului\/\" rel=\"external noopener nofollow\" title=\"WhatsApp\" target=\"_blank\" class=\"whatsapp-share-btn \" data-raw=\"https:\/\/api.whatsapp.com\/send?text={post_title}%20{post_link}\"><span class=\"screen-reader-text\">WhatsApp<\/span><\/a><a href=\"https:\/\/telegram.me\/share\/url?url=https:\/\/infotulcea.ro\/eleva-din-tulcea-campioana-la-memoria-holocaustului\/&amp;text=Elev%C4%83%20din%20Tulcea%2C%20campioan%C4%83%20la%20%E2%80%9EMemoria%20Holocaustului%E2%80%9D\" rel=\"external noopener nofollow\" title=\"Telegram\" target=\"_blank\" class=\"telegram-share-btn \" data-raw=\"https:\/\/telegram.me\/share\/url?url={post_link}&amp;text={post_title}\"><span class=\"screen-reader-text\">Telegram<\/span><\/a><a href=\"mailto:?subject=Elev%C4%83%20din%20Tulcea%2C%20campioan%C4%83%20la%20%E2%80%9EMemoria%20Holocaustului%E2%80%9D&amp;body=https:\/\/infotulcea.ro\/eleva-din-tulcea-campioana-la-memoria-holocaustului\/\" rel=\"external noopener nofollow\" title=\"Share via Email\" target=\"_blank\" class=\"email-share-btn \" data-raw=\"mailto:?subject={post_title}&amp;body={post_link}\"><span class=\"screen-reader-text\">Share via Email<\/span><\/a><a href=\"https:\/\/infotulcea.ro\/eleva-din-tulcea-campioana-la-memoria-holocaustului\/\" rel=\"external noopener nofollow\" title=\"Print\" target=\"_blank\" class=\"print-share-btn \" data-raw=\"#\"><span class=\"screen-reader-text\">Print<\/span><\/a><\/div>\n<\/div>\n<\/article>\n<div class=\"post-components\">\n<div id=\"related-posts\" class=\"container-wrapper has-extra-post\">\n<div class=\"mag-box-title the-global-title\">\n<h3>Related Articles<\/h3>\n<\/div>\n<div class=\"related-posts-list\">\n<div class=\"related-item tie-standard\"><a aria-label=\"Comunicat de pres\u0103: Concurs pentru ocuparea func\u021biilor de director \u0219i director adjunct din unit\u0103\u021bile de \u00eenv\u0103\u021b\u0103m\u00e2nt preuniversitar de stat din jude\u021bul Tulcea\" href=\"https:\/\/infotulcea.ro\/comunicat-de-presa-concurs-pentru-ocuparea-functiilor-de-director-si-director-adjunct-din-unitatile-de-invatamant-preuniversitar-de-stat-din-judetul-tulcea\/\" class=\"post-thumb\"><source type=\"image\/webp\" data-srcset=\"https:\/\/infotulcea.ro\/wp-content\/uploads\/2020\/08\/INSPECTORAT-SCOLAR-TULCEA-390x220.jpg.webp\" \/><\/a><\/p>\n<h3 class=\"post-title\"><a href=\"https:\/\/infotulcea.ro\/comunicat-de-presa-concurs-pentru-ocuparea-functiilor-de-director-si-director-adjunct-din-unitatile-de-invatamant-preuniversitar-de-stat-din-judetul-tulcea\/\">Comunicat de pres\u0103: Concurs pentru ocuparea func\u021biilor de director \u0219i director adjunct din unit\u0103\u021bile de \u00eenv\u0103\u021b\u0103m\u00e2nt preuniversitar de stat din jude\u021bul Tulcea<\/a><\/h3>\n<div class=\"post-meta clearfix\"><span class=\"date meta-item tie-icon\">18 ianuarie 2022<\/span><\/div>\n<\/div>\n<div class=\"related-item tie-standard\"><a aria-label=\"Niciun eliminat \u00een a doua zi a Simul\u0103rii Balaureatului la Tulcea!\" href=\"https:\/\/infotulcea.ro\/niciun-eliminat-in-a-doua-zi-a-simularii-balaureatului-la-tulcea\/\" class=\"post-thumb\"><source type=\"image\/webp\" data-srcset=\"https:\/\/infotulcea.ro\/wp-content\/uploads\/2023\/03\/bac-simulare-390x220.jpg.webp\" \/><img loading=\"lazy\" decoding=\"async\" width=\"390\" height=\"220\" src=\"https:\/\/infotulcea.ro\/wp-content\/uploads\/2023\/03\/bac-simulare-390x220.jpg\" class=\"attachment-jannah-image-large size-jannah-image-large wp-post-image\" alt><\/a><\/p>\n<h3 class=\"post-title\"><a href=\"https:\/\/infotulcea.ro\/niciun-eliminat-in-a-doua-zi-a-simularii-balaureatului-la-tulcea\/\">Niciun eliminat \u00een a doua zi a Simul\u0103rii Balaureatului la Tulcea!<\/a><\/h3>\n<div class=\"post-meta clearfix\"><span class=\"date meta-item tie-icon\">28 martie 2023<\/span><\/div>\n<\/div>\n<div class=\"related-item tie-standard\"><a aria-label=\"Concursul de matematic\u0103 \u201eViceamiral Vasile Urseanu\u201d c\u00e2\u015ftigat de un elev de la \u015ecoala \u201eI.L. Caragiale\u201d Tulcea\" href=\"https:\/\/infotulcea.ro\/concursul-de-matematica-viceamiral-vasile-urseanu-castigat-de-un-elev-de-la-scoala-i-l-caragiale-tulcea\/\" class=\"post-thumb\"><img loading=\"lazy\" decoding=\"async\" width=\"390\" height=\"220\" src=\"https:\/\/infotulcea.ro\/wp-content\/uploads\/2022\/05\/foto-1-390x220.jpg\" class=\"attachment-jannah-image-large size-jannah-image-large wp-post-image lazyload\" alt><img loading=\"lazy\" decoding=\"async\" width=\"390\" height=\"220\" src=\"https:\/\/infotulcea.ro\/wp-content\/uploads\/2022\/05\/foto-1-390x220.jpg\" class=\"attachment-jannah-image-large size-jannah-image-large wp-post-image\" alt><\/a><\/p>\n<h3 class=\"post-title\"><a href=\"https:\/\/infotulcea.ro\/concursul-de-matematica-viceamiral-vasile-urseanu-castigat-de-un-elev-de-la-scoala-i-l-caragiale-tulcea\/\">Concursul de matematic\u0103 \u201eViceamiral Vasile Urseanu\u201d c\u00e2\u015ftigat de un elev de la \u015ecoala \u201eI.L. Caragiale\u201d Tulcea<\/a><\/h3>\n<div class=\"post-meta clearfix\"><span class=\"date meta-item tie-icon\">7 mai 2022<\/span><\/div>\n<\/div>\n<div class=\"related-item tie-standard\"><a aria-label=\"Asta-i Rom\u00e2nia educat\u0103: Liceenii proveni\u021bi din mediul rural nu mai primesc burs\u0103!\" href=\"https:\/\/infotulcea.ro\/asta-i-romania-educata-liceenii-proveniti-din-mediul-rural-nu-mai-primesc-bursa\/\" class=\"post-thumb\"><source type=\"image\/webp\" data-srcset=\"https:\/\/infotulcea.ro\/wp-content\/uploads\/2022\/09\/elevi-mediul-rural-390x220.jpg.webp\" \/><img loading=\"lazy\" decoding=\"async\" width=\"390\" height=\"220\" src=\"https:\/\/infotulcea.ro\/wp-content\/uploads\/2022\/09\/elevi-mediul-rural-390x220.jpg\" class=\"attachment-jannah-image-large size-jannah-image-large wp-post-image\" alt><\/a><\/p>\n<h3 class=\"post-title\"><a href=\"https:\/\/infotulcea.ro\/asta-i-romania-educata-liceenii-proveniti-din-mediul-rural-nu-mai-primesc-bursa\/\">Asta-i Rom\u00e2nia educat\u0103: Liceenii proveni\u021bi din mediul rural nu mai primesc burs\u0103!<\/a><\/h3>\n<div class=\"post-meta clearfix\"><span class=\"date meta-item tie-icon\">14 septembrie 2022<\/span><\/div>\n<\/div>\n<\/div>\n<\/div>\n<div id=\"comments\" class=\"comments-area\">\n<div id=\"add-comment-block\" class=\"container-wrapper\">\n<div id=\"respond\" class=\"comment-respond\">\n<h3 id=\"reply-title\" class=\"comment-reply-title the-global-title\">Las\u0103 un r\u0103spuns <small><a rel=\"nofollow\" id=\"cancel-comment-reply-link\" href=\"https:\/\/infotulcea.ro\/eleva-din-tulcea-campioana-la-memoria-holocaustului\/#respond\">Anuleaz\u0103 r\u0103spunsul<\/a><\/small><\/h3>\n<p class=\"comment-notes\"><span id=\"email-notes\">Adresa ta de email nu va fi publicat\u0103.<\/span><span class=\"required-field-message\">C\u00e2mpurile obligatorii sunt marcate cu <span class=\"required\">*<\/span><\/span><\/p>\n<\/div>\n<\/div>\n<\/div>\n<\/div>\n<\/div>\n<div id=\"check-also-box\" class=\"container-wrapper check-also-right\">\n<div class=\"widget-title the-global-title\">\n<div class=\"the-subtitle\">Check Also<\/div>\n<p><a href=\"https:\/\/infotulcea.ro\/eleva-din-tulcea-campioana-la-memoria-holocaustului\/\" id=\"check-also-close\" class=\"remove\"><span class=\"screen-reader-text\">Close<\/span><\/a><\/div>\n<div class=\"widget posts-list-big-first has-first-big-post\">\n<ul class=\"posts-list-items\">\n<li class=\"widget-single-post-item widget-post-list tie-standard\">\n<div class=\"post-widget-thumbnail\"><a aria-label=\"Evaluarea Na\u0163ional\u0103: Subiecte \u015fi baremul de notare!\" href=\"https:\/\/infotulcea.ro\/evaluarea-nationala-subiecte-si-baremul-de-notare\/\" class=\"post-thumb\"><span class=\"post-cat-wrap\"><span class=\"post-cat tie-cat-48\">Educa\u0163ie<\/span><\/span><source type=\"image\/webp\" data-srcset=\"https:\/\/infotulcea.ro\/wp-content\/uploads\/2020\/06\/258464030_T-390x220.jpg.webp\" \/><img loading=\"lazy\" decoding=\"async\" width=\"390\" height=\"220\" src=\"https:\/\/infotulcea.ro\/wp-content\/uploads\/2020\/06\/258464030_T-390x220.jpg\" class=\"attachment-jannah-image-large size-jannah-image-large wp-post-image\" alt><\/a><\/div>\n<div class=\"post-widget-body \"><a class=\"post-title the-subtitle\" href=\"https:\/\/infotulcea.ro\/evaluarea-nationala-subiecte-si-baremul-de-notare\/\">Evaluarea Na\u0163ional\u0103: Subiecte \u015fi baremul de notare!<\/a><\/p>\n<div class=\"post-meta\"><span class=\"date meta-item tie-icon\">15 iunie 2020<\/span><\/div>\n<\/div>\n<\/li>\n<\/ul>\n<\/div>\n<\/div>\n<aside class=\"sidebar tie-col-md-4 tie-col-xs-12 normal-side is-sticky\" aria-label=\"Primary Sidebar\">\n<div class=\"theiaStickySidebar\">\n<div id=\"media_image-19\" class=\"container-wrapper widget widget_media_image\"><a href=\"https:\/\/infotulcea.ro\/delta-dunarii-mai-accesibila-navrom-delta-creste-numarul-curselor-regulate-de-la-1-mai-2025\/\"><source sizes=\"(max-width: 500px) 100vw, 500px\" type=\"image\/webp\" data-srcset=\"https:\/\/infotulcea.ro\/wp-content\/uploads\/2025\/04\/navrom-delta-500x271.jpg.webp 500w, https:\/\/infotulcea.ro\/wp-content\/uploads\/2025\/04\/navrom-delta-1024x555.jpg.webp 1024w, https:\/\/infotulcea.ro\/wp-content\/uploads\/2025\/04\/navrom-delta-768x416.jpg.webp 768w, https:\/\/infotulcea.ro\/wp-content\/uploads\/2025\/04\/navrom-delta.jpg.webp 1080w\" \/><img loading=\"lazy\" decoding=\"async\" width=\"500\" height=\"271\" src=\"https:\/\/infotulcea.ro\/wp-content\/uploads\/2025\/04\/navrom-delta-500x271.jpg\" class=\"image wp-image-34487  attachment-medium size-medium\" alt><\/a><\/div>\n<div id=\"media_image-17\" class=\"container-wrapper widget widget_media_image\"><a href=\"https:\/\/www.facebook.com\/share\/p\/1DGAD1tLWN\/?mibextid=wwXIfr\" target=\"_blank\"><source sizes=\"(max-width: 500px) 100vw, 500px\" type=\"image\/webp\" data-srcset=\"https:\/\/infotulcea.ro\/wp-content\/uploads\/2026\/01\/IMG_1563-500x500.jpeg.webp 500w, https:\/\/infotulcea.ro\/wp-content\/uploads\/2026\/01\/IMG_1563-1024x1024.jpeg.webp 1024w, https:\/\/infotulcea.ro\/wp-content\/uploads\/2026\/01\/IMG_1563-250x250.jpeg.webp 250w, https:\/\/infotulcea.ro\/wp-content\/uploads\/2026\/01\/IMG_1563-768x768.jpeg.webp 768w, https:\/\/infotulcea.ro\/wp-content\/uploads\/2026\/01\/IMG_1563.jpeg.webp 1080w\" \/><img loading=\"lazy\" decoding=\"async\" width=\"500\" height=\"500\" src=\"https:\/\/infotulcea.ro\/wp-content\/uploads\/2026\/01\/IMG_1563-500x500.jpeg\" class=\"image wp-image-37932  attachment-medium size-medium\" alt title=\"Centrale pe lemne\"><\/a><\/div>\n<div id=\"media_image-18\" class=\"container-wrapper widget widget_media_image\"><a href=\"https:\/\/www.licitatia.ro\/site\/index-guest\"><img loading=\"lazy\" decoding=\"async\" width=\"500\" height=\"262\" src=\"https:\/\/infotulcea.ro\/wp-content\/uploads\/2025\/09\/licitatia-500x262.png\" class=\"image wp-image-36670  attachment-medium size-medium lazyload\" alt><img loading=\"lazy\" decoding=\"async\" width=\"500\" height=\"262\" src=\"https:\/\/infotulcea.ro\/wp-content\/uploads\/2025\/09\/licitatia-500x262.png\" class=\"image wp-image-36670  attachment-medium size-medium\" alt><\/a><\/div>\n<div id=\"media_image-27\" class=\"container-wrapper widget widget_media_image\"><a href=\"https:\/\/www.centrale-lemne-liepsnele.ro\/\"><img loading=\"lazy\" decoding=\"async\" width=\"500\" height=\"500\" src=\"https:\/\/infotulcea.ro\/wp-content\/uploads\/2025\/09\/Centrale-pe-Lemne-Liepsnele-500x500.png\" class=\"image wp-image-36541  attachment-medium size-medium lazyload\" alt=\"Centrala pe lemne\"><img loading=\"lazy\" decoding=\"async\" width=\"500\" height=\"500\" src=\"https:\/\/infotulcea.ro\/wp-content\/uploads\/2025\/09\/Centrale-pe-Lemne-Liepsnele-500x500.png\" class=\"image wp-image-36541  attachment-medium size-medium\" alt=\"Centrala pe lemne\"><\/a><\/div>\n<div id=\"media_image-28\" class=\"container-wrapper widget widget_media_image\"><a href=\"https:\/\/infotulcea.ro\/angajeaza-te-ro-platforma-ta-online-de-angajari-si-forta-de-munca\/\"><source sizes=\"(max-width: 500px) 100vw, 500px\" type=\"image\/webp\" data-srcset=\"https:\/\/infotulcea.ro\/wp-content\/uploads\/2025\/04\/banner-angajazate-1-500x305.jpg.webp 500w, https:\/\/infotulcea.ro\/wp-content\/uploads\/2025\/04\/banner-angajazate-1-1024x625.jpg.webp 1024w, https:\/\/infotulcea.ro\/wp-content\/uploads\/2025\/04\/banner-angajazate-1-768x469.jpg.webp 768w, https:\/\/infotulcea.ro\/wp-content\/uploads\/2025\/04\/banner-angajazate-1.jpg.webp 1080w\" \/><img loading=\"lazy\" decoding=\"async\" width=\"500\" height=\"305\" src=\"https:\/\/infotulcea.ro\/wp-content\/uploads\/2025\/04\/banner-angajazate-1-500x305.jpg\" class=\"image wp-image-34317  attachment-medium size-medium\" alt><\/a><\/div>\n<\/div>\n<\/aside>\n<\/div>\n<\/div>\n<div class=\"entry-content entry clearfix\">\n<p><strong>Eleva Vasile Emilia Gabriela din Tulcea a ob\u021binut Locul I la Concursul Na\u021bional \u201eMemoria Holocaustului\u201d<\/strong><br \/><strong>Concursul Na\u021bional \u201eMemoria Holocaustului\u201d este o competi\u021bie de prestigiu care reune\u0219te anual cei mai buni elevi din \u00eentreaga \u021bar\u0103, testa\u021bi pe teme complexe privind istoria, Holocaustul \u0219i drepturile omului.<\/strong><br \/>\nReprezentanta jude\u021bului Tulcea, Vasile Emilia Gabriela, elev\u0103 \u00een clasa a XI-a la Liceul Teoretic \u201eGrigore Moisil\u201d Tulcea, a ob\u021binut locul I la Concursul Na\u021bional \u201eMemoria Holocaustului\u201d, desf\u0103\u0219urat la Br\u0103ila \u00een perioada 14\u201317 iulie 2026, ocup\u00e2nd prima pozi\u021bie pe podium cu un punctaj remarcabil de 97 de puncte.<br \/>\nComunitatea local\u0103, institu\u021bia de \u00eenv\u0103\u021b\u0103m\u00e2nt \u0219i \u00eentregul jude\u021b Tulcea \u00ee\u0219i exprim\u0103 m\u00e2ndria pentru acest succes deosebit \u0219i le ureaz\u0103 at\u00e2t elevei, c\u00e2t \u0219i domnului profesor coordonator, Sizoi Ivan, mult succes \u00een proiectele viitoare!<br \/>\nColaborarea dintre un elev dedicat \u0219i un cadru didactic pasionat confirm\u0103, \u00eenc\u0103 o dat\u0103, valoarea \u00eenv\u0103\u021b\u0103m\u00e2ntului tulcean \u0219i capacitatea acestuia de a genera excelen\u021b\u0103 la cel mai \u00eenalt nivel.<br \/>\nPrin acest rezultat, Vasile Emilia demonstreaz\u0103 o maturitate profund\u0103, o preg\u0103tire riguroas\u0103 \u0219i un ata\u0219ament deosebit fa\u021b\u0103 de valorile adev\u0103rului istoric, devenind un model de inspira\u021bie pentru genera\u021bia sa.<\/p>\n<\/div>\n<div class=\"articleBody\" data-key=\"articleBody\">Eleva Vasile Emilia Gabriela din Tulcea a ob\u021binut Locul I la Concursul Na\u021bional \u201eMemoria Holocaustului\u201d<br \/>\nConcursul Na\u021bional \u201eMemoria Holocaustului\u201d este o competi\u021bie de prestigiu care reune\u0219te anual cei mai buni elevi din \u00eentreaga \u021bar\u0103, testa\u021bi pe teme complexe privind istoria, Holocaustul \u0219i drepturile omului.<br \/>\nReprezentanta jude\u021bului Tulcea, Vasile Emilia Gabriela, elev\u0103 \u00een clasa a XI-a la Liceul Teoretic \u201eGrigore Moisil\u201d Tulcea, a ob\u021binut locul I la Concursul Na\u021bional \u201eMemoria Holocaustului\u201d, desf\u0103\u0219urat la Br\u0103ila \u00een perioada 14\u201317 iulie 2026, ocup\u00e2nd prima pozi\u021bie pe podium cu un punctaj remarcabil de 97 de puncte.<br \/>\nComunitatea local\u0103, institu\u021bia de \u00eenv\u0103\u021b\u0103m\u00e2nt \u0219i \u00eentregul jude\u021b Tulcea \u00ee\u0219i exprim\u0103 m\u00e2ndria pentru acest succes deosebit \u0219i le ureaz\u0103 at\u00e2t elevei, c\u00e2t \u0219i domnului profesor coordonator, Sizoi Ivan, mult succes \u00een proiectele viitoare!<br \/>\nColaborarea dintre un elev dedicat \u0219i un cadru didactic pasionat confirm\u0103, \u00eenc\u0103 o dat\u0103, valoarea \u00eenv\u0103\u021b\u0103m\u00e2ntului tulcean \u0219i capacitatea acestuia de a genera excelen\u021b\u0103 la cel mai \u00eenalt nivel.<br \/>\nPrin acest rezultat, Vasile Emilia demonstreaz\u0103 o maturitate profund\u0103, o preg\u0103tire riguroas\u0103 \u0219i un ata\u0219ament deosebit fa\u021b\u0103 de valorile adev\u0103rului istoric, devenind un model de inspira\u021bie pentru genera\u021bia sa.<\/div>\n<p>[analyse_source url=&#8221;https:\/\/infotulcea.ro\/eleva-din-tulcea-campioana-la-memoria-holocaustului\/&#8221;]<\/p>\n","protected":false},"excerpt":{"rendered":"<p>[analyse_image type=&#8221;featured&#8221; src=&#8221;https:\/\/infotulcea.ro\/wp-content\/uploads\/2021\/11\/bulina.png&#8221;] Home\/Educa\u0163ie\/Elev\u0103 din Tulcea, campioan\u0103 la \u201eMemoria Holocaustului\u201d Educa\u0163ie Elev\u0103 din Tulcea, campioan\u0103 la \u201eMemoria Holocaustului\u201d Redactia20 iulie 2026 0 243 1 minute read Eleva Vasile Emilia Gabriela din Tulcea a ob\u021binut Locul I la Concursul Na\u021bional \u201eMemoria Holocaustului\u201dConcursul Na\u021bional \u201eMemoria Holocaustului\u201d este o competi\u021bie de prestigiu care reune\u0219te anual cei mai buni [&hellip;]<\/p>\n","protected":false},"author":1,"featured_media":0,"comment_status":"open","ping_status":"","sticky":false,"template":"","format":"standard","meta":{"footnotes":""},"categories":[89],"tags":[226,221],"class_list":["post-2058093","post","type-post","status-publish","format-standard","hentry","category-romania","tag-crawlmanager","tag-infotulcea-ro"],"_links":{"self":[{"href":"https:\/\/analyse.optim.biz\/index.php?rest_route=\/wp\/v2\/posts\/2058093","targetHints":{"allow":["GET"]}}],"collection":[{"href":"https:\/\/analyse.optim.biz\/index.php?rest_route=\/wp\/v2\/posts"}],"about":[{"href":"https:\/\/analyse.optim.biz\/index.php?rest_route=\/wp\/v2\/types\/post"}],"author":[{"embeddable":true,"href":"https:\/\/analyse.optim.biz\/index.php?rest_route=\/wp\/v2\/users\/1"}],"replies":[{"embeddable":true,"href":"https:\/\/analyse.optim.biz\/index.php?rest_route=%2Fwp%2Fv2%2Fcomments&post=2058093"}],"version-history":[{"count":0,"href":"https:\/\/analyse.optim.biz\/index.php?rest_route=\/wp\/v2\/posts\/2058093\/revisions"}],"wp:attachment":[{"href":"https:\/\/analyse.optim.biz\/index.php?rest_route=%2Fwp%2Fv2%2Fmedia&parent=2058093"}],"wp:term":[{"taxonomy":"category","embeddable":true,"href":"https:\/\/analyse.optim.biz\/index.php?rest_route=%2Fwp%2Fv2%2Fcategories&post=2058093"},{"taxonomy":"post_tag","embeddable":true,"href":"https:\/\/analyse.optim.biz\/index.php?rest_route=%2Fwp%2Fv2%2Ftags&post=2058093"}],"curies":[{"name":"wp","href":"https:\/\/api.w.org\/{rel}","templated":true}]}}