{"id":2057966,"date":"2026-07-21T09:16:54","date_gmt":"2026-07-21T06:16:54","guid":{"rendered":"https:\/\/analyse.optim.biz\/?p=2057966"},"modified":"2026-07-21T09:16:54","modified_gmt":"2026-07-21T06:16:54","slug":"centrul-de-excelenta-suceava-in-vacanta-inscrierile-pentru-elevi-si-profesori-incep-odata-cu-noul-an-scolar","status":"publish","type":"post","link":"https:\/\/analyse.optim.biz\/?p=2057966","title":{"rendered":"Centrul de Excelen\u021b\u0103 Suceava, \u00een vacan\u021b\u0103. \u00censcrierile pentru elevi \u0219i profesori \u00eencep odat\u0103 cu noul an \u0219colar"},"content":{"rendered":"<p>[analyse_image type=&#8221;featured&#8221; src=&#8221;https:\/\/www.radiotop.ro\/img\/media\/2024\/11\/gabriela-scutaru-rochie-1.jpg&#8221;]<\/p>\n<div class=\"entry-content no-share\">\n<div class=\"content-inner \">\n<p>Elevii Centrului de Excelen\u021b\u0103 \u00een \u00cenv\u0103\u021b\u0103m\u00eent Suceava s\u00eent \u00een aceast\u0103 perioad\u0103 \u00een vacan\u021b\u0103, iar activitatea va fi reluat\u0103 \u00een toamn\u0103. Profesoara Gabriela Scutaru, directoarea Centrului de Excelen\u021b\u0103, spune c\u0103 mul\u021bi dintre elevii care au participat la activit\u0103\u021bile centrului au participat la competi\u021bii na\u021bionale.<\/p>\n<p>A declarat doamna Scutaru \u00een cadrul unei interven\u021bii telefonice la Radio Top: \u201dDa, au mers la Olimpiade, \u00eentr-adev\u0103r. Nu to\u021bi au ajuns la etape na\u021bionale, dar da, au existat mul\u021bi copii care au participat la diverse competi\u021bii. Acesta este \u0219i scopul acestui centru\u201d.<\/p>\n<p>\u00censcrierile pentru elevi \u0219i profesori vor \u00eencepe odat\u0103 cu debutul noului an \u0219colar, \u201diar activitatea efectiv\u0103 va \u00eencepe undeva la 1 octombrie sau imediat la \u00eenceputul lunii octombrie\u201d, potrivit profesoarei.<\/p>\n<p>\u00cen anul \u0219colar 2025-2026, elevii au putut opta pentru discipline precum Matematica, Limba \u0219i Literatura Rom\u00e2n\u0103, Chimie, Fizic\u0103, Biologie, Informatic\u0103 \u2013 Securitate Cibernetic\u0103 \u0219i Programare Vizual\u0103 sau Astronomie \u0219i Astrofizic\u0103.<\/p>\n<p>La Centrul de Excelen\u021b\u0103 vin, \u00een principal, elevi de liceu din Suceava \u0219i din \u00eemprejurimi. Centrul se adreseaz\u0103 \u0219i elevilor de gimnaziu.<\/p>\n<p>\u00a0<\/p>\n<\/div>\n<\/div>\n<div class=\"content-inner \">\n<p>Elevii Centrului de Excelen\u021b\u0103 \u00een \u00cenv\u0103\u021b\u0103m\u00eent Suceava s\u00eent \u00een aceast\u0103 perioad\u0103 \u00een vacan\u021b\u0103, iar activitatea va fi reluat\u0103 \u00een toamn\u0103. Profesoara Gabriela Scutaru, directoarea Centrului de Excelen\u021b\u0103, spune c\u0103 mul\u021bi dintre elevii care au participat la activit\u0103\u021bile centrului au participat la competi\u021bii na\u021bionale.<\/p>\n<p>A declarat doamna Scutaru \u00een cadrul unei interven\u021bii telefonice la Radio Top: \u201dDa, au mers la Olimpiade, \u00eentr-adev\u0103r. Nu to\u021bi au ajuns la etape na\u021bionale, dar da, au existat mul\u021bi copii care au participat la diverse competi\u021bii. Acesta este \u0219i scopul acestui centru\u201d.<\/p>\n<p>\u00censcrierile pentru elevi \u0219i profesori vor \u00eencepe odat\u0103 cu debutul noului an \u0219colar, \u201diar activitatea efectiv\u0103 va \u00eencepe undeva la 1 octombrie sau imediat la \u00eenceputul lunii octombrie\u201d, potrivit profesoarei.<\/p>\n<p>\u00cen anul \u0219colar 2025-2026, elevii au putut opta pentru discipline precum Matematica, Limba \u0219i Literatura Rom\u00e2n\u0103, Chimie, Fizic\u0103, Biologie, Informatic\u0103 \u2013 Securitate Cibernetic\u0103 \u0219i Programare Vizual\u0103 sau Astronomie \u0219i Astrofizic\u0103.<\/p>\n<p>La Centrul de Excelen\u021b\u0103 vin, \u00een principal, elevi de liceu din Suceava \u0219i din \u00eemprejurimi. Centrul se adreseaz\u0103 \u0219i elevilor de gimnaziu.<\/p>\n<p>\u00a0<\/p>\n<\/div>\n<p>[analyse_source url=&#8221;https:\/\/www.radiotop.ro\/educatie\/centrul-de-excelenta-suceava-in-vacanta-inscrierile-pentru-elevi-si-profesori-incep-odata-cu-noul-an-scolar.html&#8221;]<\/p>\n","protected":false},"excerpt":{"rendered":"<p>[analyse_image type=&#8221;featured&#8221; src=&#8221;https:\/\/www.radiotop.ro\/img\/media\/2024\/11\/gabriela-scutaru-rochie-1.jpg&#8221;] Elevii Centrului de Excelen\u021b\u0103 \u00een \u00cenv\u0103\u021b\u0103m\u00eent Suceava s\u00eent \u00een aceast\u0103 perioad\u0103 \u00een vacan\u021b\u0103, iar activitatea va fi reluat\u0103 \u00een toamn\u0103. Profesoara Gabriela Scutaru, directoarea Centrului de Excelen\u021b\u0103, spune c\u0103 mul\u021bi dintre elevii care au participat la activit\u0103\u021bile centrului au participat la competi\u021bii na\u021bionale. A declarat doamna Scutaru \u00een cadrul unei interven\u021bii telefonice [&hellip;]<\/p>\n","protected":false},"author":1,"featured_media":0,"comment_status":"open","ping_status":"","sticky":false,"template":"","format":"standard","meta":{"footnotes":""},"categories":[89],"tags":[226,163],"class_list":["post-2057966","post","type-post","status-publish","format-standard","hentry","category-romania","tag-crawlmanager","tag-radiotop-ro"],"_links":{"self":[{"href":"https:\/\/analyse.optim.biz\/index.php?rest_route=\/wp\/v2\/posts\/2057966","targetHints":{"allow":["GET"]}}],"collection":[{"href":"https:\/\/analyse.optim.biz\/index.php?rest_route=\/wp\/v2\/posts"}],"about":[{"href":"https:\/\/analyse.optim.biz\/index.php?rest_route=\/wp\/v2\/types\/post"}],"author":[{"embeddable":true,"href":"https:\/\/analyse.optim.biz\/index.php?rest_route=\/wp\/v2\/users\/1"}],"replies":[{"embeddable":true,"href":"https:\/\/analyse.optim.biz\/index.php?rest_route=%2Fwp%2Fv2%2Fcomments&post=2057966"}],"version-history":[{"count":0,"href":"https:\/\/analyse.optim.biz\/index.php?rest_route=\/wp\/v2\/posts\/2057966\/revisions"}],"wp:attachment":[{"href":"https:\/\/analyse.optim.biz\/index.php?rest_route=%2Fwp%2Fv2%2Fmedia&parent=2057966"}],"wp:term":[{"taxonomy":"category","embeddable":true,"href":"https:\/\/analyse.optim.biz\/index.php?rest_route=%2Fwp%2Fv2%2Fcategories&post=2057966"},{"taxonomy":"post_tag","embeddable":true,"href":"https:\/\/analyse.optim.biz\/index.php?rest_route=%2Fwp%2Fv2%2Ftags&post=2057966"}],"curies":[{"name":"wp","href":"https:\/\/api.w.org\/{rel}","templated":true}]}}