{"id":2057962,"date":"2026-07-21T09:11:45","date_gmt":"2026-07-21T06:11:45","guid":{"rendered":"https:\/\/analyse.optim.biz\/?p=2057962"},"modified":"2026-07-21T09:11:45","modified_gmt":"2026-07-21T06:11:45","slug":"rebeca-ungurean-de-la-stefan-cel-mare-olimpica-internationala-la-biologie-prof-gabriela-scutaru-felicitari-pentru-eleva-dar-si-pentru-familia-ei-frumoasa-care-a-cresc","status":"publish","type":"post","link":"https:\/\/analyse.optim.biz\/?p=2057962","title":{"rendered":"Rebeca Ungurean, de la \u201d\u0218tefan cel Mare\u201d, olimpic\u0103 interna\u021bional\u0103 la biologie. Prof. Gabriela Scutaru: Felicit\u0103ri pentru elev\u0103, dar \u0219i pentru familia ei frumoas\u0103, \u201dcare a crescut un copil cu totul \u0219i cu totul special\u201d"},"content":{"rendered":"<p>[analyse_image type=&#8221;featured&#8221; src=&#8221;https:\/\/www.radiotop.ro\/img\/media\/2026\/07\/rebeca-ungurean-1.jpg&#8221;]<\/p>\n<div class=\"entry-content no-share\">\n<div class=\"content-inner \">\n<p>Profesoara Gabriela Scutaru, de la Colegiul Na\u021bional \u201d\u0218tefan cel Mare\u201d din Suceava \u0219i directoarea Centrului de Excelen\u021b\u0103 \u00een \u00cenv\u0103\u021b\u0103m\u00eent Suceava, are cuvinte de laud\u0103 la adresa olimpicei interna\u021bionale Rebeca Ungurean. Doamna Scutaru este profesoara de biologie a Rebec\u0103i, elev\u0103 \u00een clasa a X-a la \u201d\u0218tefan\u201d, care de cur\u00eend a ob\u021binut o men\u021biune la Olimpiada Interna\u021bional\u0103 de Biologie desf\u0103\u0219urat\u0103 la Vilnius \u2013 Lituania.<\/p>\n<p>\u00centr-o interven\u021bie telefonic\u0103 la Radio Top, \u00eentrebat\u0103 dac\u0103 Rebeca a fost singura reprezentant\u0103 a Rom\u00e2niei la care au participat 300 de elevi din 75 de \u021b\u0103ri, doamna Scutaru a declarat: \u201dAu mai fost \u00eenc\u0103 trei elevi, pentru c\u0103 lotul Rom\u00e2niei este format din patru elevi, care provin din diverse jude\u021be ale \u021b\u0103rii, dar to\u021bi patru copii excep\u021bionali, pentru c\u0103 au fost selecta\u021bi \u00een urma unui proces \u00eendelungat \u00een lotul Rom\u00e2niei \u0219i doar ei patru au fost c\u00ee\u0219tig\u0103torii care au mers la Vilnius\u201d.<\/p>\n<p>Rebeca Ungureanu a ob\u021binut o men\u021biune, iar ceilal\u021bi membri ai lotului Rom\u00e2niei au primit medalii de bronz \u0219i de argint. A spus profesoara: \u201dEvident c\u0103 se \u00eentorc cu un palmares foarte frumos acas\u0103, ceea ce chiar este o mare m\u00eendrie pentru noi\u201d.<\/p>\n<p>Profesoara a povestit c\u0103 Rebeca Ungureanu s-a remarcat \u00eenc\u0103 din clasa a IX-a prin pasiunea pentru biologie \u0219i participarea la competi\u021bii na\u021bionale. A afirmat aceasta referitor la rela\u021bia sa cu eleva: \u201dCred c\u0103 a fost o colaborare de la bun \u00eenceput, pentru c\u0103 Rebeca din clasa a IX-a a fost foarte interesat\u0103 \u0219i pasionat\u0103 de biologie, a participat din clasa a IX-a la competi\u021bii na\u021bionale, a fost la Olimpiada Na\u021bional\u0103 din T\u00eergu Mure\u0219 \u0219i pentru c\u0103 acolo a fost extraordinar de greu, \u0219i poate c\u0103 ea nu a ob\u021binut chiar ceea ce a vrut, probabil c\u0103 a fost \u0219i lucrul care a motivat-o s\u0103 continue \u0219i s\u0103 continue la un nivel foarte \u00eenalt. Este un copil excep\u021bional\u201d.<\/p>\n<p>Pentru aceast\u0103 performan\u021b\u0103, eleva a beneficiat de preg\u0103tire suplimentar\u0103 la \u0219coal\u0103. A punctat doamna Scutaru: \u201dAm f\u0103cut preg\u0103tire, normal, la \u0219coal\u0103, pentru c\u0103 este o obliga\u021bia noastr\u0103 \u0219i este absolut evident c\u0103 \u00een momentul \u00een care preg\u0103te\u0219ti un copil pentru Olimpiada Na\u021bional\u0103 \u0219i, bine\u00een\u021beles, apoi, faci preg\u0103tire cu copilul la \u0219coal\u0103, munce\u0219ti cu tot ce se poate, f\u0103r\u0103 program, pentru c\u0103 a\u0219a e normal, dac\u0103 vrei s\u0103 ob\u021bii un rezultat bun\u201d.<\/p>\n<p>Rebeca Ungureanu nu a participat \u00een acest an la activit\u0103\u021bile Centrului de Excelen\u021b\u0103 \u00een \u00cenv\u0103\u021b\u0103m\u00eent, din cauza programului deja foarte \u00eenc\u0103rcat, \u00eens\u0103 a continuat s\u0103 lucreze \u00eempreun\u0103 cu profesoara sa.<\/p>\n<p>Gabriela Scutaru a transmis felicit\u0103ri \u0219i p\u0103rin\u021bilor elevei, despre care spune c\u0103 formeaz\u0103 \u201do familie frumoas\u0103, care a crescut un copil cu totul \u0219i cu totul special\u201d.<\/p>\n<p>\u00a0<\/p>\n<\/div>\n<\/div>\n<div class=\"content-inner \">\n<p>Profesoara Gabriela Scutaru, de la Colegiul Na\u021bional \u201d\u0218tefan cel Mare\u201d din Suceava \u0219i directoarea Centrului de Excelen\u021b\u0103 \u00een \u00cenv\u0103\u021b\u0103m\u00eent Suceava, are cuvinte de laud\u0103 la adresa olimpicei interna\u021bionale Rebeca Ungurean. Doamna Scutaru este profesoara de biologie a Rebec\u0103i, elev\u0103 \u00een clasa a X-a la \u201d\u0218tefan\u201d, care de cur\u00eend a ob\u021binut o men\u021biune la Olimpiada Interna\u021bional\u0103 de Biologie desf\u0103\u0219urat\u0103 la Vilnius \u2013 Lituania.<\/p>\n<p>\u00centr-o interven\u021bie telefonic\u0103 la Radio Top, \u00eentrebat\u0103 dac\u0103 Rebeca a fost singura reprezentant\u0103 a Rom\u00e2niei la care au participat 300 de elevi din 75 de \u021b\u0103ri, doamna Scutaru a declarat: \u201dAu mai fost \u00eenc\u0103 trei elevi, pentru c\u0103 lotul Rom\u00e2niei este format din patru elevi, care provin din diverse jude\u021be ale \u021b\u0103rii, dar to\u021bi patru copii excep\u021bionali, pentru c\u0103 au fost selecta\u021bi \u00een urma unui proces \u00eendelungat \u00een lotul Rom\u00e2niei \u0219i doar ei patru au fost c\u00ee\u0219tig\u0103torii care au mers la Vilnius\u201d.<\/p>\n<p>Rebeca Ungureanu a ob\u021binut o men\u021biune, iar ceilal\u021bi membri ai lotului Rom\u00e2niei au primit medalii de bronz \u0219i de argint. A spus profesoara: \u201dEvident c\u0103 se \u00eentorc cu un palmares foarte frumos acas\u0103, ceea ce chiar este o mare m\u00eendrie pentru noi\u201d.<\/p>\n<p>Profesoara a povestit c\u0103 Rebeca Ungureanu s-a remarcat \u00eenc\u0103 din clasa a IX-a prin pasiunea pentru biologie \u0219i participarea la competi\u021bii na\u021bionale. A afirmat aceasta referitor la rela\u021bia sa cu eleva: \u201dCred c\u0103 a fost o colaborare de la bun \u00eenceput, pentru c\u0103 Rebeca din clasa a IX-a a fost foarte interesat\u0103 \u0219i pasionat\u0103 de biologie, a participat din clasa a IX-a la competi\u021bii na\u021bionale, a fost la Olimpiada Na\u021bional\u0103 din T\u00eergu Mure\u0219 \u0219i pentru c\u0103 acolo a fost extraordinar de greu, \u0219i poate c\u0103 ea nu a ob\u021binut chiar ceea ce a vrut, probabil c\u0103 a fost \u0219i lucrul care a motivat-o s\u0103 continue \u0219i s\u0103 continue la un nivel foarte \u00eenalt. Este un copil excep\u021bional\u201d.<\/p>\n<p>Pentru aceast\u0103 performan\u021b\u0103, eleva a beneficiat de preg\u0103tire suplimentar\u0103 la \u0219coal\u0103. A punctat doamna Scutaru: \u201dAm f\u0103cut preg\u0103tire, normal, la \u0219coal\u0103, pentru c\u0103 este o obliga\u021bia noastr\u0103 \u0219i este absolut evident c\u0103 \u00een momentul \u00een care preg\u0103te\u0219ti un copil pentru Olimpiada Na\u021bional\u0103 \u0219i, bine\u00een\u021beles, apoi, faci preg\u0103tire cu copilul la \u0219coal\u0103, munce\u0219ti cu tot ce se poate, f\u0103r\u0103 program, pentru c\u0103 a\u0219a e normal, dac\u0103 vrei s\u0103 ob\u021bii un rezultat bun\u201d.<\/p>\n<p>Rebeca Ungureanu nu a participat \u00een acest an la activit\u0103\u021bile Centrului de Excelen\u021b\u0103 \u00een \u00cenv\u0103\u021b\u0103m\u00eent, din cauza programului deja foarte \u00eenc\u0103rcat, \u00eens\u0103 a continuat s\u0103 lucreze \u00eempreun\u0103 cu profesoara sa.<\/p>\n<p>Gabriela Scutaru a transmis felicit\u0103ri \u0219i p\u0103rin\u021bilor elevei, despre care spune c\u0103 formeaz\u0103 \u201do familie frumoas\u0103, care a crescut un copil cu totul \u0219i cu totul special\u201d.<\/p>\n<p>\u00a0<\/p>\n<\/div>\n<p>[analyse_source url=&#8221;https:\/\/www.radiotop.ro\/educatie\/rebeca-ungurean-de-la-stefan-cel-mare-olimpica-internationala-la-biologie-prof-gabriela-scutaru-felicitari-pentru-eleva-dar-si-pentru-familia-ei-frumoasa-care-au-cre.html&#8221;]<\/p>\n","protected":false},"excerpt":{"rendered":"<p>[analyse_image type=&#8221;featured&#8221; src=&#8221;https:\/\/www.radiotop.ro\/img\/media\/2026\/07\/rebeca-ungurean-1.jpg&#8221;] Profesoara Gabriela Scutaru, de la Colegiul Na\u021bional \u201d\u0218tefan cel Mare\u201d din Suceava \u0219i directoarea Centrului de Excelen\u021b\u0103 \u00een \u00cenv\u0103\u021b\u0103m\u00eent Suceava, are cuvinte de laud\u0103 la adresa olimpicei interna\u021bionale Rebeca Ungurean. Doamna Scutaru este profesoara de biologie a Rebec\u0103i, elev\u0103 \u00een clasa a X-a la \u201d\u0218tefan\u201d, care de cur\u00eend a ob\u021binut o men\u021biune [&hellip;]<\/p>\n","protected":false},"author":1,"featured_media":0,"comment_status":"open","ping_status":"","sticky":false,"template":"","format":"standard","meta":{"footnotes":""},"categories":[89],"tags":[226,163],"class_list":["post-2057962","post","type-post","status-publish","format-standard","hentry","category-romania","tag-crawlmanager","tag-radiotop-ro"],"_links":{"self":[{"href":"https:\/\/analyse.optim.biz\/index.php?rest_route=\/wp\/v2\/posts\/2057962","targetHints":{"allow":["GET"]}}],"collection":[{"href":"https:\/\/analyse.optim.biz\/index.php?rest_route=\/wp\/v2\/posts"}],"about":[{"href":"https:\/\/analyse.optim.biz\/index.php?rest_route=\/wp\/v2\/types\/post"}],"author":[{"embeddable":true,"href":"https:\/\/analyse.optim.biz\/index.php?rest_route=\/wp\/v2\/users\/1"}],"replies":[{"embeddable":true,"href":"https:\/\/analyse.optim.biz\/index.php?rest_route=%2Fwp%2Fv2%2Fcomments&post=2057962"}],"version-history":[{"count":0,"href":"https:\/\/analyse.optim.biz\/index.php?rest_route=\/wp\/v2\/posts\/2057962\/revisions"}],"wp:attachment":[{"href":"https:\/\/analyse.optim.biz\/index.php?rest_route=%2Fwp%2Fv2%2Fmedia&parent=2057962"}],"wp:term":[{"taxonomy":"category","embeddable":true,"href":"https:\/\/analyse.optim.biz\/index.php?rest_route=%2Fwp%2Fv2%2Fcategories&post=2057962"},{"taxonomy":"post_tag","embeddable":true,"href":"https:\/\/analyse.optim.biz\/index.php?rest_route=%2Fwp%2Fv2%2Ftags&post=2057962"}],"curies":[{"name":"wp","href":"https:\/\/api.w.org\/{rel}","templated":true}]}}