{"id":2057719,"date":"2026-07-19T19:40:58","date_gmt":"2026-07-19T16:40:58","guid":{"rendered":"https:\/\/analyse.optim.biz\/?p=2057719"},"modified":"2026-07-19T19:40:58","modified_gmt":"2026-07-19T16:40:58","slug":"baile-olanesti-la-un-an-de-aniversarea-celor-cinci-secole-de-istorie-sportivi-de-performanta-profesori-si-oameni-de-cultura-premiati-la-sedinta-festiva","status":"publish","type":"post","link":"https:\/\/analyse.optim.biz\/?p=2057719","title":{"rendered":"B\u0103ile Ol\u0103ne\u0219ti, la un an de aniversarea celor cinci secole de istorie: sportivi de performan\u021b\u0103, profesori \u0219i oameni de cultur\u0103, premia\u021bi la \u0219edin\u021ba festiv\u0103"},"content":{"rendered":"<p>[analyse_image type=&#8221;featured&#8221; src=&#8221;https:\/\/www.impactreal.ro\/wp-content\/uploads\/2026\/07\/baile-olanesti-colaj-1024&#215;725.png&#8221;]<\/p>\n<div class=\"single-news-content\">\n<div class=\"news-image\"><img loading=\"lazy\" decoding=\"async\" width=\"1491\" height=\"1055\" src=\"https:\/\/www.impactreal.ro\/wp-content\/uploads\/2026\/07\/baile-olanesti-colaj.png\" class=\"img-responsive wp-post-image\" alt=\"B\u0103ile Ol\u0103ne\u0219ti, la un an de aniversarea celor cinci secole de istorie: sportivi de performan\u021b\u0103, profesori \u0219i oameni de cultur\u0103, premia\u021bi la \u0219edin\u021ba festiv\u0103\"><\/div>\n<div class=\"news-detail clearfix\">\n<div class=\"entry-meta\"><span class=\"posted-date\"><a href=\"https:\/\/www.impactreal.ro\/2026\/07\/19\/baile-olanesti-la-un-an-de-aniversarea-celor-cinci-secole-de-istorie-sportivi-de-performanta-profesori-si-oameni-de-cultura-premiati-la-sedinta-festiva\/\" rel=\"bookmark\"><time class=\"entry-date published\" datetime=\"2026-07-19T22:40:58+03:00\">19 iulie 2026<\/time><time class=\"updated\" datetime=\"2026-07-19T22:42:29+03:00\">19 iulie 2026<\/time><\/a><\/span><span class=\"author vcard\"><a href=\"https:\/\/www.impactreal.ro\/author\/claudia-schiopu\/\">Claudia Schiopu<\/a><\/span><span class=\"cat-links\"><a href=\"https:\/\/www.impactreal.ro\/category\/administratie\/\" rel=\"category tag\">Administra\u0163ie<\/a><a href=\"https:\/\/www.impactreal.ro\/category\/baile-olanesti\/\" rel=\"category tag\">Baile Olanesti<\/a><a href=\"https:\/\/www.impactreal.ro\/category\/judet-valcea\/\" rel=\"category tag\">Judet Valcea<\/a><a href=\"https:\/\/www.impactreal.ro\/category\/local\/\" rel=\"category tag\">Local<\/a><\/span><\/div>\n<div class=\"news-content editor-content-entry\">\n<p><em>\u00a0<\/em>B\u0103ile Ol\u0103ne\u0219ti a marcat, duminic\u0103, 19 iulie 2026, \u00eemplinirea a 499 de ani de la prima atestare documentar\u0103. \u0218edin\u021ba festiv\u0103 organizat\u0103 la sediul prim\u0103riei a reunit reprezentan\u021bi ai administra\u021biei locale, consilieri locali, sportivi, profesori, oameni de cultur\u0103, autorii volumului \u0219i membri ai familiilor acestora. Programul a cuprins premierea unor tineri cu rezultate deosebite la karate \u0219i lansarea unui volum dedicat istoriei, izvoarelor minerale \u0219i patrimoniului spiritual al sta\u021biunii.<\/p>\n<p><strong><u>499 de ani de istorie<\/u><\/strong><\/p>\n<p>Evenimentul a fost deschis de primarul Sorin Vasilache, care a amintit c\u0103 prima atestare documentar\u0103 a localit\u0103\u021bii dateaz\u0103 din 19 iulie 1527. La acea dat\u0103, domnitorul \u021a\u0103rii Rom\u00e2ne\u0219ti, Radu de la Afuma\u021bi, confirma printr-un hrisov st\u0103p\u00e2nirea asupra unor p\u0103m\u00e2nturi din Ol\u0103ne\u0219ti \u0219i Iarosl\u0103ve\u0219ti.<\/p>\n<p>Primarul a vorbit despre cele opt localit\u0103\u021bi componente ale ora\u0219ului, Livadia, Ol\u0103ne\u0219ti, Cheia, Tisa, Gurguiata, Pietri\u0219u, Comanca \u0219i Mosoroasa, precum \u0219i despre izvoarele minerale, a\u0219ez\u0103mintele religioase \u0219i zonele naturale care au contribuit la dezvoltarea sta\u021biunii.<\/p>\n<p>Profesorul Ion Popescu a prezentat apoi o sintez\u0103 a principalelor momente din istoria localit\u0103\u021bii. Acesta a ar\u0103tat c\u0103 B\u0103ile Ol\u0103ne\u0219ti nu reprezint\u0103 doar un loc pentru tratament \u0219i odihn\u0103, ci p\u0103streaz\u0103 numeroase m\u0103rturii religioase, culturale \u0219i istorice care merit\u0103 cunoscute \u0219i protejate.<\/p>\n<p><strong><u>Patru sportivi, premia\u021bi<\/u><\/strong><\/p>\n<p>Unul dintre momentele importante ale \u0219edin\u021bei a fost dedicat tinerilor care au ob\u021binut rezultate deosebite la karate. <strong><u>Deea Andreescu, Alexandrescu Andreea Denisa, Florescu Mario Constantin \u0219i Popescu Alissa Maria<\/u><\/strong> au primit diplome, flori \u0219i premii financiare \u00een valoare de 3.000 de lei.<\/p>\n<p>Trei dintre sportivi au participat inclusiv la competi\u021bii organizate \u00een Japonia, unde au ob\u021binut rezultate foarte bune. Ace\u0219tia au reprezentat ora\u0219ul \u0219i la concursuri europene \u0219i na\u021bionale.<\/p>\n<p><strong><em>Sorin Vasilache<\/em><\/strong> i-a felicitat pentru seriozitatea cu care se preg\u0103tesc \u0219i pentru modul \u00een care reu\u0219esc s\u0103 \u00eembine \u0219coala cu sportul: \u201e<strong><em>Ne bucur\u0103m c\u0103 avem la B\u0103ile Ol\u0103ne\u0219ti asemenea tineri talenta\u021bi, care au ob\u021binut rezultate importante \u00een \u021bar\u0103 \u0219i \u00een str\u0103in\u0103tate. \u00cei felicit\u0103m pentru munca lor \u0219i pentru felul \u00een care reprezint\u0103 ora\u0219ul<\/em><\/strong>\u201d, a declarat primarul Sorin Vasilache.<\/p>\n<p>\u00a0<\/p>\n<p><strong><u>Istoria sta\u021biunii, adunat\u0103 \u00eentr-un volum de referin\u021b\u0103<\/u><\/strong><\/p>\n<p>Manifestarea a continuat cu lansarea volumului \u201eB\u0103ile Ol\u0103ne\u0219ti, sta\u021biune balneoclimateric\u0103 de renume. Meleag sf\u00e2nt de cultur\u0103 \u0219i spiritualitate\u201d, realizat de profesorii Ilie \u0219i Elena Dinescu.<\/p>\n<p>Cartea are 461 de pagini \u0219i este rezultatul mai multor ani de documentare \u00een arhive \u0219i biblioteci. Prima parte prezint\u0103 cadrul natural, izvoarele minerale, tratamentele interne \u0219i externe, precum \u0219i dezvoltarea turistic\u0103 a ora\u0219ului din trecut p\u00e2n\u0103 \u00een prezent.<\/p>\n<p>Partea a doua este dedicat\u0103 l\u0103ca\u0219urilor de cult, istoriei \u00eenv\u0103\u021b\u0103m\u00e2ntului \u0219i personalit\u0103\u021bilor care au avut un rol important \u00een dezvoltarea cultural\u0103 \u0219i spiritual\u0103 a localit\u0103\u021bii.<\/p>\n<p>\u201e<strong>Este o carte complex\u0103, care cuprinde informa\u021bii pe care mul\u021bi locuitori poate nu le cunosc. Autorii au muncit ani \u00eentregi, au cercetat arhive \u0219i biblioteci, iar rezultatul este un volum util pentru cei care doresc s\u0103 descopere istoria ora\u0219ului. \u00cei felicit pe profesorii Ilie \u0219i Elena Dinescu pentru aceast\u0103 lucrare<\/strong>\u201d, a spus Sorin Vasilache.<\/p>\n<p>Autorii au vorbit despre documentele studiate, despre izvoarele folosite \u0219i despre dorin\u021ba de a l\u0103sa genera\u021biilor urm\u0103toare o prezentare c\u00e2t mai complet\u0103 a sta\u021biunii.<\/p>\n<p><strong><u>Diplome pentru oamenii de cultur\u0103<\/u><\/strong><\/p>\n<p>La finalul \u0219edin\u021bei festive, administra\u021bia local\u0103 \u0219i Consiliul Local au acordat diplome de excelen\u021b\u0103 profesorilor Ilie Dinescu \u0219i Elena Dinescu, precum \u0219i lui Ion Alexandru Popescu \u0219i Nicolae Gurgan.<\/p>\n<p>Distinc\u021biile au fost oferite pentru contribu\u021bia adus\u0103 la p\u0103strarea \u0219i promovarea istoriei \u0219i culturii ora\u0219ului B\u0103ile Ol\u0103ne\u0219ti.<\/p>\n<p>Dup\u0103 \u00eencheierea ceremoniei, participan\u021bii au r\u0103mas la o discu\u021bie informal\u0103, la un pahar cu ap\u0103 mineral\u0103, cafea \u0219i un aperitiv oferit de Consiliul Local.<\/p>\n<p><strong><u>Turneu la baza sportiv\u0103<\/u><\/strong><\/p>\n<p>Manifest\u0103rile dedicate celor 499 de ani de la prima atestare documentar\u0103 au \u00eenceput s\u00e2mb\u0103t\u0103, 18 iulie, la baza Clubului Sportiv B\u0103ile Ol\u0103ne\u0219ti, unde s-a desf\u0103\u0219urat prima edi\u021bie a competi\u021biei Summer Cup Ol\u0103ne\u0219ti.<\/p>\n<p>Turneul a adunat 12 echipe din jude\u021bul V\u00e2lcea, din B\u0103ile Ol\u0103ne\u0219ti, Berisl\u0103ve\u0219ti, Cerni\u0219oara, R\u00e2mnicu V\u00e2lcea \u0219i alte localit\u0103\u021bi. Meciurile s-au desf\u0103\u0219urat pe durata a dou\u0103 zile, iar finalele au fost programate duminic\u0103, 19 iulie.<\/p>\n<p>Organizatorii au preg\u0103tit cupe, diplome \u0219i premii pentru echipele clasate pe primele locuri. Competi\u021bia a completat programul aniversar printr-un eveniment dedicat sportului \u0219i tinerilor.<\/p>\n<p>\u00a0<\/p>\n<p><em><u>Aniversarea din acest an preg\u0103te\u0219te momentul din 2027, c\u00e2nd B\u0103ile Ol\u0103ne\u0219ti va \u00eemplini cinci secole de la prima men\u021biune documentar\u0103. Pentru administra\u021bia local\u0103, cei 499 de ani reprezint\u0103 at\u00e2t o privire asupra trecutului, c\u00e2t \u0219i obliga\u021bia de a p\u0103stra resursele naturale, patrimoniul \u0219i identitatea ora\u0219ului.<\/u><\/em><\/p>\n<div class=\"wp-video\"><video class=\"wp-video-shortcode\" id=\"video-57870-1\" width=\"640\" height=\"361\" preload=\"metadata\" controls=\"controls\"><source type=\"video\/mp4\" src=\"https:\/\/www.impactreal.ro\/wp-content\/uploads\/2026\/07\/inregistare-copii-WhatsApp-Video-2026-07-19-at-20.04.04.mp4?_=1\" \/><\/video><\/div>\n<div class=\"wp-video\"><video class=\"wp-video-shortcode\" id=\"video-57870-2\" width=\"640\" height=\"361\" preload=\"metadata\" controls=\"controls\"><source type=\"video\/mp4\" src=\"https:\/\/www.impactreal.ro\/wp-content\/uploads\/2026\/07\/inregistrae-sedinta-000-WhatsApp-Video-2026-07-19-at-19.43.30.mp4?_=2\" \/><\/video><\/div>\n<p>\u00a0<\/p>\n<\/div>\n<\/div>\n<\/div>\n<div class=\"news-content editor-content-entry\">\n<p><em>\u00a0<\/em>B\u0103ile Ol\u0103ne\u0219ti a marcat, duminic\u0103, 19 iulie 2026, \u00eemplinirea a 499 de ani de la prima atestare documentar\u0103. \u0218edin\u021ba festiv\u0103 organizat\u0103 la sediul prim\u0103riei a reunit reprezentan\u021bi ai administra\u021biei locale, consilieri locali, sportivi, profesori, oameni de cultur\u0103, autorii volumului \u0219i membri ai familiilor acestora. Programul a cuprins premierea unor tineri cu rezultate deosebite la karate \u0219i lansarea unui volum dedicat istoriei, izvoarelor minerale \u0219i patrimoniului spiritual al sta\u021biunii.<\/p>\n<p><strong><u>499 de ani de istorie<\/u><\/strong><\/p>\n<p>Evenimentul a fost deschis de primarul Sorin Vasilache, care a amintit c\u0103 prima atestare documentar\u0103 a localit\u0103\u021bii dateaz\u0103 din 19 iulie 1527. La acea dat\u0103, domnitorul \u021a\u0103rii Rom\u00e2ne\u0219ti, Radu de la Afuma\u021bi, confirma printr-un hrisov st\u0103p\u00e2nirea asupra unor p\u0103m\u00e2nturi din Ol\u0103ne\u0219ti \u0219i Iarosl\u0103ve\u0219ti.<\/p>\n<p>Primarul a vorbit despre cele opt localit\u0103\u021bi componente ale ora\u0219ului, Livadia, Ol\u0103ne\u0219ti, Cheia, Tisa, Gurguiata, Pietri\u0219u, Comanca \u0219i Mosoroasa, precum \u0219i despre izvoarele minerale, a\u0219ez\u0103mintele religioase \u0219i zonele naturale care au contribuit la dezvoltarea sta\u021biunii.<\/p>\n<p>Profesorul Ion Popescu a prezentat apoi o sintez\u0103 a principalelor momente din istoria localit\u0103\u021bii. Acesta a ar\u0103tat c\u0103 B\u0103ile Ol\u0103ne\u0219ti nu reprezint\u0103 doar un loc pentru tratament \u0219i odihn\u0103, ci p\u0103streaz\u0103 numeroase m\u0103rturii religioase, culturale \u0219i istorice care merit\u0103 cunoscute \u0219i protejate.<\/p>\n<p><strong><u>Patru sportivi, premia\u021bi<\/u><\/strong><\/p>\n<p>Unul dintre momentele importante ale \u0219edin\u021bei a fost dedicat tinerilor care au ob\u021binut rezultate deosebite la karate. <strong><u>Deea Andreescu, Alexandrescu Andreea Denisa, Florescu Mario Constantin \u0219i Popescu Alissa Maria<\/u><\/strong> au primit diplome, flori \u0219i premii financiare \u00een valoare de 3.000 de lei.<\/p>\n<p>Trei dintre sportivi au participat inclusiv la competi\u021bii organizate \u00een Japonia, unde au ob\u021binut rezultate foarte bune. Ace\u0219tia au reprezentat ora\u0219ul \u0219i la concursuri europene \u0219i na\u021bionale.<\/p>\n<p><strong><em>Sorin Vasilache<\/em><\/strong> i-a felicitat pentru seriozitatea cu care se preg\u0103tesc \u0219i pentru modul \u00een care reu\u0219esc s\u0103 \u00eembine \u0219coala cu sportul: \u201e<strong><em>Ne bucur\u0103m c\u0103 avem la B\u0103ile Ol\u0103ne\u0219ti asemenea tineri talenta\u021bi, care au ob\u021binut rezultate importante \u00een \u021bar\u0103 \u0219i \u00een str\u0103in\u0103tate. \u00cei felicit\u0103m pentru munca lor \u0219i pentru felul \u00een care reprezint\u0103 ora\u0219ul<\/em><\/strong>\u201d, a declarat primarul Sorin Vasilache.<\/p>\n<p>\u00a0<\/p>\n<p><strong><u>Istoria sta\u021biunii, adunat\u0103 \u00eentr-un volum de referin\u021b\u0103<\/u><\/strong><\/p>\n<p>Manifestarea a continuat cu lansarea volumului \u201eB\u0103ile Ol\u0103ne\u0219ti, sta\u021biune balneoclimateric\u0103 de renume. Meleag sf\u00e2nt de cultur\u0103 \u0219i spiritualitate\u201d, realizat de profesorii Ilie \u0219i Elena Dinescu.<\/p>\n<p>Cartea are 461 de pagini \u0219i este rezultatul mai multor ani de documentare \u00een arhive \u0219i biblioteci. Prima parte prezint\u0103 cadrul natural, izvoarele minerale, tratamentele interne \u0219i externe, precum \u0219i dezvoltarea turistic\u0103 a ora\u0219ului din trecut p\u00e2n\u0103 \u00een prezent.<\/p>\n<p>Partea a doua este dedicat\u0103 l\u0103ca\u0219urilor de cult, istoriei \u00eenv\u0103\u021b\u0103m\u00e2ntului \u0219i personalit\u0103\u021bilor care au avut un rol important \u00een dezvoltarea cultural\u0103 \u0219i spiritual\u0103 a localit\u0103\u021bii.<\/p>\n<p>\u201e<strong>Este o carte complex\u0103, care cuprinde informa\u021bii pe care mul\u021bi locuitori poate nu le cunosc. Autorii au muncit ani \u00eentregi, au cercetat arhive \u0219i biblioteci, iar rezultatul este un volum util pentru cei care doresc s\u0103 descopere istoria ora\u0219ului. \u00cei felicit pe profesorii Ilie \u0219i Elena Dinescu pentru aceast\u0103 lucrare<\/strong>\u201d, a spus Sorin Vasilache.<\/p>\n<p>Autorii au vorbit despre documentele studiate, despre izvoarele folosite \u0219i despre dorin\u021ba de a l\u0103sa genera\u021biilor urm\u0103toare o prezentare c\u00e2t mai complet\u0103 a sta\u021biunii.<\/p>\n<p><strong><u>Diplome pentru oamenii de cultur\u0103<\/u><\/strong><\/p>\n<p>La finalul \u0219edin\u021bei festive, administra\u021bia local\u0103 \u0219i Consiliul Local au acordat diplome de excelen\u021b\u0103 profesorilor Ilie Dinescu \u0219i Elena Dinescu, precum \u0219i lui Ion Alexandru Popescu \u0219i Nicolae Gurgan.<\/p>\n<p>Distinc\u021biile au fost oferite pentru contribu\u021bia adus\u0103 la p\u0103strarea \u0219i promovarea istoriei \u0219i culturii ora\u0219ului B\u0103ile Ol\u0103ne\u0219ti.<\/p>\n<p>Dup\u0103 \u00eencheierea ceremoniei, participan\u021bii au r\u0103mas la o discu\u021bie informal\u0103, la un pahar cu ap\u0103 mineral\u0103, cafea \u0219i un aperitiv oferit de Consiliul Local.<\/p>\n<p><strong><u>Turneu la baza sportiv\u0103<\/u><\/strong><\/p>\n<p>Manifest\u0103rile dedicate celor 499 de ani de la prima atestare documentar\u0103 au \u00eenceput s\u00e2mb\u0103t\u0103, 18 iulie, la baza Clubului Sportiv B\u0103ile Ol\u0103ne\u0219ti, unde s-a desf\u0103\u0219urat prima edi\u021bie a competi\u021biei Summer Cup Ol\u0103ne\u0219ti.<\/p>\n<p>Turneul a adunat 12 echipe din jude\u021bul V\u00e2lcea, din B\u0103ile Ol\u0103ne\u0219ti, Berisl\u0103ve\u0219ti, Cerni\u0219oara, R\u00e2mnicu V\u00e2lcea \u0219i alte localit\u0103\u021bi. Meciurile s-au desf\u0103\u0219urat pe durata a dou\u0103 zile, iar finalele au fost programate duminic\u0103, 19 iulie.<\/p>\n<p>Organizatorii au preg\u0103tit cupe, diplome \u0219i premii pentru echipele clasate pe primele locuri. Competi\u021bia a completat programul aniversar printr-un eveniment dedicat sportului \u0219i tinerilor.<\/p>\n<p>\u00a0<\/p>\n<p><em><u>Aniversarea din acest an preg\u0103te\u0219te momentul din 2027, c\u00e2nd B\u0103ile Ol\u0103ne\u0219ti va \u00eemplini cinci secole de la prima men\u021biune documentar\u0103. Pentru administra\u021bia local\u0103, cei 499 de ani reprezint\u0103 at\u00e2t o privire asupra trecutului, c\u00e2t \u0219i obliga\u021bia de a p\u0103stra resursele naturale, patrimoniul \u0219i identitatea ora\u0219ului.<\/u><\/em><\/p>\n<div class=\"wp-video\"><video class=\"wp-video-shortcode\" id=\"video-57870-1\" width=\"640\" height=\"361\" preload=\"metadata\" controls=\"controls\"><source type=\"video\/mp4\" src=\"https:\/\/www.impactreal.ro\/wp-content\/uploads\/2026\/07\/inregistare-copii-WhatsApp-Video-2026-07-19-at-20.04.04.mp4?_=1\" \/><\/video><\/div>\n<div class=\"wp-video\"><video class=\"wp-video-shortcode\" id=\"video-57870-2\" width=\"640\" height=\"361\" preload=\"metadata\" controls=\"controls\"><source type=\"video\/mp4\" src=\"https:\/\/www.impactreal.ro\/wp-content\/uploads\/2026\/07\/inregistrae-sedinta-000-WhatsApp-Video-2026-07-19-at-19.43.30.mp4?_=2\" \/><\/video><\/div>\n<p>\u00a0<\/p>\n<\/div>\n<div class=\"news-content editor-content-entry\">\n<p><em>\u00a0<\/em>B\u0103ile Ol\u0103ne\u0219ti a marcat, duminic\u0103, 19 iulie 2026, \u00eemplinirea a 499 de ani de la prima atestare documentar\u0103. \u0218edin\u021ba festiv\u0103 organizat\u0103 la sediul prim\u0103riei a reunit reprezentan\u021bi ai administra\u021biei locale, consilieri locali, sportivi, profesori, oameni de cultur\u0103, autorii volumului \u0219i membri ai familiilor acestora. Programul a cuprins premierea unor tineri cu rezultate deosebite la karate \u0219i lansarea unui volum dedicat istoriei, izvoarelor minerale \u0219i patrimoniului spiritual al sta\u021biunii.<\/p>\n<p><strong><u>499 de ani de istorie<\/u><\/strong><\/p>\n<p>Evenimentul a fost deschis de primarul Sorin Vasilache, care a amintit c\u0103 prima atestare documentar\u0103 a localit\u0103\u021bii dateaz\u0103 din 19 iulie 1527. La acea dat\u0103, domnitorul \u021a\u0103rii Rom\u00e2ne\u0219ti, Radu de la Afuma\u021bi, confirma printr-un hrisov st\u0103p\u00e2nirea asupra unor p\u0103m\u00e2nturi din Ol\u0103ne\u0219ti \u0219i Iarosl\u0103ve\u0219ti.<\/p>\n<p>Primarul a vorbit despre cele opt localit\u0103\u021bi componente ale ora\u0219ului, Livadia, Ol\u0103ne\u0219ti, Cheia, Tisa, Gurguiata, Pietri\u0219u, Comanca \u0219i Mosoroasa, precum \u0219i despre izvoarele minerale, a\u0219ez\u0103mintele religioase \u0219i zonele naturale care au contribuit la dezvoltarea sta\u021biunii.<\/p>\n<p>Profesorul Ion Popescu a prezentat apoi o sintez\u0103 a principalelor momente din istoria localit\u0103\u021bii. Acesta a ar\u0103tat c\u0103 B\u0103ile Ol\u0103ne\u0219ti nu reprezint\u0103 doar un loc pentru tratament \u0219i odihn\u0103, ci p\u0103streaz\u0103 numeroase m\u0103rturii religioase, culturale \u0219i istorice care merit\u0103 cunoscute \u0219i protejate.<\/p>\n<p><strong><u>Patru sportivi, premia\u021bi<\/u><\/strong><\/p>\n<p>Unul dintre momentele importante ale \u0219edin\u021bei a fost dedicat tinerilor care au ob\u021binut rezultate deosebite la karate. <strong><u>Deea Andreescu, Alexandrescu Andreea Denisa, Florescu Mario Constantin \u0219i Popescu Alissa Maria<\/u><\/strong> au primit diplome, flori \u0219i premii financiare \u00een valoare de 3.000 de lei.<\/p>\n<p>Trei dintre sportivi au participat inclusiv la competi\u021bii organizate \u00een Japonia, unde au ob\u021binut rezultate foarte bune. Ace\u0219tia au reprezentat ora\u0219ul \u0219i la concursuri europene \u0219i na\u021bionale.<\/p>\n<p><strong><em>Sorin Vasilache<\/em><\/strong> i-a felicitat pentru seriozitatea cu care se preg\u0103tesc \u0219i pentru modul \u00een care reu\u0219esc s\u0103 \u00eembine \u0219coala cu sportul: \u201e<strong><em>Ne bucur\u0103m c\u0103 avem la B\u0103ile Ol\u0103ne\u0219ti asemenea tineri talenta\u021bi, care au ob\u021binut rezultate importante \u00een \u021bar\u0103 \u0219i \u00een str\u0103in\u0103tate. \u00cei felicit\u0103m pentru munca lor \u0219i pentru felul \u00een care reprezint\u0103 ora\u0219ul<\/em><\/strong>\u201d, a declarat primarul Sorin Vasilache.<\/p>\n<p>\u00a0<\/p>\n<p><strong><u>Istoria sta\u021biunii, adunat\u0103 \u00eentr-un volum de referin\u021b\u0103<\/u><\/strong><\/p>\n<p>Manifestarea a continuat cu lansarea volumului \u201eB\u0103ile Ol\u0103ne\u0219ti, sta\u021biune balneoclimateric\u0103 de renume. Meleag sf\u00e2nt de cultur\u0103 \u0219i spiritualitate\u201d, realizat de profesorii Ilie \u0219i Elena Dinescu.<\/p>\n<p>Cartea are 461 de pagini \u0219i este rezultatul mai multor ani de documentare \u00een arhive \u0219i biblioteci. Prima parte prezint\u0103 cadrul natural, izvoarele minerale, tratamentele interne \u0219i externe, precum \u0219i dezvoltarea turistic\u0103 a ora\u0219ului din trecut p\u00e2n\u0103 \u00een prezent.<\/p>\n<p>Partea a doua este dedicat\u0103 l\u0103ca\u0219urilor de cult, istoriei \u00eenv\u0103\u021b\u0103m\u00e2ntului \u0219i personalit\u0103\u021bilor care au avut un rol important \u00een dezvoltarea cultural\u0103 \u0219i spiritual\u0103 a localit\u0103\u021bii.<\/p>\n<p>\u201e<strong>Este o carte complex\u0103, care cuprinde informa\u021bii pe care mul\u021bi locuitori poate nu le cunosc. Autorii au muncit ani \u00eentregi, au cercetat arhive \u0219i biblioteci, iar rezultatul este un volum util pentru cei care doresc s\u0103 descopere istoria ora\u0219ului. \u00cei felicit pe profesorii Ilie \u0219i Elena Dinescu pentru aceast\u0103 lucrare<\/strong>\u201d, a spus Sorin Vasilache.<\/p>\n<p>Autorii au vorbit despre documentele studiate, despre izvoarele folosite \u0219i despre dorin\u021ba de a l\u0103sa genera\u021biilor urm\u0103toare o prezentare c\u00e2t mai complet\u0103 a sta\u021biunii.<\/p>\n<p><strong><u>Diplome pentru oamenii de cultur\u0103<\/u><\/strong><\/p>\n<p>La finalul \u0219edin\u021bei festive, administra\u021bia local\u0103 \u0219i Consiliul Local au acordat diplome de excelen\u021b\u0103 profesorilor Ilie Dinescu \u0219i Elena Dinescu, precum \u0219i lui Ion Alexandru Popescu \u0219i Nicolae Gurgan.<\/p>\n<p>Distinc\u021biile au fost oferite pentru contribu\u021bia adus\u0103 la p\u0103strarea \u0219i promovarea istoriei \u0219i culturii ora\u0219ului B\u0103ile Ol\u0103ne\u0219ti.<\/p>\n<p>Dup\u0103 \u00eencheierea ceremoniei, participan\u021bii au r\u0103mas la o discu\u021bie informal\u0103, la un pahar cu ap\u0103 mineral\u0103, cafea \u0219i un aperitiv oferit de Consiliul Local.<\/p>\n<p><strong><u>Turneu la baza sportiv\u0103<\/u><\/strong><\/p>\n<p>Manifest\u0103rile dedicate celor 499 de ani de la prima atestare documentar\u0103 au \u00eenceput s\u00e2mb\u0103t\u0103, 18 iulie, la baza Clubului Sportiv B\u0103ile Ol\u0103ne\u0219ti, unde s-a desf\u0103\u0219urat prima edi\u021bie a competi\u021biei Summer Cup Ol\u0103ne\u0219ti.<\/p>\n<p>Turneul a adunat 12 echipe din jude\u021bul V\u00e2lcea, din B\u0103ile Ol\u0103ne\u0219ti, Berisl\u0103ve\u0219ti, Cerni\u0219oara, R\u00e2mnicu V\u00e2lcea \u0219i alte localit\u0103\u021bi. Meciurile s-au desf\u0103\u0219urat pe durata a dou\u0103 zile, iar finalele au fost programate duminic\u0103, 19 iulie.<\/p>\n<p>Organizatorii au preg\u0103tit cupe, diplome \u0219i premii pentru echipele clasate pe primele locuri. Competi\u021bia a completat programul aniversar printr-un eveniment dedicat sportului \u0219i tinerilor.<\/p>\n<p>\u00a0<\/p>\n<p><em><u>Aniversarea din acest an preg\u0103te\u0219te momentul din 2027, c\u00e2nd B\u0103ile Ol\u0103ne\u0219ti va \u00eemplini cinci secole de la prima men\u021biune documentar\u0103. Pentru administra\u021bia local\u0103, cei 499 de ani reprezint\u0103 at\u00e2t o privire asupra trecutului, c\u00e2t \u0219i obliga\u021bia de a p\u0103stra resursele naturale, patrimoniul \u0219i identitatea ora\u0219ului.<\/u><\/em><\/p>\n<div class=\"wp-video\"><video class=\"wp-video-shortcode\" id=\"video-57870-1\" width=\"640\" height=\"361\" preload=\"metadata\" controls=\"controls\"><source type=\"video\/mp4\" src=\"https:\/\/www.impactreal.ro\/wp-content\/uploads\/2026\/07\/inregistare-copii-WhatsApp-Video-2026-07-19-at-20.04.04.mp4?_=1\" \/><\/video><\/div>\n<div class=\"wp-video\"><video class=\"wp-video-shortcode\" id=\"video-57870-2\" width=\"640\" height=\"361\" preload=\"metadata\" controls=\"controls\"><source type=\"video\/mp4\" src=\"https:\/\/www.impactreal.ro\/wp-content\/uploads\/2026\/07\/inregistrae-sedinta-000-WhatsApp-Video-2026-07-19-at-19.43.30.mp4?_=2\" \/><\/video><\/div>\n<p>\u00a0<\/p>\n<\/div>\n<p>[analyse_source url=&#8221;https:\/\/www.impactreal.ro\/2026\/07\/19\/baile-olanesti-la-un-an-de-aniversarea-celor-cinci-secole-de-istorie-sportivi-de-performanta-profesori-si-oameni-de-cultura-premiati-la-sedinta-festiva\/&#8221;]<\/p>\n","protected":false},"excerpt":{"rendered":"<p>[analyse_image type=&#8221;featured&#8221; src=&#8221;https:\/\/www.impactreal.ro\/wp-content\/uploads\/2026\/07\/baile-olanesti-colaj-1024&#215;725.png&#8221;] 19 iulie 202619 iulie 2026Claudia SchiopuAdministra\u0163ieBaile OlanestiJudet ValceaLocal \u00a0B\u0103ile Ol\u0103ne\u0219ti a marcat, duminic\u0103, 19 iulie 2026, \u00eemplinirea a 499 de ani de la prima atestare documentar\u0103. \u0218edin\u021ba festiv\u0103 organizat\u0103 la sediul prim\u0103riei a reunit reprezentan\u021bi ai administra\u021biei locale, consilieri locali, sportivi, profesori, oameni de cultur\u0103, autorii volumului \u0219i membri ai familiilor acestora. [&hellip;]<\/p>\n","protected":false},"author":1,"featured_media":0,"comment_status":"open","ping_status":"","sticky":false,"template":"","format":"standard","meta":{"footnotes":""},"categories":[89],"tags":[226,212],"class_list":["post-2057719","post","type-post","status-publish","format-standard","hentry","category-romania","tag-crawlmanager","tag-impactreal-ro"],"_links":{"self":[{"href":"https:\/\/analyse.optim.biz\/index.php?rest_route=\/wp\/v2\/posts\/2057719","targetHints":{"allow":["GET"]}}],"collection":[{"href":"https:\/\/analyse.optim.biz\/index.php?rest_route=\/wp\/v2\/posts"}],"about":[{"href":"https:\/\/analyse.optim.biz\/index.php?rest_route=\/wp\/v2\/types\/post"}],"author":[{"embeddable":true,"href":"https:\/\/analyse.optim.biz\/index.php?rest_route=\/wp\/v2\/users\/1"}],"replies":[{"embeddable":true,"href":"https:\/\/analyse.optim.biz\/index.php?rest_route=%2Fwp%2Fv2%2Fcomments&post=2057719"}],"version-history":[{"count":0,"href":"https:\/\/analyse.optim.biz\/index.php?rest_route=\/wp\/v2\/posts\/2057719\/revisions"}],"wp:attachment":[{"href":"https:\/\/analyse.optim.biz\/index.php?rest_route=%2Fwp%2Fv2%2Fmedia&parent=2057719"}],"wp:term":[{"taxonomy":"category","embeddable":true,"href":"https:\/\/analyse.optim.biz\/index.php?rest_route=%2Fwp%2Fv2%2Fcategories&post=2057719"},{"taxonomy":"post_tag","embeddable":true,"href":"https:\/\/analyse.optim.biz\/index.php?rest_route=%2Fwp%2Fv2%2Ftags&post=2057719"}],"curies":[{"name":"wp","href":"https:\/\/api.w.org\/{rel}","templated":true}]}}