{"id":2057695,"date":"2026-07-19T08:18:44","date_gmt":"2026-07-19T05:18:44","guid":{"rendered":"https:\/\/analyse.optim.biz\/?p=2057695"},"modified":"2026-07-19T08:18:44","modified_gmt":"2026-07-19T05:18:44","slug":"facebook-a-picat-cont-indisponibil-temporar","status":"publish","type":"post","link":"https:\/\/analyse.optim.biz\/?p=2057695","title":{"rendered":"Facebook a picat. \u2018Cont indisponibil temporar\u2019"},"content":{"rendered":"<p>[analyse_image type=&#8221;featured&#8221; src=&#8221;https:\/\/www.opiniatimisoarei.ro\/wp-content\/uploads\/2024\/12\/facebook-728&#215;336.jpghttps:\/\/www.opiniatimisoarei.ro\/wp-content\/uploads\/2024\/12\/facebook.jpg&#8221;]<\/p>\n<div class=\"the_content\">\n<p>Nu merge Facebook!<\/p>\n<p>Platforma Facebook se confrunt\u0103 cu probleme majore de func\u021bionare duminica, 19 iulie,, \u00eenregistr\u00e2nd \u00eentreruperi at\u00e2t pentru accesul de pe browser, c\u00e2t \u0219i din aplica\u021bia mobil\u0103.<br \/>\nMul\u021bi utilizatori raporteaz\u0103 c\u0103 au fost deloga\u021bi automat \u0219i \u00eent\u00e2mpin\u0103 erori la conectare.<\/p>\n<p>La accesarea platformei de socializare Facebook pe browser, unii utilizatori au primit urm\u0103torul mesaj: \u201e cont indisponibil temporar\u201d.<\/p>\n<p>\u201e<strong>Contul t\u0103u este momentan indisponibil din cauza unei probleme tehnice a platformei. Ne a\u0219tept\u0103m ca aceasta s\u0103 fie remediat\u0103 \u00een scurt timp. Te rug\u0103m s\u0103 \u00eencerci din nou peste c\u00e2teva minute<\/strong>\u201d, este mesajul complet afi\u0219at de Facebook.<\/p>\n<p>Deoarece este o problem\u0103 a serverelor centrale, nu este nevoie s\u0103 reinstalezi aplica\u021bia, iar contul t\u0103u nu a fost \u0219ters.<\/p>\n<p>Ramane de vazut cat de repede se vor remedia problemele aparute la Facebook.<\/p>\n<p><span><strong>UPDATE<\/strong><\/span>: Nu functioneaza nici instagram.<\/p>\n<p><span><strong>UPDATE<\/strong><\/span>: In jurul orei 12.20, platforma a revenit activa<\/p>\n<\/div>\n<p>[analyse_source url=&#8221;https:\/\/www.opiniatimisoarei.ro\/facebook-a-picat-cont-indisponibil-temporar\/19\/07\/2026&#8243;]<\/p>\n","protected":false},"excerpt":{"rendered":"<p>[analyse_image type=&#8221;featured&#8221; src=&#8221;https:\/\/www.opiniatimisoarei.ro\/wp-content\/uploads\/2024\/12\/facebook-728&#215;336.jpghttps:\/\/www.opiniatimisoarei.ro\/wp-content\/uploads\/2024\/12\/facebook.jpg&#8221;] Nu merge Facebook! Platforma Facebook se confrunt\u0103 cu probleme majore de func\u021bionare duminica, 19 iulie,, \u00eenregistr\u00e2nd \u00eentreruperi at\u00e2t pentru accesul de pe browser, c\u00e2t \u0219i din aplica\u021bia mobil\u0103. Mul\u021bi utilizatori raporteaz\u0103 c\u0103 au fost deloga\u021bi automat \u0219i \u00eent\u00e2mpin\u0103 erori la conectare. La accesarea platformei de socializare Facebook pe browser, unii utilizatori au [&hellip;]<\/p>\n","protected":false},"author":1,"featured_media":0,"comment_status":"open","ping_status":"","sticky":false,"template":"","format":"standard","meta":{"footnotes":""},"categories":[89],"tags":[226,190],"class_list":["post-2057695","post","type-post","status-publish","format-standard","hentry","category-romania","tag-crawlmanager","tag-opiniatimisoarei-ro"],"_links":{"self":[{"href":"https:\/\/analyse.optim.biz\/index.php?rest_route=\/wp\/v2\/posts\/2057695","targetHints":{"allow":["GET"]}}],"collection":[{"href":"https:\/\/analyse.optim.biz\/index.php?rest_route=\/wp\/v2\/posts"}],"about":[{"href":"https:\/\/analyse.optim.biz\/index.php?rest_route=\/wp\/v2\/types\/post"}],"author":[{"embeddable":true,"href":"https:\/\/analyse.optim.biz\/index.php?rest_route=\/wp\/v2\/users\/1"}],"replies":[{"embeddable":true,"href":"https:\/\/analyse.optim.biz\/index.php?rest_route=%2Fwp%2Fv2%2Fcomments&post=2057695"}],"version-history":[{"count":0,"href":"https:\/\/analyse.optim.biz\/index.php?rest_route=\/wp\/v2\/posts\/2057695\/revisions"}],"wp:attachment":[{"href":"https:\/\/analyse.optim.biz\/index.php?rest_route=%2Fwp%2Fv2%2Fmedia&parent=2057695"}],"wp:term":[{"taxonomy":"category","embeddable":true,"href":"https:\/\/analyse.optim.biz\/index.php?rest_route=%2Fwp%2Fv2%2Fcategories&post=2057695"},{"taxonomy":"post_tag","embeddable":true,"href":"https:\/\/analyse.optim.biz\/index.php?rest_route=%2Fwp%2Fv2%2Ftags&post=2057695"}],"curies":[{"name":"wp","href":"https:\/\/api.w.org\/{rel}","templated":true}]}}