{"id":2057629,"date":"2026-07-23T08:44:13","date_gmt":"2026-07-23T05:44:13","guid":{"rendered":"https:\/\/analyse.optim.biz\/?p=2057629"},"modified":"2026-07-23T08:44:13","modified_gmt":"2026-07-23T05:44:13","slug":"marea-britanie-nu-mai-are-suficienta-apa-pentru-inteligenta-artificiala-dar-romania-vrea-sa-gazduiasca-un-centru-ai-care-consuma-cat-sute-de-mii-de-oameni-si-impune-restrictii-la-consumul-de-apa-al-p","status":"publish","type":"post","link":"https:\/\/analyse.optim.biz\/?p=2057629","title":{"rendered":"Marea Britanie nu mai are suficient\u0103 ap\u0103 pentru Inteligen\u021ba Artificial\u0103, dar Rom\u00e2nia vrea s\u0103 g\u0103zduiasc\u0103 un centru AI care consum\u0103 c\u00e2t sute de mii de oameni \u0219i impune restric\u021bii la consumul de ap\u0103 al popula\u021biei"},"content":{"rendered":"<p>[analyse_image type=&#8221;featured&#8221; src=&#8221;https:\/\/r3media.ro\/wp-content\/uploads\/2026\/07\/centru-date-ai-consum-apa-e1784796226675.pnghttps:\/\/r3media.ro\/wp-content\/uploads\/2026\/07\/centru-date-ai-consum-apa-e1784796226675.png&#8221;]<\/p>\n<article id=\"template-id-109\" class=\"post-109 tdb_templates type-tdb_templates status-publish post\">\n<div id=\"tdi_2\" class=\"tdc-zone\">\n<div class=\"tdc_zone tdi_3  wpb_row td-pb-row\">\n<div id=\"tdi_4\" class=\"tdc-row\">\n<div class=\"vc_row tdi_5  wpb_row td-pb-row\">\n<div class=\"vc_column tdi_7  wpb_column vc_column_container tdc-column td-pb-span8\">\n<div class=\"wpb_wrapper\">\n<div class=\"td_block_wrap tdb_breadcrumbs tdi_8 td-pb-border-top td_block_template_1 tdb-breadcrumbs \" data-td-block-uid=\"tdi_8\">\n<div class=\"tdb-block-inner td-fix-index\"><span><a title=\"Vede\u021bi toate articolele \u00een FEATURED\" class=\"tdb-entry-crumb\" href=\"https:\/\/r3media.ro\/category\/featured\/\">FEATURED<\/a><\/span><span class=\"tdb-bred-no-url-last\">Marea Britanie nu mai are suficient\u0103 ap\u0103 pentru Inteligen\u021ba Artificial\u0103, dar Rom\u00e2nia&#8230;<\/span><\/div>\n<\/div>\n<div class=\"td_block_wrap tdb_single_categories tdi_9 td-pb-border-top td_block_template_1 \" data-td-block-uid=\"tdi_9\">\n<div class=\"tdb-category td-fix-index\"><a class=\"tdb-entry-category\" href=\"https:\/\/r3media.ro\/category\/featured\/\">FEATURED<\/a><a class=\"tdb-entry-category\" href=\"https:\/\/r3media.ro\/category\/stiri\/\">\u0218TIRI<\/a><\/div>\n<\/div>\n<div class=\"td_block_wrap tdb_title tdi_10 tdb-single-title td-pb-border-top td_block_template_1\" data-td-block-uid=\"tdi_10\">\n<div class=\"tdb-block-inner td-fix-index\">\n<h1 class=\"tdb-title-text\">Marea Britanie nu mai are suficient\u0103 ap\u0103 pentru Inteligen\u021ba Artificial\u0103, dar Rom\u00e2nia vrea s\u0103 g\u0103zduiasc\u0103 un centru AI care consum\u0103 c\u00e2t sute de mii de oameni \u0219i impune restric\u021bii la consumul de ap\u0103 al popula\u021biei<\/h1>\n<\/div>\n<\/div>\n<div class=\"vc_row_inner tdi_12  vc_row vc_inner wpb_row td-pb-row\">\n<div class=\"vc_column_inner tdi_14  wpb_column vc_column_container tdc-inner-column td-pb-span12\">\n<div class=\"vc_column-inner\">\n<div class=\"wpb_wrapper\">\n<div class=\"td_block_wrap tdb_single_author tdi_15 td-pb-border-top td_block_template_1 tdb-post-meta\" data-td-block-uid=\"tdi_15\">\n<div class=\"tdb-block-inner td-fix-index\">\n<div class=\"tdb-author-name-wrap\"><a class=\"tdb-author-name\" href=\"https:\/\/r3media.ro\/author\/radu_ursan\/\">Radu Ursan<\/a><\/div>\n<\/div>\n<\/div>\n<div class=\"td_block_wrap tdb_single_date tdi_16 td-pb-border-top td_block_template_1 tdb-post-meta\" data-td-block-uid=\"tdi_16\">\n<div class=\"tdb-block-inner td-fix-index\"><time class=\"entry-date updated td-module-date\" datetime=\"2026-07-23T11:44:13+03:00\">23\/07\/2026<\/time><\/div>\n<\/div>\n<\/div>\n<\/div>\n<\/div>\n<\/div>\n<div class=\"td_block_wrap tdb_single_featured_image tdi_17 tdb-content-horiz-left td-pb-border-top td_block_template_1\" data-td-block-uid=\"tdi_17\">\n<div class=\"tdb-block-inner td-fix-index\">\n<figure><figcaption class=\"tdb-caption-text\">Sursa foto: Imagine ilustrativ\u0103 creat\u0103 cu ChatGPT<\/figcaption><\/figure>\n<\/div>\n<\/div>\n<div class=\"td_block_wrap tdb_single_content tdi_18 td-pb-border-top td_block_template_1 td-post-content tagdiv-type\" data-td-block-uid=\"tdi_18\">\n<div class=\"tdb-block-inner td-fix-index\">\n<p><strong>Companiile de ap\u0103 din Marea Britanie avertizeaz\u0103 c\u0103 strategiile guvernului de la Londra pentru dezvoltarea sectorului AI ignor\u0103 complet o resurs\u0103 esen\u021bial\u0103: apa necesar\u0103 r\u0103cirii centrelor de date.<\/strong><\/p>\n<p>Reprezentan\u021bii industriei apei sus\u021bin c\u0103 \u021bara pur \u0219i simplu nu dispune de resursele necesare pentru a sus\u021bine expansiunea anun\u021bat\u0103 a centrelor de date, iar prognozele oficiale ar fi construite pe o premis\u0103 gre\u0219it\u0103, scrie <a href=\"https:\/\/www.antena3.ro\/externe\/marea-britanie-nu-mai-are-suficienta-apa-pentru-inteligenta-artificiala-centrele-de-date-consuma-zilnic-milioane-de-litri-796464.html?fbclid=IwY2xjawTOiq5leHRuA2FlbQIxMABicmlkETBHdnl0R3pvM3JEOFBZVW1kc3J0YwZhcHBfaWQQMjIyMDM5MTc4ODIwMDg5MgABHkVqtKhA-woQqQja8najYnMejy8NdQNLyftX6YYQEqprh7SoYQrGfSl-W5n0_aem_uYpVi8BFmdGuzyT8gI2HCg\" target=\"_blank\" rel=\"noopener\">Antena3<\/a>, cit\u00e2nd <a href=\"https:\/\/www.theguardian.com\/environment\/2026\/jul\/21\/not-enough-water-for-uks-datacentre-plans-trade-body-says?CMP=Share_AndroidApp_Other\" target=\"_blank\" rel=\"noopener\">The Guardian.<\/a><\/p>\n<p>Water UK, organiza\u021bia care reprezint\u0103 companiile de ap\u0103 din Marea Britanie \u0219i Irlanda de Nord, a transmis parlamentarilor un document \u00een care descrie estim\u0103rile guvernamentale privind resursele de ap\u0103 drept \u201efundamental viciate\u201d.<\/p>\n<p>Motivul: acestea exclud \u00een mod explicit consumul centrelor de date.<\/p>\n<p>Potrivit organiza\u021biei, documentele-cheie ale executivului britanic \u2014 politica privind zonele dedicate inteligen\u021bei artificiale, strategia pentru folosirea AI \u00een cercetare \u0219i planul de ac\u021biune pentru valorificarea tehnologiei \u2014 nu men\u021bioneaz\u0103 apa nici m\u0103car o singur\u0103 dat\u0103.<\/p>\n<p>Nici cadrul na\u021bional privind resursele de ap\u0103, publicat de Agen\u021bia de Mediu \u00een vara anului 2025, nu con\u021bine o estimare a necesarului acestor facilit\u0103\u021bi.<\/p>\n<h2>De ce beau centrele de date at\u00e2ta ap\u0103<\/h2>\n<p>Halele pline de servere genereaz\u0103 cantit\u0103\u021bi uria\u0219e de c\u0103ldur\u0103, iar echipamentele instalate la densitate mare trebuie r\u0103cite permanent.<\/p>\n<p>Turnurile de r\u0103cire, instala\u021biile frigorifice \u0219i sistemele de umidificare consum\u0103 ap\u0103 \u00een mod direct, la care se adaug\u0103 consumul indirect, generat de producerea energiei electrice pe care aceste centre o \u00eenghit.<\/p>\n<p>Situa\u021bia este agravat\u0103 de o condi\u021bie de autorizare impus\u0103 de Agen\u021bia de Mediu: \u00een prezent, centrele de date sunt obligate s\u0103 foloseasc\u0103 exclusiv ap\u0103 potabil\u0103.<\/p>\n<p>Water UK estimeaz\u0103 c\u0103 facilit\u0103\u021bile din Anglia consum\u0103 zilnic aproximativ 6,6 milioane de litri de ap\u0103 potabil\u0103. Dac\u0103 guvernul \u00ee\u0219i atinge obiectivul de a tripla capacitatea p\u00e2n\u0103 \u00een 2030, cifra ar urca la aproape 20 de milioane de litri pe zi.<\/p>\n<h2>Presiune exact acolo unde apa lipse\u0219te<\/h2>\n<p>Problema nu \u021bine doar de volum, ci \u0219i de geografie. Peste trei sferturi dintre centrele de date britanice sunt amplasate \u00een sudul \u0219i estul Angliei \u2014 regiuni deja aflate sub stres hidric, unde, dup\u0103 o perioad\u0103 prelungit\u0103 de c\u0103ldur\u0103 \u0219i precipita\u021bii reduse, companiile au impus restric\u021bii privind folosirea furtunurilor pentru milioane de locuitori.<\/p>\n<p>Cea mai dens\u0103 concentrare se afl\u0103 la Slough, \u00een zona deservit\u0103 de Affinity Water, unde circa 125 de centre sunt propuse sau \u00een construc\u021bie.<\/p>\n<p>Compania a explicat parlamentarilor c\u0103 unele proiecte solicitau p\u00e2n\u0103 la trei milioane de litri de ap\u0103 pe zi \u2014 echivalentul consumului maxim al aproximativ 3.500 de gospod\u0103rii.<\/p>\n<p>Sistemul de planificare, sus\u021bine Affinity, a fost g\u00e2ndit pentru cre\u0219terea num\u0103rului de locuin\u021be \u0219i pentru consumul pe cap de locuitor, nu pentru utilizatori industriali al c\u0103ror necesar se apropie de cel al unui or\u0103\u0219el.<\/p>\n<p>Water UK avertizeaz\u0103 c\u0103, \u00een lipsa unei schimb\u0103ri de politic\u0103, construirea de noi centre \u00een aceste zone ar putea deveni pur \u0219i simplu imposibil\u0103.<\/p>\n<p>Solu\u021biile alternative sunt fie prelevarea unor cantit\u0103\u021bi mai mari din natur\u0103 \u2014 cu efecte asupra mediului \u2014, fie noi surse de aprovizionare, iar un rezervor de mari dimensiuni poate cere 15 ani de la planificare p\u00e2n\u0103 la punerea \u00een func\u021biune.<\/p>\n<p>Contextul pe termen lung este la fel de sumbru: un raport al Camerei Lorzilor avertiza c\u0103, p\u00e2n\u0103 \u00een 2055, Anglia s-ar putea confrunta cu un deficit zilnic de cinci miliarde de litri la alimentarea public\u0103 cu ap\u0103.<\/p>\n<p>\u00cen prezent, deficitul este deja cu 220 de milioane de litri pe zi peste nivelul estimat \u00een prognoze, gol acoperit prin acceptarea unui risc mai ridicat pentru mediu \u0219i prin restric\u021bii \u00een perioadele de secet\u0103.<\/p>\n<h2>Cine are prioritate c\u00e2nd apa se termin\u0103<\/h2>\n<p>Un punct sensibil al dezbaterii este decizia guvernului de a clasifica centrele de date drept infrastructur\u0103 na\u021bional\u0103 critic\u0103, pe motiv c\u0103 indisponibilitatea lor ar afecta servicii esen\u021biale \u0219i securitatea na\u021bional\u0103.<\/p>\n<p>Criticii se tem c\u0103 statutul le-ar putea oferi un tratament preferen\u021bial \u00een perioadele de v\u00e2rf, \u00een detrimentul gospod\u0103riilor, iar companiile de ap\u0103 ar putea s\u0103 nu aib\u0103 p\u00e2rghii pentru a le limita consumul.<\/p>\n<p>Jon Chappel, director adjunct al Water UK, a calificat situa\u021bia drept un e\u0219ec al guvernului \u0219i a precizat c\u0103 organiza\u021bia a cerut publicarea unei ordini clare a priorit\u0103\u021bilor pentru perioadele de secet\u0103 \u2014 un document pe care mini\u0219trii nu l-au elaborat.<\/p>\n<p>\u00cen absen\u021ba lui, spune el, compromisurile vor fi suportate de \u00eentreaga societate.<\/p>\n<p>\u00centre timp, autorit\u0103\u021bile de reglementare \u0219i companiile de ap\u0103 au lansat o campanie de 75 de milioane de lire sterline prin care cer popula\u021biei s\u0103 consume mai pu\u021bin \u2014 consumul pe cap de locuitor din Anglia \u0219i \u021aara Galilor fiind printre cele mai ridicate din Europa. Documentul na\u021bional de politic\u0103 privind dezvoltarea inteligen\u021bei artificiale, care ar fi trebuit publicat \u00een februarie, a fost am\u00e2nat.<\/p>\n<p>Guvernul sus\u021bine c\u0103 protec\u021bia mediului \u0219i cre\u0219terea economic\u0103 pot merge \u00eempreun\u0103 \u0219i c\u0103 analizeaz\u0103 alternative pentru reducerea impactului centrelor de date asupra rezervelor de ap\u0103, invoc\u00e2nd investi\u021bii \u00een infrastructur\u0103 \u0219i construc\u021bia a nou\u0103 rezervoare noi.<\/p>\n<h2>Rom\u00e2nia are ap\u0103 de dat?<\/h2>\n<p>\u00cen timp ce Marea Britanie \u00ee\u0219i pune semne de \u00eentrebare cu privire la consumul imens de ap\u0103 al centrelor de date AI, Rom\u00e2nia a fost de acord s\u0103 deschid\u0103 un astfel de centru la grani\u021ba dintre jude\u021bele Cluj \u0219i Mure\u0219.<\/p>\n<p>Potrivit <a href=\"https:\/\/pressone.ro\/fata-nevazuta-a-lunei-primul-centru-de-date-quantum-ai-anuntat-in-romania-va-fi-construit-pe-un-teren-aflat-in-litigiu\" target=\"_blank\" rel=\"noopener\">PressOne<\/a>, consumul de energie necesar pentru func\u021bionarea centrului Quantum AI construit de americani este echivalentul a \u201etot consumul de electricitate al Craiovei \u2013 pentru iluminat, electrocasnice \u0219i industrie\u201d.<\/p>\n<p>Craiova are o popula\u021bie stabil\u0103 de peste 234.000 de locuitori, iar cu zona metropolitan\u0103 cifra dep\u0103\u0219e\u0219te 356.000 de oameni.<\/p>\n<p>Mai mult, consumul de ap\u0103 necesar pentru acest centru \u2013 care, aten\u021bie, NU poate \u00eentrerupe folosirea nicio secund\u0103 \u2013 ar fi imens.<\/p>\n<p>Terenul concesionat pentru aceast\u0103 investi\u021bie este la c\u00e2\u021biva zeci de metri de r\u00e2ul Arie\u0219, dar compania spune c\u0103 apa de-acolo nu va fi folosit\u0103 \u201e\u00een mod primar\u201d. Dar care?<\/p>\n<p>\u201eAcest tip de centru de date nu are voie s\u0103 r\u0103m\u00e2n\u0103 niciodat\u0103 f\u0103r\u0103 curent sau f\u0103r\u0103 ap\u0103 rece, pentru c\u0103 dac\u0103 se opre\u0219te chiar \u0219i pentru c\u00e2teva minute se pierd date, bani, iar uneori chiar vie\u021bi, dac\u0103 e vorba de suport pentru infrastructur\u0103 medical\u0103 sau militar\u0103\u201d, scrie sursa citat\u0103.<\/p>\n<p>George Roth, antreprenor rom\u00e2no-american, consider\u0103 c\u0103 \u00een cazul acestui centru de date, \u201ear fi fost necesar\u0103 o analiz\u0103 independent\u0103 privind consumul de ap\u0103, solu\u021biile de r\u0103cire, impactul asupra terenului \u0219i efectele asupra comunit\u0103\u021bii locale\u201d.<\/p>\n<p>Investiga\u021bia integral\u0103 a PressOne poate fi citit\u0103 <a href=\"https:\/\/pressone.ro\/sub-pamant-srl-centrul-de-date-quantum-ai-de-la-luna-va-fi-construit-in-subteran-pe-malul-ariesului\" target=\"_blank\" rel=\"noopener\">aici<\/a>.<\/p>\n<h2>Restric\u021bii de folosire a apei pentru popula\u021bie<\/h2>\n<p>\u00cen acela\u0219i timp, Ministerul Mediului a anun\u021bat o m\u0103sur\u0103 care las\u0103 loc de interpret\u0103ri.<\/p>\n<p>Este vorba despre un proiect de lege care vizeaz\u0103 modificarea legii apelor nr. 107\/1996.<\/p>\n<p>Legea stabile\u0219te c\u0103 apele de suprafa\u021b\u0103 sau subterane pot fi folosite liber pentru b\u0103ut, ad\u0103patul animalelor, udat, sp\u0103lat, \u00eemb\u0103iat \u0219i alte nevoi gospod\u0103re\u0219ti, cu respectarea normelor sanitare \u0219i de protec\u021bie a apei.<\/p>\n<p>Condi\u021bia este s\u0103 utilizate instala\u021bii de capacitate mic\u0103, de cel mult 0,2 litri pe secund\u0103, destinate exclusiv gospod\u0103riei proprii.<\/p>\n<p>Problema este c\u0103 legea nu vorbe\u0219te despre un consum mediu de 0,2 litri\/secund\u0103, ci de un \u201edebit prelevat\u201d.<\/p>\n<p>\u201eAcest debit \u00eenseamn\u0103 aproximativ 12 litri pe minut, 720 de litri pe or\u0103 sau p\u00e2n\u0103 la 17,28 metri cubi pe zi, \u00een ipoteza unei func\u021bion\u0103ri continue, un nivel considerabil peste consumul obi\u0219nuit al unei gospod\u0103rii\u201d, a afirmat Administra\u021bia Na\u021bional\u0103 Apele Rom\u00e2ne, \u00eentr-un <a href=\"https:\/\/agerpres.ro\/comunicate\/2026\/07\/17\/informare-de-presa---administratia-nationala-apele-romane--1577202\" target=\"_blank\" rel=\"noopener\">comunicat<\/a>.<\/p>\n<p>O pomp\u0103 obi\u0219nuit\u0103, de consum minim, gospod\u0103resc, are debite cuprinse \u00eentre 0,8-1,2 litri \/secund\u0103 \u0219i nimeni nu o folose\u0219te continuu.<\/p>\n<p>Cu alte cuvinte, folosirea unei pompe obi\u0219nuite transform\u0103 cet\u0103\u021beanul \u00een poten\u021bial infractor, deoarece dep\u0103\u0219irea limitei impuse de lege este garantat\u0103.<\/p>\n<p>Aplicarea legii r\u0103m\u00e2ne, astfel, la bunul plac al statului.<\/p>\n<div class=\"crp_related     crp-masonry\">\n<h2>\u00ceN CONTEXT<\/h2>\n<ul>\n<li><a href=\"https:\/\/r3media.ro\/fara-tine-in-google-r3media-dispare-iata-ce-poti-face-in-10-secunde\/\" class=\"crp_link post-119031\"><span class=\"crp_title\">F\u0103r\u0103 tine \u00een Google, R3media dispare. Iat\u0103 ce po\u021bi face \u00een 10 secunde<\/span><\/a><\/li>\n<li><a href=\"https:\/\/r3media.ro\/discursul-integral-al-premierului-ungariei-viktor-orban-de-la-baile-tusnad-bugetul-ue-este-un-buget-de-razboi-sper-sa-avem-o-alianta-pentru-pace-cu-romanii\/\" class=\"crp_link post-111993\"><span class=\"crp_title\">Discursul INTEGRAL al premierului Ungariei, Viktor Orban, de la B\u0103ile Tu\u0219nad: Bugetul UE\u2026<\/span><\/a><\/li>\n<li><a href=\"https:\/\/r3media.ro\/femeie-iasi-divort-sot-trei-copii-recomandat-inteligenta-artificiala\/\" class=\"crp_link post-113636\"><span class=\"crp_title\">O femeie din Ia\u0219i a divor\u021bat de so\u021bul cu care are \u00eempreun\u0103 trei copii pentru c\u0103 a\u0219a i-a\u2026<\/span><\/a><\/li>\n<li><a href=\"https:\/\/r3media.ro\/concedieri-oracle-romania-500-de-angajati-inteligenta-artificiala\/\" class=\"crp_link post-119037\"><span class=\"crp_title\">Val nou de concedieri la Oracle Rom\u00e2nia: aproximativ 500 de angaja\u021bi, pe fondul reorient\u0103rii\u2026<\/span><\/a><\/li>\n<li><a href=\"https:\/\/r3media.ro\/se-adevereste-calin-georgescu-criza-apei-coreea-de-sud-consum-rationalizat-presedintele-lee-jae-myung-zona-dezastru-national\/\" class=\"crp_link post-112896\"><span class=\"crp_title\">Se adevere\u0219te tot ce spunea C\u0103lin Georgescu despre criza apei: \u00cen Coreea de Sud, consumul a\u2026<\/span><\/a><\/li>\n<li><a href=\"https:\/\/r3media.ro\/cu-mahnire-despre-masina-de-pulverizat-sfinti-pe-pereti\/\" class=\"crp_link post-114470\"><span class=\"crp_title\">CU M\u00c2HNIRE, DESPRE MA\u0218INA DE PULVERIZAT SFIN\u021aI PE PERE\u021aI<\/span><\/a><\/li>\n<li><a href=\"https:\/\/r3media.ro\/florin-cojocariu-influenta-digi-bani-safe\/\" class=\"crp_link post-117641\"><span class=\"crp_title\">Florin Cojocariu: Influen\u021b\u0103 la Digi cump\u0103rat\u0103 cu banii din SAFE? Mi-e groaz\u0103 de ce vom mai descoperi<\/span><\/a><\/li>\n<li><a href=\"https:\/\/r3media.ro\/terminator-2-germania-drone-ai-aviatia-militara\/\" class=\"crp_link post-118444\"><span class=\"crp_title\">Se apropie vremurile descrise de Terminator 2? Germania se g\u00e2nde\u0219te s\u0103 achizi\u021bioneze drone\u2026<\/span><\/a><\/li>\n<\/ul>\n<\/div>\n<\/div>\n<\/div>\n<div class=\"td_block_wrap tdb_single_tags tdi_19 td-pb-border-top td_block_template_1\" data-td-block-uid=\"tdi_19\">\n<div class=\"tdb-block-inner td-fix-index\">\n<ul class=\"tdb-tags\">\n<li><span>SUBIECTE FIERBIN\u021aI<\/span><\/li>\n<li><a href=\"https:\/\/r3media.ro\/tag\/criza-apei\/\">criza apei<\/a><\/li>\n<li><a href=\"https:\/\/r3media.ro\/tag\/inteligenta-artificiala-ai\/\">inteligen\u021b\u0103 artificial\u0103 (AI)<\/a><\/li>\n<\/ul>\n<\/div>\n<\/div>\n<div class=\"td_block_wrap td_block_9 tdi_20 td_with_ajax_pagination td-pb-border-top td_block_template_1 td-column-2 td_block_padding td_block_bot_line\" data-td-block-uid=\"tdi_20\">\n<div class=\"td-block-title-wrap\">\n<h4 class=\"block-title td-block-title\"><span class=\"td-pulldown-size\">CITE\u0218TE MAI MULT<\/span><\/h4>\n<\/div>\n<div id=\"tdi_20\" class=\"td_block_inner\">\n<div class=\"td-block-row\">\n<div class=\"td-block-span6\">\n<div class=\"td_module_8 td_module_wrap\">\n<div class=\"item-details\">\n<h3 class=\"entry-title td-module-title\"><a href=\"https:\/\/r3media.ro\/asa-incepe-compania-openai-afirma-un-model-de-inteligenta-artificiala-a-atacat-din-proprie-initiativa-sistemele-unei-alte-companii\/\" rel=\"bookmark\" title=\"A\u0219a \u00eencepe? Compania OpenAI afirm\u0103 un model de inteligen\u021b\u0103 artificial\u0103 a ATACAT din proprie ini\u021biativ\u0103 sistemele unei alte companii\">A\u0219a \u00eencepe? Compania OpenAI afirm\u0103 un model de inteligen\u021b\u0103 artificial\u0103 a ATACAT din proprie&#8230;<\/a><\/h3>\n<div class=\"td-module-meta-info\"><a href=\"https:\/\/r3media.ro\/category\/actualitate\/\" class=\"td-post-category\">ACTUALITATE<\/a><span class=\"td-post-author-name\"><a href=\"https:\/\/r3media.ro\/author\/teodor_stan\/\">Teodor Stan<\/a><span>&#8211;<\/span><\/span><span class=\"td-post-date\"><time class=\"entry-date updated td-module-date\" datetime=\"2026-07-22T09:10:53+03:00\">22\/07\/2026<\/time><\/span><\/div>\n<\/div>\n<\/div>\n<\/div>\n<div class=\"td-block-span6\">\n<div class=\"td_module_8 td_module_wrap\">\n<div class=\"item-details\">\n<h3 class=\"entry-title td-module-title\"><a href=\"https:\/\/r3media.ro\/campion-olimpic-olaf-tufte-mort-subit-50-ani\/\" rel=\"bookmark\" title=\"Campionul olimpic Olaf Tufte a murit subit la 50 de ani\">Campionul olimpic Olaf Tufte a murit subit la 50 de ani<\/a><\/h3>\n<div class=\"td-module-meta-info\"><a href=\"https:\/\/r3media.ro\/category\/stiri-prim-plan\/\" class=\"td-post-category\">PRIM PLAN<\/a><span class=\"td-post-author-name\"><a href=\"https:\/\/r3media.ro\/author\/oana\/\">Oana Ivan<\/a><span>&#8211;<\/span><\/span><span class=\"td-post-date\"><time class=\"entry-date updated td-module-date\" datetime=\"2026-07-22T12:11:02+03:00\">22\/07\/2026<\/time><\/span><\/div>\n<\/div>\n<\/div>\n<\/div>\n<\/div>\n<div class=\"td-block-row\">\n<div class=\"td-block-span6\">\n<div class=\"td_module_8 td_module_wrap\">\n<div class=\"item-details\">\n<h3 class=\"entry-title td-module-title\"><a href=\"https:\/\/r3media.ro\/explozie-incendiu-fabrica-kronospan-brasov-video\/\" rel=\"bookmark\" title=\"VIDEO | Explozie urmat\u0103 de un incendiu la fabrica Kronospan din Bra\u0219ov. \u00cen timp ce pompierii \u00eencercau s\u0103 sting\u0103 focul s-a produs o alt\u0103 explozie\">VIDEO | Explozie urmat\u0103 de un incendiu la fabrica Kronospan din Bra\u0219ov. \u00cen timp&#8230;<\/a><\/h3>\n<div class=\"td-module-meta-info\"><a href=\"https:\/\/r3media.ro\/category\/stiri-prim-plan\/\" class=\"td-post-category\">PRIM PLAN<\/a><span class=\"td-post-author-name\"><a href=\"https:\/\/r3media.ro\/author\/oana\/\">Oana Ivan<\/a><span>&#8211;<\/span><\/span><span class=\"td-post-date\"><time class=\"entry-date updated td-module-date\" datetime=\"2026-07-22T10:01:28+03:00\">22\/07\/2026<\/time><\/span><\/div>\n<\/div>\n<\/div>\n<\/div>\n<div class=\"td-block-span6\">\n<div class=\"td_module_8 td_module_wrap\">\n<div class=\"item-details\">\n<h3 class=\"entry-title td-module-title\"><a href=\"https:\/\/r3media.ro\/episcopul-husilor-oameni-animale-therieni-degradare-progresism\/\" rel=\"bookmark\" title=\"Episcopul Hu\u0219ilor, despre oamenii care se cred animale: V\u0103 da\u021bi seama c\u00e2t\u0103 degradare uman\u0103 este? De ce? Pentru c\u0103 se \u00eencred \u00een progresism\">Episcopul Hu\u0219ilor, despre oamenii care se cred animale: V\u0103 da\u021bi seama c\u00e2t\u0103 degradare uman\u0103&#8230;<\/a><\/h3>\n<div class=\"td-module-meta-info\"><a href=\"https:\/\/r3media.ro\/category\/actualitate\/\" class=\"td-post-category\">ACTUALITATE<\/a><span class=\"td-post-author-name\"><a href=\"https:\/\/r3media.ro\/author\/radu_ursan\/\">Radu Ursan<\/a><span>&#8211;<\/span><\/span><span class=\"td-post-date\"><time class=\"entry-date updated td-module-date\" datetime=\"2026-07-21T19:30:46+03:00\">21\/07\/2026<\/time><\/span><\/div>\n<\/div>\n<\/div>\n<\/div>\n<\/div>\n<div class=\"td-block-row\">\n<div class=\"td-block-span6\">\n<div class=\"td_module_8 td_module_wrap\">\n<div class=\"item-details\">\n<h3 class=\"entry-title td-module-title\"><a href=\"https:\/\/r3media.ro\/video-cult-femeie-dumnezeu-mama-romania\/\" rel=\"bookmark\" title=\"VIDEO | Un cult care consider\u0103 o femeie coreean\u0103 drept \u201eDumnezeu Mama\u201d face prozeli\u021bi \u00een Rom\u00e2nia\">VIDEO | Un cult care consider\u0103 o femeie coreean\u0103 drept \u201eDumnezeu Mama\u201d face prozeli\u021bi&#8230;<\/a><\/h3>\n<div class=\"td-module-meta-info\"><a href=\"https:\/\/r3media.ro\/category\/actualitate\/\" class=\"td-post-category\">ACTUALITATE<\/a><span class=\"td-post-author-name\"><a href=\"https:\/\/r3media.ro\/author\/redactia\/\">Redac\u021bia<\/a><span>&#8211;<\/span><\/span><span class=\"td-post-date\"><time class=\"entry-date updated td-module-date\" datetime=\"2026-07-21T11:14:08+03:00\">21\/07\/2026<\/time><\/span><\/div>\n<\/div>\n<\/div>\n<\/div>\n<div class=\"td-block-span6\">\n<div class=\"td_module_8 td_module_wrap\">\n<div class=\"item-details\">\n<h3 class=\"entry-title td-module-title\"><a href=\"https:\/\/r3media.ro\/cehia-interzice-telefoanele-in-scoli\/\" rel=\"bookmark\" title=\"Cehia se preg\u0103te\u0219te s\u0103 interzic\u0103 telefoanele mobile \u00een \u0219coli\">Cehia se preg\u0103te\u0219te s\u0103 interzic\u0103 telefoanele mobile \u00een \u0219coli<\/a><\/h3>\n<div class=\"td-module-meta-info\"><a href=\"https:\/\/r3media.ro\/category\/actualitate\/\" class=\"td-post-category\">ACTUALITATE<\/a><span class=\"td-post-author-name\"><a href=\"https:\/\/r3media.ro\/author\/redactia\/\">Redac\u021bia<\/a><span>&#8211;<\/span><\/span><span class=\"td-post-date\"><time class=\"entry-date updated td-module-date\" datetime=\"2026-07-20T22:34:13+03:00\">20\/07\/2026<\/time><\/span><\/div>\n<\/div>\n<\/div>\n<\/div>\n<\/div>\n<div class=\"td-block-row\">\n<div class=\"td-block-span6\">\n<div class=\"td_module_8 td_module_wrap\">\n<div class=\"item-details\">\n<h3 class=\"entry-title td-module-title\"><a href=\"https:\/\/r3media.ro\/mihail-neamtu-oblgatie-romania\/\" rel=\"bookmark\" title=\"Mihail Neam\u021bu: Suntem o \u021bar\u0103 mic\u0103, iar singura obliga\u021bie a politicienilor de la Bucure\u0219ti e s\u0103 nu introduc\u0103 Rom\u00e2nia \u00eentr-un r\u0103zboi stupid \u0219i perdant\">Mihail Neam\u021bu: Suntem o \u021bar\u0103 mic\u0103, iar singura obliga\u021bie a politicienilor de la Bucure\u0219ti&#8230;<\/a><\/h3>\n<div class=\"td-module-meta-info\"><a href=\"https:\/\/r3media.ro\/category\/actualitate\/\" class=\"td-post-category\">ACTUALITATE<\/a><span class=\"td-post-author-name\"><a href=\"https:\/\/r3media.ro\/author\/redactia\/\">Redac\u021bia<\/a><span>&#8211;<\/span><\/span><span class=\"td-post-date\"><time class=\"entry-date updated td-module-date\" datetime=\"2026-07-20T22:01:16+03:00\">20\/07\/2026<\/time><\/span><\/div>\n<\/div>\n<\/div>\n<\/div>\n<div class=\"td-block-span6\">\n<div class=\"td_module_8 td_module_wrap\">\n<div class=\"item-details\">\n<h3 class=\"entry-title td-module-title\"><a href=\"https:\/\/r3media.ro\/petrisor-peiu-conditii-aur-vot-guvernul-vestea-nicusor-dan-solutii-bunastare-romani\/\" rel=\"bookmark\" title=\"Condi\u021biile AUR pentru a vota Guvernul Ve\u0219tea. Petri\u0219or Peiu propune solu\u021bii clare pentru bun\u0103starea rom\u00e2nilor\">Condi\u021biile AUR pentru a vota Guvernul Ve\u0219tea. Petri\u0219or Peiu propune solu\u021bii clare pentru bun\u0103starea&#8230;<\/a><\/h3>\n<div class=\"td-module-meta-info\"><a href=\"https:\/\/r3media.ro\/category\/stiri\/\" class=\"td-post-category\">\u0218TIRI<\/a><span class=\"td-post-author-name\"><a href=\"https:\/\/r3media.ro\/author\/oana\/\">Oana Ivan<\/a><span>&#8211;<\/span><\/span><span class=\"td-post-date\"><time class=\"entry-date updated td-module-date\" datetime=\"2026-06-17T10:10:31+03:00\">17\/06\/2026<\/time><\/span><\/div>\n<\/div>\n<\/div>\n<\/div>\n<\/div>\n<div class=\"td-block-row\">\n<div class=\"td-block-span6\">\n<div class=\"td_module_8 td_module_wrap\">\n<div class=\"item-details\">\n<h3 class=\"entry-title td-module-title\"><a href=\"https:\/\/r3media.ro\/mihail-neamtu-neeuropeana-imperiu-birocrati-bruxelles-inarmarea-germaniei\/\" rel=\"bookmark\" title=\"EXCLUSIVITATE Mihail Neam\u021bu: Exist\u0103 o tendin\u021b\u0103 neeuropean\u0103 de a se crea un imperiu condus de birocra\u021bi de la Bruxelles \/ Pericolul \u00eenarm\u0103rii Germaniei\">EXCLUSIVITATE Mihail Neam\u021bu: Exist\u0103 o tendin\u021b\u0103 neeuropean\u0103 de a se crea un imperiu condus&#8230;<\/a><\/h3>\n<div class=\"td-module-meta-info\"><a href=\"https:\/\/r3media.ro\/category\/stiri\/\" class=\"td-post-category\">\u0218TIRI<\/a><span class=\"td-post-author-name\"><a href=\"https:\/\/r3media.ro\/author\/oana\/\">Oana Ivan<\/a><span>&#8211;<\/span><\/span><span class=\"td-post-date\"><time class=\"entry-date updated td-module-date\" datetime=\"2026-06-22T09:02:12+03:00\">22\/06\/2026<\/time><\/span><\/div>\n<\/div>\n<\/div>\n<\/div>\n<div class=\"td-block-span6\">\n<div class=\"td_module_8 td_module_wrap\">\n<div class=\"item-details\">\n<h3 class=\"entry-title td-module-title\"><a href=\"https:\/\/r3media.ro\/spania-invinge-argentina-castiga-cupa-mondiala\/\" rel=\"bookmark\" title=\"Spania a \u00eenvins Argentina \u0219i a c\u00e2\u0219tigat Cupa Mondial\u0103 pentru a doua oar\u0103 \u00een istorie\">Spania a \u00eenvins Argentina \u0219i a c\u00e2\u0219tigat Cupa Mondial\u0103 pentru a doua oar\u0103 \u00een&#8230;<\/a><\/h3>\n<div class=\"td-module-meta-info\"><a href=\"https:\/\/r3media.ro\/category\/actualitate\/\" class=\"td-post-category\">ACTUALITATE<\/a><span class=\"td-post-author-name\"><a href=\"https:\/\/r3media.ro\/author\/oana\/\">Oana Ivan<\/a><span>&#8211;<\/span><\/span><span class=\"td-post-date\"><time class=\"entry-date updated td-module-date\" datetime=\"2026-07-20T01:04:07+03:00\">20\/07\/2026<\/time><\/span><\/div>\n<\/div>\n<\/div>\n<\/div>\n<\/div>\n<div class=\"td-block-row\">\n<div class=\"td-block-span6\">\n<div class=\"td_module_8 td_module_wrap\">\n<div class=\"item-details\">\n<h3 class=\"entry-title td-module-title\"><a href=\"https:\/\/r3media.ro\/prapad-busteni-valea-prahovei-statiuni-ploi-viitura-oameni-raniti-masini-avariate-case-inundate\/\" rel=\"bookmark\" title=\"VIDEO | Pr\u0103p\u0103d la Bu\u0219teni! Ploile au cauzat o viitur\u0103 care a m\u0103turat tot \u00een cale \u00een sta\u021biunile de pe valea Prahovei: oameni r\u0103ni\u021bi, ma\u0219ini avariate \u0219i locuin\u021be inundate\">VIDEO | Pr\u0103p\u0103d la Bu\u0219teni! Ploile au cauzat o viitur\u0103 care a m\u0103turat tot&#8230;<\/a><\/h3>\n<div class=\"td-module-meta-info\"><a href=\"https:\/\/r3media.ro\/category\/actualitate\/\" class=\"td-post-category\">ACTUALITATE<\/a><span class=\"td-post-author-name\"><a href=\"https:\/\/r3media.ro\/author\/oana\/\">Oana Ivan<\/a><span>&#8211;<\/span><\/span><span class=\"td-post-date\"><time class=\"entry-date updated td-module-date\" datetime=\"2026-07-19T19:07:45+03:00\">19\/07\/2026<\/time><\/span><\/div>\n<\/div>\n<\/div>\n<\/div>\n<div class=\"td-block-span6\">\n<div class=\"td_module_8 td_module_wrap\">\n<div class=\"item-details\">\n<h3 class=\"entry-title td-module-title\"><a href=\"https:\/\/r3media.ro\/parinte-adrian-agachi-reactie-declaratii-ora-de-religie-corina-atanasiu-usr-totalitarism\/\" rel=\"bookmark\" title=\"P\u0103rintele Adrian Agachi a reac\u021bionat la afirma\u021biile despre ora de Religie f\u0103cute de Corina Atanasiu (USR): E inadmisibil s\u0103 ne \u00eentoarcem la discursuri totalitare. Scuzele ar fi absolut necesare\">P\u0103rintele Adrian Agachi a reac\u021bionat la afirma\u021biile despre ora de Religie f\u0103cute de Corina&#8230;<\/a><\/h3>\n<div class=\"td-module-meta-info\"><a href=\"https:\/\/r3media.ro\/category\/actualitate\/\" class=\"td-post-category\">ACTUALITATE<\/a><span class=\"td-post-author-name\"><a href=\"https:\/\/r3media.ro\/author\/oana\/\">Oana Ivan<\/a><span>&#8211;<\/span><\/span><span class=\"td-post-date\"><time class=\"entry-date updated td-module-date\" datetime=\"2026-07-19T02:45:37+03:00\">19\/07\/2026<\/time><\/span><\/div>\n<\/div>\n<\/div>\n<\/div>\n<\/div>\n<\/div>\n<div class=\"td-load-more-wrap td-load-more-infinite-wrap\" id=\"infinite-lm-tdi_20\"><a href=\"https:\/\/r3media.ro\/marea-britanie-apa-inteligenta-artificiala-romania-centru-ai-restrictii-consum-apa\/\" class=\"td_ajax_load_more td_ajax_load_more_js\" aria-label=\"\u00cenc\u0103rca\u021bi mai multe\" id=\"next-page-tdi_20\" data-td_block_id=\"tdi_20\">\u00cenc\u0103rca\u021bi mai multe<\/a><\/div>\n<\/div>\n<div class=\"td_block_wrap tdb_single_comments tdi_21 tdb-comm-layout2 td-pb-border-top td_block_template_1\" data-td-block-uid=\"tdi_21\">\n<div class=\"tdb-block-inner td-fix-index\">\n<div class=\"comments\" id=\"comments\">\n<div id=\"respond\" class=\"comment-respond\">\n<h3 id=\"reply-title\" class=\"comment-reply-title\">AI CEVA DE SPUS? <small><a rel=\"nofollow\" id=\"cancel-comment-reply-link\" href=\"https:\/\/r3media.ro\/marea-britanie-apa-inteligenta-artificiala-romania-centru-ai-restrictii-consum-apa\/#respond\">Renun\u021ba\u021bi la r\u0103spuns<\/a><\/small><\/h3>\n<div class=\"comment-form-input-wrap td-form-comment\">\n<div class=\"td-warning-comment\">V\u0103 rug\u0103m s\u0103 introduce\u021bi comentariul dvs.!<\/div>\n<\/div>\n<div class=\"comment-form-input-wrap td-form-author\">\n<div class=\"td-warning-author\">Introduce\u021bi aici numele dvs.<\/div>\n<\/div>\n<div class=\"comment-form-input-wrap td-form-email\">\n<div class=\"td-warning-email-error\">A\u021bi introdus o adres\u0103 de e-mail incorect\u0103!<\/div>\n<div class=\"td-warning-email\">V\u0103 rug\u0103m s\u0103 introduce\u021bi adresa dvs. de e-mail aici<\/div>\n<\/div>\n<\/div>\n<\/div>\n<\/div>\n<\/div>\n<\/div>\n<\/div>\n<div class=\"vc_column tdi_23  wpb_column vc_column_container tdc-column td-pb-span4 td-is-sticky\">\n<div class=\"wpb_wrapper\" data-sticky-enabled-on=\"W3RydWUsdHJ1ZSx0cnVlLHRydWVd\" data-sticky-offset=\"20\" data-sticky-is-width-auto=\"W2ZhbHNlLGZhbHNlLGZhbHNlLGZhbHNlXQ==\">\n<div class=\"wpb_wrapper td_block_wrap vc_widget_sidebar tdi_25 \">\n<div class=\"td_block_wrap td_block_7 td_block_widget tdi_26 td-pb-border-top td_block_template_1 td-column-1 td_block_padding\" data-td-block-uid=\"tdi_26\">\n<div class=\"td-block-title-wrap\">\n<h4 class=\"block-title td-block-title\"><span class=\"td-pulldown-size\">Articole RELA\u021aIONATE<\/span><\/h4>\n<\/div>\n<div id=\"tdi_26\" class=\"td_block_inner\">\n<div class=\"td-block-span12\">\n<div class=\"td_module_6 td_module_wrap td-animation-stack\">\n<div class=\"td-module-thumb\"><a href=\"https:\/\/r3media.ro\/pretul-gazelor-romania-razboi-ucraina\/\" rel=\"bookmark\" class=\"td-image-wrap \" title=\"Pre\u021bul gazelor a explodat \u00een Rom\u00e2nia, la cel mai \u00eenalt nivel de la declan\u0219area r\u0103zboiului din Ucraina\"><img loading=\"lazy\" decoding=\"async\" class=\"entry-thumb\" src=\"https:\/\/r3media.ro\/wp-content\/uploads\/2020\/12\/contor-facebook-100x70.jpg\" alt title=\"Pre\u021bul gazelor a explodat \u00een Rom\u00e2nia, la cel mai \u00eenalt nivel de la declan\u0219area r\u0103zboiului din Ucraina\" width=\"100\" height=\"70\"><\/a><\/div>\n<div class=\"item-details\">\n<h3 class=\"entry-title td-module-title\"><a href=\"https:\/\/r3media.ro\/pretul-gazelor-romania-razboi-ucraina\/\" rel=\"bookmark\" title=\"Pre\u021bul gazelor a explodat \u00een Rom\u00e2nia, la cel mai \u00eenalt nivel de la declan\u0219area r\u0103zboiului din Ucraina\">Pre\u021bul gazelor a explodat \u00een Rom\u00e2nia, la cel mai \u00eenalt nivel&#8230;<\/a><\/h3>\n<div class=\"td-module-meta-info\"><span class=\"td-post-date\"><time class=\"entry-date updated td-module-date\" datetime=\"2026-07-23T10:19:38+03:00\">23\/07\/2026<\/time><\/span><\/div>\n<\/div>\n<\/div>\n<\/div>\n<div class=\"td-block-span12\">\n<div class=\"td_module_6 td_module_wrap td-animation-stack\">\n<div class=\"td-module-thumb\"><a href=\"https:\/\/r3media.ro\/oana-toiu-mae-ambasada-romaniei-libia-stefan-popescu\/\" rel=\"bookmark\" class=\"td-image-wrap \" title=\"Oana \u021aoiu se laud\u0103 c\u0103 MAE nu mai pl\u0103te\u0219te chirie pe ambasada Rom\u00e2niei din Libia. \u0218tefan Popescu: \u00centrebarea real\u0103 e de ce nu mai avem ambasad\u0103 func\u021bional\u0103 la Tripoli\"><img loading=\"lazy\" decoding=\"async\" class=\"entry-thumb\" src=\"https:\/\/r3media.ro\/wp-content\/uploads\/2026\/06\/oana-toiu-consiliul-de-securitate-onu-100x70.jpg\" alt title=\"Oana \u021aoiu se laud\u0103 c\u0103 MAE nu mai pl\u0103te\u0219te chirie pe ambasada Rom\u00e2niei din Libia. \u0218tefan Popescu: \u00centrebarea real\u0103 e de ce nu mai avem ambasad\u0103 func\u021bional\u0103 la Tripoli\" width=\"100\" height=\"70\"><\/a><\/div>\n<div class=\"item-details\">\n<h3 class=\"entry-title td-module-title\"><a href=\"https:\/\/r3media.ro\/oana-toiu-mae-ambasada-romaniei-libia-stefan-popescu\/\" rel=\"bookmark\" title=\"Oana \u021aoiu se laud\u0103 c\u0103 MAE nu mai pl\u0103te\u0219te chirie pe ambasada Rom\u00e2niei din Libia. \u0218tefan Popescu: \u00centrebarea real\u0103 e de ce nu mai avem ambasad\u0103 func\u021bional\u0103 la Tripoli\">Oana \u021aoiu se laud\u0103 c\u0103 MAE nu mai pl\u0103te\u0219te chirie pe&#8230;<\/a><\/h3>\n<div class=\"td-module-meta-info\"><span class=\"td-post-date\"><time class=\"entry-date updated td-module-date\" datetime=\"2026-07-23T09:48:40+03:00\">23\/07\/2026<\/time><\/span><\/div>\n<\/div>\n<\/div>\n<\/div>\n<div class=\"td-block-span12\">\n<div class=\"td_module_6 td_module_wrap td-animation-stack\">\n<div class=\"td-module-thumb\"><a href=\"https:\/\/r3media.ro\/sondaj-r-moldova-54-impotriva-unirii-romania\/\" rel=\"bookmark\" class=\"td-image-wrap \" title=\"Sondaj R. Moldova: 54% ar vota \u00ceMPOTRIVA unirii cu Rom\u00e2nia. Doar 5% \u0219i-ar dori o politic\u0103 extern\u0103 pro unionist\u0103\"><img loading=\"lazy\" decoding=\"async\" class=\"entry-thumb\" src=\"https:\/\/r3media.ro\/wp-content\/uploads\/2025\/01\/image-2014-11-29-18702341-41-parlamentul-chisinau-100x70.webp\" alt title=\"Sondaj R. Moldova: 54% ar vota \u00ceMPOTRIVA unirii cu Rom\u00e2nia. Doar 5% \u0219i-ar dori o politic\u0103 extern\u0103 pro unionist\u0103\" width=\"100\" height=\"70\"><\/a><\/div>\n<div class=\"item-details\">\n<h3 class=\"entry-title td-module-title\"><a href=\"https:\/\/r3media.ro\/sondaj-r-moldova-54-impotriva-unirii-romania\/\" rel=\"bookmark\" title=\"Sondaj R. Moldova: 54% ar vota \u00ceMPOTRIVA unirii cu Rom\u00e2nia. Doar 5% \u0219i-ar dori o politic\u0103 extern\u0103 pro unionist\u0103\">Sondaj R. Moldova: 54% ar vota \u00ceMPOTRIVA unirii cu Rom\u00e2nia. Doar&#8230;<\/a><\/h3>\n<div class=\"td-module-meta-info\"><span class=\"td-post-date\"><time class=\"entry-date updated td-module-date\" datetime=\"2026-07-23T07:42:57+03:00\">23\/07\/2026<\/time><\/span><\/div>\n<\/div>\n<\/div>\n<\/div>\n<div class=\"td-block-span12\">\n<div class=\"td_module_6 td_module_wrap td-animation-stack\">\n<div class=\"td-module-thumb\"><a href=\"https:\/\/r3media.ro\/noua-intelegere-germania-unda-verde-proiect-colaborare-rusia-domeniu-nuclear\/\" rel=\"bookmark\" class=\"td-image-wrap \" title=\"Germania a dat und\u0103 verde unei colabor\u0103ri cu Rusia \u00een domeniul nuclear\"><img loading=\"lazy\" decoding=\"async\" class=\"entry-thumb\" src=\"https:\/\/r3media.ro\/wp-content\/uploads\/2023\/09\/germania-1536x1069-1-100x70.webp\" alt title=\"Germania a dat und\u0103 verde unei colabor\u0103ri cu Rusia \u00een domeniul nuclear\" width=\"100\" height=\"70\"><\/a><\/div>\n<div class=\"item-details\">\n<h3 class=\"entry-title td-module-title\"><a href=\"https:\/\/r3media.ro\/noua-intelegere-germania-unda-verde-proiect-colaborare-rusia-domeniu-nuclear\/\" rel=\"bookmark\" title=\"Germania a dat und\u0103 verde unei colabor\u0103ri cu Rusia \u00een domeniul nuclear\">Germania a dat und\u0103 verde unei colabor\u0103ri cu Rusia \u00een domeniul&#8230;<\/a><\/h3>\n<div class=\"td-module-meta-info\"><span class=\"td-post-date\"><time class=\"entry-date updated td-module-date\" datetime=\"2026-07-22T23:55:16+03:00\">22\/07\/2026<\/time><\/span><\/div>\n<\/div>\n<\/div>\n<\/div>\n<div class=\"td-block-span12\">\n<div class=\"td_module_6 td_module_wrap td-animation-stack\">\n<div class=\"td-module-thumb\"><a href=\"https:\/\/r3media.ro\/romania-in-fata-unei-crize-a-combustibilului-dupa-atacurile-ucrainene-cu-drone-asupra-petrolierelor\/\" rel=\"bookmark\" class=\"td-image-wrap \" title=\"Rom\u00e2nia, \u00een fa\u021ba unei crize a combustibilului dup\u0103 atacurile ucrainene cu drone asupra petrolierelor\"><img loading=\"lazy\" decoding=\"async\" class=\"entry-thumb\" src=\"https:\/\/r3media.ro\/wp-content\/uploads\/2026\/07\/petrol-kazahstan-100x70.jpg\" alt title=\"Rom\u00e2nia, \u00een fa\u021ba unei crize a combustibilului dup\u0103 atacurile ucrainene cu drone asupra petrolierelor\" width=\"100\" height=\"70\"><\/a><\/div>\n<div class=\"item-details\">\n<h3 class=\"entry-title td-module-title\"><a href=\"https:\/\/r3media.ro\/romania-in-fata-unei-crize-a-combustibilului-dupa-atacurile-ucrainene-cu-drone-asupra-petrolierelor\/\" rel=\"bookmark\" title=\"Rom\u00e2nia, \u00een fa\u021ba unei crize a combustibilului dup\u0103 atacurile ucrainene cu drone asupra petrolierelor\">Rom\u00e2nia, \u00een fa\u021ba unei crize a combustibilului dup\u0103 atacurile ucrainene cu&#8230;<\/a><\/h3>\n<div class=\"td-module-meta-info\"><span class=\"td-post-date\"><time class=\"entry-date updated td-module-date\" datetime=\"2026-07-22T21:51:57+03:00\">22\/07\/2026<\/time><\/span><\/div>\n<\/div>\n<\/div>\n<\/div>\n<div class=\"td-block-span12\">\n<div class=\"td_module_6 td_module_wrap td-animation-stack\">\n<div class=\"td-module-thumb\"><a href=\"https:\/\/r3media.ro\/23-iulie-aducerea-moastelor-sfantului-sfintit-mucenic-foca-sfintii-mucenici-apolinarie-vitalie-si-valeria\/\" rel=\"bookmark\" class=\"td-image-wrap \" title=\"Calendarul zilei 23 iulie: Aducerea moa\u015ftelor Sf\u00e2ntului Sfin\u0163it Mucenic Foca; Sfin\u0163ii Mucenici Apolinarie, Vitalie \u015fi Valeria\"><img loading=\"lazy\" decoding=\"async\" class=\"entry-thumb\" src=\"https:\/\/r3media.ro\/wp-content\/uploads\/2024\/07\/aducerea-moastelor-sfantului-sfintit-mucenic-foca-sfintii-mucenici-apolinarie-vitalie-si-valeria-178050-100x70.jpg\" alt title=\"Calendarul zilei 23 iulie: Aducerea moa\u015ftelor Sf\u00e2ntului Sfin\u0163it Mucenic Foca; Sfin\u0163ii Mucenici Apolinarie, Vitalie \u015fi Valeria\" width=\"100\" height=\"70\"><\/a><\/div>\n<div class=\"item-details\">\n<h3 class=\"entry-title td-module-title\"><a href=\"https:\/\/r3media.ro\/23-iulie-aducerea-moastelor-sfantului-sfintit-mucenic-foca-sfintii-mucenici-apolinarie-vitalie-si-valeria\/\" rel=\"bookmark\" title=\"Calendarul zilei 23 iulie: Aducerea moa\u015ftelor Sf\u00e2ntului Sfin\u0163it Mucenic Foca; Sfin\u0163ii Mucenici Apolinarie, Vitalie \u015fi Valeria\">Calendarul zilei 23 iulie: Aducerea moa\u015ftelor Sf\u00e2ntului Sfin\u0163it Mucenic Foca; Sfin\u0163ii&#8230;<\/a><\/h3>\n<div class=\"td-module-meta-info\"><span class=\"td-post-date\"><time class=\"entry-date updated td-module-date\" datetime=\"2026-07-22T21:24:00+03:00\">22\/07\/2026<\/time><\/span><\/div>\n<\/div>\n<\/div>\n<\/div>\n<div class=\"td-block-span12\">\n<div class=\"td_module_6 td_module_wrap td-animation-stack\">\n<div class=\"td-module-thumb\"><a href=\"https:\/\/r3media.ro\/catre-toti-cei-care-intretin-aceasta-stare-de-dezbinare-intre-suveranisti-din-ignoranta-prostie-mandrie-dar-si-multa-necredinta\/\" rel=\"bookmark\" class=\"td-image-wrap \" title=\"C\u0103tre to\u021bi cei care \u00eentre\u021bin aceast\u0103 stare de dezbinare \u00eentre suverani\u0219ti, din ignoran\u021b\u0103, prostie, m\u00e2ndrie dar \u0219i mult\u0103 necredin\u021b\u0103\"><img loading=\"lazy\" decoding=\"async\" class=\"entry-thumb\" src=\"https:\/\/r3media.ro\/wp-content\/uploads\/2021\/11\/tricolor-mana-pe-pamant-620x400-1-100x70.jpg\" alt title=\"C\u0103tre to\u021bi cei care \u00eentre\u021bin aceast\u0103 stare de dezbinare \u00eentre suverani\u0219ti, din ignoran\u021b\u0103, prostie, m\u00e2ndrie dar \u0219i mult\u0103 necredin\u021b\u0103\" width=\"100\" height=\"70\"><\/a><\/div>\n<div class=\"item-details\">\n<h3 class=\"entry-title td-module-title\"><a href=\"https:\/\/r3media.ro\/catre-toti-cei-care-intretin-aceasta-stare-de-dezbinare-intre-suveranisti-din-ignoranta-prostie-mandrie-dar-si-multa-necredinta\/\" rel=\"bookmark\" title=\"C\u0103tre to\u021bi cei care \u00eentre\u021bin aceast\u0103 stare de dezbinare \u00eentre suverani\u0219ti, din ignoran\u021b\u0103, prostie, m\u00e2ndrie dar \u0219i mult\u0103 necredin\u021b\u0103\">C\u0103tre to\u021bi cei care \u00eentre\u021bin aceast\u0103 stare de dezbinare \u00eentre suverani\u0219ti,&#8230;<\/a><\/h3>\n<div class=\"td-module-meta-info\"><span class=\"td-post-date\"><time class=\"entry-date updated td-module-date\" datetime=\"2026-07-22T17:17:44+03:00\">22\/07\/2026<\/time><\/span><\/div>\n<\/div>\n<\/div>\n<\/div>\n<\/div>\n<\/div>\n<aside class=\"td_block_template_1 widget widget_recent_comments\">\n<h4 class=\"block-title\"><span>INTR\u0102 \u00ceN DISCU\u021aIE!<\/span><\/h4>\n<ul id=\"recentcomments\">\n<li class=\"recentcomments\"><span class=\"comment-author-link\">reno<\/span> la <a href=\"https:\/\/r3media.ro\/asa-incepe-compania-openai-afirma-un-model-de-inteligenta-artificiala-a-atacat-din-proprie-initiativa-sistemele-unei-alte-companii\/#comment-40298\">A\u0219a \u00eencepe? Compania OpenAI afirm\u0103 un model de inteligen\u021b\u0103 artificial\u0103 a ATACAT din proprie ini\u021biativ\u0103 sistemele unei alte companii<\/a><\/li>\n<li class=\"recentcomments\"><span class=\"comment-author-link\">Sumen<\/span> la <a href=\"https:\/\/r3media.ro\/deznationala-frantei-a-invins-franta\/#comment-40297\">Dezna\u021bionala Fran\u021bei a \u00eenvins Fran\u021ba \u00a0\u00a0<\/a><\/li>\n<li class=\"recentcomments\"><span class=\"comment-author-link\">Decebal<\/span> la <a href=\"https:\/\/r3media.ro\/video-cult-femeie-dumnezeu-mama-romania\/#comment-40295\">VIDEO | Un cult care consider\u0103 o femeie coreean\u0103 drept \u201eDumnezeu Mama\u201d face prozeli\u021bi \u00een Rom\u00e2nia<\/a><\/li>\n<li class=\"recentcomments\"><span class=\"comment-author-link\">Nicu<\/span> la <a href=\"https:\/\/r3media.ro\/nicusor-dan-in-cursul-noptii-trecute-o-nava-sub-pavilion-liberian-a-fost-lovita-in-afara-apelor-teritoriale-ale-romaniei-la-20-de-mile-marine-de-tarmul-romanesc\/#comment-40294\">Nicu\u0219or Dan: \u00cen cursul nop\u0163ii trecute, o nav\u0103 sub pavilion liberian a fost lovit\u0103 \u00een afara apelor teritoriale ale Rom\u00e2niei, la 20 de mile marine de \u0163\u0103rmul rom\u00e2nesc<\/a><\/li>\n<li class=\"recentcomments\"><span class=\"comment-author-link\">E.T.<\/span> la <a href=\"https:\/\/r3media.ro\/mihail-neamtu-oblgatie-romania\/#comment-40293\">Mihail Neam\u021bu: Suntem o \u021bar\u0103 mic\u0103, iar singura obliga\u021bie a politicienilor de la Bucure\u0219ti e s\u0103 nu introduc\u0103 Rom\u00e2nia \u00eentr-un r\u0103zboi stupid \u0219i perdant<\/a><\/li>\n<li class=\"recentcomments\"><span class=\"comment-author-link\">Ion<\/span> la <a href=\"https:\/\/r3media.ro\/nicusor-dan-in-cursul-noptii-trecute-o-nava-sub-pavilion-liberian-a-fost-lovita-in-afara-apelor-teritoriale-ale-romaniei-la-20-de-mile-marine-de-tarmul-romanesc\/#comment-40292\">Nicu\u0219or Dan: \u00cen cursul nop\u0163ii trecute, o nav\u0103 sub pavilion liberian a fost lovit\u0103 \u00een afara apelor teritoriale ale Rom\u00e2niei, la 20 de mile marine de \u0163\u0103rmul rom\u00e2nesc<\/a><\/li>\n<li class=\"recentcomments\"><span class=\"comment-author-link\">Mihaela<\/span> la <a href=\"https:\/\/r3media.ro\/candidat-barbat-partidul-democrat-sua-menstruatie-sangerare-rect\/#comment-40291\">VIDEO | Un b\u0103rbat care candideaz\u0103 de la Partidul Democrat din SUA ar fi sus\u021binut c\u0103 are menstrua\u021bie \u0219i elimin\u0103 s\u00e2ngele prin rect<\/a><\/li>\n<\/ul>\n<\/aside>\n<aside class=\"td_block_template_1 widget widget_search\">\n<h4 class=\"block-title\"><span>CAUT\u0102 \u0218I VEI G\u0102SI<\/span><\/h4>\n<\/aside>\n<\/div>\n<\/div>\n<\/div>\n<\/div>\n<\/div>\n<\/div>\n<\/div>\n<p><span class=\"td-page-meta\"><\/span><span class=\"td-page-meta\"><span class=\"td-page-meta\"><\/span><\/span><span class=\"td-page-meta\"><\/span><\/article>\n<\/p>\n<div class=\"td_block_wrap tdb_single_content tdi_18 td-pb-border-top td_block_template_1 td-post-content tagdiv-type\" data-td-block-uid=\"tdi_18\">\n<div class=\"tdb-block-inner td-fix-index\">\n<p><strong>Companiile de ap\u0103 din Marea Britanie avertizeaz\u0103 c\u0103 strategiile guvernului de la Londra pentru dezvoltarea sectorului AI ignor\u0103 complet o resurs\u0103 esen\u021bial\u0103: apa necesar\u0103 r\u0103cirii centrelor de date.<\/strong><\/p>\n<p>Reprezentan\u021bii industriei apei sus\u021bin c\u0103 \u021bara pur \u0219i simplu nu dispune de resursele necesare pentru a sus\u021bine expansiunea anun\u021bat\u0103 a centrelor de date, iar prognozele oficiale ar fi construite pe o premis\u0103 gre\u0219it\u0103, scrie <a href=\"https:\/\/www.antena3.ro\/externe\/marea-britanie-nu-mai-are-suficienta-apa-pentru-inteligenta-artificiala-centrele-de-date-consuma-zilnic-milioane-de-litri-796464.html?fbclid=IwY2xjawTOiq5leHRuA2FlbQIxMABicmlkETBHdnl0R3pvM3JEOFBZVW1kc3J0YwZhcHBfaWQQMjIyMDM5MTc4ODIwMDg5MgABHkVqtKhA-woQqQja8najYnMejy8NdQNLyftX6YYQEqprh7SoYQrGfSl-W5n0_aem_uYpVi8BFmdGuzyT8gI2HCg\" target=\"_blank\" rel=\"noopener\">Antena3<\/a>, cit\u00e2nd <a href=\"https:\/\/www.theguardian.com\/environment\/2026\/jul\/21\/not-enough-water-for-uks-datacentre-plans-trade-body-says?CMP=Share_AndroidApp_Other\" target=\"_blank\" rel=\"noopener\">The Guardian.<\/a><\/p>\n<p>Water UK, organiza\u021bia care reprezint\u0103 companiile de ap\u0103 din Marea Britanie \u0219i Irlanda de Nord, a transmis parlamentarilor un document \u00een care descrie estim\u0103rile guvernamentale privind resursele de ap\u0103 drept \u201efundamental viciate\u201d.<\/p>\n<p>Motivul: acestea exclud \u00een mod explicit consumul centrelor de date.<\/p>\n<p>Potrivit organiza\u021biei, documentele-cheie ale executivului britanic \u2014 politica privind zonele dedicate inteligen\u021bei artificiale, strategia pentru folosirea AI \u00een cercetare \u0219i planul de ac\u021biune pentru valorificarea tehnologiei \u2014 nu men\u021bioneaz\u0103 apa nici m\u0103car o singur\u0103 dat\u0103.<\/p>\n<p>Nici cadrul na\u021bional privind resursele de ap\u0103, publicat de Agen\u021bia de Mediu \u00een vara anului 2025, nu con\u021bine o estimare a necesarului acestor facilit\u0103\u021bi.<\/p>\n<h2>De ce beau centrele de date at\u00e2ta ap\u0103<\/h2>\n<p>Halele pline de servere genereaz\u0103 cantit\u0103\u021bi uria\u0219e de c\u0103ldur\u0103, iar echipamentele instalate la densitate mare trebuie r\u0103cite permanent.<\/p>\n<p>Turnurile de r\u0103cire, instala\u021biile frigorifice \u0219i sistemele de umidificare consum\u0103 ap\u0103 \u00een mod direct, la care se adaug\u0103 consumul indirect, generat de producerea energiei electrice pe care aceste centre o \u00eenghit.<\/p>\n<p>Situa\u021bia este agravat\u0103 de o condi\u021bie de autorizare impus\u0103 de Agen\u021bia de Mediu: \u00een prezent, centrele de date sunt obligate s\u0103 foloseasc\u0103 exclusiv ap\u0103 potabil\u0103.<\/p>\n<p>Water UK estimeaz\u0103 c\u0103 facilit\u0103\u021bile din Anglia consum\u0103 zilnic aproximativ 6,6 milioane de litri de ap\u0103 potabil\u0103. Dac\u0103 guvernul \u00ee\u0219i atinge obiectivul de a tripla capacitatea p\u00e2n\u0103 \u00een 2030, cifra ar urca la aproape 20 de milioane de litri pe zi.<\/p>\n<h2>Presiune exact acolo unde apa lipse\u0219te<\/h2>\n<p>Problema nu \u021bine doar de volum, ci \u0219i de geografie. Peste trei sferturi dintre centrele de date britanice sunt amplasate \u00een sudul \u0219i estul Angliei \u2014 regiuni deja aflate sub stres hidric, unde, dup\u0103 o perioad\u0103 prelungit\u0103 de c\u0103ldur\u0103 \u0219i precipita\u021bii reduse, companiile au impus restric\u021bii privind folosirea furtunurilor pentru milioane de locuitori.<\/p>\n<p>Cea mai dens\u0103 concentrare se afl\u0103 la Slough, \u00een zona deservit\u0103 de Affinity Water, unde circa 125 de centre sunt propuse sau \u00een construc\u021bie.<\/p>\n<p>Compania a explicat parlamentarilor c\u0103 unele proiecte solicitau p\u00e2n\u0103 la trei milioane de litri de ap\u0103 pe zi \u2014 echivalentul consumului maxim al aproximativ 3.500 de gospod\u0103rii.<\/p>\n<p>Sistemul de planificare, sus\u021bine Affinity, a fost g\u00e2ndit pentru cre\u0219terea num\u0103rului de locuin\u021be \u0219i pentru consumul pe cap de locuitor, nu pentru utilizatori industriali al c\u0103ror necesar se apropie de cel al unui or\u0103\u0219el.<\/p>\n<p>Water UK avertizeaz\u0103 c\u0103, \u00een lipsa unei schimb\u0103ri de politic\u0103, construirea de noi centre \u00een aceste zone ar putea deveni pur \u0219i simplu imposibil\u0103.<\/p>\n<p>Solu\u021biile alternative sunt fie prelevarea unor cantit\u0103\u021bi mai mari din natur\u0103 \u2014 cu efecte asupra mediului \u2014, fie noi surse de aprovizionare, iar un rezervor de mari dimensiuni poate cere 15 ani de la planificare p\u00e2n\u0103 la punerea \u00een func\u021biune.<\/p>\n<p>Contextul pe termen lung este la fel de sumbru: un raport al Camerei Lorzilor avertiza c\u0103, p\u00e2n\u0103 \u00een 2055, Anglia s-ar putea confrunta cu un deficit zilnic de cinci miliarde de litri la alimentarea public\u0103 cu ap\u0103.<\/p>\n<p>\u00cen prezent, deficitul este deja cu 220 de milioane de litri pe zi peste nivelul estimat \u00een prognoze, gol acoperit prin acceptarea unui risc mai ridicat pentru mediu \u0219i prin restric\u021bii \u00een perioadele de secet\u0103.<\/p>\n<h2>Cine are prioritate c\u00e2nd apa se termin\u0103<\/h2>\n<p>Un punct sensibil al dezbaterii este decizia guvernului de a clasifica centrele de date drept infrastructur\u0103 na\u021bional\u0103 critic\u0103, pe motiv c\u0103 indisponibilitatea lor ar afecta servicii esen\u021biale \u0219i securitatea na\u021bional\u0103.<\/p>\n<p>Criticii se tem c\u0103 statutul le-ar putea oferi un tratament preferen\u021bial \u00een perioadele de v\u00e2rf, \u00een detrimentul gospod\u0103riilor, iar companiile de ap\u0103 ar putea s\u0103 nu aib\u0103 p\u00e2rghii pentru a le limita consumul.<\/p>\n<p>Jon Chappel, director adjunct al Water UK, a calificat situa\u021bia drept un e\u0219ec al guvernului \u0219i a precizat c\u0103 organiza\u021bia a cerut publicarea unei ordini clare a priorit\u0103\u021bilor pentru perioadele de secet\u0103 \u2014 un document pe care mini\u0219trii nu l-au elaborat.<\/p>\n<p>\u00cen absen\u021ba lui, spune el, compromisurile vor fi suportate de \u00eentreaga societate.<\/p>\n<p>\u00centre timp, autorit\u0103\u021bile de reglementare \u0219i companiile de ap\u0103 au lansat o campanie de 75 de milioane de lire sterline prin care cer popula\u021biei s\u0103 consume mai pu\u021bin \u2014 consumul pe cap de locuitor din Anglia \u0219i \u021aara Galilor fiind printre cele mai ridicate din Europa. Documentul na\u021bional de politic\u0103 privind dezvoltarea inteligen\u021bei artificiale, care ar fi trebuit publicat \u00een februarie, a fost am\u00e2nat.<\/p>\n<p>Guvernul sus\u021bine c\u0103 protec\u021bia mediului \u0219i cre\u0219terea economic\u0103 pot merge \u00eempreun\u0103 \u0219i c\u0103 analizeaz\u0103 alternative pentru reducerea impactului centrelor de date asupra rezervelor de ap\u0103, invoc\u00e2nd investi\u021bii \u00een infrastructur\u0103 \u0219i construc\u021bia a nou\u0103 rezervoare noi.<\/p>\n<h2>Rom\u00e2nia are ap\u0103 de dat?<\/h2>\n<p>\u00cen timp ce Marea Britanie \u00ee\u0219i pune semne de \u00eentrebare cu privire la consumul imens de ap\u0103 al centrelor de date AI, Rom\u00e2nia a fost de acord s\u0103 deschid\u0103 un astfel de centru la grani\u021ba dintre jude\u021bele Cluj \u0219i Mure\u0219.<\/p>\n<p>Potrivit <a href=\"https:\/\/pressone.ro\/fata-nevazuta-a-lunei-primul-centru-de-date-quantum-ai-anuntat-in-romania-va-fi-construit-pe-un-teren-aflat-in-litigiu\" target=\"_blank\" rel=\"noopener\">PressOne<\/a>, consumul de energie necesar pentru func\u021bionarea centrului Quantum AI construit de americani este echivalentul a \u201etot consumul de electricitate al Craiovei \u2013 pentru iluminat, electrocasnice \u0219i industrie\u201d.<\/p>\n<p>Craiova are o popula\u021bie stabil\u0103 de peste 234.000 de locuitori, iar cu zona metropolitan\u0103 cifra dep\u0103\u0219e\u0219te 356.000 de oameni.<\/p>\n<p>Mai mult, consumul de ap\u0103 necesar pentru acest centru \u2013 care, aten\u021bie, NU poate \u00eentrerupe folosirea nicio secund\u0103 \u2013 ar fi imens.<\/p>\n<p>Terenul concesionat pentru aceast\u0103 investi\u021bie este la c\u00e2\u021biva zeci de metri de r\u00e2ul Arie\u0219, dar compania spune c\u0103 apa de-acolo nu va fi folosit\u0103 \u201e\u00een mod primar\u201d. Dar care?<\/p>\n<p>\u201eAcest tip de centru de date nu are voie s\u0103 r\u0103m\u00e2n\u0103 niciodat\u0103 f\u0103r\u0103 curent sau f\u0103r\u0103 ap\u0103 rece, pentru c\u0103 dac\u0103 se opre\u0219te chiar \u0219i pentru c\u00e2teva minute se pierd date, bani, iar uneori chiar vie\u021bi, dac\u0103 e vorba de suport pentru infrastructur\u0103 medical\u0103 sau militar\u0103\u201d, scrie sursa citat\u0103.<\/p>\n<p>George Roth, antreprenor rom\u00e2no-american, consider\u0103 c\u0103 \u00een cazul acestui centru de date, \u201ear fi fost necesar\u0103 o analiz\u0103 independent\u0103 privind consumul de ap\u0103, solu\u021biile de r\u0103cire, impactul asupra terenului \u0219i efectele asupra comunit\u0103\u021bii locale\u201d.<\/p>\n<p>Investiga\u021bia integral\u0103 a PressOne poate fi citit\u0103 <a href=\"https:\/\/pressone.ro\/sub-pamant-srl-centrul-de-date-quantum-ai-de-la-luna-va-fi-construit-in-subteran-pe-malul-ariesului\" target=\"_blank\" rel=\"noopener\">aici<\/a>.<\/p>\n<h2>Restric\u021bii de folosire a apei pentru popula\u021bie<\/h2>\n<p>\u00cen acela\u0219i timp, Ministerul Mediului a anun\u021bat o m\u0103sur\u0103 care las\u0103 loc de interpret\u0103ri.<\/p>\n<p>Este vorba despre un proiect de lege care vizeaz\u0103 modificarea legii apelor nr. 107\/1996.<\/p>\n<p>Legea stabile\u0219te c\u0103 apele de suprafa\u021b\u0103 sau subterane pot fi folosite liber pentru b\u0103ut, ad\u0103patul animalelor, udat, sp\u0103lat, \u00eemb\u0103iat \u0219i alte nevoi gospod\u0103re\u0219ti, cu respectarea normelor sanitare \u0219i de protec\u021bie a apei.<\/p>\n<p>Condi\u021bia este s\u0103 utilizate instala\u021bii de capacitate mic\u0103, de cel mult 0,2 litri pe secund\u0103, destinate exclusiv gospod\u0103riei proprii.<\/p>\n<p>Problema este c\u0103 legea nu vorbe\u0219te despre un consum mediu de 0,2 litri\/secund\u0103, ci de un \u201edebit prelevat\u201d.<\/p>\n<p>\u201eAcest debit \u00eenseamn\u0103 aproximativ 12 litri pe minut, 720 de litri pe or\u0103 sau p\u00e2n\u0103 la 17,28 metri cubi pe zi, \u00een ipoteza unei func\u021bion\u0103ri continue, un nivel considerabil peste consumul obi\u0219nuit al unei gospod\u0103rii\u201d, a afirmat Administra\u021bia Na\u021bional\u0103 Apele Rom\u00e2ne, \u00eentr-un <a href=\"https:\/\/agerpres.ro\/comunicate\/2026\/07\/17\/informare-de-presa---administratia-nationala-apele-romane--1577202\" target=\"_blank\" rel=\"noopener\">comunicat<\/a>.<\/p>\n<p>O pomp\u0103 obi\u0219nuit\u0103, de consum minim, gospod\u0103resc, are debite cuprinse \u00eentre 0,8-1,2 litri \/secund\u0103 \u0219i nimeni nu o folose\u0219te continuu.<\/p>\n<p>Cu alte cuvinte, folosirea unei pompe obi\u0219nuite transform\u0103 cet\u0103\u021beanul \u00een poten\u021bial infractor, deoarece dep\u0103\u0219irea limitei impuse de lege este garantat\u0103.<\/p>\n<p>Aplicarea legii r\u0103m\u00e2ne, astfel, la bunul plac al statului.<\/p>\n<div class=\"crp_related     crp-masonry\">\n<h2>\u00ceN CONTEXT<\/h2>\n<ul>\n<li><a href=\"https:\/\/r3media.ro\/fara-tine-in-google-r3media-dispare-iata-ce-poti-face-in-10-secunde\/\" class=\"crp_link post-119031\"><span class=\"crp_title\">F\u0103r\u0103 tine \u00een Google, R3media dispare. Iat\u0103 ce po\u021bi face \u00een 10 secunde<\/span><\/a><\/li>\n<li><a href=\"https:\/\/r3media.ro\/discursul-integral-al-premierului-ungariei-viktor-orban-de-la-baile-tusnad-bugetul-ue-este-un-buget-de-razboi-sper-sa-avem-o-alianta-pentru-pace-cu-romanii\/\" class=\"crp_link post-111993\"><span class=\"crp_title\">Discursul INTEGRAL al premierului Ungariei, Viktor Orban, de la B\u0103ile Tu\u0219nad: Bugetul UE\u2026<\/span><\/a><\/li>\n<li><a href=\"https:\/\/r3media.ro\/femeie-iasi-divort-sot-trei-copii-recomandat-inteligenta-artificiala\/\" class=\"crp_link post-113636\"><span class=\"crp_title\">O femeie din Ia\u0219i a divor\u021bat de so\u021bul cu care are \u00eempreun\u0103 trei copii pentru c\u0103 a\u0219a i-a\u2026<\/span><\/a><\/li>\n<li><a href=\"https:\/\/r3media.ro\/concedieri-oracle-romania-500-de-angajati-inteligenta-artificiala\/\" class=\"crp_link post-119037\"><span class=\"crp_title\">Val nou de concedieri la Oracle Rom\u00e2nia: aproximativ 500 de angaja\u021bi, pe fondul reorient\u0103rii\u2026<\/span><\/a><\/li>\n<li><a href=\"https:\/\/r3media.ro\/se-adevereste-calin-georgescu-criza-apei-coreea-de-sud-consum-rationalizat-presedintele-lee-jae-myung-zona-dezastru-national\/\" class=\"crp_link post-112896\"><span class=\"crp_title\">Se adevere\u0219te tot ce spunea C\u0103lin Georgescu despre criza apei: \u00cen Coreea de Sud, consumul a\u2026<\/span><\/a><\/li>\n<li><a href=\"https:\/\/r3media.ro\/cu-mahnire-despre-masina-de-pulverizat-sfinti-pe-pereti\/\" class=\"crp_link post-114470\"><span class=\"crp_title\">CU M\u00c2HNIRE, DESPRE MA\u0218INA DE PULVERIZAT SFIN\u021aI PE PERE\u021aI<\/span><\/a><\/li>\n<li><a href=\"https:\/\/r3media.ro\/florin-cojocariu-influenta-digi-bani-safe\/\" class=\"crp_link post-117641\"><span class=\"crp_title\">Florin Cojocariu: Influen\u021b\u0103 la Digi cump\u0103rat\u0103 cu banii din SAFE? Mi-e groaz\u0103 de ce vom mai descoperi<\/span><\/a><\/li>\n<li><a href=\"https:\/\/r3media.ro\/terminator-2-germania-drone-ai-aviatia-militara\/\" class=\"crp_link post-118444\"><span class=\"crp_title\">Se apropie vremurile descrise de Terminator 2? Germania se g\u00e2nde\u0219te s\u0103 achizi\u021bioneze drone\u2026<\/span><\/a><\/li>\n<\/ul>\n<\/div>\n<\/div>\n<\/div>\n<p>[analyse_source url=&#8221;https:\/\/r3media.ro\/marea-britanie-apa-inteligenta-artificiala-romania-centru-ai-restrictii-consum-apa\/&#8221;]<\/p>\n","protected":false},"excerpt":{"rendered":"<p>[analyse_image type=&#8221;featured&#8221; src=&#8221;https:\/\/r3media.ro\/wp-content\/uploads\/2026\/07\/centru-date-ai-consum-apa-e1784796226675.pnghttps:\/\/r3media.ro\/wp-content\/uploads\/2026\/07\/centru-date-ai-consum-apa-e1784796226675.png&#8221;] FEATUREDMarea Britanie nu mai are suficient\u0103 ap\u0103 pentru Inteligen\u021ba Artificial\u0103, dar Rom\u00e2nia&#8230; FEATURED\u0218TIRI Marea Britanie nu mai are suficient\u0103 ap\u0103 pentru Inteligen\u021ba Artificial\u0103, dar Rom\u00e2nia vrea s\u0103 g\u0103zduiasc\u0103 un centru AI care consum\u0103 c\u00e2t sute de mii de oameni \u0219i impune restric\u021bii la consumul de ap\u0103 al popula\u021biei Radu Ursan 23\/07\/2026 Sursa [&hellip;]<\/p>\n","protected":false},"author":1,"featured_media":0,"comment_status":"open","ping_status":"","sticky":false,"template":"","format":"standard","meta":{"footnotes":""},"categories":[89],"tags":[226,93],"class_list":["post-2057629","post","type-post","status-publish","format-standard","hentry","category-romania","tag-crawlmanager","tag-r3media-ro"],"_links":{"self":[{"href":"https:\/\/analyse.optim.biz\/index.php?rest_route=\/wp\/v2\/posts\/2057629","targetHints":{"allow":["GET"]}}],"collection":[{"href":"https:\/\/analyse.optim.biz\/index.php?rest_route=\/wp\/v2\/posts"}],"about":[{"href":"https:\/\/analyse.optim.biz\/index.php?rest_route=\/wp\/v2\/types\/post"}],"author":[{"embeddable":true,"href":"https:\/\/analyse.optim.biz\/index.php?rest_route=\/wp\/v2\/users\/1"}],"replies":[{"embeddable":true,"href":"https:\/\/analyse.optim.biz\/index.php?rest_route=%2Fwp%2Fv2%2Fcomments&post=2057629"}],"version-history":[{"count":0,"href":"https:\/\/analyse.optim.biz\/index.php?rest_route=\/wp\/v2\/posts\/2057629\/revisions"}],"wp:attachment":[{"href":"https:\/\/analyse.optim.biz\/index.php?rest_route=%2Fwp%2Fv2%2Fmedia&parent=2057629"}],"wp:term":[{"taxonomy":"category","embeddable":true,"href":"https:\/\/analyse.optim.biz\/index.php?rest_route=%2Fwp%2Fv2%2Fcategories&post=2057629"},{"taxonomy":"post_tag","embeddable":true,"href":"https:\/\/analyse.optim.biz\/index.php?rest_route=%2Fwp%2Fv2%2Ftags&post=2057629"}],"curies":[{"name":"wp","href":"https:\/\/api.w.org\/{rel}","templated":true}]}}