{"id":2057451,"date":"2026-07-23T06:00:38","date_gmt":"2026-07-23T03:00:38","guid":{"rendered":"https:\/\/analyse.optim.biz\/?p=2057451"},"modified":"2026-07-23T06:00:38","modified_gmt":"2026-07-23T03:00:38","slug":"caravana-filmelor-cu-apele-curate-ajunge-la-tulcea-proiectii-in-aer-liber-dedicate-protejarii-apelor","status":"publish","type":"post","link":"https:\/\/analyse.optim.biz\/?p=2057451","title":{"rendered":"Caravana filmelor \u201eCu Apele Curate&#8221; ajunge la Tulcea. Proiec\u0163ii \u00een aer liber dedicate protej\u0103rii apelor"},"content":{"rendered":"<p>[analyse_image type=&#8221;featured&#8221; src=&#8221;https:\/\/ziaruldelta.ro\/wp-content\/uploads\/2026\/07\/caravana-1.jpg&#8221;]<\/p>\n<article id=\"post-37621\" class=\"module single-post-module post-37621 post type-post status-publish format-standard has-post-thumbnail hentry category-cultura et-has-post-format-content et_post_format-et-post-format-standard\">\n<div class=\"post-header\">\n<h1 class=\"entry-title\">Caravana filmelor \u201eCu Apele Curate\u201d ajunge la Tulcea. Proiec\u0163ii \u00een aer liber dedicate protej\u0103rii apelor \u015fi mediului<\/h1>\n<div class=\"post-meta vcard\">\n<p>Posted by <a href=\"https:\/\/ziaruldelta.ro\/author\/nicoleta-urmuz\/\" class=\"url fn\" title=\"Posts by Nicoleta URMUZ\" rel=\"author\">Nicoleta URMUZ<\/a> | <span class=\"updated\">Jul 23, 2026<\/span> | <a href=\"https:\/\/ziaruldelta.ro\/category\/cultura\/\" rel=\"tag\">Cultur\u0103<\/a> | <\/p>\n<\/div>\n<\/div>\n<div class=\"post-thumbnail header\"><img decoding=\"async\" src=\"https:\/\/ziaruldelta.ro\/wp-content\/uploads\/2026\/07\/caravana-1.jpg\" alt=\"Caravana filmelor \u201eCu Apele Curate\u201d ajunge la Tulcea. Proiec\u0163ii \u00een aer liber dedicate protej\u0103rii apelor \u015fi mediului\"><\/div>\n<div class=\"post-wrap\">\n<div class=\"post-content entry-content\">\n<p>Casa Avramide va g\u0103zdui, duminic\u0103, 26 iulie, de la ora 20:45, Caravana filmelor \u201eCu Apele Curate\u201d, un eveniment organizat de Asocia\u0163ia MaiMultVerde, care aduce \u00een comunit\u0103\u0163ile dun\u0103rene proiec\u0163ii de film dedicate apei, naturii \u015fi protej\u0103rii mediului. Intrarea este liber\u0103, iar evenimentul face parte dintr-un turneu desf\u0103\u015furat \u00een mai multe localit\u0103\u0163i de pe Dun\u0103re \u015fi propune proiec\u0163ii \u00een aer liber realizate cu ajutorul unui sistem fotovoltaic mobil.<\/p>\n<p>Citi\u0163i continuarea \u00een edi\u0163ia tip\u0103rit\u0103 a Ziarului DELTA.<\/p>\n<\/div>\n<\/div>\n<div class=\"post-footer\">\n<div class=\"social-icons ed-social-share-icons\">\n<p class=\"share-title\">Share:<\/p>\n<\/div>\n<div class=\"rating-stars\">\n<p id=\"rate-title\" class=\"rate-title\">Rate:<\/p>\n<\/div>\n<\/div>\n<\/article>\n<div class=\"post-content entry-content\">\n<p>Casa Avramide va g\u0103zdui, duminic\u0103, 26 iulie, de la ora 20:45, Caravana filmelor \u201eCu Apele Curate\u201d, un eveniment organizat de Asocia\u0163ia MaiMultVerde, care aduce \u00een comunit\u0103\u0163ile dun\u0103rene proiec\u0163ii de film dedicate apei, naturii \u015fi protej\u0103rii mediului. Intrarea este liber\u0103, iar evenimentul face parte dintr-un turneu desf\u0103\u015furat \u00een mai multe localit\u0103\u0163i de pe Dun\u0103re \u015fi propune proiec\u0163ii \u00een aer liber realizate cu ajutorul unui sistem fotovoltaic mobil.<\/p>\n<p>Citi\u0163i continuarea \u00een edi\u0163ia tip\u0103rit\u0103 a Ziarului DELTA.<\/p>\n<\/div>\n<div class=\"post-content entry-content\">\n<p>Casa Avramide va g\u0103zdui, duminic\u0103, 26 iulie, de la ora 20:45, Caravana filmelor \u201eCu Apele Curate\u201d, un eveniment organizat de Asocia\u0163ia MaiMultVerde, care aduce \u00een comunit\u0103\u0163ile dun\u0103rene proiec\u0163ii de film dedicate apei, naturii \u015fi protej\u0103rii mediului. Intrarea este liber\u0103, iar evenimentul face parte dintr-un turneu desf\u0103\u015furat \u00een mai multe localit\u0103\u0163i de pe Dun\u0103re \u015fi propune proiec\u0163ii \u00een aer liber realizate cu ajutorul unui sistem fotovoltaic mobil.<\/p>\n<p>Citi\u0163i continuarea \u00een edi\u0163ia tip\u0103rit\u0103 a Ziarului DELTA.<\/p>\n<\/div>\n<p>[analyse_source url=&#8221;https:\/\/ziaruldelta.ro\/2026\/07\/23\/caravana-filmelor-cu-apele-curate-ajunge-la-tulcea-proiectii-in-aer-liber-dedicate-protejarii-apelor-si-mediului\/&#8221;]<\/p>\n","protected":false},"excerpt":{"rendered":"<p>[analyse_image type=&#8221;featured&#8221; src=&#8221;https:\/\/ziaruldelta.ro\/wp-content\/uploads\/2026\/07\/caravana-1.jpg&#8221;] Caravana filmelor \u201eCu Apele Curate\u201d ajunge la Tulcea. Proiec\u0163ii \u00een aer liber dedicate protej\u0103rii apelor \u015fi mediului Posted by Nicoleta URMUZ | Jul 23, 2026 | Cultur\u0103 | Casa Avramide va g\u0103zdui, duminic\u0103, 26 iulie, de la ora 20:45, Caravana filmelor \u201eCu Apele Curate\u201d, un eveniment organizat de Asocia\u0163ia MaiMultVerde, care aduce [&hellip;]<\/p>\n","protected":false},"author":1,"featured_media":0,"comment_status":"open","ping_status":"","sticky":false,"template":"","format":"standard","meta":{"footnotes":""},"categories":[89],"tags":[226,206],"class_list":["post-2057451","post","type-post","status-publish","format-standard","hentry","category-romania","tag-crawlmanager","tag-ziaruldelta-ro"],"_links":{"self":[{"href":"https:\/\/analyse.optim.biz\/index.php?rest_route=\/wp\/v2\/posts\/2057451","targetHints":{"allow":["GET"]}}],"collection":[{"href":"https:\/\/analyse.optim.biz\/index.php?rest_route=\/wp\/v2\/posts"}],"about":[{"href":"https:\/\/analyse.optim.biz\/index.php?rest_route=\/wp\/v2\/types\/post"}],"author":[{"embeddable":true,"href":"https:\/\/analyse.optim.biz\/index.php?rest_route=\/wp\/v2\/users\/1"}],"replies":[{"embeddable":true,"href":"https:\/\/analyse.optim.biz\/index.php?rest_route=%2Fwp%2Fv2%2Fcomments&post=2057451"}],"version-history":[{"count":0,"href":"https:\/\/analyse.optim.biz\/index.php?rest_route=\/wp\/v2\/posts\/2057451\/revisions"}],"wp:attachment":[{"href":"https:\/\/analyse.optim.biz\/index.php?rest_route=%2Fwp%2Fv2%2Fmedia&parent=2057451"}],"wp:term":[{"taxonomy":"category","embeddable":true,"href":"https:\/\/analyse.optim.biz\/index.php?rest_route=%2Fwp%2Fv2%2Fcategories&post=2057451"},{"taxonomy":"post_tag","embeddable":true,"href":"https:\/\/analyse.optim.biz\/index.php?rest_route=%2Fwp%2Fv2%2Ftags&post=2057451"}],"curies":[{"name":"wp","href":"https:\/\/api.w.org\/{rel}","templated":true}]}}