{"id":2057450,"date":"2026-07-22T06:00:11","date_gmt":"2026-07-22T03:00:11","guid":{"rendered":"https:\/\/analyse.optim.biz\/?p=2057450"},"modified":"2026-07-22T06:00:11","modified_gmt":"2026-07-22T03:00:11","slug":"festivalul-saptamana-interetnica-ajunge-la-editia-xxi-si-aduce-sapte-seri-dedicate-diversitatii-culturale-la","status":"publish","type":"post","link":"https:\/\/analyse.optim.biz\/?p=2057450","title":{"rendered":"Festivalul S\u0103pt\u0103m\u00e2na Interetnic\u0103 ajunge la edi\u0163ia XXI \u015fi aduce \u015fapte seri dedicate diversit\u0103\u0163ii culturale la"},"content":{"rendered":"<p>[analyse_image type=&#8221;featured&#8221; src=&#8221;https:\/\/ziaruldelta.ro\/wp-content\/uploads\/2026\/07\/festivalul.jpg&#8221;]<\/p>\n<article id=\"post-37586\" class=\"module single-post-module post-37586 post type-post status-publish format-standard has-post-thumbnail hentry category-cultura et-has-post-format-content et_post_format-et-post-format-standard\">\n<div class=\"post-header\">\n<h1 class=\"entry-title\">Festivalul S\u0103pt\u0103m\u00e2na Interetnic\u0103 ajunge la edi\u0163ia XXI \u015fi aduce \u015fapte seri dedicate diversit\u0103\u0163ii culturale la Tulcea<\/h1>\n<div class=\"post-meta vcard\">\n<p>Posted by <a href=\"https:\/\/ziaruldelta.ro\/author\/nicoleta-urmuz\/\" class=\"url fn\" title=\"Posts by Nicoleta URMUZ\" rel=\"author\">Nicoleta URMUZ<\/a> | <span class=\"updated\">Jul 22, 2026<\/span> | <a href=\"https:\/\/ziaruldelta.ro\/category\/cultura\/\" rel=\"tag\">Cultur\u0103<\/a> | <\/p>\n<\/div>\n<\/div>\n<div class=\"post-thumbnail header\"><img decoding=\"async\" src=\"https:\/\/ziaruldelta.ro\/wp-content\/uploads\/2026\/07\/festivalul.jpg\" alt=\"Festivalul S\u0103pt\u0103m\u00e2na Interetnic\u0103 ajunge la edi\u0163ia XXI \u015fi aduce \u015fapte seri dedicate diversit\u0103\u0163ii culturale la Tulcea\"><\/div>\n<div class=\"post-wrap\">\n<div class=\"post-content entry-content\">\n<p>Tulcenii sunt invita\u0163i, \u00een perioada 26 iulie \u2013 1 august, la cea de-a XXI-a edi\u0163ie a Festivalului S\u0103pt\u0103m\u00e2na Interetnic\u0103, unul dintre cele mai longevive proiecte culturale din jude\u0163ul Tulcea. Evenimentul va avea loc \u00een Pia\u0163a Civic\u0103 \u015fi va reuni, timp de \u015fapte zile, reprezentan\u0163i ai mai multor comunit\u0103\u0163i etnice, arti\u015fti amatori, voluntari \u015fi parteneri institu\u0163ionali.<\/p>\n<p>Programul artistic va debuta duminic\u0103, 26 iulie, cu seara greceasc\u0103. Luni va avea loc seara bulgar\u0103, meglen\u0103 \u015fi arom\u00e2n\u0103, mar\u0163i este programat\u0103 seara ucrainean\u0103, miercuri seara rom\u00e2neasc\u0103 \u015fi romani, joi seara ruso-lipoveneasc\u0103, vineri seara turceasc\u0103, t\u0103t\u0103reasc\u0103 \u015fi german\u0103, iar festivalul se va \u00eencheia s\u00e2mb\u0103t\u0103, 1 august, cu seara armean\u0103. Toate spectacolele vor \u00eencepe la ora 20:00, \u00een Pia\u0163a Civic\u0103 din municipiul Tulcea.<\/p>\n<p>Edi\u0163ia din acest an va avea \u015fi o component\u0103 social\u0103. Pe toat\u0103 durata celor \u015fapte zile va fi amplasat\u0103 o urn\u0103 pentru str\u00e2ngerea de dona\u0163ii \u00een sprijinul Anei Venin, o tulceanc\u0103 \u00een v\u00e2rst\u0103 de 36 de ani, mam\u0103, care are nevoie urgent\u0103 de o interven\u0163ie medical\u0103.<\/p>\n<p>Citi\u0163i continuarea \u00een edi\u0163ia tip\u0103rit\u0103 a Ziarului DELTA.<\/p>\n<\/div>\n<\/div>\n<div class=\"post-footer\">\n<div class=\"social-icons ed-social-share-icons\">\n<p class=\"share-title\">Share:<\/p>\n<\/div>\n<div class=\"rating-stars\">\n<p id=\"rate-title\" class=\"rate-title\">Rate:<\/p>\n<\/div>\n<\/div>\n<\/article>\n<div class=\"post-content entry-content\">\n<p>Tulcenii sunt invita\u0163i, \u00een perioada 26 iulie \u2013 1 august, la cea de-a XXI-a edi\u0163ie a Festivalului S\u0103pt\u0103m\u00e2na Interetnic\u0103, unul dintre cele mai longevive proiecte culturale din jude\u0163ul Tulcea. Evenimentul va avea loc \u00een Pia\u0163a Civic\u0103 \u015fi va reuni, timp de \u015fapte zile, reprezentan\u0163i ai mai multor comunit\u0103\u0163i etnice, arti\u015fti amatori, voluntari \u015fi parteneri institu\u0163ionali.<\/p>\n<p>Programul artistic va debuta duminic\u0103, 26 iulie, cu seara greceasc\u0103. Luni va avea loc seara bulgar\u0103, meglen\u0103 \u015fi arom\u00e2n\u0103, mar\u0163i este programat\u0103 seara ucrainean\u0103, miercuri seara rom\u00e2neasc\u0103 \u015fi romani, joi seara ruso-lipoveneasc\u0103, vineri seara turceasc\u0103, t\u0103t\u0103reasc\u0103 \u015fi german\u0103, iar festivalul se va \u00eencheia s\u00e2mb\u0103t\u0103, 1 august, cu seara armean\u0103. Toate spectacolele vor \u00eencepe la ora 20:00, \u00een Pia\u0163a Civic\u0103 din municipiul Tulcea.<\/p>\n<p>Edi\u0163ia din acest an va avea \u015fi o component\u0103 social\u0103. Pe toat\u0103 durata celor \u015fapte zile va fi amplasat\u0103 o urn\u0103 pentru str\u00e2ngerea de dona\u0163ii \u00een sprijinul Anei Venin, o tulceanc\u0103 \u00een v\u00e2rst\u0103 de 36 de ani, mam\u0103, care are nevoie urgent\u0103 de o interven\u0163ie medical\u0103.<\/p>\n<p>Citi\u0163i continuarea \u00een edi\u0163ia tip\u0103rit\u0103 a Ziarului DELTA.<\/p>\n<\/div>\n<div class=\"post-content entry-content\">\n<p>Tulcenii sunt invita\u0163i, \u00een perioada 26 iulie \u2013 1 august, la cea de-a XXI-a edi\u0163ie a Festivalului S\u0103pt\u0103m\u00e2na Interetnic\u0103, unul dintre cele mai longevive proiecte culturale din jude\u0163ul Tulcea. Evenimentul va avea loc \u00een Pia\u0163a Civic\u0103 \u015fi va reuni, timp de \u015fapte zile, reprezentan\u0163i ai mai multor comunit\u0103\u0163i etnice, arti\u015fti amatori, voluntari \u015fi parteneri institu\u0163ionali.<\/p>\n<p>Programul artistic va debuta duminic\u0103, 26 iulie, cu seara greceasc\u0103. Luni va avea loc seara bulgar\u0103, meglen\u0103 \u015fi arom\u00e2n\u0103, mar\u0163i este programat\u0103 seara ucrainean\u0103, miercuri seara rom\u00e2neasc\u0103 \u015fi romani, joi seara ruso-lipoveneasc\u0103, vineri seara turceasc\u0103, t\u0103t\u0103reasc\u0103 \u015fi german\u0103, iar festivalul se va \u00eencheia s\u00e2mb\u0103t\u0103, 1 august, cu seara armean\u0103. Toate spectacolele vor \u00eencepe la ora 20:00, \u00een Pia\u0163a Civic\u0103 din municipiul Tulcea.<\/p>\n<p>Edi\u0163ia din acest an va avea \u015fi o component\u0103 social\u0103. Pe toat\u0103 durata celor \u015fapte zile va fi amplasat\u0103 o urn\u0103 pentru str\u00e2ngerea de dona\u0163ii \u00een sprijinul Anei Venin, o tulceanc\u0103 \u00een v\u00e2rst\u0103 de 36 de ani, mam\u0103, care are nevoie urgent\u0103 de o interven\u0163ie medical\u0103.<\/p>\n<p>Citi\u0163i continuarea \u00een edi\u0163ia tip\u0103rit\u0103 a Ziarului DELTA.<\/p>\n<\/div>\n<p>[analyse_source url=&#8221;https:\/\/ziaruldelta.ro\/2026\/07\/22\/festivalul-saptamana-interetnica-ajunge-la-editia-xxi-si-aduce-sapte-seri-dedicate-diversitatii-culturale-la-tulcea\/&#8221;]<\/p>\n","protected":false},"excerpt":{"rendered":"<p>[analyse_image type=&#8221;featured&#8221; src=&#8221;https:\/\/ziaruldelta.ro\/wp-content\/uploads\/2026\/07\/festivalul.jpg&#8221;] Festivalul S\u0103pt\u0103m\u00e2na Interetnic\u0103 ajunge la edi\u0163ia XXI \u015fi aduce \u015fapte seri dedicate diversit\u0103\u0163ii culturale la Tulcea Posted by Nicoleta URMUZ | Jul 22, 2026 | Cultur\u0103 | Tulcenii sunt invita\u0163i, \u00een perioada 26 iulie \u2013 1 august, la cea de-a XXI-a edi\u0163ie a Festivalului S\u0103pt\u0103m\u00e2na Interetnic\u0103, unul dintre cele mai longevive proiecte [&hellip;]<\/p>\n","protected":false},"author":1,"featured_media":0,"comment_status":"open","ping_status":"","sticky":false,"template":"","format":"standard","meta":{"footnotes":""},"categories":[89],"tags":[226,206],"class_list":["post-2057450","post","type-post","status-publish","format-standard","hentry","category-romania","tag-crawlmanager","tag-ziaruldelta-ro"],"_links":{"self":[{"href":"https:\/\/analyse.optim.biz\/index.php?rest_route=\/wp\/v2\/posts\/2057450","targetHints":{"allow":["GET"]}}],"collection":[{"href":"https:\/\/analyse.optim.biz\/index.php?rest_route=\/wp\/v2\/posts"}],"about":[{"href":"https:\/\/analyse.optim.biz\/index.php?rest_route=\/wp\/v2\/types\/post"}],"author":[{"embeddable":true,"href":"https:\/\/analyse.optim.biz\/index.php?rest_route=\/wp\/v2\/users\/1"}],"replies":[{"embeddable":true,"href":"https:\/\/analyse.optim.biz\/index.php?rest_route=%2Fwp%2Fv2%2Fcomments&post=2057450"}],"version-history":[{"count":0,"href":"https:\/\/analyse.optim.biz\/index.php?rest_route=\/wp\/v2\/posts\/2057450\/revisions"}],"wp:attachment":[{"href":"https:\/\/analyse.optim.biz\/index.php?rest_route=%2Fwp%2Fv2%2Fmedia&parent=2057450"}],"wp:term":[{"taxonomy":"category","embeddable":true,"href":"https:\/\/analyse.optim.biz\/index.php?rest_route=%2Fwp%2Fv2%2Fcategories&post=2057450"},{"taxonomy":"post_tag","embeddable":true,"href":"https:\/\/analyse.optim.biz\/index.php?rest_route=%2Fwp%2Fv2%2Ftags&post=2057450"}],"curies":[{"name":"wp","href":"https:\/\/api.w.org\/{rel}","templated":true}]}}